{"id":109291,"date":"2024-07-30T23:59:34","date_gmt":"2024-07-30T22:59:34","guid":{"rendered":"https:\/\/www.altominho.tv\/site\/?p=109291"},"modified":"2024-07-30T23:59:36","modified_gmt":"2024-07-30T22:59:36","slug":"homem-de-66-anos-encontrado-morto-no-rio-minho-em-valenca","status":"publish","type":"post","link":"https:\/\/www.altominho.tv\/site\/2024\/07\/30\/homem-de-66-anos-encontrado-morto-no-rio-minho-em-valenca\/","title":{"rendered":"Homem de 66 anos encontrado morto no rio Minho em Valen\u00e7a"},"content":{"rendered":"<p>O corpo de um homem de 66 anos foi hoje resgatado no rio Minho, junto ao Parque da Senhora da Cabe\u00e7a em Valen\u00e7a.<\/p>\n<p>O alerta foi dado pelas 19h18 por um popular via chamada 112, para \u201cum corpo parcialmente submerso junto ao Parque da Senhora da Cabe\u00e7a em Valen\u00e7a, referiu fonte dos Bombeiros Volunt\u00e1rios de Valen\u00e7a.<\/p>\n<p>Esta corpora\u00e7\u00e3o deslocou-se para o local com seis operacionais e dois ve\u00edculos, bem como um bote de salvamento e resgate.<\/p>\n<p>Foi tamb\u00e9m destacada uma ambul\u00e2ncia dos bombeiros de Cerveira, com dois operacionais e a Viatura M\u00e9dica de Emerg\u00eancia e Reanima\u00e7\u00e3o (VMER) de Viana do Castelo.<\/p>\n<p>Ap\u00f3s a retirada do corpo da \u00e1gua, a equipa da VMER declarou o \u00f3bito do homem, acrescentou a mesma fonte.<\/p>\n<p>As causas s\u00e3o desconhecidas e a ocorr\u00eancia foi registada pela Pol\u00edcia Mar\u00edtima.<\/p>\n","protected":false},"excerpt":{"rendered":"<p>O corpo de um homem de 66 anos foi hoje resgatado no rio Minho, junto ao Parque da Senhora da Cabe\u00e7a em Valen\u00e7a. O alerta foi dado pelas 19h18 por um popular via chamada 112, para \u201cum corpo parcialmente submerso junto ao Parque da Senhora da Cabe\u00e7a em Valen\u00e7a, referiu fonte dos Bombeiros Volunt\u00e1rios de [&hellip;]<\/p>\n","protected":false},"author":13,"featured_media":109292,"comment_status":"closed","ping_status":"closed","sticky":false,"template":"","format":"standard","meta":{"_exactmetrics_skip_tracking":false,"_exactmetrics_sitenote_active":false,"_exactmetrics_sitenote_note":"","_exactmetrics_sitenote_category":0,"footnotes":""},"categories":[13],"tags":[27],"class_list":["post-109291","post","type-post","status-publish","format-standard","has-post-thumbnail","hentry","category-valenca","tag-sociedade"],"yoast_head":"<!-- This site is optimized with the Yoast SEO Premium plugin v27.4 (Yoast SEO v27.4) - https:\/\/yoast.com\/product\/yoast-seo-premium-wordpress\/ -->\n<title>Homem de 66 anos encontrado morto no rio Minho em Valen\u00e7a<\/title>\n<meta name=\"robots\" content=\"index, follow, max-snippet:-1, max-image-preview:large, max-video-preview:-1\" \/>\n<link rel=\"canonical\" href=\"https:\/\/www.altominho.tv\/site\/2024\/07\/30\/homem-de-66-anos-encontrado-morto-no-rio-minho-em-valenca\/\" \/>\n<meta property=\"og:locale\" content=\"pt_PT\" \/>\n<meta property=\"og:type\" content=\"article\" \/>\n<meta property=\"og:title\" content=\"Homem de 66 anos encontrado morto no rio Minho em Valen\u00e7a\" \/>\n<meta property=\"og:description\" content=\"O corpo de um homem de 66 anos foi hoje resgatado no rio Minho, junto ao Parque da Senhora da Cabe\u00e7a em Valen\u00e7a. O alerta foi dado pelas 19h18 por um popular via chamada 112, para \u201cum corpo parcialmente submerso junto ao Parque da Senhora da Cabe\u00e7a em Valen\u00e7a, referiu fonte dos Bombeiros Volunt\u00e1rios de [&hellip;]\" \/>\n<meta property=\"og:url\" content=\"https:\/\/www.altominho.tv\/site\/2024\/07\/30\/homem-de-66-anos-encontrado-morto-no-rio-minho-em-valenca\/\" \/>\n<meta property=\"og:site_name\" content=\"Altominho.tv\" \/>\n<meta property=\"article:publisher\" content=\"https:\/\/www.facebook.com\/altominhotv\" \/>\n<meta property=\"article:published_time\" content=\"2024-07-30T22:59:34+00:00\" \/>\n<meta property=\"article:modified_time\" content=\"2024-07-30T22:59:36+00:00\" \/>\n<meta property=\"og:image\" content=\"https:\/\/www.altominho.tv\/site\/wp-content\/uploads\/2024\/07\/Ulotima-Hora_Valenca.jpg\" \/>\n\t<meta property=\"og:image:width\" content=\"1920\" \/>\n\t<meta property=\"og:image:height\" content=\"1080\" \/>\n\t<meta property=\"og:image:type\" content=\"image\/jpeg\" \/>\n<meta name=\"author\" content=\"Lusa\" \/>\n<meta name=\"twitter:card\" content=\"summary_large_image\" \/>\n<meta name=\"twitter:creator\" content=\"@altominhoTV\" \/>\n<meta name=\"twitter:site\" content=\"@altominhoTV\" \/>\n<meta name=\"twitter:label1\" content=\"Escrito por\" \/>\n\t<meta name=\"twitter:data1\" content=\"Lusa\" \/>\n\t<meta name=\"twitter:label2\" content=\"Tempo estimado de leitura\" \/>\n\t<meta name=\"twitter:data2\" content=\"1 minuto\" \/>\n<script type=\"application\/ld+json\" class=\"yoast-schema-graph\">{\"@context\":\"https:\\\/\\\/schema.org\",\"@graph\":[{\"@type\":\"Article\",\"@id\":\"https:\\\/\\\/www.altominho.tv\\\/site\\\/2024\\\/07\\\/30\\\/homem-de-66-anos-encontrado-morto-no-rio-minho-em-valenca\\\/#article\",\"isPartOf\":{\"@id\":\"https:\\\/\\\/www.altominho.tv\\\/site\\\/2024\\\/07\\\/30\\\/homem-de-66-anos-encontrado-morto-no-rio-minho-em-valenca\\\/\"},\"author\":{\"name\":\"Lusa\",\"@id\":\"https:\\\/\\\/www.altominho.tv\\\/site\\\/#\\\/schema\\\/person\\\/63f693da3e1899361cbe955c46f3232e\"},\"headline\":\"Homem de 66 anos encontrado morto no rio Minho em Valen\u00e7a\",\"datePublished\":\"2024-07-30T22:59:34+00:00\",\"dateModified\":\"2024-07-30T22:59:36+00:00\",\"mainEntityOfPage\":{\"@id\":\"https:\\\/\\\/www.altominho.tv\\\/site\\\/2024\\\/07\\\/30\\\/homem-de-66-anos-encontrado-morto-no-rio-minho-em-valenca\\\/\"},\"wordCount\":160,\"image\":{\"@id\":\"https:\\\/\\\/www.altominho.tv\\\/site\\\/2024\\\/07\\\/30\\\/homem-de-66-anos-encontrado-morto-no-rio-minho-em-valenca\\\/#primaryimage\"},\"thumbnailUrl\":\"https:\\\/\\\/www.altominho.tv\\\/site\\\/wp-content\\\/uploads\\\/2024\\\/07\\\/Ulotima-Hora_Valenca.jpg\",\"keywords\":[\"Sociedade\"],\"articleSection\":[\"Valen\u00e7a\"],\"inLanguage\":\"pt-PT\",\"copyrightYear\":\"2024\",\"copyrightHolder\":{\"@id\":\"https:\\\/\\\/www.altominho.tv\\\/site\\\/#organization\"}},{\"@type\":\"WebPage\",\"@id\":\"https:\\\/\\\/www.altominho.tv\\\/site\\\/2024\\\/07\\\/30\\\/homem-de-66-anos-encontrado-morto-no-rio-minho-em-valenca\\\/\",\"url\":\"https:\\\/\\\/www.altominho.tv\\\/site\\\/2024\\\/07\\\/30\\\/homem-de-66-anos-encontrado-morto-no-rio-minho-em-valenca\\\/\",\"name\":\"Homem de 66 anos encontrado morto no rio Minho em Valen\u00e7a\",\"isPartOf\":{\"@id\":\"https:\\\/\\\/www.altominho.tv\\\/site\\\/#website\"},\"primaryImageOfPage\":{\"@id\":\"https:\\\/\\\/www.altominho.tv\\\/site\\\/2024\\\/07\\\/30\\\/homem-de-66-anos-encontrado-morto-no-rio-minho-em-valenca\\\/#primaryimage\"},\"image\":{\"@id\":\"https:\\\/\\\/www.altominho.tv\\\/site\\\/2024\\\/07\\\/30\\\/homem-de-66-anos-encontrado-morto-no-rio-minho-em-valenca\\\/#primaryimage\"},\"thumbnailUrl\":\"https:\\\/\\\/www.altominho.tv\\\/site\\\/wp-content\\\/uploads\\\/2024\\\/07\\\/Ulotima-Hora_Valenca.jpg\",\"datePublished\":\"2024-07-30T22:59:34+00:00\",\"dateModified\":\"2024-07-30T22:59:36+00:00\",\"author\":{\"@id\":\"https:\\\/\\\/www.altominho.tv\\\/site\\\/#\\\/schema\\\/person\\\/63f693da3e1899361cbe955c46f3232e\"},\"breadcrumb\":{\"@id\":\"https:\\\/\\\/www.altominho.tv\\\/site\\\/2024\\\/07\\\/30\\\/homem-de-66-anos-encontrado-morto-no-rio-minho-em-valenca\\\/#breadcrumb\"},\"inLanguage\":\"pt-PT\",\"potentialAction\":[{\"@type\":\"ReadAction\",\"target\":[\"https:\\\/\\\/www.altominho.tv\\\/site\\\/2024\\\/07\\\/30\\\/homem-de-66-anos-encontrado-morto-no-rio-minho-em-valenca\\\/\"]}]},{\"@type\":\"ImageObject\",\"inLanguage\":\"pt-PT\",\"@id\":\"https:\\\/\\\/www.altominho.tv\\\/site\\\/2024\\\/07\\\/30\\\/homem-de-66-anos-encontrado-morto-no-rio-minho-em-valenca\\\/#primaryimage\",\"url\":\"https:\\\/\\\/www.altominho.tv\\\/site\\\/wp-content\\\/uploads\\\/2024\\\/07\\\/Ulotima-Hora_Valenca.jpg\",\"contentUrl\":\"https:\\\/\\\/www.altominho.tv\\\/site\\\/wp-content\\\/uploads\\\/2024\\\/07\\\/Ulotima-Hora_Valenca.jpg\",\"width\":1920,\"height\":1080},{\"@type\":\"BreadcrumbList\",\"@id\":\"https:\\\/\\\/www.altominho.tv\\\/site\\\/2024\\\/07\\\/30\\\/homem-de-66-anos-encontrado-morto-no-rio-minho-em-valenca\\\/#breadcrumb\",\"itemListElement\":[{\"@type\":\"ListItem\",\"position\":1,\"name\":\"In\u00edcio\",\"item\":\"https:\\\/\\\/www.altominho.tv\\\/site\\\/\"},{\"@type\":\"ListItem\",\"position\":2,\"name\":\"Homem de 66 anos encontrado morto no rio Minho em Valen\u00e7a\"}]},{\"@type\":\"WebSite\",\"@id\":\"https:\\\/\\\/www.altominho.tv\\\/site\\\/#website\",\"url\":\"https:\\\/\\\/www.altominho.tv\\\/site\\\/\",\"name\":\"Altominho.tv\",\"description\":\"A sua regi\u00e3o \u00e0 dist\u00e2ncia de um clique...\",\"potentialAction\":[{\"@type\":\"SearchAction\",\"target\":{\"@type\":\"EntryPoint\",\"urlTemplate\":\"https:\\\/\\\/www.altominho.tv\\\/site\\\/?s={search_term_string}\"},\"query-input\":{\"@type\":\"PropertyValueSpecification\",\"valueRequired\":true,\"valueName\":\"search_term_string\"}}],\"inLanguage\":\"pt-PT\"},{\"@type\":\"Person\",\"@id\":\"https:\\\/\\\/www.altominho.tv\\\/site\\\/#\\\/schema\\\/person\\\/63f693da3e1899361cbe955c46f3232e\",\"name\":\"Lusa\",\"image\":{\"@type\":\"ImageObject\",\"inLanguage\":\"pt-PT\",\"@id\":\"https:\\\/\\\/www.altominho.tv\\\/site\\\/wp-content\\\/uploads\\\/2019\\\/08\\\/LUSA_Logo.gif\",\"url\":\"https:\\\/\\\/www.altominho.tv\\\/site\\\/wp-content\\\/uploads\\\/2019\\\/08\\\/LUSA_Logo.gif\",\"contentUrl\":\"https:\\\/\\\/www.altominho.tv\\\/site\\\/wp-content\\\/uploads\\\/2019\\\/08\\\/LUSA_Logo.gif\",\"caption\":\"Lusa\"},\"sameAs\":[\"http:\\\/\\\/\\\/\\\/www.altominho.tv\\\/site\"],\"url\":\"https:\\\/\\\/www.altominho.tv\\\/site\\\/author\\\/lusa\\\/\"}]}<\/script>\n<!-- \/ Yoast SEO Premium plugin. -->","yoast_head_json":{"title":"Homem de 66 anos encontrado morto no rio Minho em Valen\u00e7a","robots":{"index":"index","follow":"follow","max-snippet":"max-snippet:-1","max-image-preview":"max-image-preview:large","max-video-preview":"max-video-preview:-1"},"canonical":"https:\/\/www.altominho.tv\/site\/2024\/07\/30\/homem-de-66-anos-encontrado-morto-no-rio-minho-em-valenca\/","og_locale":"pt_PT","og_type":"article","og_title":"Homem de 66 anos encontrado morto no rio Minho em Valen\u00e7a","og_description":"O corpo de um homem de 66 anos foi hoje resgatado no rio Minho, junto ao Parque da Senhora da Cabe\u00e7a em Valen\u00e7a. O alerta foi dado pelas 19h18 por um popular via chamada 112, para \u201cum corpo parcialmente submerso junto ao Parque da Senhora da Cabe\u00e7a em Valen\u00e7a, referiu fonte dos Bombeiros Volunt\u00e1rios de [&hellip;]","og_url":"https:\/\/www.altominho.tv\/site\/2024\/07\/30\/homem-de-66-anos-encontrado-morto-no-rio-minho-em-valenca\/","og_site_name":"Altominho.tv","article_publisher":"https:\/\/www.facebook.com\/altominhotv","article_published_time":"2024-07-30T22:59:34+00:00","article_modified_time":"2024-07-30T22:59:36+00:00","og_image":[{"width":1920,"height":1080,"url":"https:\/\/www.altominho.tv\/site\/wp-content\/uploads\/2024\/07\/Ulotima-Hora_Valenca.jpg","type":"image\/jpeg"}],"author":"Lusa","twitter_card":"summary_large_image","twitter_creator":"@altominhoTV","twitter_site":"@altominhoTV","twitter_misc":{"Escrito por":"Lusa","Tempo estimado de leitura":"1 minuto"},"schema":{"@context":"https:\/\/schema.org","@graph":[{"@type":"Article","@id":"https:\/\/www.altominho.tv\/site\/2024\/07\/30\/homem-de-66-anos-encontrado-morto-no-rio-minho-em-valenca\/#article","isPartOf":{"@id":"https:\/\/www.altominho.tv\/site\/2024\/07\/30\/homem-de-66-anos-encontrado-morto-no-rio-minho-em-valenca\/"},"author":{"name":"Lusa","@id":"https:\/\/www.altominho.tv\/site\/#\/schema\/person\/63f693da3e1899361cbe955c46f3232e"},"headline":"Homem de 66 anos encontrado morto no rio Minho em Valen\u00e7a","datePublished":"2024-07-30T22:59:34+00:00","dateModified":"2024-07-30T22:59:36+00:00","mainEntityOfPage":{"@id":"https:\/\/www.altominho.tv\/site\/2024\/07\/30\/homem-de-66-anos-encontrado-morto-no-rio-minho-em-valenca\/"},"wordCount":160,"image":{"@id":"https:\/\/www.altominho.tv\/site\/2024\/07\/30\/homem-de-66-anos-encontrado-morto-no-rio-minho-em-valenca\/#primaryimage"},"thumbnailUrl":"https:\/\/www.altominho.tv\/site\/wp-content\/uploads\/2024\/07\/Ulotima-Hora_Valenca.jpg","keywords":["Sociedade"],"articleSection":["Valen\u00e7a"],"inLanguage":"pt-PT","copyrightYear":"2024","copyrightHolder":{"@id":"https:\/\/www.altominho.tv\/site\/#organization"}},{"@type":"WebPage","@id":"https:\/\/www.altominho.tv\/site\/2024\/07\/30\/homem-de-66-anos-encontrado-morto-no-rio-minho-em-valenca\/","url":"https:\/\/www.altominho.tv\/site\/2024\/07\/30\/homem-de-66-anos-encontrado-morto-no-rio-minho-em-valenca\/","name":"Homem de 66 anos encontrado morto no rio Minho em Valen\u00e7a","isPartOf":{"@id":"https:\/\/www.altominho.tv\/site\/#website"},"primaryImageOfPage":{"@id":"https:\/\/www.altominho.tv\/site\/2024\/07\/30\/homem-de-66-anos-encontrado-morto-no-rio-minho-em-valenca\/#primaryimage"},"image":{"@id":"https:\/\/www.altominho.tv\/site\/2024\/07\/30\/homem-de-66-anos-encontrado-morto-no-rio-minho-em-valenca\/#primaryimage"},"thumbnailUrl":"https:\/\/www.altominho.tv\/site\/wp-content\/uploads\/2024\/07\/Ulotima-Hora_Valenca.jpg","datePublished":"2024-07-30T22:59:34+00:00","dateModified":"2024-07-30T22:59:36+00:00","author":{"@id":"https:\/\/www.altominho.tv\/site\/#\/schema\/person\/63f693da3e1899361cbe955c46f3232e"},"breadcrumb":{"@id":"https:\/\/www.altominho.tv\/site\/2024\/07\/30\/homem-de-66-anos-encontrado-morto-no-rio-minho-em-valenca\/#breadcrumb"},"inLanguage":"pt-PT","potentialAction":[{"@type":"ReadAction","target":["https:\/\/www.altominho.tv\/site\/2024\/07\/30\/homem-de-66-anos-encontrado-morto-no-rio-minho-em-valenca\/"]}]},{"@type":"ImageObject","inLanguage":"pt-PT","@id":"https:\/\/www.altominho.tv\/site\/2024\/07\/30\/homem-de-66-anos-encontrado-morto-no-rio-minho-em-valenca\/#primaryimage","url":"https:\/\/www.altominho.tv\/site\/wp-content\/uploads\/2024\/07\/Ulotima-Hora_Valenca.jpg","contentUrl":"https:\/\/www.altominho.tv\/site\/wp-content\/uploads\/2024\/07\/Ulotima-Hora_Valenca.jpg","width":1920,"height":1080},{"@type":"BreadcrumbList","@id":"https:\/\/www.altominho.tv\/site\/2024\/07\/30\/homem-de-66-anos-encontrado-morto-no-rio-minho-em-valenca\/#breadcrumb","itemListElement":[{"@type":"ListItem","position":1,"name":"In\u00edcio","item":"https:\/\/www.altominho.tv\/site\/"},{"@type":"ListItem","position":2,"name":"Homem de 66 anos encontrado morto no rio Minho em Valen\u00e7a"}]},{"@type":"WebSite","@id":"https:\/\/www.altominho.tv\/site\/#website","url":"https:\/\/www.altominho.tv\/site\/","name":"Altominho.tv","description":"A sua regi\u00e3o \u00e0 dist\u00e2ncia de um clique...","potentialAction":[{"@type":"SearchAction","target":{"@type":"EntryPoint","urlTemplate":"https:\/\/www.altominho.tv\/site\/?s={search_term_string}"},"query-input":{"@type":"PropertyValueSpecification","valueRequired":true,"valueName":"search_term_string"}}],"inLanguage":"pt-PT"},{"@type":"Person","@id":"https:\/\/www.altominho.tv\/site\/#\/schema\/person\/63f693da3e1899361cbe955c46f3232e","name":"Lusa","image":{"@type":"ImageObject","inLanguage":"pt-PT","@id":"https:\/\/www.altominho.tv\/site\/wp-content\/uploads\/2019\/08\/LUSA_Logo.gif","url":"https:\/\/www.altominho.tv\/site\/wp-content\/uploads\/2019\/08\/LUSA_Logo.gif","contentUrl":"https:\/\/www.altominho.tv\/site\/wp-content\/uploads\/2019\/08\/LUSA_Logo.gif","caption":"Lusa"},"sameAs":["http:\/\/\/\/www.altominho.tv\/site"],"url":"https:\/\/www.altominho.tv\/site\/author\/lusa\/"}]}},"_links":{"self":[{"href":"https:\/\/www.altominho.tv\/site\/wp-json\/wp\/v2\/posts\/109291","targetHints":{"allow":["GET"]}}],"collection":[{"href":"https:\/\/www.altominho.tv\/site\/wp-json\/wp\/v2\/posts"}],"about":[{"href":"https:\/\/www.altominho.tv\/site\/wp-json\/wp\/v2\/types\/post"}],"author":[{"embeddable":true,"href":"https:\/\/www.altominho.tv\/site\/wp-json\/wp\/v2\/users\/13"}],"replies":[{"embeddable":true,"href":"https:\/\/www.altominho.tv\/site\/wp-json\/wp\/v2\/comments?post=109291"}],"version-history":[{"count":1,"href":"https:\/\/www.altominho.tv\/site\/wp-json\/wp\/v2\/posts\/109291\/revisions"}],"predecessor-version":[{"id":109293,"href":"https:\/\/www.altominho.tv\/site\/wp-json\/wp\/v2\/posts\/109291\/revisions\/109293"}],"wp:featuredmedia":[{"embeddable":true,"href":"https:\/\/www.altominho.tv\/site\/wp-json\/wp\/v2\/media\/109292"}],"wp:attachment":[{"href":"https:\/\/www.altominho.tv\/site\/wp-json\/wp\/v2\/media?parent=109291"}],"wp:term":[{"taxonomy":"category","embeddable":true,"href":"https:\/\/www.altominho.tv\/site\/wp-json\/wp\/v2\/categories?post=109291"},{"taxonomy":"post_tag","embeddable":true,"href":"https:\/\/www.altominho.tv\/site\/wp-json\/wp\/v2\/tags?post=109291"}],"curies":[{"name":"wp","href":"https:\/\/api.w.org\/{rel}","templated":true}]}}