{"id":109246,"date":"2024-07-29T13:18:30","date_gmt":"2024-07-29T12:18:30","guid":{"rendered":"https:\/\/www.altominho.tv\/site\/?p=109246"},"modified":"2024-07-29T13:19:50","modified_gmt":"2024-07-29T12:19:50","slug":"molima-voluntariado-limpeza","status":"publish","type":"post","link":"https:\/\/www.altominho.tv\/site\/2024\/07\/29\/molima-voluntariado-limpeza\/","title":{"rendered":"MoLima junta dezenas de volunt\u00e1rios em a\u00e7\u00e3o de Plogging &#8216;Lima em Movimento&#8217;"},"content":{"rendered":"\n<p>&#8220;Lima em Movimento&#8221;, \u00e9 a iniciativa que uniu a\u00e7\u00e3o ecol\u00f3gica e desporto, e que p\u00f4s em marcha um grupo de mais de duas dezenas de volunt\u00e1rios, numa caminhada de sensibiliza\u00e7\u00e3o ambiental realizada este domingo nas imedia\u00e7\u00f5es da Ecovia, em Ponte de Lima.<\/p>\n\n\n\n<p>Rumo ao Souto de Bertiandos, a a\u00e7\u00e3o de Plogging convidou os praticantes de caminhadas e corridas a recolher res\u00edduos nas margens do Lima, e assinalou tamb\u00e9m o Dia Mundial da Conserva\u00e7\u00e3o da Natureza, tratando-se da primeira iniciativa sob al\u00e7ada da nova dire\u00e7\u00e3o do Movimento para a Defesa do Rio Lima.<\/p>\n\n\n\n<p>O grupo recolheu v\u00e1rios quilos de lixo e materiais descartados. Nas palavras de Lu\u00eds Pereira, presidente do MoLima &#8220;pequenas a\u00e7\u00f5es, quando somadas, podem ter um grande impacto&#8221;. &#8220;Que cada participante leve consigo a consci\u00eancia da import\u00e2ncia de cuidar do ambiente, n\u00e3o apenas hoje, mas todos os dias&#8221;, reiterou o bi\u00f3logo.<\/p>\n\n\n\n<p>&#8220;Cada peda\u00e7o de lixo recolhido \u00e9 uma vit\u00f3ria para o meio ambiente e um passo importante para a preserva\u00e7\u00e3o do nosso rio Lima&#8221;, defendeu o presidente da associa\u00e7\u00e3o, congratulando-se ao testemunhar o &#8220;poder da comunidade unida em prol de uma causa maior&#8221;, saudando os participantes pelo esfor\u00e7o de grupo, &#8220;que possamos continuar a inspirar outros a se juntarem a n\u00f3s nesta jornada de conserva\u00e7\u00e3o e de sustentabilidade&#8221;.<\/p>\n","protected":false},"excerpt":{"rendered":"<p>&#8220;Lima em Movimento&#8221;, \u00e9 a iniciativa que uniu a\u00e7\u00e3o ecol\u00f3gica e desporto, e que p\u00f4s em marcha um grupo de mais de duas dezenas de volunt\u00e1rios, numa caminhada de sensibiliza\u00e7\u00e3o ambiental realizada este domingo nas imedia\u00e7\u00f5es da Ecovia, em Ponte de Lima. Rumo ao Souto de Bertiandos, a a\u00e7\u00e3o de Plogging convidou os praticantes de [&hellip;]<\/p>\n","protected":false},"author":7,"featured_media":109247,"comment_status":"closed","ping_status":"closed","sticky":false,"template":"","format":"standard","meta":{"_exactmetrics_skip_tracking":false,"_exactmetrics_sitenote_active":false,"_exactmetrics_sitenote_note":"","_exactmetrics_sitenote_category":0,"footnotes":""},"categories":[12],"tags":[27],"class_list":["post-109246","post","type-post","status-publish","format-standard","has-post-thumbnail","hentry","category-ponte-de-lima","tag-sociedade"],"yoast_head":"<!-- This site is optimized with the Yoast SEO Premium plugin v27.5 (Yoast SEO v27.5) - https:\/\/yoast.com\/product\/yoast-seo-premium-wordpress\/ -->\n<title>MoLima junta dezenas de volunt\u00e1rios em a\u00e7\u00e3o de Plogging &#039;Lima em Movimento&#039;<\/title>\n<meta name=\"description\" content=\"MoLima junta dezenas de volunt\u00e1rios em a\u00e7\u00e3o de Plogging &#039;Lima em Movimento&#039;.\" \/>\n<meta name=\"robots\" content=\"index, follow, max-snippet:-1, max-image-preview:large, max-video-preview:-1\" \/>\n<link rel=\"canonical\" href=\"https:\/\/www.altominho.tv\/site\/2024\/07\/29\/molima-voluntariado-limpeza\/\" \/>\n<meta property=\"og:locale\" content=\"pt_PT\" \/>\n<meta property=\"og:type\" content=\"article\" \/>\n<meta property=\"og:title\" content=\"MoLima junta dezenas de volunt\u00e1rios em a\u00e7\u00e3o de Plogging &#039;Lima em Movimento&#039;\" \/>\n<meta property=\"og:description\" content=\"MoLima junta dezenas de volunt\u00e1rios em a\u00e7\u00e3o de Plogging &#039;Lima em Movimento&#039;.\" \/>\n<meta property=\"og:url\" content=\"https:\/\/www.altominho.tv\/site\/2024\/07\/29\/molima-voluntariado-limpeza\/\" \/>\n<meta property=\"og:site_name\" content=\"Altominho.tv\" \/>\n<meta property=\"article:publisher\" content=\"https:\/\/www.facebook.com\/altominhotv\" \/>\n<meta property=\"article:published_time\" content=\"2024-07-29T12:18:30+00:00\" \/>\n<meta property=\"article:modified_time\" content=\"2024-07-29T12:19:50+00:00\" \/>\n<meta property=\"og:image\" content=\"https:\/\/www.altominho.tv\/site\/wp-content\/uploads\/2024\/07\/foto1.jpg\" \/>\n\t<meta property=\"og:image:width\" content=\"1920\" \/>\n\t<meta property=\"og:image:height\" content=\"1280\" \/>\n\t<meta property=\"og:image:type\" content=\"image\/jpeg\" \/>\n<meta name=\"author\" content=\"Andreia Cunha\" \/>\n<meta name=\"twitter:card\" content=\"summary_large_image\" \/>\n<meta name=\"twitter:creator\" content=\"@altominhoTV\" \/>\n<meta name=\"twitter:site\" content=\"@altominhoTV\" \/>\n<meta name=\"twitter:label1\" content=\"Escrito por\" \/>\n\t<meta name=\"twitter:data1\" content=\"Andreia Cunha\" \/>\n\t<meta name=\"twitter:label2\" content=\"Tempo estimado de leitura\" \/>\n\t<meta name=\"twitter:data2\" content=\"2 minutos\" \/>\n<script type=\"application\/ld+json\" class=\"yoast-schema-graph\">{\"@context\":\"https:\\\/\\\/schema.org\",\"@graph\":[{\"@type\":\"Article\",\"@id\":\"https:\\\/\\\/www.altominho.tv\\\/site\\\/2024\\\/07\\\/29\\\/molima-voluntariado-limpeza\\\/#article\",\"isPartOf\":{\"@id\":\"https:\\\/\\\/www.altominho.tv\\\/site\\\/2024\\\/07\\\/29\\\/molima-voluntariado-limpeza\\\/\"},\"author\":{\"name\":\"Andreia Cunha\",\"@id\":\"https:\\\/\\\/www.altominho.tv\\\/site\\\/#\\\/schema\\\/person\\\/a0e4ef6d041f98ca284393d8f1d97153\"},\"headline\":\"MoLima junta dezenas de volunt\u00e1rios em a\u00e7\u00e3o de Plogging &#8216;Lima em Movimento&#8217;\",\"datePublished\":\"2024-07-29T12:18:30+00:00\",\"dateModified\":\"2024-07-29T12:19:50+00:00\",\"mainEntityOfPage\":{\"@id\":\"https:\\\/\\\/www.altominho.tv\\\/site\\\/2024\\\/07\\\/29\\\/molima-voluntariado-limpeza\\\/\"},\"wordCount\":247,\"image\":{\"@id\":\"https:\\\/\\\/www.altominho.tv\\\/site\\\/2024\\\/07\\\/29\\\/molima-voluntariado-limpeza\\\/#primaryimage\"},\"thumbnailUrl\":\"https:\\\/\\\/www.altominho.tv\\\/site\\\/wp-content\\\/uploads\\\/2024\\\/07\\\/foto1.jpg\",\"keywords\":[\"Sociedade\"],\"articleSection\":[\"Ponte de Lima\"],\"inLanguage\":\"pt-PT\",\"copyrightYear\":\"2024\",\"copyrightHolder\":{\"@id\":\"https:\\\/\\\/www.altominho.tv\\\/site\\\/#organization\"}},{\"@type\":\"WebPage\",\"@id\":\"https:\\\/\\\/www.altominho.tv\\\/site\\\/2024\\\/07\\\/29\\\/molima-voluntariado-limpeza\\\/\",\"url\":\"https:\\\/\\\/www.altominho.tv\\\/site\\\/2024\\\/07\\\/29\\\/molima-voluntariado-limpeza\\\/\",\"name\":\"MoLima junta dezenas de volunt\u00e1rios em a\u00e7\u00e3o de Plogging 'Lima em Movimento'\",\"isPartOf\":{\"@id\":\"https:\\\/\\\/www.altominho.tv\\\/site\\\/#website\"},\"primaryImageOfPage\":{\"@id\":\"https:\\\/\\\/www.altominho.tv\\\/site\\\/2024\\\/07\\\/29\\\/molima-voluntariado-limpeza\\\/#primaryimage\"},\"image\":{\"@id\":\"https:\\\/\\\/www.altominho.tv\\\/site\\\/2024\\\/07\\\/29\\\/molima-voluntariado-limpeza\\\/#primaryimage\"},\"thumbnailUrl\":\"https:\\\/\\\/www.altominho.tv\\\/site\\\/wp-content\\\/uploads\\\/2024\\\/07\\\/foto1.jpg\",\"datePublished\":\"2024-07-29T12:18:30+00:00\",\"dateModified\":\"2024-07-29T12:19:50+00:00\",\"author\":{\"@id\":\"https:\\\/\\\/www.altominho.tv\\\/site\\\/#\\\/schema\\\/person\\\/a0e4ef6d041f98ca284393d8f1d97153\"},\"description\":\"MoLima junta dezenas de volunt\u00e1rios em a\u00e7\u00e3o de Plogging 'Lima em Movimento'.\",\"breadcrumb\":{\"@id\":\"https:\\\/\\\/www.altominho.tv\\\/site\\\/2024\\\/07\\\/29\\\/molima-voluntariado-limpeza\\\/#breadcrumb\"},\"inLanguage\":\"pt-PT\",\"potentialAction\":[{\"@type\":\"ReadAction\",\"target\":[\"https:\\\/\\\/www.altominho.tv\\\/site\\\/2024\\\/07\\\/29\\\/molima-voluntariado-limpeza\\\/\"]}]},{\"@type\":\"ImageObject\",\"inLanguage\":\"pt-PT\",\"@id\":\"https:\\\/\\\/www.altominho.tv\\\/site\\\/2024\\\/07\\\/29\\\/molima-voluntariado-limpeza\\\/#primaryimage\",\"url\":\"https:\\\/\\\/www.altominho.tv\\\/site\\\/wp-content\\\/uploads\\\/2024\\\/07\\\/foto1.jpg\",\"contentUrl\":\"https:\\\/\\\/www.altominho.tv\\\/site\\\/wp-content\\\/uploads\\\/2024\\\/07\\\/foto1.jpg\",\"width\":1920,\"height\":1280},{\"@type\":\"BreadcrumbList\",\"@id\":\"https:\\\/\\\/www.altominho.tv\\\/site\\\/2024\\\/07\\\/29\\\/molima-voluntariado-limpeza\\\/#breadcrumb\",\"itemListElement\":[{\"@type\":\"ListItem\",\"position\":1,\"name\":\"In\u00edcio\",\"item\":\"https:\\\/\\\/www.altominho.tv\\\/site\\\/\"},{\"@type\":\"ListItem\",\"position\":2,\"name\":\"MoLima junta dezenas de volunt\u00e1rios em a\u00e7\u00e3o de Plogging &#8216;Lima em Movimento&#8217;\"}]},{\"@type\":\"WebSite\",\"@id\":\"https:\\\/\\\/www.altominho.tv\\\/site\\\/#website\",\"url\":\"https:\\\/\\\/www.altominho.tv\\\/site\\\/\",\"name\":\"Altominho.tv\",\"description\":\"A sua regi\u00e3o \u00e0 dist\u00e2ncia de um clique...\",\"potentialAction\":[{\"@type\":\"SearchAction\",\"target\":{\"@type\":\"EntryPoint\",\"urlTemplate\":\"https:\\\/\\\/www.altominho.tv\\\/site\\\/?s={search_term_string}\"},\"query-input\":{\"@type\":\"PropertyValueSpecification\",\"valueRequired\":true,\"valueName\":\"search_term_string\"}}],\"inLanguage\":\"pt-PT\"},{\"@type\":\"Person\",\"@id\":\"https:\\\/\\\/www.altominho.tv\\\/site\\\/#\\\/schema\\\/person\\\/a0e4ef6d041f98ca284393d8f1d97153\",\"name\":\"Andreia Cunha\",\"image\":{\"@type\":\"ImageObject\",\"inLanguage\":\"pt-PT\",\"@id\":\"https:\\\/\\\/www.altominho.tv\\\/site\\\/wp-content\\\/uploads\\\/2017\\\/11\\\/Andreia_Cunha-1-150x150.jpg\",\"url\":\"https:\\\/\\\/www.altominho.tv\\\/site\\\/wp-content\\\/uploads\\\/2017\\\/11\\\/Andreia_Cunha-1-150x150.jpg\",\"contentUrl\":\"https:\\\/\\\/www.altominho.tv\\\/site\\\/wp-content\\\/uploads\\\/2017\\\/11\\\/Andreia_Cunha-1-150x150.jpg\",\"caption\":\"Andreia Cunha\"},\"url\":\"https:\\\/\\\/www.altominho.tv\\\/site\\\/author\\\/andreiacunha\\\/\"}]}<\/script>\n<!-- \/ Yoast SEO Premium plugin. -->","yoast_head_json":{"title":"MoLima junta dezenas de volunt\u00e1rios em a\u00e7\u00e3o de Plogging 'Lima em Movimento'","description":"MoLima junta dezenas de volunt\u00e1rios em a\u00e7\u00e3o de Plogging 'Lima em Movimento'.","robots":{"index":"index","follow":"follow","max-snippet":"max-snippet:-1","max-image-preview":"max-image-preview:large","max-video-preview":"max-video-preview:-1"},"canonical":"https:\/\/www.altominho.tv\/site\/2024\/07\/29\/molima-voluntariado-limpeza\/","og_locale":"pt_PT","og_type":"article","og_title":"MoLima junta dezenas de volunt\u00e1rios em a\u00e7\u00e3o de Plogging 'Lima em Movimento'","og_description":"MoLima junta dezenas de volunt\u00e1rios em a\u00e7\u00e3o de Plogging 'Lima em Movimento'.","og_url":"https:\/\/www.altominho.tv\/site\/2024\/07\/29\/molima-voluntariado-limpeza\/","og_site_name":"Altominho.tv","article_publisher":"https:\/\/www.facebook.com\/altominhotv","article_published_time":"2024-07-29T12:18:30+00:00","article_modified_time":"2024-07-29T12:19:50+00:00","og_image":[{"width":1920,"height":1280,"url":"https:\/\/www.altominho.tv\/site\/wp-content\/uploads\/2024\/07\/foto1.jpg","type":"image\/jpeg"}],"author":"Andreia Cunha","twitter_card":"summary_large_image","twitter_creator":"@altominhoTV","twitter_site":"@altominhoTV","twitter_misc":{"Escrito por":"Andreia Cunha","Tempo estimado de leitura":"2 minutos"},"schema":{"@context":"https:\/\/schema.org","@graph":[{"@type":"Article","@id":"https:\/\/www.altominho.tv\/site\/2024\/07\/29\/molima-voluntariado-limpeza\/#article","isPartOf":{"@id":"https:\/\/www.altominho.tv\/site\/2024\/07\/29\/molima-voluntariado-limpeza\/"},"author":{"name":"Andreia Cunha","@id":"https:\/\/www.altominho.tv\/site\/#\/schema\/person\/a0e4ef6d041f98ca284393d8f1d97153"},"headline":"MoLima junta dezenas de volunt\u00e1rios em a\u00e7\u00e3o de Plogging &#8216;Lima em Movimento&#8217;","datePublished":"2024-07-29T12:18:30+00:00","dateModified":"2024-07-29T12:19:50+00:00","mainEntityOfPage":{"@id":"https:\/\/www.altominho.tv\/site\/2024\/07\/29\/molima-voluntariado-limpeza\/"},"wordCount":247,"image":{"@id":"https:\/\/www.altominho.tv\/site\/2024\/07\/29\/molima-voluntariado-limpeza\/#primaryimage"},"thumbnailUrl":"https:\/\/www.altominho.tv\/site\/wp-content\/uploads\/2024\/07\/foto1.jpg","keywords":["Sociedade"],"articleSection":["Ponte de Lima"],"inLanguage":"pt-PT","copyrightYear":"2024","copyrightHolder":{"@id":"https:\/\/www.altominho.tv\/site\/#organization"}},{"@type":"WebPage","@id":"https:\/\/www.altominho.tv\/site\/2024\/07\/29\/molima-voluntariado-limpeza\/","url":"https:\/\/www.altominho.tv\/site\/2024\/07\/29\/molima-voluntariado-limpeza\/","name":"MoLima junta dezenas de volunt\u00e1rios em a\u00e7\u00e3o de Plogging 'Lima em Movimento'","isPartOf":{"@id":"https:\/\/www.altominho.tv\/site\/#website"},"primaryImageOfPage":{"@id":"https:\/\/www.altominho.tv\/site\/2024\/07\/29\/molima-voluntariado-limpeza\/#primaryimage"},"image":{"@id":"https:\/\/www.altominho.tv\/site\/2024\/07\/29\/molima-voluntariado-limpeza\/#primaryimage"},"thumbnailUrl":"https:\/\/www.altominho.tv\/site\/wp-content\/uploads\/2024\/07\/foto1.jpg","datePublished":"2024-07-29T12:18:30+00:00","dateModified":"2024-07-29T12:19:50+00:00","author":{"@id":"https:\/\/www.altominho.tv\/site\/#\/schema\/person\/a0e4ef6d041f98ca284393d8f1d97153"},"description":"MoLima junta dezenas de volunt\u00e1rios em a\u00e7\u00e3o de Plogging 'Lima em Movimento'.","breadcrumb":{"@id":"https:\/\/www.altominho.tv\/site\/2024\/07\/29\/molima-voluntariado-limpeza\/#breadcrumb"},"inLanguage":"pt-PT","potentialAction":[{"@type":"ReadAction","target":["https:\/\/www.altominho.tv\/site\/2024\/07\/29\/molima-voluntariado-limpeza\/"]}]},{"@type":"ImageObject","inLanguage":"pt-PT","@id":"https:\/\/www.altominho.tv\/site\/2024\/07\/29\/molima-voluntariado-limpeza\/#primaryimage","url":"https:\/\/www.altominho.tv\/site\/wp-content\/uploads\/2024\/07\/foto1.jpg","contentUrl":"https:\/\/www.altominho.tv\/site\/wp-content\/uploads\/2024\/07\/foto1.jpg","width":1920,"height":1280},{"@type":"BreadcrumbList","@id":"https:\/\/www.altominho.tv\/site\/2024\/07\/29\/molima-voluntariado-limpeza\/#breadcrumb","itemListElement":[{"@type":"ListItem","position":1,"name":"In\u00edcio","item":"https:\/\/www.altominho.tv\/site\/"},{"@type":"ListItem","position":2,"name":"MoLima junta dezenas de volunt\u00e1rios em a\u00e7\u00e3o de Plogging &#8216;Lima em Movimento&#8217;"}]},{"@type":"WebSite","@id":"https:\/\/www.altominho.tv\/site\/#website","url":"https:\/\/www.altominho.tv\/site\/","name":"Altominho.tv","description":"A sua regi\u00e3o \u00e0 dist\u00e2ncia de um clique...","potentialAction":[{"@type":"SearchAction","target":{"@type":"EntryPoint","urlTemplate":"https:\/\/www.altominho.tv\/site\/?s={search_term_string}"},"query-input":{"@type":"PropertyValueSpecification","valueRequired":true,"valueName":"search_term_string"}}],"inLanguage":"pt-PT"},{"@type":"Person","@id":"https:\/\/www.altominho.tv\/site\/#\/schema\/person\/a0e4ef6d041f98ca284393d8f1d97153","name":"Andreia Cunha","image":{"@type":"ImageObject","inLanguage":"pt-PT","@id":"https:\/\/www.altominho.tv\/site\/wp-content\/uploads\/2017\/11\/Andreia_Cunha-1-150x150.jpg","url":"https:\/\/www.altominho.tv\/site\/wp-content\/uploads\/2017\/11\/Andreia_Cunha-1-150x150.jpg","contentUrl":"https:\/\/www.altominho.tv\/site\/wp-content\/uploads\/2017\/11\/Andreia_Cunha-1-150x150.jpg","caption":"Andreia Cunha"},"url":"https:\/\/www.altominho.tv\/site\/author\/andreiacunha\/"}]}},"_links":{"self":[{"href":"https:\/\/www.altominho.tv\/site\/wp-json\/wp\/v2\/posts\/109246","targetHints":{"allow":["GET"]}}],"collection":[{"href":"https:\/\/www.altominho.tv\/site\/wp-json\/wp\/v2\/posts"}],"about":[{"href":"https:\/\/www.altominho.tv\/site\/wp-json\/wp\/v2\/types\/post"}],"author":[{"embeddable":true,"href":"https:\/\/www.altominho.tv\/site\/wp-json\/wp\/v2\/users\/7"}],"replies":[{"embeddable":true,"href":"https:\/\/www.altominho.tv\/site\/wp-json\/wp\/v2\/comments?post=109246"}],"version-history":[{"count":2,"href":"https:\/\/www.altominho.tv\/site\/wp-json\/wp\/v2\/posts\/109246\/revisions"}],"predecessor-version":[{"id":109249,"href":"https:\/\/www.altominho.tv\/site\/wp-json\/wp\/v2\/posts\/109246\/revisions\/109249"}],"wp:featuredmedia":[{"embeddable":true,"href":"https:\/\/www.altominho.tv\/site\/wp-json\/wp\/v2\/media\/109247"}],"wp:attachment":[{"href":"https:\/\/www.altominho.tv\/site\/wp-json\/wp\/v2\/media?parent=109246"}],"wp:term":[{"taxonomy":"category","embeddable":true,"href":"https:\/\/www.altominho.tv\/site\/wp-json\/wp\/v2\/categories?post=109246"},{"taxonomy":"post_tag","embeddable":true,"href":"https:\/\/www.altominho.tv\/site\/wp-json\/wp\/v2\/tags?post=109246"}],"curies":[{"name":"wp","href":"https:\/\/api.w.org\/{rel}","templated":true}]}}