{"id":109226,"date":"2024-07-28T00:39:32","date_gmt":"2024-07-27T23:39:32","guid":{"rendered":"https:\/\/www.altominho.tv\/site\/?p=109226"},"modified":"2024-07-28T01:08:34","modified_gmt":"2024-07-28T00:08:34","slug":"colisao-entre-mota-e-veiculo-todo-terreno-faz-um-morto-em-arcos-de-valdevez","status":"publish","type":"post","link":"https:\/\/www.altominho.tv\/site\/2024\/07\/28\/colisao-entre-mota-e-veiculo-todo-terreno-faz-um-morto-em-arcos-de-valdevez\/","title":{"rendered":"Colis\u00e3o entre mota e ve\u00edculo todo terreno, faz um morto em Arcos de Valdevez"},"content":{"rendered":"<div class=\"x11i5rnm xat24cr x1mh8g0r x1vvkbs xtlvy1s x126k92a\">\n<div dir=\"auto\">Uma colis\u00e3o entre um ve\u00edculo todo terreno e um motociclo, seguido de inc\u00eandio, provocou este s\u00e1bado, uma v\u00edtima mortal, na freguesia de Aboim das Cho\u00e7as, em Arcos de Valdevez.<\/div>\n<div dir=\"auto\">\u00a0<\/div>\n<div dir=\"auto\">\n<p>Segundo fonte do Comando Subregional de Emerg\u00eancia e Prote\u00e7\u00e3o Civil de Viana do Castelo, foi recebido um alerta \u00e0s 21h32 para uma viatura em chamas na EM 505. Chegados ao local, os meios de socorro constataram que se tratava de uma colis\u00e3o rodovi\u00e1ria, com inc\u00eandio num ve\u00edculo todo terreno.<\/p>\n<div class=\"x11i5rnm xat24cr x1mh8g0r x1vvkbs xtlvy1s x126k92a\">\n<div dir=\"auto\">O motociclo ter\u00e1 ficado preso debaixo do jipe, tendo sido arrastado cerca de 50 metros at\u00e9 ficar imobilizado. Ap\u00f3s a imobiliza\u00e7\u00e3o das viaturas, o choque e a gasolina libertada no ch\u00e3o provocaram um inc\u00eandio, que destruiu totalmente o ve\u00edculo todo terreno<\/div>\n<\/div>\n<div>\n<div class=\"pub-wrapper\">\n<div>\u00a0<\/div>\n<\/div>\n<\/div>\n<p>O motociclista de 56 anos, que, para al\u00e9m do embate, ter\u00e1 sido atingido pelas chamas, morreu no local. Ainda de acordo com a mesma fonte, \u00e0 chegada dos meios de socorro, o condutor do jipe n\u00e3o se encontrava no local e est\u00e1 neste momento a ser procurado pelas autoridades.<\/p>\n<\/div>\n<\/div>\n<div class=\"x11i5rnm xat24cr x1mh8g0r x1vvkbs xtlvy1s x126k92a\">Estiveram no local, 16 operacionais com seis viaturas dos Bombeiros Volunt\u00e1rios e SIV de Arcos de Valdevez, e GNR.\u00a0<\/div>\n<div id='gallery-1' class='gallery galleryid-109226 gallery-columns-3 gallery-size-gridlove-single'><figure class='gallery-item'>\n\t\t\t<div class='gallery-icon landscape'>\n\t\t\t\t<a class=\"gridlove-popup\" href='https:\/\/www.altominho.tv\/site\/wp-content\/uploads\/2024\/07\/Acidente_Arcos_1.jpeg'><img loading=\"lazy\" decoding=\"async\" width=\"740\" height=\"555\" src=\"https:\/\/www.altominho.tv\/site\/wp-content\/uploads\/2024\/07\/Acidente_Arcos_1-740x555.jpeg\" class=\"attachment-gridlove-single size-gridlove-single\" alt=\"\" srcset=\"https:\/\/www.altominho.tv\/site\/wp-content\/uploads\/2024\/07\/Acidente_Arcos_1-740x555.jpeg 740w, https:\/\/www.altominho.tv\/site\/wp-content\/uploads\/2024\/07\/Acidente_Arcos_1-577x433.jpeg 577w, https:\/\/www.altominho.tv\/site\/wp-content\/uploads\/2024\/07\/Acidente_Arcos_1-1024x768.jpeg 1024w, https:\/\/www.altominho.tv\/site\/wp-content\/uploads\/2024\/07\/Acidente_Arcos_1-768x576.jpeg 768w, https:\/\/www.altominho.tv\/site\/wp-content\/uploads\/2024\/07\/Acidente_Arcos_1-1536x1152.jpeg 1536w, https:\/\/www.altominho.tv\/site\/wp-content\/uploads\/2024\/07\/Acidente_Arcos_1-370x278.jpeg 370w, https:\/\/www.altominho.tv\/site\/wp-content\/uploads\/2024\/07\/Acidente_Arcos_1-270x203.jpeg 270w, https:\/\/www.altominho.tv\/site\/wp-content\/uploads\/2024\/07\/Acidente_Arcos_1-570x428.jpeg 570w, https:\/\/www.altominho.tv\/site\/wp-content\/uploads\/2024\/07\/Acidente_Arcos_1-80x60.jpeg 80w, https:\/\/www.altominho.tv\/site\/wp-content\/uploads\/2024\/07\/Acidente_Arcos_1.jpeg 2048w\" sizes=\"auto, (max-width: 740px) 100vw, 740px\" \/><\/a>\n\t\t\t<\/div><\/figure><figure class='gallery-item'>\n\t\t\t<div class='gallery-icon portrait'>\n\t\t\t\t<a class=\"gridlove-popup\" href='https:\/\/www.altominho.tv\/site\/wp-content\/uploads\/2024\/07\/Acidente_Arcos_3.jpeg'><img loading=\"lazy\" decoding=\"async\" width=\"740\" height=\"987\" src=\"https:\/\/www.altominho.tv\/site\/wp-content\/uploads\/2024\/07\/Acidente_Arcos_3-740x987.jpeg\" class=\"attachment-gridlove-single size-gridlove-single\" alt=\"\" srcset=\"https:\/\/www.altominho.tv\/site\/wp-content\/uploads\/2024\/07\/Acidente_Arcos_3-740x987.jpeg 740w, https:\/\/www.altominho.tv\/site\/wp-content\/uploads\/2024\/07\/Acidente_Arcos_3-325x433.jpeg 325w, https:\/\/www.altominho.tv\/site\/wp-content\/uploads\/2024\/07\/Acidente_Arcos_3-768x1024.jpeg 768w, https:\/\/www.altominho.tv\/site\/wp-content\/uploads\/2024\/07\/Acidente_Arcos_3-1152x1536.jpeg 1152w, https:\/\/www.altominho.tv\/site\/wp-content\/uploads\/2024\/07\/Acidente_Arcos_3-370x493.jpeg 370w, https:\/\/www.altominho.tv\/site\/wp-content\/uploads\/2024\/07\/Acidente_Arcos_3-270x360.jpeg 270w, https:\/\/www.altominho.tv\/site\/wp-content\/uploads\/2024\/07\/Acidente_Arcos_3-570x760.jpeg 570w, https:\/\/www.altominho.tv\/site\/wp-content\/uploads\/2024\/07\/Acidente_Arcos_3.jpeg 1200w\" sizes=\"auto, (max-width: 740px) 100vw, 740px\" \/><\/a>\n\t\t\t<\/div><\/figure><figure class='gallery-item'>\n\t\t\t<div class='gallery-icon landscape'>\n\t\t\t\t<a class=\"gridlove-popup\" href='https:\/\/www.altominho.tv\/site\/wp-content\/uploads\/2024\/07\/Acidente_Arcos_Capa.jpg'><img loading=\"lazy\" decoding=\"async\" width=\"740\" height=\"555\" src=\"https:\/\/www.altominho.tv\/site\/wp-content\/uploads\/2024\/07\/Acidente_Arcos_Capa-740x555.jpg\" class=\"attachment-gridlove-single size-gridlove-single\" alt=\"\" aria-describedby=\"gallery-1-109227\" srcset=\"https:\/\/www.altominho.tv\/site\/wp-content\/uploads\/2024\/07\/Acidente_Arcos_Capa-740x555.jpg 740w, https:\/\/www.altominho.tv\/site\/wp-content\/uploads\/2024\/07\/Acidente_Arcos_Capa-577x433.jpg 577w, https:\/\/www.altominho.tv\/site\/wp-content\/uploads\/2024\/07\/Acidente_Arcos_Capa-1024x768.jpg 1024w, https:\/\/www.altominho.tv\/site\/wp-content\/uploads\/2024\/07\/Acidente_Arcos_Capa-768x576.jpg 768w, https:\/\/www.altominho.tv\/site\/wp-content\/uploads\/2024\/07\/Acidente_Arcos_Capa-1536x1152.jpg 1536w, https:\/\/www.altominho.tv\/site\/wp-content\/uploads\/2024\/07\/Acidente_Arcos_Capa-370x278.jpg 370w, https:\/\/www.altominho.tv\/site\/wp-content\/uploads\/2024\/07\/Acidente_Arcos_Capa-270x203.jpg 270w, https:\/\/www.altominho.tv\/site\/wp-content\/uploads\/2024\/07\/Acidente_Arcos_Capa-570x428.jpg 570w, https:\/\/www.altominho.tv\/site\/wp-content\/uploads\/2024\/07\/Acidente_Arcos_Capa-80x60.jpg 80w, https:\/\/www.altominho.tv\/site\/wp-content\/uploads\/2024\/07\/Acidente_Arcos_Capa.jpg 1600w\" sizes=\"auto, (max-width: 740px) 100vw, 740px\" \/><\/a>\n\t\t\t<\/div>\n\t\t\t\t<figcaption class='wp-caption-text gallery-caption' id='gallery-1-109227'>\n\t\t\t\tAHBVAV\n\t\t\t\t<\/figcaption><\/figure>\n\t\t<\/div>\n\n","protected":false},"excerpt":{"rendered":"<p>Uma colis\u00e3o entre um ve\u00edculo todo terreno e um motociclo, seguido de inc\u00eandio, provocou este s\u00e1bado, uma v\u00edtima mortal, na freguesia de Aboim das Cho\u00e7as, em Arcos de Valdevez. \u00a0 Segundo fonte do Comando Subregional de Emerg\u00eancia e Prote\u00e7\u00e3o Civil de Viana do Castelo, foi recebido um alerta \u00e0s 21h32 para uma viatura em chamas [&hellip;]<\/p>\n","protected":false},"author":1,"featured_media":109227,"comment_status":"closed","ping_status":"closed","sticky":false,"template":"","format":"standard","meta":{"_exactmetrics_skip_tracking":false,"footnotes":""},"categories":[2],"tags":[27],"class_list":["post-109226","post","type-post","status-publish","format-standard","has-post-thumbnail","hentry","category-arcos-de-valdevez","tag-sociedade"],"yoast_head":"<!-- This site is optimized with the Yoast SEO Premium plugin v28.3 (Yoast SEO v28.3) - https:\/\/yoast.com\/product\/yoast-seo-premium-wordpress\/ -->\n<title>Colis\u00e3o entre mota e ve\u00edculo todo terreno, faz um morto em Arcos de Valdevez<\/title>\n<meta name=\"robots\" content=\"index, follow, max-snippet:-1, max-image-preview:large, max-video-preview:-1\" \/>\n<link rel=\"canonical\" href=\"https:\/\/www.altominho.tv\/site\/2024\/07\/28\/colisao-entre-mota-e-veiculo-todo-terreno-faz-um-morto-em-arcos-de-valdevez\/\" \/>\n<meta property=\"og:locale\" content=\"pt_PT\" \/>\n<meta property=\"og:type\" content=\"article\" \/>\n<meta property=\"og:title\" content=\"Colis\u00e3o entre mota e ve\u00edculo todo terreno, faz um morto em Arcos de Valdevez\" \/>\n<meta property=\"og:description\" content=\"Uma colis\u00e3o entre um ve\u00edculo todo terreno e um motociclo, seguido de inc\u00eandio, provocou este s\u00e1bado, uma v\u00edtima mortal, na freguesia de Aboim das Cho\u00e7as, em Arcos de Valdevez. \u00a0 Segundo fonte do Comando Subregional de Emerg\u00eancia e Prote\u00e7\u00e3o Civil de Viana do Castelo, foi recebido um alerta \u00e0s 21h32 para uma viatura em chamas [&hellip;]\" \/>\n<meta property=\"og:url\" content=\"https:\/\/www.altominho.tv\/site\/2024\/07\/28\/colisao-entre-mota-e-veiculo-todo-terreno-faz-um-morto-em-arcos-de-valdevez\/\" \/>\n<meta property=\"og:site_name\" content=\"Altominho.tv\" \/>\n<meta property=\"article:publisher\" content=\"https:\/\/www.facebook.com\/altominhotv\" \/>\n<meta property=\"article:published_time\" content=\"2024-07-27T23:39:32+00:00\" \/>\n<meta property=\"article:modified_time\" content=\"2024-07-28T00:08:34+00:00\" \/>\n<meta property=\"og:image\" content=\"https:\/\/www.altominho.tv\/site\/wp-content\/uploads\/2024\/07\/Acidente_Arcos_Capa.jpg\" \/>\n\t<meta property=\"og:image:width\" content=\"1600\" \/>\n\t<meta property=\"og:image:height\" content=\"1200\" \/>\n\t<meta property=\"og:image:type\" content=\"image\/jpeg\" \/>\n<meta name=\"author\" content=\"Altominho.tv\" \/>\n<meta name=\"twitter:card\" content=\"summary_large_image\" \/>\n<meta name=\"twitter:creator\" content=\"@altominhoTV\" \/>\n<meta name=\"twitter:site\" content=\"@altominhoTV\" \/>\n<meta name=\"twitter:label1\" content=\"Escrito por\" \/>\n\t<meta name=\"twitter:data1\" content=\"Altominho.tv\" \/>\n\t<meta name=\"twitter:label2\" content=\"Tempo estimado de leitura\" \/>\n\t<meta name=\"twitter:data2\" content=\"2 minutos\" \/>\n<script type=\"application\/ld+json\" class=\"yoast-schema-graph\">{\"@context\":\"https:\\\/\\\/schema.org\",\"@graph\":[{\"@type\":\"Article\",\"@id\":\"https:\\\/\\\/www.altominho.tv\\\/site\\\/2024\\\/07\\\/28\\\/colisao-entre-mota-e-veiculo-todo-terreno-faz-um-morto-em-arcos-de-valdevez\\\/#article\",\"isPartOf\":{\"@id\":\"https:\\\/\\\/www.altominho.tv\\\/site\\\/2024\\\/07\\\/28\\\/colisao-entre-mota-e-veiculo-todo-terreno-faz-um-morto-em-arcos-de-valdevez\\\/\"},\"author\":{\"name\":\"Altominho.tv\",\"@id\":\"https:\\\/\\\/www.altominho.tv\\\/site\\\/#\\\/schema\\\/person\\\/4e536851627d7914baf3dac752b6af22\"},\"headline\":\"Colis\u00e3o entre mota e ve\u00edculo todo terreno, faz um morto em Arcos de Valdevez\",\"datePublished\":\"2024-07-27T23:39:32+00:00\",\"dateModified\":\"2024-07-28T00:08:34+00:00\",\"mainEntityOfPage\":{\"@id\":\"https:\\\/\\\/www.altominho.tv\\\/site\\\/2024\\\/07\\\/28\\\/colisao-entre-mota-e-veiculo-todo-terreno-faz-um-morto-em-arcos-de-valdevez\\\/\"},\"wordCount\":219,\"image\":{\"@id\":\"https:\\\/\\\/www.altominho.tv\\\/site\\\/2024\\\/07\\\/28\\\/colisao-entre-mota-e-veiculo-todo-terreno-faz-um-morto-em-arcos-de-valdevez\\\/#primaryimage\"},\"thumbnailUrl\":\"https:\\\/\\\/www.altominho.tv\\\/site\\\/wp-content\\\/uploads\\\/2024\\\/07\\\/Acidente_Arcos_Capa.jpg\",\"keywords\":[\"Sociedade\"],\"articleSection\":[\"Arcos de Valdevez\"],\"inLanguage\":\"pt-PT\",\"copyrightYear\":\"2024\",\"copyrightHolder\":{\"@id\":\"https:\\\/\\\/www.altominho.tv\\\/site\\\/#organization\"}},{\"@type\":\"WebPage\",\"@id\":\"https:\\\/\\\/www.altominho.tv\\\/site\\\/2024\\\/07\\\/28\\\/colisao-entre-mota-e-veiculo-todo-terreno-faz-um-morto-em-arcos-de-valdevez\\\/\",\"url\":\"https:\\\/\\\/www.altominho.tv\\\/site\\\/2024\\\/07\\\/28\\\/colisao-entre-mota-e-veiculo-todo-terreno-faz-um-morto-em-arcos-de-valdevez\\\/\",\"name\":\"Colis\u00e3o entre mota e ve\u00edculo todo terreno, faz um morto em Arcos de Valdevez\",\"isPartOf\":{\"@id\":\"https:\\\/\\\/www.altominho.tv\\\/site\\\/#website\"},\"primaryImageOfPage\":{\"@id\":\"https:\\\/\\\/www.altominho.tv\\\/site\\\/2024\\\/07\\\/28\\\/colisao-entre-mota-e-veiculo-todo-terreno-faz-um-morto-em-arcos-de-valdevez\\\/#primaryimage\"},\"image\":{\"@id\":\"https:\\\/\\\/www.altominho.tv\\\/site\\\/2024\\\/07\\\/28\\\/colisao-entre-mota-e-veiculo-todo-terreno-faz-um-morto-em-arcos-de-valdevez\\\/#primaryimage\"},\"thumbnailUrl\":\"https:\\\/\\\/www.altominho.tv\\\/site\\\/wp-content\\\/uploads\\\/2024\\\/07\\\/Acidente_Arcos_Capa.jpg\",\"datePublished\":\"2024-07-27T23:39:32+00:00\",\"dateModified\":\"2024-07-28T00:08:34+00:00\",\"author\":{\"@id\":\"https:\\\/\\\/www.altominho.tv\\\/site\\\/#\\\/schema\\\/person\\\/4e536851627d7914baf3dac752b6af22\"},\"breadcrumb\":{\"@id\":\"https:\\\/\\\/www.altominho.tv\\\/site\\\/2024\\\/07\\\/28\\\/colisao-entre-mota-e-veiculo-todo-terreno-faz-um-morto-em-arcos-de-valdevez\\\/#breadcrumb\"},\"inLanguage\":\"pt-PT\",\"potentialAction\":[{\"@type\":\"ReadAction\",\"target\":[\"https:\\\/\\\/www.altominho.tv\\\/site\\\/2024\\\/07\\\/28\\\/colisao-entre-mota-e-veiculo-todo-terreno-faz-um-morto-em-arcos-de-valdevez\\\/\"]}]},{\"@type\":\"ImageObject\",\"inLanguage\":\"pt-PT\",\"@id\":\"https:\\\/\\\/www.altominho.tv\\\/site\\\/2024\\\/07\\\/28\\\/colisao-entre-mota-e-veiculo-todo-terreno-faz-um-morto-em-arcos-de-valdevez\\\/#primaryimage\",\"url\":\"https:\\\/\\\/www.altominho.tv\\\/site\\\/wp-content\\\/uploads\\\/2024\\\/07\\\/Acidente_Arcos_Capa.jpg\",\"contentUrl\":\"https:\\\/\\\/www.altominho.tv\\\/site\\\/wp-content\\\/uploads\\\/2024\\\/07\\\/Acidente_Arcos_Capa.jpg\",\"width\":1600,\"height\":1200,\"caption\":\"AHBVAV\"},{\"@type\":\"BreadcrumbList\",\"@id\":\"https:\\\/\\\/www.altominho.tv\\\/site\\\/2024\\\/07\\\/28\\\/colisao-entre-mota-e-veiculo-todo-terreno-faz-um-morto-em-arcos-de-valdevez\\\/#breadcrumb\",\"itemListElement\":[{\"@type\":\"ListItem\",\"position\":1,\"name\":\"In\u00edcio\",\"item\":\"https:\\\/\\\/www.altominho.tv\\\/site\\\/\"},{\"@type\":\"ListItem\",\"position\":2,\"name\":\"Colis\u00e3o entre mota e ve\u00edculo todo terreno, faz um morto em Arcos de Valdevez\"}]},{\"@type\":\"WebSite\",\"@id\":\"https:\\\/\\\/www.altominho.tv\\\/site\\\/#website\",\"url\":\"https:\\\/\\\/www.altominho.tv\\\/site\\\/\",\"name\":\"Altominho.tv\",\"description\":\"A sua regi\u00e3o \u00e0 dist\u00e2ncia de um clique...\",\"potentialAction\":[{\"@type\":\"SearchAction\",\"target\":{\"@type\":\"EntryPoint\",\"urlTemplate\":\"https:\\\/\\\/www.altominho.tv\\\/site\\\/?s={search_term_string}\"},\"query-input\":{\"@type\":\"PropertyValueSpecification\",\"valueRequired\":true,\"valueName\":\"search_term_string\"}}],\"inLanguage\":\"pt-PT\"},{\"@type\":\"Person\",\"@id\":\"https:\\\/\\\/www.altominho.tv\\\/site\\\/#\\\/schema\\\/person\\\/4e536851627d7914baf3dac752b6af22\",\"name\":\"Altominho.tv\",\"image\":{\"@type\":\"ImageObject\",\"inLanguage\":\"pt-PT\",\"@id\":\"https:\\\/\\\/www.altominho.tv\\\/site\\\/wp-content\\\/uploads\\\/2019\\\/11\\\/Logo_Avatar_2-150x150.jpg\",\"url\":\"https:\\\/\\\/www.altominho.tv\\\/site\\\/wp-content\\\/uploads\\\/2019\\\/11\\\/Logo_Avatar_2-150x150.jpg\",\"contentUrl\":\"https:\\\/\\\/www.altominho.tv\\\/site\\\/wp-content\\\/uploads\\\/2019\\\/11\\\/Logo_Avatar_2-150x150.jpg\",\"caption\":\"Altominho.tv\"},\"url\":\"https:\\\/\\\/www.altominho.tv\\\/site\\\/author\\\/altominhotv-tecnico\\\/\"}]}<\/script>\n<!-- \/ Yoast SEO Premium plugin. -->","yoast_head_json":{"title":"Colis\u00e3o entre mota e ve\u00edculo todo terreno, faz um morto em Arcos de Valdevez","robots":{"index":"index","follow":"follow","max-snippet":"max-snippet:-1","max-image-preview":"max-image-preview:large","max-video-preview":"max-video-preview:-1"},"canonical":"https:\/\/www.altominho.tv\/site\/2024\/07\/28\/colisao-entre-mota-e-veiculo-todo-terreno-faz-um-morto-em-arcos-de-valdevez\/","og_locale":"pt_PT","og_type":"article","og_title":"Colis\u00e3o entre mota e ve\u00edculo todo terreno, faz um morto em Arcos de Valdevez","og_description":"Uma colis\u00e3o entre um ve\u00edculo todo terreno e um motociclo, seguido de inc\u00eandio, provocou este s\u00e1bado, uma v\u00edtima mortal, na freguesia de Aboim das Cho\u00e7as, em Arcos de Valdevez. \u00a0 Segundo fonte do Comando Subregional de Emerg\u00eancia e Prote\u00e7\u00e3o Civil de Viana do Castelo, foi recebido um alerta \u00e0s 21h32 para uma viatura em chamas [&hellip;]","og_url":"https:\/\/www.altominho.tv\/site\/2024\/07\/28\/colisao-entre-mota-e-veiculo-todo-terreno-faz-um-morto-em-arcos-de-valdevez\/","og_site_name":"Altominho.tv","article_publisher":"https:\/\/www.facebook.com\/altominhotv","article_published_time":"2024-07-27T23:39:32+00:00","article_modified_time":"2024-07-28T00:08:34+00:00","og_image":[{"width":1600,"height":1200,"url":"https:\/\/www.altominho.tv\/site\/wp-content\/uploads\/2024\/07\/Acidente_Arcos_Capa.jpg","type":"image\/jpeg"}],"author":"Altominho.tv","twitter_card":"summary_large_image","twitter_creator":"@altominhoTV","twitter_site":"@altominhoTV","twitter_misc":{"Escrito por":"Altominho.tv","Tempo estimado de leitura":"2 minutos"},"schema":{"@context":"https:\/\/schema.org","@graph":[{"@type":"Article","@id":"https:\/\/www.altominho.tv\/site\/2024\/07\/28\/colisao-entre-mota-e-veiculo-todo-terreno-faz-um-morto-em-arcos-de-valdevez\/#article","isPartOf":{"@id":"https:\/\/www.altominho.tv\/site\/2024\/07\/28\/colisao-entre-mota-e-veiculo-todo-terreno-faz-um-morto-em-arcos-de-valdevez\/"},"author":{"name":"Altominho.tv","@id":"https:\/\/www.altominho.tv\/site\/#\/schema\/person\/4e536851627d7914baf3dac752b6af22"},"headline":"Colis\u00e3o entre mota e ve\u00edculo todo terreno, faz um morto em Arcos de Valdevez","datePublished":"2024-07-27T23:39:32+00:00","dateModified":"2024-07-28T00:08:34+00:00","mainEntityOfPage":{"@id":"https:\/\/www.altominho.tv\/site\/2024\/07\/28\/colisao-entre-mota-e-veiculo-todo-terreno-faz-um-morto-em-arcos-de-valdevez\/"},"wordCount":219,"image":{"@id":"https:\/\/www.altominho.tv\/site\/2024\/07\/28\/colisao-entre-mota-e-veiculo-todo-terreno-faz-um-morto-em-arcos-de-valdevez\/#primaryimage"},"thumbnailUrl":"https:\/\/www.altominho.tv\/site\/wp-content\/uploads\/2024\/07\/Acidente_Arcos_Capa.jpg","keywords":["Sociedade"],"articleSection":["Arcos de Valdevez"],"inLanguage":"pt-PT","copyrightYear":"2024","copyrightHolder":{"@id":"https:\/\/www.altominho.tv\/site\/#organization"}},{"@type":"WebPage","@id":"https:\/\/www.altominho.tv\/site\/2024\/07\/28\/colisao-entre-mota-e-veiculo-todo-terreno-faz-um-morto-em-arcos-de-valdevez\/","url":"https:\/\/www.altominho.tv\/site\/2024\/07\/28\/colisao-entre-mota-e-veiculo-todo-terreno-faz-um-morto-em-arcos-de-valdevez\/","name":"Colis\u00e3o entre mota e ve\u00edculo todo terreno, faz um morto em Arcos de Valdevez","isPartOf":{"@id":"https:\/\/www.altominho.tv\/site\/#website"},"primaryImageOfPage":{"@id":"https:\/\/www.altominho.tv\/site\/2024\/07\/28\/colisao-entre-mota-e-veiculo-todo-terreno-faz-um-morto-em-arcos-de-valdevez\/#primaryimage"},"image":{"@id":"https:\/\/www.altominho.tv\/site\/2024\/07\/28\/colisao-entre-mota-e-veiculo-todo-terreno-faz-um-morto-em-arcos-de-valdevez\/#primaryimage"},"thumbnailUrl":"https:\/\/www.altominho.tv\/site\/wp-content\/uploads\/2024\/07\/Acidente_Arcos_Capa.jpg","datePublished":"2024-07-27T23:39:32+00:00","dateModified":"2024-07-28T00:08:34+00:00","author":{"@id":"https:\/\/www.altominho.tv\/site\/#\/schema\/person\/4e536851627d7914baf3dac752b6af22"},"breadcrumb":{"@id":"https:\/\/www.altominho.tv\/site\/2024\/07\/28\/colisao-entre-mota-e-veiculo-todo-terreno-faz-um-morto-em-arcos-de-valdevez\/#breadcrumb"},"inLanguage":"pt-PT","potentialAction":[{"@type":"ReadAction","target":["https:\/\/www.altominho.tv\/site\/2024\/07\/28\/colisao-entre-mota-e-veiculo-todo-terreno-faz-um-morto-em-arcos-de-valdevez\/"]}]},{"@type":"ImageObject","inLanguage":"pt-PT","@id":"https:\/\/www.altominho.tv\/site\/2024\/07\/28\/colisao-entre-mota-e-veiculo-todo-terreno-faz-um-morto-em-arcos-de-valdevez\/#primaryimage","url":"https:\/\/www.altominho.tv\/site\/wp-content\/uploads\/2024\/07\/Acidente_Arcos_Capa.jpg","contentUrl":"https:\/\/www.altominho.tv\/site\/wp-content\/uploads\/2024\/07\/Acidente_Arcos_Capa.jpg","width":1600,"height":1200,"caption":"AHBVAV"},{"@type":"BreadcrumbList","@id":"https:\/\/www.altominho.tv\/site\/2024\/07\/28\/colisao-entre-mota-e-veiculo-todo-terreno-faz-um-morto-em-arcos-de-valdevez\/#breadcrumb","itemListElement":[{"@type":"ListItem","position":1,"name":"In\u00edcio","item":"https:\/\/www.altominho.tv\/site\/"},{"@type":"ListItem","position":2,"name":"Colis\u00e3o entre mota e ve\u00edculo todo terreno, faz um morto em Arcos de Valdevez"}]},{"@type":"WebSite","@id":"https:\/\/www.altominho.tv\/site\/#website","url":"https:\/\/www.altominho.tv\/site\/","name":"Altominho.tv","description":"A sua regi\u00e3o \u00e0 dist\u00e2ncia de um clique...","potentialAction":[{"@type":"SearchAction","target":{"@type":"EntryPoint","urlTemplate":"https:\/\/www.altominho.tv\/site\/?s={search_term_string}"},"query-input":{"@type":"PropertyValueSpecification","valueRequired":true,"valueName":"search_term_string"}}],"inLanguage":"pt-PT"},{"@type":"Person","@id":"https:\/\/www.altominho.tv\/site\/#\/schema\/person\/4e536851627d7914baf3dac752b6af22","name":"Altominho.tv","image":{"@type":"ImageObject","inLanguage":"pt-PT","@id":"https:\/\/www.altominho.tv\/site\/wp-content\/uploads\/2019\/11\/Logo_Avatar_2-150x150.jpg","url":"https:\/\/www.altominho.tv\/site\/wp-content\/uploads\/2019\/11\/Logo_Avatar_2-150x150.jpg","contentUrl":"https:\/\/www.altominho.tv\/site\/wp-content\/uploads\/2019\/11\/Logo_Avatar_2-150x150.jpg","caption":"Altominho.tv"},"url":"https:\/\/www.altominho.tv\/site\/author\/altominhotv-tecnico\/"}]}},"_links":{"self":[{"href":"https:\/\/www.altominho.tv\/site\/wp-json\/wp\/v2\/posts\/109226","targetHints":{"allow":["GET"]}}],"collection":[{"href":"https:\/\/www.altominho.tv\/site\/wp-json\/wp\/v2\/posts"}],"about":[{"href":"https:\/\/www.altominho.tv\/site\/wp-json\/wp\/v2\/types\/post"}],"author":[{"embeddable":true,"href":"https:\/\/www.altominho.tv\/site\/wp-json\/wp\/v2\/users\/1"}],"replies":[{"embeddable":true,"href":"https:\/\/www.altominho.tv\/site\/wp-json\/wp\/v2\/comments?post=109226"}],"version-history":[{"count":4,"href":"https:\/\/www.altominho.tv\/site\/wp-json\/wp\/v2\/posts\/109226\/revisions"}],"predecessor-version":[{"id":109236,"href":"https:\/\/www.altominho.tv\/site\/wp-json\/wp\/v2\/posts\/109226\/revisions\/109236"}],"wp:featuredmedia":[{"embeddable":true,"href":"https:\/\/www.altominho.tv\/site\/wp-json\/wp\/v2\/media\/109227"}],"wp:attachment":[{"href":"https:\/\/www.altominho.tv\/site\/wp-json\/wp\/v2\/media?parent=109226"}],"wp:term":[{"taxonomy":"category","embeddable":true,"href":"https:\/\/www.altominho.tv\/site\/wp-json\/wp\/v2\/categories?post=109226"},{"taxonomy":"post_tag","embeddable":true,"href":"https:\/\/www.altominho.tv\/site\/wp-json\/wp\/v2\/tags?post=109226"}],"curies":[{"name":"wp","href":"https:\/\/api.w.org\/{rel}","templated":true}]}}