{"id":109198,"date":"2024-07-26T15:54:35","date_gmt":"2024-07-26T14:54:35","guid":{"rendered":"https:\/\/www.altominho.tv\/site\/?p=109198"},"modified":"2024-07-26T15:54:37","modified_gmt":"2024-07-26T14:54:37","slug":"seroes-n-aldeia-regressam-a-friestas-entre-26-e-30-de-julho","status":"publish","type":"post","link":"https:\/\/www.altominho.tv\/site\/2024\/07\/26\/seroes-n-aldeia-regressam-a-friestas-entre-26-e-30-de-julho\/","title":{"rendered":"Ser\u00f5es N\u2019 Aldeia regressam a Friestas entre 26 e 30 de julho"},"content":{"rendered":"<p><span data-contrast=\"auto\">Os Ser\u00f5es N\u2019 Aldeia regressam a Friestas, Valen\u00e7a, entre 26 e 30 de julho, com artesanato, gastronomia e muita anima\u00e7\u00e3o cultural, no Parque da Freguesia.<\/span><\/p>\n<p><span data-contrast=\"auto\">O evento arranca esta sexta-feira, 26 de julho, com uma jornada gastron\u00f3mica dedicada ao borrego assado no forno a lenha com arroz pingado \u00e0 moda de Friestas.<\/span><\/p>\n<p><span data-contrast=\"auto\">A noite ser\u00e1 animada com uma gala comemorativa que contar\u00e1 com a atua\u00e7\u00e3o do grupo Rapazes da Fronteira e, ainda, a recria\u00e7\u00e3o de um ser\u00e3o na aldeia.<\/span><span data-ccp-props=\"{&quot;201341983&quot;:0,&quot;335559739&quot;:160,&quot;335559740&quot;:279}\">\u00a0<\/span><\/p>\n<p><span data-contrast=\"auto\">S\u00e1bado, 27 de julho, a partir das 21h30, decorrer\u00e1 o XXV Festival de Folclore de Friestas, este ano, com a participa\u00e7\u00e3o do grupo anfitri\u00e3o Rancho Infantil e Juvenil de Friestas, do Grupo Infantil e Juvenil de Santiago de Gavi\u00e3o, Vila Nova de Famalic\u00e3o, do Rancho Folcl\u00f3rico Infantil e Juvenil de Gondar\u00e9m, Vila Nova de Cerveira e da Associaci\u00f3n Cultural e Xuvenil do Traxe Tradicional de Tuy, Espanha.<\/span><span data-ccp-props=\"{&quot;201341983&quot;:0,&quot;335559739&quot;:160,&quot;335559740&quot;:279}\">\u00a0<\/span><\/p>\n<p><span data-contrast=\"auto\">Domingo, 28 de julho, a partir das 22h00, a noite ser\u00e1 animada pela prata da casa com o Grupo Jazz Band 23.<\/span><span data-ccp-props=\"{&quot;201341983&quot;:0,&quot;335559739&quot;:160,&quot;335559740&quot;:279}\">\u00a0<\/span><\/p>\n<p><span data-contrast=\"auto\">Segunda-feira, 29 de julho, para as 22h00, est\u00e1 programado o espet\u00e1culo \u201cReviver o Passado\u201d com a atua\u00e7\u00e3o de antigos elementos do Rancho Infantil e Juvenil de Friestas e do Rancho Infantil e Juvenil da Camacha, da Ilha da Madeira.<\/span><\/p>\n<p><span data-contrast=\"auto\">Ter\u00e7a-feira, 30 de julho, a noite ser\u00e1 dedicada, como habitualmente, \u00e0 gastronomia madeirense. A partir das 20h00 decorrer\u00e1 o jantar com as tradicionais espetadas em pau de loureiro, bolo do caco e poncha. Uma noite que ser\u00e1 animada com o concerto das Bombocas, a partir das 22h30. A noite encerrar\u00e1 com a atua\u00e7\u00e3o do DJ NYUD a partir das 23h30. <\/span><\/p>\n<p><span data-contrast=\"auto\">A participa\u00e7\u00e3o no jantar implica inscri\u00e7\u00e3o pr\u00e9via para os telefones 914255059, 914777108, 914965342 ou 965224742.<\/span><span data-ccp-props=\"{&quot;201341983&quot;:0,&quot;335559739&quot;:160,&quot;335559740&quot;:279}\">\u00a0<\/span><\/p>\n<p><span data-contrast=\"auto\">O evento \u00e9 promovido pelo Rancho Infantil e Juvenil de Friestas e conta com o apoio da C\u00e2mara Municipal de Valen\u00e7a e da Junta de Freguesia de Friestas.<\/span><span data-ccp-props=\"{&quot;201341983&quot;:0,&quot;335559739&quot;:160,&quot;335559740&quot;:279}\">\u00a0<\/span><\/p>\n","protected":false},"excerpt":{"rendered":"<p>Os Ser\u00f5es N\u2019 Aldeia regressam a Friestas, Valen\u00e7a, entre 26 e 30 de julho, com artesanato, gastronomia e muita anima\u00e7\u00e3o cultural, no Parque da Freguesia. O evento arranca esta sexta-feira, 26 de julho, com uma jornada gastron\u00f3mica dedicada ao borrego assado no forno a lenha com arroz pingado \u00e0 moda de Friestas. A noite ser\u00e1 [&hellip;]<\/p>\n","protected":false},"author":1,"featured_media":109200,"comment_status":"closed","ping_status":"closed","sticky":false,"template":"","format":"standard","meta":{"_exactmetrics_skip_tracking":false,"_exactmetrics_sitenote_active":false,"_exactmetrics_sitenote_note":"","_exactmetrics_sitenote_category":0,"footnotes":""},"categories":[13],"tags":[24],"class_list":["post-109198","post","type-post","status-publish","format-standard","has-post-thumbnail","hentry","category-valenca","tag-lazer"],"yoast_head":"<!-- This site is optimized with the Yoast SEO Premium plugin v27.4 (Yoast SEO v27.4) - https:\/\/yoast.com\/product\/yoast-seo-premium-wordpress\/ -->\n<title>Ser\u00f5es N\u2019 Aldeia regressam a Friestas entre 26 e 30 de julho<\/title>\n<meta name=\"description\" content=\"Os Ser\u00f5es N\u2019 Aldeia regressam a Friestas, Valen\u00e7a, entre 26 e 30 de julho, com artesanato, gastronomia e muita anima\u00e7\u00e3o cultural, no Parque da Freguesia.\" \/>\n<meta name=\"robots\" content=\"index, follow, max-snippet:-1, max-image-preview:large, max-video-preview:-1\" \/>\n<link rel=\"canonical\" href=\"https:\/\/www.altominho.tv\/site\/2024\/07\/26\/seroes-n-aldeia-regressam-a-friestas-entre-26-e-30-de-julho\/\" \/>\n<meta property=\"og:locale\" content=\"pt_PT\" \/>\n<meta property=\"og:type\" content=\"article\" \/>\n<meta property=\"og:title\" content=\"Ser\u00f5es N\u2019 Aldeia regressam a Friestas entre 26 e 30 de julho\" \/>\n<meta property=\"og:description\" content=\"Os Ser\u00f5es N\u2019 Aldeia regressam a Friestas, Valen\u00e7a, entre 26 e 30 de julho, com artesanato, gastronomia e muita anima\u00e7\u00e3o cultural, no Parque da Freguesia.\" \/>\n<meta property=\"og:url\" content=\"https:\/\/www.altominho.tv\/site\/2024\/07\/26\/seroes-n-aldeia-regressam-a-friestas-entre-26-e-30-de-julho\/\" \/>\n<meta property=\"og:site_name\" content=\"Altominho.tv\" \/>\n<meta property=\"article:publisher\" content=\"https:\/\/www.facebook.com\/altominhotv\" \/>\n<meta property=\"article:published_time\" content=\"2024-07-26T14:54:35+00:00\" \/>\n<meta property=\"article:modified_time\" content=\"2024-07-26T14:54:37+00:00\" \/>\n<meta property=\"og:image\" content=\"https:\/\/www.altominho.tv\/site\/wp-content\/uploads\/2024\/07\/seroes-naldeia.jpg\" \/>\n\t<meta property=\"og:image:width\" content=\"2000\" \/>\n\t<meta property=\"og:image:height\" content=\"1125\" \/>\n\t<meta property=\"og:image:type\" content=\"image\/jpeg\" \/>\n<meta name=\"author\" content=\"Altominho.tv\" \/>\n<meta name=\"twitter:card\" content=\"summary_large_image\" \/>\n<meta name=\"twitter:creator\" content=\"@altominhoTV\" \/>\n<meta name=\"twitter:site\" content=\"@altominhoTV\" \/>\n<meta name=\"twitter:label1\" content=\"Escrito por\" \/>\n\t<meta name=\"twitter:data1\" content=\"Altominho.tv\" \/>\n\t<meta name=\"twitter:label2\" content=\"Tempo estimado de leitura\" \/>\n\t<meta name=\"twitter:data2\" content=\"2 minutos\" \/>\n<script type=\"application\/ld+json\" class=\"yoast-schema-graph\">{\"@context\":\"https:\\\/\\\/schema.org\",\"@graph\":[{\"@type\":\"Article\",\"@id\":\"https:\\\/\\\/www.altominho.tv\\\/site\\\/2024\\\/07\\\/26\\\/seroes-n-aldeia-regressam-a-friestas-entre-26-e-30-de-julho\\\/#article\",\"isPartOf\":{\"@id\":\"https:\\\/\\\/www.altominho.tv\\\/site\\\/2024\\\/07\\\/26\\\/seroes-n-aldeia-regressam-a-friestas-entre-26-e-30-de-julho\\\/\"},\"author\":{\"name\":\"Altominho.tv\",\"@id\":\"https:\\\/\\\/www.altominho.tv\\\/site\\\/#\\\/schema\\\/person\\\/4e536851627d7914baf3dac752b6af22\"},\"headline\":\"Ser\u00f5es N\u2019 Aldeia regressam a Friestas entre 26 e 30 de julho\",\"datePublished\":\"2024-07-26T14:54:35+00:00\",\"dateModified\":\"2024-07-26T14:54:37+00:00\",\"mainEntityOfPage\":{\"@id\":\"https:\\\/\\\/www.altominho.tv\\\/site\\\/2024\\\/07\\\/26\\\/seroes-n-aldeia-regressam-a-friestas-entre-26-e-30-de-julho\\\/\"},\"wordCount\":330,\"image\":{\"@id\":\"https:\\\/\\\/www.altominho.tv\\\/site\\\/2024\\\/07\\\/26\\\/seroes-n-aldeia-regressam-a-friestas-entre-26-e-30-de-julho\\\/#primaryimage\"},\"thumbnailUrl\":\"https:\\\/\\\/www.altominho.tv\\\/site\\\/wp-content\\\/uploads\\\/2024\\\/07\\\/seroes-naldeia.jpg\",\"keywords\":[\"Lazer\"],\"articleSection\":[\"Valen\u00e7a\"],\"inLanguage\":\"pt-PT\",\"copyrightYear\":\"2024\",\"copyrightHolder\":{\"@id\":\"https:\\\/\\\/www.altominho.tv\\\/site\\\/#organization\"}},{\"@type\":\"WebPage\",\"@id\":\"https:\\\/\\\/www.altominho.tv\\\/site\\\/2024\\\/07\\\/26\\\/seroes-n-aldeia-regressam-a-friestas-entre-26-e-30-de-julho\\\/\",\"url\":\"https:\\\/\\\/www.altominho.tv\\\/site\\\/2024\\\/07\\\/26\\\/seroes-n-aldeia-regressam-a-friestas-entre-26-e-30-de-julho\\\/\",\"name\":\"Ser\u00f5es N\u2019 Aldeia regressam a Friestas entre 26 e 30 de julho\",\"isPartOf\":{\"@id\":\"https:\\\/\\\/www.altominho.tv\\\/site\\\/#website\"},\"primaryImageOfPage\":{\"@id\":\"https:\\\/\\\/www.altominho.tv\\\/site\\\/2024\\\/07\\\/26\\\/seroes-n-aldeia-regressam-a-friestas-entre-26-e-30-de-julho\\\/#primaryimage\"},\"image\":{\"@id\":\"https:\\\/\\\/www.altominho.tv\\\/site\\\/2024\\\/07\\\/26\\\/seroes-n-aldeia-regressam-a-friestas-entre-26-e-30-de-julho\\\/#primaryimage\"},\"thumbnailUrl\":\"https:\\\/\\\/www.altominho.tv\\\/site\\\/wp-content\\\/uploads\\\/2024\\\/07\\\/seroes-naldeia.jpg\",\"datePublished\":\"2024-07-26T14:54:35+00:00\",\"dateModified\":\"2024-07-26T14:54:37+00:00\",\"author\":{\"@id\":\"https:\\\/\\\/www.altominho.tv\\\/site\\\/#\\\/schema\\\/person\\\/4e536851627d7914baf3dac752b6af22\"},\"description\":\"Os Ser\u00f5es N\u2019 Aldeia regressam a Friestas, Valen\u00e7a, entre 26 e 30 de julho, com artesanato, gastronomia e muita anima\u00e7\u00e3o cultural, no Parque da Freguesia.\",\"breadcrumb\":{\"@id\":\"https:\\\/\\\/www.altominho.tv\\\/site\\\/2024\\\/07\\\/26\\\/seroes-n-aldeia-regressam-a-friestas-entre-26-e-30-de-julho\\\/#breadcrumb\"},\"inLanguage\":\"pt-PT\",\"potentialAction\":[{\"@type\":\"ReadAction\",\"target\":[\"https:\\\/\\\/www.altominho.tv\\\/site\\\/2024\\\/07\\\/26\\\/seroes-n-aldeia-regressam-a-friestas-entre-26-e-30-de-julho\\\/\"]}]},{\"@type\":\"ImageObject\",\"inLanguage\":\"pt-PT\",\"@id\":\"https:\\\/\\\/www.altominho.tv\\\/site\\\/2024\\\/07\\\/26\\\/seroes-n-aldeia-regressam-a-friestas-entre-26-e-30-de-julho\\\/#primaryimage\",\"url\":\"https:\\\/\\\/www.altominho.tv\\\/site\\\/wp-content\\\/uploads\\\/2024\\\/07\\\/seroes-naldeia.jpg\",\"contentUrl\":\"https:\\\/\\\/www.altominho.tv\\\/site\\\/wp-content\\\/uploads\\\/2024\\\/07\\\/seroes-naldeia.jpg\",\"width\":2000,\"height\":1125},{\"@type\":\"BreadcrumbList\",\"@id\":\"https:\\\/\\\/www.altominho.tv\\\/site\\\/2024\\\/07\\\/26\\\/seroes-n-aldeia-regressam-a-friestas-entre-26-e-30-de-julho\\\/#breadcrumb\",\"itemListElement\":[{\"@type\":\"ListItem\",\"position\":1,\"name\":\"In\u00edcio\",\"item\":\"https:\\\/\\\/www.altominho.tv\\\/site\\\/\"},{\"@type\":\"ListItem\",\"position\":2,\"name\":\"Ser\u00f5es N\u2019 Aldeia regressam a Friestas entre 26 e 30 de julho\"}]},{\"@type\":\"WebSite\",\"@id\":\"https:\\\/\\\/www.altominho.tv\\\/site\\\/#website\",\"url\":\"https:\\\/\\\/www.altominho.tv\\\/site\\\/\",\"name\":\"Altominho.tv\",\"description\":\"A sua regi\u00e3o \u00e0 dist\u00e2ncia de um clique...\",\"potentialAction\":[{\"@type\":\"SearchAction\",\"target\":{\"@type\":\"EntryPoint\",\"urlTemplate\":\"https:\\\/\\\/www.altominho.tv\\\/site\\\/?s={search_term_string}\"},\"query-input\":{\"@type\":\"PropertyValueSpecification\",\"valueRequired\":true,\"valueName\":\"search_term_string\"}}],\"inLanguage\":\"pt-PT\"},{\"@type\":\"Person\",\"@id\":\"https:\\\/\\\/www.altominho.tv\\\/site\\\/#\\\/schema\\\/person\\\/4e536851627d7914baf3dac752b6af22\",\"name\":\"Altominho.tv\",\"image\":{\"@type\":\"ImageObject\",\"inLanguage\":\"pt-PT\",\"@id\":\"https:\\\/\\\/www.altominho.tv\\\/site\\\/wp-content\\\/uploads\\\/2019\\\/11\\\/Logo_Avatar_2-150x150.jpg\",\"url\":\"https:\\\/\\\/www.altominho.tv\\\/site\\\/wp-content\\\/uploads\\\/2019\\\/11\\\/Logo_Avatar_2-150x150.jpg\",\"contentUrl\":\"https:\\\/\\\/www.altominho.tv\\\/site\\\/wp-content\\\/uploads\\\/2019\\\/11\\\/Logo_Avatar_2-150x150.jpg\",\"caption\":\"Altominho.tv\"},\"url\":\"https:\\\/\\\/www.altominho.tv\\\/site\\\/author\\\/altominhotv-tecnico\\\/\"}]}<\/script>\n<!-- \/ Yoast SEO Premium plugin. -->","yoast_head_json":{"title":"Ser\u00f5es N\u2019 Aldeia regressam a Friestas entre 26 e 30 de julho","description":"Os Ser\u00f5es N\u2019 Aldeia regressam a Friestas, Valen\u00e7a, entre 26 e 30 de julho, com artesanato, gastronomia e muita anima\u00e7\u00e3o cultural, no Parque da Freguesia.","robots":{"index":"index","follow":"follow","max-snippet":"max-snippet:-1","max-image-preview":"max-image-preview:large","max-video-preview":"max-video-preview:-1"},"canonical":"https:\/\/www.altominho.tv\/site\/2024\/07\/26\/seroes-n-aldeia-regressam-a-friestas-entre-26-e-30-de-julho\/","og_locale":"pt_PT","og_type":"article","og_title":"Ser\u00f5es N\u2019 Aldeia regressam a Friestas entre 26 e 30 de julho","og_description":"Os Ser\u00f5es N\u2019 Aldeia regressam a Friestas, Valen\u00e7a, entre 26 e 30 de julho, com artesanato, gastronomia e muita anima\u00e7\u00e3o cultural, no Parque da Freguesia.","og_url":"https:\/\/www.altominho.tv\/site\/2024\/07\/26\/seroes-n-aldeia-regressam-a-friestas-entre-26-e-30-de-julho\/","og_site_name":"Altominho.tv","article_publisher":"https:\/\/www.facebook.com\/altominhotv","article_published_time":"2024-07-26T14:54:35+00:00","article_modified_time":"2024-07-26T14:54:37+00:00","og_image":[{"width":2000,"height":1125,"url":"https:\/\/www.altominho.tv\/site\/wp-content\/uploads\/2024\/07\/seroes-naldeia.jpg","type":"image\/jpeg"}],"author":"Altominho.tv","twitter_card":"summary_large_image","twitter_creator":"@altominhoTV","twitter_site":"@altominhoTV","twitter_misc":{"Escrito por":"Altominho.tv","Tempo estimado de leitura":"2 minutos"},"schema":{"@context":"https:\/\/schema.org","@graph":[{"@type":"Article","@id":"https:\/\/www.altominho.tv\/site\/2024\/07\/26\/seroes-n-aldeia-regressam-a-friestas-entre-26-e-30-de-julho\/#article","isPartOf":{"@id":"https:\/\/www.altominho.tv\/site\/2024\/07\/26\/seroes-n-aldeia-regressam-a-friestas-entre-26-e-30-de-julho\/"},"author":{"name":"Altominho.tv","@id":"https:\/\/www.altominho.tv\/site\/#\/schema\/person\/4e536851627d7914baf3dac752b6af22"},"headline":"Ser\u00f5es N\u2019 Aldeia regressam a Friestas entre 26 e 30 de julho","datePublished":"2024-07-26T14:54:35+00:00","dateModified":"2024-07-26T14:54:37+00:00","mainEntityOfPage":{"@id":"https:\/\/www.altominho.tv\/site\/2024\/07\/26\/seroes-n-aldeia-regressam-a-friestas-entre-26-e-30-de-julho\/"},"wordCount":330,"image":{"@id":"https:\/\/www.altominho.tv\/site\/2024\/07\/26\/seroes-n-aldeia-regressam-a-friestas-entre-26-e-30-de-julho\/#primaryimage"},"thumbnailUrl":"https:\/\/www.altominho.tv\/site\/wp-content\/uploads\/2024\/07\/seroes-naldeia.jpg","keywords":["Lazer"],"articleSection":["Valen\u00e7a"],"inLanguage":"pt-PT","copyrightYear":"2024","copyrightHolder":{"@id":"https:\/\/www.altominho.tv\/site\/#organization"}},{"@type":"WebPage","@id":"https:\/\/www.altominho.tv\/site\/2024\/07\/26\/seroes-n-aldeia-regressam-a-friestas-entre-26-e-30-de-julho\/","url":"https:\/\/www.altominho.tv\/site\/2024\/07\/26\/seroes-n-aldeia-regressam-a-friestas-entre-26-e-30-de-julho\/","name":"Ser\u00f5es N\u2019 Aldeia regressam a Friestas entre 26 e 30 de julho","isPartOf":{"@id":"https:\/\/www.altominho.tv\/site\/#website"},"primaryImageOfPage":{"@id":"https:\/\/www.altominho.tv\/site\/2024\/07\/26\/seroes-n-aldeia-regressam-a-friestas-entre-26-e-30-de-julho\/#primaryimage"},"image":{"@id":"https:\/\/www.altominho.tv\/site\/2024\/07\/26\/seroes-n-aldeia-regressam-a-friestas-entre-26-e-30-de-julho\/#primaryimage"},"thumbnailUrl":"https:\/\/www.altominho.tv\/site\/wp-content\/uploads\/2024\/07\/seroes-naldeia.jpg","datePublished":"2024-07-26T14:54:35+00:00","dateModified":"2024-07-26T14:54:37+00:00","author":{"@id":"https:\/\/www.altominho.tv\/site\/#\/schema\/person\/4e536851627d7914baf3dac752b6af22"},"description":"Os Ser\u00f5es N\u2019 Aldeia regressam a Friestas, Valen\u00e7a, entre 26 e 30 de julho, com artesanato, gastronomia e muita anima\u00e7\u00e3o cultural, no Parque da Freguesia.","breadcrumb":{"@id":"https:\/\/www.altominho.tv\/site\/2024\/07\/26\/seroes-n-aldeia-regressam-a-friestas-entre-26-e-30-de-julho\/#breadcrumb"},"inLanguage":"pt-PT","potentialAction":[{"@type":"ReadAction","target":["https:\/\/www.altominho.tv\/site\/2024\/07\/26\/seroes-n-aldeia-regressam-a-friestas-entre-26-e-30-de-julho\/"]}]},{"@type":"ImageObject","inLanguage":"pt-PT","@id":"https:\/\/www.altominho.tv\/site\/2024\/07\/26\/seroes-n-aldeia-regressam-a-friestas-entre-26-e-30-de-julho\/#primaryimage","url":"https:\/\/www.altominho.tv\/site\/wp-content\/uploads\/2024\/07\/seroes-naldeia.jpg","contentUrl":"https:\/\/www.altominho.tv\/site\/wp-content\/uploads\/2024\/07\/seroes-naldeia.jpg","width":2000,"height":1125},{"@type":"BreadcrumbList","@id":"https:\/\/www.altominho.tv\/site\/2024\/07\/26\/seroes-n-aldeia-regressam-a-friestas-entre-26-e-30-de-julho\/#breadcrumb","itemListElement":[{"@type":"ListItem","position":1,"name":"In\u00edcio","item":"https:\/\/www.altominho.tv\/site\/"},{"@type":"ListItem","position":2,"name":"Ser\u00f5es N\u2019 Aldeia regressam a Friestas entre 26 e 30 de julho"}]},{"@type":"WebSite","@id":"https:\/\/www.altominho.tv\/site\/#website","url":"https:\/\/www.altominho.tv\/site\/","name":"Altominho.tv","description":"A sua regi\u00e3o \u00e0 dist\u00e2ncia de um clique...","potentialAction":[{"@type":"SearchAction","target":{"@type":"EntryPoint","urlTemplate":"https:\/\/www.altominho.tv\/site\/?s={search_term_string}"},"query-input":{"@type":"PropertyValueSpecification","valueRequired":true,"valueName":"search_term_string"}}],"inLanguage":"pt-PT"},{"@type":"Person","@id":"https:\/\/www.altominho.tv\/site\/#\/schema\/person\/4e536851627d7914baf3dac752b6af22","name":"Altominho.tv","image":{"@type":"ImageObject","inLanguage":"pt-PT","@id":"https:\/\/www.altominho.tv\/site\/wp-content\/uploads\/2019\/11\/Logo_Avatar_2-150x150.jpg","url":"https:\/\/www.altominho.tv\/site\/wp-content\/uploads\/2019\/11\/Logo_Avatar_2-150x150.jpg","contentUrl":"https:\/\/www.altominho.tv\/site\/wp-content\/uploads\/2019\/11\/Logo_Avatar_2-150x150.jpg","caption":"Altominho.tv"},"url":"https:\/\/www.altominho.tv\/site\/author\/altominhotv-tecnico\/"}]}},"_links":{"self":[{"href":"https:\/\/www.altominho.tv\/site\/wp-json\/wp\/v2\/posts\/109198","targetHints":{"allow":["GET"]}}],"collection":[{"href":"https:\/\/www.altominho.tv\/site\/wp-json\/wp\/v2\/posts"}],"about":[{"href":"https:\/\/www.altominho.tv\/site\/wp-json\/wp\/v2\/types\/post"}],"author":[{"embeddable":true,"href":"https:\/\/www.altominho.tv\/site\/wp-json\/wp\/v2\/users\/1"}],"replies":[{"embeddable":true,"href":"https:\/\/www.altominho.tv\/site\/wp-json\/wp\/v2\/comments?post=109198"}],"version-history":[{"count":1,"href":"https:\/\/www.altominho.tv\/site\/wp-json\/wp\/v2\/posts\/109198\/revisions"}],"predecessor-version":[{"id":109201,"href":"https:\/\/www.altominho.tv\/site\/wp-json\/wp\/v2\/posts\/109198\/revisions\/109201"}],"wp:featuredmedia":[{"embeddable":true,"href":"https:\/\/www.altominho.tv\/site\/wp-json\/wp\/v2\/media\/109200"}],"wp:attachment":[{"href":"https:\/\/www.altominho.tv\/site\/wp-json\/wp\/v2\/media?parent=109198"}],"wp:term":[{"taxonomy":"category","embeddable":true,"href":"https:\/\/www.altominho.tv\/site\/wp-json\/wp\/v2\/categories?post=109198"},{"taxonomy":"post_tag","embeddable":true,"href":"https:\/\/www.altominho.tv\/site\/wp-json\/wp\/v2\/tags?post=109198"}],"curies":[{"name":"wp","href":"https:\/\/api.w.org\/{rel}","templated":true}]}}