{"id":109191,"date":"2024-07-26T10:47:14","date_gmt":"2024-07-26T09:47:14","guid":{"rendered":"https:\/\/www.altominho.tv\/site\/?p=109191"},"modified":"2024-07-26T10:47:16","modified_gmt":"2024-07-26T09:47:16","slug":"concurso-para-requalificacao-do-centro-de-saude-de-valenca-previsto-para-setembro","status":"publish","type":"post","link":"https:\/\/www.altominho.tv\/site\/2024\/07\/26\/concurso-para-requalificacao-do-centro-de-saude-de-valenca-previsto-para-setembro\/","title":{"rendered":"Concurso para requalifica\u00e7\u00e3o do Centro de Sa\u00fade de Valen\u00e7a previsto para setembro"},"content":{"rendered":"<p>O concurso para a requalifica\u00e7\u00e3o e amplia\u00e7\u00e3o do Centro de Sa\u00fade de Valen\u00e7a, por cerca de dois milh\u00f5es de euros, vai ser lan\u00e7ado em setembro, revelou hoje o presidente da autarquia.<\/p>\n<p>\u201cVai ser lan\u00e7ado em setembro o concurso para a execu\u00e7\u00e3o da obra\u201d, avan\u00e7ou \u00e0 Lusa Jos\u00e9 Manuel Carpinteira (PS), presidente da C\u00e2mara de Valen\u00e7a.<\/p>\n<p>O concurso p\u00fablico para rever os projetos da reabilita\u00e7\u00e3o do centro de sa\u00fade, por 27 mil euros, foi hoje publicado em Di\u00e1rio da Rep\u00fablica, algo que o autarca diz ser uma imposi\u00e7\u00e3o da legisla\u00e7\u00e3o antes da abertura do concurso para a empreitada.<\/p>\n<p>Em fevereiro, o munic\u00edpio revelou ter assinado o Contrato Interadministrativo de Colabora\u00e7\u00e3o com a ULSAM \u2013 Unidade Local de Sa\u00fade do Alto Minho \u201cno \u00e2mbito da colabora\u00e7\u00e3o para requalifica\u00e7\u00e3o do centro de sa\u00fade de Valen\u00e7a\u201d.<\/p>\n<p>A empreitada consiste \u201cna requalifica\u00e7\u00e3o da estrutura existente, datada de 1991, e na constru\u00e7\u00e3o de um novo edif\u00edcio\u201d.<\/p>\n<p>Atualmente, o Centro de Sa\u00fade de Valen\u00e7a \u201cdisp\u00f5e de sete consultas hospitalares de especialidade, nomeadamente Endocrinologia, Pediatria, Oftalmologia, Psiquiatria, Psicologia, Hemoterapia e ainda Psicologia do CRI (quinzenalmente) para apoio aos toxicodependentes, que servem os utentes dos concelhos de Valen\u00e7a, Mon\u00e7\u00e3o e Melga\u00e7o\u201d, indicou a C\u00e2mara.<\/p>\n<p>O corpo cl\u00ednico \u00e9 constitu\u00eddo por 10 m\u00e9dicos e 10 enfermeiros.<\/p>\n","protected":false},"excerpt":{"rendered":"<p>O concurso para a requalifica\u00e7\u00e3o e amplia\u00e7\u00e3o do Centro de Sa\u00fade de Valen\u00e7a, por cerca de dois milh\u00f5es de euros, vai ser lan\u00e7ado em setembro, revelou hoje o presidente da autarquia. \u201cVai ser lan\u00e7ado em setembro o concurso para a execu\u00e7\u00e3o da obra\u201d, avan\u00e7ou \u00e0 Lusa Jos\u00e9 Manuel Carpinteira (PS), presidente da C\u00e2mara de Valen\u00e7a. [&hellip;]<\/p>\n","protected":false},"author":13,"featured_media":104241,"comment_status":"closed","ping_status":"closed","sticky":false,"template":"","format":"standard","meta":{"_exactmetrics_skip_tracking":false,"_exactmetrics_sitenote_active":false,"_exactmetrics_sitenote_note":"","_exactmetrics_sitenote_category":0,"footnotes":""},"categories":[13],"tags":[26],"class_list":["post-109191","post","type-post","status-publish","format-standard","has-post-thumbnail","hentry","category-valenca","tag-saude"],"yoast_head":"<!-- This site is optimized with the Yoast SEO Premium plugin v27.4 (Yoast SEO v27.4) - https:\/\/yoast.com\/product\/yoast-seo-premium-wordpress\/ -->\n<title>Concurso para requalifica\u00e7\u00e3o do Centro de Sa\u00fade de Valen\u00e7a previsto para setembro<\/title>\n<meta name=\"description\" content=\"O concurso para a requalifica\u00e7\u00e3o e amplia\u00e7\u00e3o do Centro de Sa\u00fade de Valen\u00e7a, por cerca de dois milh\u00f5es de euros, vai ser lan\u00e7ado em setembro, revelou hoje o presidente da autarquia.\" \/>\n<meta name=\"robots\" content=\"index, follow, max-snippet:-1, max-image-preview:large, max-video-preview:-1\" \/>\n<link rel=\"canonical\" href=\"https:\/\/www.altominho.tv\/site\/2024\/07\/26\/concurso-para-requalificacao-do-centro-de-saude-de-valenca-previsto-para-setembro\/\" \/>\n<meta property=\"og:locale\" content=\"pt_PT\" \/>\n<meta property=\"og:type\" content=\"article\" \/>\n<meta property=\"og:title\" content=\"Concurso para requalifica\u00e7\u00e3o do Centro de Sa\u00fade de Valen\u00e7a previsto para setembro\" \/>\n<meta property=\"og:description\" content=\"O concurso para a requalifica\u00e7\u00e3o e amplia\u00e7\u00e3o do Centro de Sa\u00fade de Valen\u00e7a, por cerca de dois milh\u00f5es de euros, vai ser lan\u00e7ado em setembro, revelou hoje o presidente da autarquia.\" \/>\n<meta property=\"og:url\" content=\"https:\/\/www.altominho.tv\/site\/2024\/07\/26\/concurso-para-requalificacao-do-centro-de-saude-de-valenca-previsto-para-setembro\/\" \/>\n<meta property=\"og:site_name\" content=\"Altominho.tv\" \/>\n<meta property=\"article:publisher\" content=\"https:\/\/www.facebook.com\/altominhotv\" \/>\n<meta property=\"article:published_time\" content=\"2024-07-26T09:47:14+00:00\" \/>\n<meta property=\"article:modified_time\" content=\"2024-07-26T09:47:16+00:00\" \/>\n<meta property=\"og:image\" content=\"https:\/\/www.altominho.tv\/site\/wp-content\/uploads\/2024\/02\/centro-saude-valenca-scaled-e1707319857627.jpg\" \/>\n\t<meta property=\"og:image:width\" content=\"2560\" \/>\n\t<meta property=\"og:image:height\" content=\"1442\" \/>\n\t<meta property=\"og:image:type\" content=\"image\/jpeg\" \/>\n<meta name=\"author\" content=\"Lusa\" \/>\n<meta name=\"twitter:card\" content=\"summary_large_image\" \/>\n<meta name=\"twitter:creator\" content=\"@altominhoTV\" \/>\n<meta name=\"twitter:site\" content=\"@altominhoTV\" \/>\n<meta name=\"twitter:label1\" content=\"Escrito por\" \/>\n\t<meta name=\"twitter:data1\" content=\"Lusa\" \/>\n\t<meta name=\"twitter:label2\" content=\"Tempo estimado de leitura\" \/>\n\t<meta name=\"twitter:data2\" content=\"2 minutos\" \/>\n<script type=\"application\/ld+json\" class=\"yoast-schema-graph\">{\"@context\":\"https:\\\/\\\/schema.org\",\"@graph\":[{\"@type\":\"Article\",\"@id\":\"https:\\\/\\\/www.altominho.tv\\\/site\\\/2024\\\/07\\\/26\\\/concurso-para-requalificacao-do-centro-de-saude-de-valenca-previsto-para-setembro\\\/#article\",\"isPartOf\":{\"@id\":\"https:\\\/\\\/www.altominho.tv\\\/site\\\/2024\\\/07\\\/26\\\/concurso-para-requalificacao-do-centro-de-saude-de-valenca-previsto-para-setembro\\\/\"},\"author\":{\"name\":\"Lusa\",\"@id\":\"https:\\\/\\\/www.altominho.tv\\\/site\\\/#\\\/schema\\\/person\\\/63f693da3e1899361cbe955c46f3232e\"},\"headline\":\"Concurso para requalifica\u00e7\u00e3o do Centro de Sa\u00fade de Valen\u00e7a previsto para setembro\",\"datePublished\":\"2024-07-26T09:47:14+00:00\",\"dateModified\":\"2024-07-26T09:47:16+00:00\",\"mainEntityOfPage\":{\"@id\":\"https:\\\/\\\/www.altominho.tv\\\/site\\\/2024\\\/07\\\/26\\\/concurso-para-requalificacao-do-centro-de-saude-de-valenca-previsto-para-setembro\\\/\"},\"wordCount\":252,\"image\":{\"@id\":\"https:\\\/\\\/www.altominho.tv\\\/site\\\/2024\\\/07\\\/26\\\/concurso-para-requalificacao-do-centro-de-saude-de-valenca-previsto-para-setembro\\\/#primaryimage\"},\"thumbnailUrl\":\"https:\\\/\\\/www.altominho.tv\\\/site\\\/wp-content\\\/uploads\\\/2024\\\/02\\\/centro-saude-valenca-scaled-e1707319857627.jpg\",\"keywords\":[\"Sa\u00fade\"],\"articleSection\":[\"Valen\u00e7a\"],\"inLanguage\":\"pt-PT\",\"copyrightYear\":\"2024\",\"copyrightHolder\":{\"@id\":\"https:\\\/\\\/www.altominho.tv\\\/site\\\/#organization\"}},{\"@type\":\"WebPage\",\"@id\":\"https:\\\/\\\/www.altominho.tv\\\/site\\\/2024\\\/07\\\/26\\\/concurso-para-requalificacao-do-centro-de-saude-de-valenca-previsto-para-setembro\\\/\",\"url\":\"https:\\\/\\\/www.altominho.tv\\\/site\\\/2024\\\/07\\\/26\\\/concurso-para-requalificacao-do-centro-de-saude-de-valenca-previsto-para-setembro\\\/\",\"name\":\"Concurso para requalifica\u00e7\u00e3o do Centro de Sa\u00fade de Valen\u00e7a previsto para setembro\",\"isPartOf\":{\"@id\":\"https:\\\/\\\/www.altominho.tv\\\/site\\\/#website\"},\"primaryImageOfPage\":{\"@id\":\"https:\\\/\\\/www.altominho.tv\\\/site\\\/2024\\\/07\\\/26\\\/concurso-para-requalificacao-do-centro-de-saude-de-valenca-previsto-para-setembro\\\/#primaryimage\"},\"image\":{\"@id\":\"https:\\\/\\\/www.altominho.tv\\\/site\\\/2024\\\/07\\\/26\\\/concurso-para-requalificacao-do-centro-de-saude-de-valenca-previsto-para-setembro\\\/#primaryimage\"},\"thumbnailUrl\":\"https:\\\/\\\/www.altominho.tv\\\/site\\\/wp-content\\\/uploads\\\/2024\\\/02\\\/centro-saude-valenca-scaled-e1707319857627.jpg\",\"datePublished\":\"2024-07-26T09:47:14+00:00\",\"dateModified\":\"2024-07-26T09:47:16+00:00\",\"author\":{\"@id\":\"https:\\\/\\\/www.altominho.tv\\\/site\\\/#\\\/schema\\\/person\\\/63f693da3e1899361cbe955c46f3232e\"},\"description\":\"O concurso para a requalifica\u00e7\u00e3o e amplia\u00e7\u00e3o do Centro de Sa\u00fade de Valen\u00e7a, por cerca de dois milh\u00f5es de euros, vai ser lan\u00e7ado em setembro, revelou hoje o presidente da autarquia.\",\"breadcrumb\":{\"@id\":\"https:\\\/\\\/www.altominho.tv\\\/site\\\/2024\\\/07\\\/26\\\/concurso-para-requalificacao-do-centro-de-saude-de-valenca-previsto-para-setembro\\\/#breadcrumb\"},\"inLanguage\":\"pt-PT\",\"potentialAction\":[{\"@type\":\"ReadAction\",\"target\":[\"https:\\\/\\\/www.altominho.tv\\\/site\\\/2024\\\/07\\\/26\\\/concurso-para-requalificacao-do-centro-de-saude-de-valenca-previsto-para-setembro\\\/\"]}]},{\"@type\":\"ImageObject\",\"inLanguage\":\"pt-PT\",\"@id\":\"https:\\\/\\\/www.altominho.tv\\\/site\\\/2024\\\/07\\\/26\\\/concurso-para-requalificacao-do-centro-de-saude-de-valenca-previsto-para-setembro\\\/#primaryimage\",\"url\":\"https:\\\/\\\/www.altominho.tv\\\/site\\\/wp-content\\\/uploads\\\/2024\\\/02\\\/centro-saude-valenca-scaled-e1707319857627.jpg\",\"contentUrl\":\"https:\\\/\\\/www.altominho.tv\\\/site\\\/wp-content\\\/uploads\\\/2024\\\/02\\\/centro-saude-valenca-scaled-e1707319857627.jpg\",\"width\":2560,\"height\":1442},{\"@type\":\"BreadcrumbList\",\"@id\":\"https:\\\/\\\/www.altominho.tv\\\/site\\\/2024\\\/07\\\/26\\\/concurso-para-requalificacao-do-centro-de-saude-de-valenca-previsto-para-setembro\\\/#breadcrumb\",\"itemListElement\":[{\"@type\":\"ListItem\",\"position\":1,\"name\":\"In\u00edcio\",\"item\":\"https:\\\/\\\/www.altominho.tv\\\/site\\\/\"},{\"@type\":\"ListItem\",\"position\":2,\"name\":\"Concurso para requalifica\u00e7\u00e3o do Centro de Sa\u00fade de Valen\u00e7a previsto para setembro\"}]},{\"@type\":\"WebSite\",\"@id\":\"https:\\\/\\\/www.altominho.tv\\\/site\\\/#website\",\"url\":\"https:\\\/\\\/www.altominho.tv\\\/site\\\/\",\"name\":\"Altominho.tv\",\"description\":\"A sua regi\u00e3o \u00e0 dist\u00e2ncia de um clique...\",\"potentialAction\":[{\"@type\":\"SearchAction\",\"target\":{\"@type\":\"EntryPoint\",\"urlTemplate\":\"https:\\\/\\\/www.altominho.tv\\\/site\\\/?s={search_term_string}\"},\"query-input\":{\"@type\":\"PropertyValueSpecification\",\"valueRequired\":true,\"valueName\":\"search_term_string\"}}],\"inLanguage\":\"pt-PT\"},{\"@type\":\"Person\",\"@id\":\"https:\\\/\\\/www.altominho.tv\\\/site\\\/#\\\/schema\\\/person\\\/63f693da3e1899361cbe955c46f3232e\",\"name\":\"Lusa\",\"image\":{\"@type\":\"ImageObject\",\"inLanguage\":\"pt-PT\",\"@id\":\"https:\\\/\\\/www.altominho.tv\\\/site\\\/wp-content\\\/uploads\\\/2019\\\/08\\\/LUSA_Logo.gif\",\"url\":\"https:\\\/\\\/www.altominho.tv\\\/site\\\/wp-content\\\/uploads\\\/2019\\\/08\\\/LUSA_Logo.gif\",\"contentUrl\":\"https:\\\/\\\/www.altominho.tv\\\/site\\\/wp-content\\\/uploads\\\/2019\\\/08\\\/LUSA_Logo.gif\",\"caption\":\"Lusa\"},\"sameAs\":[\"http:\\\/\\\/\\\/\\\/www.altominho.tv\\\/site\"],\"url\":\"https:\\\/\\\/www.altominho.tv\\\/site\\\/author\\\/lusa\\\/\"}]}<\/script>\n<!-- \/ Yoast SEO Premium plugin. -->","yoast_head_json":{"title":"Concurso para requalifica\u00e7\u00e3o do Centro de Sa\u00fade de Valen\u00e7a previsto para setembro","description":"O concurso para a requalifica\u00e7\u00e3o e amplia\u00e7\u00e3o do Centro de Sa\u00fade de Valen\u00e7a, por cerca de dois milh\u00f5es de euros, vai ser lan\u00e7ado em setembro, revelou hoje o presidente da autarquia.","robots":{"index":"index","follow":"follow","max-snippet":"max-snippet:-1","max-image-preview":"max-image-preview:large","max-video-preview":"max-video-preview:-1"},"canonical":"https:\/\/www.altominho.tv\/site\/2024\/07\/26\/concurso-para-requalificacao-do-centro-de-saude-de-valenca-previsto-para-setembro\/","og_locale":"pt_PT","og_type":"article","og_title":"Concurso para requalifica\u00e7\u00e3o do Centro de Sa\u00fade de Valen\u00e7a previsto para setembro","og_description":"O concurso para a requalifica\u00e7\u00e3o e amplia\u00e7\u00e3o do Centro de Sa\u00fade de Valen\u00e7a, por cerca de dois milh\u00f5es de euros, vai ser lan\u00e7ado em setembro, revelou hoje o presidente da autarquia.","og_url":"https:\/\/www.altominho.tv\/site\/2024\/07\/26\/concurso-para-requalificacao-do-centro-de-saude-de-valenca-previsto-para-setembro\/","og_site_name":"Altominho.tv","article_publisher":"https:\/\/www.facebook.com\/altominhotv","article_published_time":"2024-07-26T09:47:14+00:00","article_modified_time":"2024-07-26T09:47:16+00:00","og_image":[{"width":2560,"height":1442,"url":"https:\/\/www.altominho.tv\/site\/wp-content\/uploads\/2024\/02\/centro-saude-valenca-scaled-e1707319857627.jpg","type":"image\/jpeg"}],"author":"Lusa","twitter_card":"summary_large_image","twitter_creator":"@altominhoTV","twitter_site":"@altominhoTV","twitter_misc":{"Escrito por":"Lusa","Tempo estimado de leitura":"2 minutos"},"schema":{"@context":"https:\/\/schema.org","@graph":[{"@type":"Article","@id":"https:\/\/www.altominho.tv\/site\/2024\/07\/26\/concurso-para-requalificacao-do-centro-de-saude-de-valenca-previsto-para-setembro\/#article","isPartOf":{"@id":"https:\/\/www.altominho.tv\/site\/2024\/07\/26\/concurso-para-requalificacao-do-centro-de-saude-de-valenca-previsto-para-setembro\/"},"author":{"name":"Lusa","@id":"https:\/\/www.altominho.tv\/site\/#\/schema\/person\/63f693da3e1899361cbe955c46f3232e"},"headline":"Concurso para requalifica\u00e7\u00e3o do Centro de Sa\u00fade de Valen\u00e7a previsto para setembro","datePublished":"2024-07-26T09:47:14+00:00","dateModified":"2024-07-26T09:47:16+00:00","mainEntityOfPage":{"@id":"https:\/\/www.altominho.tv\/site\/2024\/07\/26\/concurso-para-requalificacao-do-centro-de-saude-de-valenca-previsto-para-setembro\/"},"wordCount":252,"image":{"@id":"https:\/\/www.altominho.tv\/site\/2024\/07\/26\/concurso-para-requalificacao-do-centro-de-saude-de-valenca-previsto-para-setembro\/#primaryimage"},"thumbnailUrl":"https:\/\/www.altominho.tv\/site\/wp-content\/uploads\/2024\/02\/centro-saude-valenca-scaled-e1707319857627.jpg","keywords":["Sa\u00fade"],"articleSection":["Valen\u00e7a"],"inLanguage":"pt-PT","copyrightYear":"2024","copyrightHolder":{"@id":"https:\/\/www.altominho.tv\/site\/#organization"}},{"@type":"WebPage","@id":"https:\/\/www.altominho.tv\/site\/2024\/07\/26\/concurso-para-requalificacao-do-centro-de-saude-de-valenca-previsto-para-setembro\/","url":"https:\/\/www.altominho.tv\/site\/2024\/07\/26\/concurso-para-requalificacao-do-centro-de-saude-de-valenca-previsto-para-setembro\/","name":"Concurso para requalifica\u00e7\u00e3o do Centro de Sa\u00fade de Valen\u00e7a previsto para setembro","isPartOf":{"@id":"https:\/\/www.altominho.tv\/site\/#website"},"primaryImageOfPage":{"@id":"https:\/\/www.altominho.tv\/site\/2024\/07\/26\/concurso-para-requalificacao-do-centro-de-saude-de-valenca-previsto-para-setembro\/#primaryimage"},"image":{"@id":"https:\/\/www.altominho.tv\/site\/2024\/07\/26\/concurso-para-requalificacao-do-centro-de-saude-de-valenca-previsto-para-setembro\/#primaryimage"},"thumbnailUrl":"https:\/\/www.altominho.tv\/site\/wp-content\/uploads\/2024\/02\/centro-saude-valenca-scaled-e1707319857627.jpg","datePublished":"2024-07-26T09:47:14+00:00","dateModified":"2024-07-26T09:47:16+00:00","author":{"@id":"https:\/\/www.altominho.tv\/site\/#\/schema\/person\/63f693da3e1899361cbe955c46f3232e"},"description":"O concurso para a requalifica\u00e7\u00e3o e amplia\u00e7\u00e3o do Centro de Sa\u00fade de Valen\u00e7a, por cerca de dois milh\u00f5es de euros, vai ser lan\u00e7ado em setembro, revelou hoje o presidente da autarquia.","breadcrumb":{"@id":"https:\/\/www.altominho.tv\/site\/2024\/07\/26\/concurso-para-requalificacao-do-centro-de-saude-de-valenca-previsto-para-setembro\/#breadcrumb"},"inLanguage":"pt-PT","potentialAction":[{"@type":"ReadAction","target":["https:\/\/www.altominho.tv\/site\/2024\/07\/26\/concurso-para-requalificacao-do-centro-de-saude-de-valenca-previsto-para-setembro\/"]}]},{"@type":"ImageObject","inLanguage":"pt-PT","@id":"https:\/\/www.altominho.tv\/site\/2024\/07\/26\/concurso-para-requalificacao-do-centro-de-saude-de-valenca-previsto-para-setembro\/#primaryimage","url":"https:\/\/www.altominho.tv\/site\/wp-content\/uploads\/2024\/02\/centro-saude-valenca-scaled-e1707319857627.jpg","contentUrl":"https:\/\/www.altominho.tv\/site\/wp-content\/uploads\/2024\/02\/centro-saude-valenca-scaled-e1707319857627.jpg","width":2560,"height":1442},{"@type":"BreadcrumbList","@id":"https:\/\/www.altominho.tv\/site\/2024\/07\/26\/concurso-para-requalificacao-do-centro-de-saude-de-valenca-previsto-para-setembro\/#breadcrumb","itemListElement":[{"@type":"ListItem","position":1,"name":"In\u00edcio","item":"https:\/\/www.altominho.tv\/site\/"},{"@type":"ListItem","position":2,"name":"Concurso para requalifica\u00e7\u00e3o do Centro de Sa\u00fade de Valen\u00e7a previsto para setembro"}]},{"@type":"WebSite","@id":"https:\/\/www.altominho.tv\/site\/#website","url":"https:\/\/www.altominho.tv\/site\/","name":"Altominho.tv","description":"A sua regi\u00e3o \u00e0 dist\u00e2ncia de um clique...","potentialAction":[{"@type":"SearchAction","target":{"@type":"EntryPoint","urlTemplate":"https:\/\/www.altominho.tv\/site\/?s={search_term_string}"},"query-input":{"@type":"PropertyValueSpecification","valueRequired":true,"valueName":"search_term_string"}}],"inLanguage":"pt-PT"},{"@type":"Person","@id":"https:\/\/www.altominho.tv\/site\/#\/schema\/person\/63f693da3e1899361cbe955c46f3232e","name":"Lusa","image":{"@type":"ImageObject","inLanguage":"pt-PT","@id":"https:\/\/www.altominho.tv\/site\/wp-content\/uploads\/2019\/08\/LUSA_Logo.gif","url":"https:\/\/www.altominho.tv\/site\/wp-content\/uploads\/2019\/08\/LUSA_Logo.gif","contentUrl":"https:\/\/www.altominho.tv\/site\/wp-content\/uploads\/2019\/08\/LUSA_Logo.gif","caption":"Lusa"},"sameAs":["http:\/\/\/\/www.altominho.tv\/site"],"url":"https:\/\/www.altominho.tv\/site\/author\/lusa\/"}]}},"_links":{"self":[{"href":"https:\/\/www.altominho.tv\/site\/wp-json\/wp\/v2\/posts\/109191","targetHints":{"allow":["GET"]}}],"collection":[{"href":"https:\/\/www.altominho.tv\/site\/wp-json\/wp\/v2\/posts"}],"about":[{"href":"https:\/\/www.altominho.tv\/site\/wp-json\/wp\/v2\/types\/post"}],"author":[{"embeddable":true,"href":"https:\/\/www.altominho.tv\/site\/wp-json\/wp\/v2\/users\/13"}],"replies":[{"embeddable":true,"href":"https:\/\/www.altominho.tv\/site\/wp-json\/wp\/v2\/comments?post=109191"}],"version-history":[{"count":1,"href":"https:\/\/www.altominho.tv\/site\/wp-json\/wp\/v2\/posts\/109191\/revisions"}],"predecessor-version":[{"id":109192,"href":"https:\/\/www.altominho.tv\/site\/wp-json\/wp\/v2\/posts\/109191\/revisions\/109192"}],"wp:featuredmedia":[{"embeddable":true,"href":"https:\/\/www.altominho.tv\/site\/wp-json\/wp\/v2\/media\/104241"}],"wp:attachment":[{"href":"https:\/\/www.altominho.tv\/site\/wp-json\/wp\/v2\/media?parent=109191"}],"wp:term":[{"taxonomy":"category","embeddable":true,"href":"https:\/\/www.altominho.tv\/site\/wp-json\/wp\/v2\/categories?post=109191"},{"taxonomy":"post_tag","embeddable":true,"href":"https:\/\/www.altominho.tv\/site\/wp-json\/wp\/v2\/tags?post=109191"}],"curies":[{"name":"wp","href":"https:\/\/api.w.org\/{rel}","templated":true}]}}