{"id":109183,"date":"2024-07-25T19:03:14","date_gmt":"2024-07-25T18:03:14","guid":{"rendered":"https:\/\/www.altominho.tv\/site\/?p=109183"},"modified":"2024-07-25T19:03:15","modified_gmt":"2024-07-25T18:03:15","slug":"numero-de-fogos-rurais","status":"publish","type":"post","link":"https:\/\/www.altominho.tv\/site\/2024\/07\/25\/numero-de-fogos-rurais\/","title":{"rendered":"N\u00famero de fogos rurais \u00e9 o mais reduzido desde 2014"},"content":{"rendered":"<p>Um total de 1.812 inc\u00eandios rurais foram registados entre 01 de janeiro e 30 de junho deste ano, causando 2.964 hectares de \u00e1rea ardida, sendo o n\u00famero de fogos mais reduzido desde 2014, indica um relat\u00f3rio divulgado esta quinta-feira.<\/p>\n<p>De acordo com o primeiro relat\u00f3rio provis\u00f3rio de inc\u00eandios rurais do Instituto da Conserva\u00e7\u00e3o da Natureza e das Florestas (ICNF), dos 2.964 hectares de \u00e1rea ardida registados, 577 hectares s\u00e3o de povoamentos, 1.664 s\u00e3o de matos e 723 agr\u00edcolas.<\/p>\n<p>Segundo os dados recolhidos, comparando os valores do ano de 2024 com o hist\u00f3rico dos 10 anos anteriores, assinala-se que se registaram menos 60% de inc\u00eandios rurais e menos 80% de \u00e1rea ardida relativamente \u00e0 m\u00e9dia anual do per\u00edodo entre 2014 e 2023.<\/p>\n<p>&#8220;O ano de 2024 apresenta, at\u00e9 30 de junho, o valor mais reduzido em n\u00famero de inc\u00eandios e o segundo valor mais reduzido de \u00e1rea ardida, desde 2014&#8221;, salienta o relat\u00f3rio.<\/p>\n<p>A distribui\u00e7\u00e3o do n\u00famero de inc\u00eandios rurais por classe de \u00e1rea ardida evidencia, por outro lado, que em 2024 os inc\u00eandios com \u00e1rea ardida inferior a 01 hectare s\u00e3o os mais frequentes (83% do total de inc\u00eandios rurais). Quanto a inc\u00eandios de maior dimens\u00e3o, assinala-se a ocorr\u00eancia de tr\u00eas inc\u00eandios com \u00e1rea ardida entre 100 e 500 hectares.<\/p>\n<p>&#8220;Consideram-se grandes inc\u00eandios sempre que a \u00e1rea ardida total seja igual ou superior a 100 hectares. At\u00e9 30 de junho de 2024 registaram-se tr\u00eas inc\u00eandios enquadrados nesta categoria, que resultaram em 615 hectares de \u00e1rea ardida, cerca de 21% do total da \u00e1rea ardida&#8221;, precisa o relat\u00f3rio.<\/p>\n<p>Relativamente \u00e0s causas, o relat\u00f3rio refere que dos 1.812 inc\u00eandios rurais verificados em 2024, 1.254 foram investigados e t\u00eam o processo de averigua\u00e7\u00e3o de causas conclu\u00eddo (69% do n\u00famero total de inc\u00eandios &#8211; respons\u00e1veis por 78% da \u00e1rea total ardida).<\/p>\n<p>&#8220;Destes, a investiga\u00e7\u00e3o permitiu a atribui\u00e7\u00e3o de uma causa para 969 inc\u00eandios (77% dos inc\u00eandios investigados &#8211; respons\u00e1veis por 66% da \u00e1rea total ardida)&#8221;, diz o documento, notando que, at\u00e9 \u00e0 data, as causas mais frequentes em 2024 s\u00e3o as queimadas de sobrantes florestais ou agr\u00edcolas (20%) e incendiarismo \u2013 e imput\u00e1veis (19%).<\/p>\n<p>&#8220;Conjuntamente, as v\u00e1rias tipologias de queimas e queimadas representam 57% do total das causas apuradas. Os reacendimentos representam 3% do total das causas apuradas, um valor inferior face \u00e0 m\u00e9dia dos 10 anos anteriores (8%)&#8221;, menciona o relat\u00f3rio.<\/p>\n<p>Da an\u00e1lise por distrito, destacam-se com maior n\u00famero de inc\u00eandios, e por ordem decrescente, os distritos de Porto (278), Braga (186) e Viana do Castelo (186).<\/p>\n<p>&#8220;Em qualquer dos casos, os inc\u00eandios s\u00e3o maioritariamente de reduzida dimens\u00e3o (n\u00e3o ultrapassam 1 hectare de \u00e1rea ardida). No caso espec\u00edfico do NUTS3 da \u00c1rea Metropolitana do Porto a percentagem de inc\u00eandios com menos de 1 ha de \u00e1rea ardida \u00e9 de 91%&#8221;, sublinha o relat\u00f3rio.<\/p>\n<p>Em contraponto, o distrito mais afetado, no que concerne \u00e0 \u00e1rea ardida, \u00e9 Viana do Castelo com 657 hectares, cerca de 22% da \u00e1rea total ardida, seguido de Braga com 418 hectares (14% do total) e de \u00c9vora com 392 hectares (13% do total).<\/p>\n<p>Paralelamente, os concelhos que apresentam maior n\u00famero de inc\u00eandios localizam-se todos a norte do Tejo, \u00e0 exce\u00e7\u00e3o do concelho de Almada, e caracterizam-se por elevada densidade populacional, presen\u00e7a de grandes aglomerados urbanos ou utiliza\u00e7\u00e3o tradicional do fogo na gest\u00e3o agroflorestal.<\/p>\n<p>&#8220;O relat\u00f3rio diz que a \u00e1rea ardida nos 20 concelhos mais afetados representa 74% da \u00e1rea total, sobressaindo aqui o concelho de Reguengos de Monsaraz. Destacam-se ainda os concelhos de Montalegre, Arcos de Valdevez, Aljustrel, Arouca e Melga\u00e7o.<\/p>\n<p>O n\u00famero total de ocorr\u00eancias nestes 20 concelhos representa 21% do total nacional.<\/p>\n<p>O relat\u00f3rio destaca ainda que no presente ano e at\u00e9 \u00e0 data, junho \u00e9 o m\u00eas que apresenta maior n\u00famero de inc\u00eandios rurais, com um total de 660 inc\u00eandios, o que corresponde a 36% do n\u00famero total registado.<\/p>\n<p>At\u00e9 \u00e0 data, junho \u00e9 tamb\u00e9m o m\u00eas que apresenta maior \u00e1rea ardida, com 1.041 hectares (35% do total registado).<\/p>\n","protected":false},"excerpt":{"rendered":"<p>Um total de 1.812 inc\u00eandios rurais foram registados entre 01 de janeiro e 30 de junho deste ano, causando 2.964 hectares de \u00e1rea ardida, sendo o n\u00famero de fogos mais reduzido desde 2014, indica um relat\u00f3rio divulgado esta quinta-feira. De acordo com o primeiro relat\u00f3rio provis\u00f3rio de inc\u00eandios rurais do Instituto da Conserva\u00e7\u00e3o da Natureza [&hellip;]<\/p>\n","protected":false},"author":13,"featured_media":97823,"comment_status":"closed","ping_status":"closed","sticky":false,"template":"","format":"standard","meta":{"_exactmetrics_skip_tracking":false,"_exactmetrics_sitenote_active":false,"_exactmetrics_sitenote_note":"","_exactmetrics_sitenote_category":0,"footnotes":""},"categories":[56325],"tags":[27],"class_list":["post-109183","post","type-post","status-publish","format-standard","has-post-thumbnail","hentry","category-pais","tag-sociedade"],"yoast_head":"<!-- This site is optimized with the Yoast SEO Premium plugin v27.5 (Yoast SEO v27.5) - https:\/\/yoast.com\/product\/yoast-seo-premium-wordpress\/ -->\n<title>N\u00famero de fogos rurais \u00e9 o mais reduzido desde 2014<\/title>\n<meta name=\"description\" content=\"&quot;O ano de 2024 apresenta, at\u00e9 30 de junho, o valor mais reduzido em n\u00famero de inc\u00eandios e o segundo valor mais reduzido de \u00e1rea ardida, desde 2014&quot;.\" \/>\n<meta name=\"robots\" content=\"index, follow, max-snippet:-1, max-image-preview:large, max-video-preview:-1\" \/>\n<link rel=\"canonical\" href=\"https:\/\/www.altominho.tv\/site\/2024\/07\/25\/numero-de-fogos-rurais\/\" \/>\n<meta property=\"og:locale\" content=\"pt_PT\" \/>\n<meta property=\"og:type\" content=\"article\" \/>\n<meta property=\"og:title\" content=\"N\u00famero de fogos rurais \u00e9 o mais reduzido desde 2014\" \/>\n<meta property=\"og:description\" content=\"&quot;O ano de 2024 apresenta, at\u00e9 30 de junho, o valor mais reduzido em n\u00famero de inc\u00eandios e o segundo valor mais reduzido de \u00e1rea ardida, desde 2014&quot;.\" \/>\n<meta property=\"og:url\" content=\"https:\/\/www.altominho.tv\/site\/2024\/07\/25\/numero-de-fogos-rurais\/\" \/>\n<meta property=\"og:site_name\" content=\"Altominho.tv\" \/>\n<meta property=\"article:publisher\" content=\"https:\/\/www.facebook.com\/altominhotv\" \/>\n<meta property=\"article:published_time\" content=\"2024-07-25T18:03:14+00:00\" \/>\n<meta property=\"article:modified_time\" content=\"2024-07-25T18:03:15+00:00\" \/>\n<meta property=\"og:image\" content=\"https:\/\/www.altominho.tv\/site\/wp-content\/uploads\/2023\/10\/Incendios.jpeg\" \/>\n\t<meta property=\"og:image:width\" content=\"960\" \/>\n\t<meta property=\"og:image:height\" content=\"540\" \/>\n\t<meta property=\"og:image:type\" content=\"image\/jpeg\" \/>\n<meta name=\"author\" content=\"Lusa\" \/>\n<meta name=\"twitter:card\" content=\"summary_large_image\" \/>\n<meta name=\"twitter:creator\" content=\"@altominhoTV\" \/>\n<meta name=\"twitter:site\" content=\"@altominhoTV\" \/>\n<meta name=\"twitter:label1\" content=\"Escrito por\" \/>\n\t<meta name=\"twitter:data1\" content=\"Lusa\" \/>\n\t<meta name=\"twitter:label2\" content=\"Tempo estimado de leitura\" \/>\n\t<meta name=\"twitter:data2\" content=\"4 minutos\" \/>\n<script type=\"application\/ld+json\" class=\"yoast-schema-graph\">{\"@context\":\"https:\\\/\\\/schema.org\",\"@graph\":[{\"@type\":\"Article\",\"@id\":\"https:\\\/\\\/www.altominho.tv\\\/site\\\/2024\\\/07\\\/25\\\/numero-de-fogos-rurais\\\/#article\",\"isPartOf\":{\"@id\":\"https:\\\/\\\/www.altominho.tv\\\/site\\\/2024\\\/07\\\/25\\\/numero-de-fogos-rurais\\\/\"},\"author\":{\"name\":\"Lusa\",\"@id\":\"https:\\\/\\\/www.altominho.tv\\\/site\\\/#\\\/schema\\\/person\\\/63f693da3e1899361cbe955c46f3232e\"},\"headline\":\"N\u00famero de fogos rurais \u00e9 o mais reduzido desde 2014\",\"datePublished\":\"2024-07-25T18:03:14+00:00\",\"dateModified\":\"2024-07-25T18:03:15+00:00\",\"mainEntityOfPage\":{\"@id\":\"https:\\\/\\\/www.altominho.tv\\\/site\\\/2024\\\/07\\\/25\\\/numero-de-fogos-rurais\\\/\"},\"wordCount\":666,\"image\":{\"@id\":\"https:\\\/\\\/www.altominho.tv\\\/site\\\/2024\\\/07\\\/25\\\/numero-de-fogos-rurais\\\/#primaryimage\"},\"thumbnailUrl\":\"https:\\\/\\\/www.altominho.tv\\\/site\\\/wp-content\\\/uploads\\\/2023\\\/10\\\/Incendios.jpeg\",\"keywords\":[\"Sociedade\"],\"articleSection\":[\"Pa\u00eds\"],\"inLanguage\":\"pt-PT\",\"copyrightYear\":\"2024\",\"copyrightHolder\":{\"@id\":\"https:\\\/\\\/www.altominho.tv\\\/site\\\/#organization\"}},{\"@type\":\"WebPage\",\"@id\":\"https:\\\/\\\/www.altominho.tv\\\/site\\\/2024\\\/07\\\/25\\\/numero-de-fogos-rurais\\\/\",\"url\":\"https:\\\/\\\/www.altominho.tv\\\/site\\\/2024\\\/07\\\/25\\\/numero-de-fogos-rurais\\\/\",\"name\":\"N\u00famero de fogos rurais \u00e9 o mais reduzido desde 2014\",\"isPartOf\":{\"@id\":\"https:\\\/\\\/www.altominho.tv\\\/site\\\/#website\"},\"primaryImageOfPage\":{\"@id\":\"https:\\\/\\\/www.altominho.tv\\\/site\\\/2024\\\/07\\\/25\\\/numero-de-fogos-rurais\\\/#primaryimage\"},\"image\":{\"@id\":\"https:\\\/\\\/www.altominho.tv\\\/site\\\/2024\\\/07\\\/25\\\/numero-de-fogos-rurais\\\/#primaryimage\"},\"thumbnailUrl\":\"https:\\\/\\\/www.altominho.tv\\\/site\\\/wp-content\\\/uploads\\\/2023\\\/10\\\/Incendios.jpeg\",\"datePublished\":\"2024-07-25T18:03:14+00:00\",\"dateModified\":\"2024-07-25T18:03:15+00:00\",\"author\":{\"@id\":\"https:\\\/\\\/www.altominho.tv\\\/site\\\/#\\\/schema\\\/person\\\/63f693da3e1899361cbe955c46f3232e\"},\"description\":\"\\\"O ano de 2024 apresenta, at\u00e9 30 de junho, o valor mais reduzido em n\u00famero de inc\u00eandios e o segundo valor mais reduzido de \u00e1rea ardida, desde 2014\\\".\",\"breadcrumb\":{\"@id\":\"https:\\\/\\\/www.altominho.tv\\\/site\\\/2024\\\/07\\\/25\\\/numero-de-fogos-rurais\\\/#breadcrumb\"},\"inLanguage\":\"pt-PT\",\"potentialAction\":[{\"@type\":\"ReadAction\",\"target\":[\"https:\\\/\\\/www.altominho.tv\\\/site\\\/2024\\\/07\\\/25\\\/numero-de-fogos-rurais\\\/\"]}]},{\"@type\":\"ImageObject\",\"inLanguage\":\"pt-PT\",\"@id\":\"https:\\\/\\\/www.altominho.tv\\\/site\\\/2024\\\/07\\\/25\\\/numero-de-fogos-rurais\\\/#primaryimage\",\"url\":\"https:\\\/\\\/www.altominho.tv\\\/site\\\/wp-content\\\/uploads\\\/2023\\\/10\\\/Incendios.jpeg\",\"contentUrl\":\"https:\\\/\\\/www.altominho.tv\\\/site\\\/wp-content\\\/uploads\\\/2023\\\/10\\\/Incendios.jpeg\",\"width\":960,\"height\":540},{\"@type\":\"BreadcrumbList\",\"@id\":\"https:\\\/\\\/www.altominho.tv\\\/site\\\/2024\\\/07\\\/25\\\/numero-de-fogos-rurais\\\/#breadcrumb\",\"itemListElement\":[{\"@type\":\"ListItem\",\"position\":1,\"name\":\"In\u00edcio\",\"item\":\"https:\\\/\\\/www.altominho.tv\\\/site\\\/\"},{\"@type\":\"ListItem\",\"position\":2,\"name\":\"N\u00famero de fogos rurais \u00e9 o mais reduzido desde 2014\"}]},{\"@type\":\"WebSite\",\"@id\":\"https:\\\/\\\/www.altominho.tv\\\/site\\\/#website\",\"url\":\"https:\\\/\\\/www.altominho.tv\\\/site\\\/\",\"name\":\"Altominho.tv\",\"description\":\"A sua regi\u00e3o \u00e0 dist\u00e2ncia de um clique...\",\"potentialAction\":[{\"@type\":\"SearchAction\",\"target\":{\"@type\":\"EntryPoint\",\"urlTemplate\":\"https:\\\/\\\/www.altominho.tv\\\/site\\\/?s={search_term_string}\"},\"query-input\":{\"@type\":\"PropertyValueSpecification\",\"valueRequired\":true,\"valueName\":\"search_term_string\"}}],\"inLanguage\":\"pt-PT\"},{\"@type\":\"Person\",\"@id\":\"https:\\\/\\\/www.altominho.tv\\\/site\\\/#\\\/schema\\\/person\\\/63f693da3e1899361cbe955c46f3232e\",\"name\":\"Lusa\",\"image\":{\"@type\":\"ImageObject\",\"inLanguage\":\"pt-PT\",\"@id\":\"https:\\\/\\\/www.altominho.tv\\\/site\\\/wp-content\\\/uploads\\\/2019\\\/08\\\/LUSA_Logo.gif\",\"url\":\"https:\\\/\\\/www.altominho.tv\\\/site\\\/wp-content\\\/uploads\\\/2019\\\/08\\\/LUSA_Logo.gif\",\"contentUrl\":\"https:\\\/\\\/www.altominho.tv\\\/site\\\/wp-content\\\/uploads\\\/2019\\\/08\\\/LUSA_Logo.gif\",\"caption\":\"Lusa\"},\"sameAs\":[\"http:\\\/\\\/\\\/\\\/www.altominho.tv\\\/site\"],\"url\":\"https:\\\/\\\/www.altominho.tv\\\/site\\\/author\\\/lusa\\\/\"}]}<\/script>\n<!-- \/ Yoast SEO Premium plugin. -->","yoast_head_json":{"title":"N\u00famero de fogos rurais \u00e9 o mais reduzido desde 2014","description":"\"O ano de 2024 apresenta, at\u00e9 30 de junho, o valor mais reduzido em n\u00famero de inc\u00eandios e o segundo valor mais reduzido de \u00e1rea ardida, desde 2014\".","robots":{"index":"index","follow":"follow","max-snippet":"max-snippet:-1","max-image-preview":"max-image-preview:large","max-video-preview":"max-video-preview:-1"},"canonical":"https:\/\/www.altominho.tv\/site\/2024\/07\/25\/numero-de-fogos-rurais\/","og_locale":"pt_PT","og_type":"article","og_title":"N\u00famero de fogos rurais \u00e9 o mais reduzido desde 2014","og_description":"\"O ano de 2024 apresenta, at\u00e9 30 de junho, o valor mais reduzido em n\u00famero de inc\u00eandios e o segundo valor mais reduzido de \u00e1rea ardida, desde 2014\".","og_url":"https:\/\/www.altominho.tv\/site\/2024\/07\/25\/numero-de-fogos-rurais\/","og_site_name":"Altominho.tv","article_publisher":"https:\/\/www.facebook.com\/altominhotv","article_published_time":"2024-07-25T18:03:14+00:00","article_modified_time":"2024-07-25T18:03:15+00:00","og_image":[{"width":960,"height":540,"url":"https:\/\/www.altominho.tv\/site\/wp-content\/uploads\/2023\/10\/Incendios.jpeg","type":"image\/jpeg"}],"author":"Lusa","twitter_card":"summary_large_image","twitter_creator":"@altominhoTV","twitter_site":"@altominhoTV","twitter_misc":{"Escrito por":"Lusa","Tempo estimado de leitura":"4 minutos"},"schema":{"@context":"https:\/\/schema.org","@graph":[{"@type":"Article","@id":"https:\/\/www.altominho.tv\/site\/2024\/07\/25\/numero-de-fogos-rurais\/#article","isPartOf":{"@id":"https:\/\/www.altominho.tv\/site\/2024\/07\/25\/numero-de-fogos-rurais\/"},"author":{"name":"Lusa","@id":"https:\/\/www.altominho.tv\/site\/#\/schema\/person\/63f693da3e1899361cbe955c46f3232e"},"headline":"N\u00famero de fogos rurais \u00e9 o mais reduzido desde 2014","datePublished":"2024-07-25T18:03:14+00:00","dateModified":"2024-07-25T18:03:15+00:00","mainEntityOfPage":{"@id":"https:\/\/www.altominho.tv\/site\/2024\/07\/25\/numero-de-fogos-rurais\/"},"wordCount":666,"image":{"@id":"https:\/\/www.altominho.tv\/site\/2024\/07\/25\/numero-de-fogos-rurais\/#primaryimage"},"thumbnailUrl":"https:\/\/www.altominho.tv\/site\/wp-content\/uploads\/2023\/10\/Incendios.jpeg","keywords":["Sociedade"],"articleSection":["Pa\u00eds"],"inLanguage":"pt-PT","copyrightYear":"2024","copyrightHolder":{"@id":"https:\/\/www.altominho.tv\/site\/#organization"}},{"@type":"WebPage","@id":"https:\/\/www.altominho.tv\/site\/2024\/07\/25\/numero-de-fogos-rurais\/","url":"https:\/\/www.altominho.tv\/site\/2024\/07\/25\/numero-de-fogos-rurais\/","name":"N\u00famero de fogos rurais \u00e9 o mais reduzido desde 2014","isPartOf":{"@id":"https:\/\/www.altominho.tv\/site\/#website"},"primaryImageOfPage":{"@id":"https:\/\/www.altominho.tv\/site\/2024\/07\/25\/numero-de-fogos-rurais\/#primaryimage"},"image":{"@id":"https:\/\/www.altominho.tv\/site\/2024\/07\/25\/numero-de-fogos-rurais\/#primaryimage"},"thumbnailUrl":"https:\/\/www.altominho.tv\/site\/wp-content\/uploads\/2023\/10\/Incendios.jpeg","datePublished":"2024-07-25T18:03:14+00:00","dateModified":"2024-07-25T18:03:15+00:00","author":{"@id":"https:\/\/www.altominho.tv\/site\/#\/schema\/person\/63f693da3e1899361cbe955c46f3232e"},"description":"\"O ano de 2024 apresenta, at\u00e9 30 de junho, o valor mais reduzido em n\u00famero de inc\u00eandios e o segundo valor mais reduzido de \u00e1rea ardida, desde 2014\".","breadcrumb":{"@id":"https:\/\/www.altominho.tv\/site\/2024\/07\/25\/numero-de-fogos-rurais\/#breadcrumb"},"inLanguage":"pt-PT","potentialAction":[{"@type":"ReadAction","target":["https:\/\/www.altominho.tv\/site\/2024\/07\/25\/numero-de-fogos-rurais\/"]}]},{"@type":"ImageObject","inLanguage":"pt-PT","@id":"https:\/\/www.altominho.tv\/site\/2024\/07\/25\/numero-de-fogos-rurais\/#primaryimage","url":"https:\/\/www.altominho.tv\/site\/wp-content\/uploads\/2023\/10\/Incendios.jpeg","contentUrl":"https:\/\/www.altominho.tv\/site\/wp-content\/uploads\/2023\/10\/Incendios.jpeg","width":960,"height":540},{"@type":"BreadcrumbList","@id":"https:\/\/www.altominho.tv\/site\/2024\/07\/25\/numero-de-fogos-rurais\/#breadcrumb","itemListElement":[{"@type":"ListItem","position":1,"name":"In\u00edcio","item":"https:\/\/www.altominho.tv\/site\/"},{"@type":"ListItem","position":2,"name":"N\u00famero de fogos rurais \u00e9 o mais reduzido desde 2014"}]},{"@type":"WebSite","@id":"https:\/\/www.altominho.tv\/site\/#website","url":"https:\/\/www.altominho.tv\/site\/","name":"Altominho.tv","description":"A sua regi\u00e3o \u00e0 dist\u00e2ncia de um clique...","potentialAction":[{"@type":"SearchAction","target":{"@type":"EntryPoint","urlTemplate":"https:\/\/www.altominho.tv\/site\/?s={search_term_string}"},"query-input":{"@type":"PropertyValueSpecification","valueRequired":true,"valueName":"search_term_string"}}],"inLanguage":"pt-PT"},{"@type":"Person","@id":"https:\/\/www.altominho.tv\/site\/#\/schema\/person\/63f693da3e1899361cbe955c46f3232e","name":"Lusa","image":{"@type":"ImageObject","inLanguage":"pt-PT","@id":"https:\/\/www.altominho.tv\/site\/wp-content\/uploads\/2019\/08\/LUSA_Logo.gif","url":"https:\/\/www.altominho.tv\/site\/wp-content\/uploads\/2019\/08\/LUSA_Logo.gif","contentUrl":"https:\/\/www.altominho.tv\/site\/wp-content\/uploads\/2019\/08\/LUSA_Logo.gif","caption":"Lusa"},"sameAs":["http:\/\/\/\/www.altominho.tv\/site"],"url":"https:\/\/www.altominho.tv\/site\/author\/lusa\/"}]}},"_links":{"self":[{"href":"https:\/\/www.altominho.tv\/site\/wp-json\/wp\/v2\/posts\/109183","targetHints":{"allow":["GET"]}}],"collection":[{"href":"https:\/\/www.altominho.tv\/site\/wp-json\/wp\/v2\/posts"}],"about":[{"href":"https:\/\/www.altominho.tv\/site\/wp-json\/wp\/v2\/types\/post"}],"author":[{"embeddable":true,"href":"https:\/\/www.altominho.tv\/site\/wp-json\/wp\/v2\/users\/13"}],"replies":[{"embeddable":true,"href":"https:\/\/www.altominho.tv\/site\/wp-json\/wp\/v2\/comments?post=109183"}],"version-history":[{"count":1,"href":"https:\/\/www.altominho.tv\/site\/wp-json\/wp\/v2\/posts\/109183\/revisions"}],"predecessor-version":[{"id":109184,"href":"https:\/\/www.altominho.tv\/site\/wp-json\/wp\/v2\/posts\/109183\/revisions\/109184"}],"wp:featuredmedia":[{"embeddable":true,"href":"https:\/\/www.altominho.tv\/site\/wp-json\/wp\/v2\/media\/97823"}],"wp:attachment":[{"href":"https:\/\/www.altominho.tv\/site\/wp-json\/wp\/v2\/media?parent=109183"}],"wp:term":[{"taxonomy":"category","embeddable":true,"href":"https:\/\/www.altominho.tv\/site\/wp-json\/wp\/v2\/categories?post=109183"},{"taxonomy":"post_tag","embeddable":true,"href":"https:\/\/www.altominho.tv\/site\/wp-json\/wp\/v2\/tags?post=109183"}],"curies":[{"name":"wp","href":"https:\/\/api.w.org\/{rel}","templated":true}]}}