{"id":109015,"date":"2024-07-19T15:29:56","date_gmt":"2024-07-19T14:29:56","guid":{"rendered":"https:\/\/www.altominho.tv\/site\/?p=109015"},"modified":"2024-07-19T15:29:58","modified_gmt":"2024-07-19T14:29:58","slug":"bienal-internacional-de-arte-de-cerveira-comeca-no-sabado-a-refletir-sobre-liberdade","status":"publish","type":"post","link":"https:\/\/www.altominho.tv\/site\/2024\/07\/19\/bienal-internacional-de-arte-de-cerveira-comeca-no-sabado-a-refletir-sobre-liberdade\/","title":{"rendered":"Bienal Internacional de Arte de Cerveira come\u00e7a no s\u00e1bado a refletir sobre Liberdade"},"content":{"rendered":"<p>A XXIII Bienal Internacional de Arte de Cerveira realiza-se entre s\u00e1bado e 30 de dezembro, com um convite para artistas e pensadores refletirem sobre a Liberdade e tem 56 obras de 12 pa\u00edses em concurso, revelou a organiza\u00e7\u00e3o.<\/p>\n<p>\u201cSob o tema \u00c9s Livre?, Vila Nova de Cerveira [no distrito de Viana do Castelo] ser\u00e1 palco deste evento dedicado \u00e0 produ\u00e7\u00e3o art\u00edstica contempor\u00e2nea para apresentar 160 obras, de 120 artistas de 20 pa\u00edses\u201d, descreve a Funda\u00e7\u00e3o Bienal de Arte de Cerveira, numa nota de imprensa.<\/p>\n<p>No concurso internacional v\u00e3o ser apresentadas 56 obras e cinco interven\u00e7\u00f5es de 51 artistas de 12 pa\u00edses.<\/p>\n<p>Alemanha, Brasil, Canad\u00e1, Chile, China, Col\u00f4mbia, Coreia do Sul, It\u00e1lia, Mold\u00e1via, Nig\u00e9ria, Portugal, Turquia s\u00e3o as nacionalidades representadas.<\/p>\n<p>Foram inscritas para o concurso internacional da XXIII BIAC 469 candidaturas de 477 artistas de 32 pa\u00edses, num total de 658 obras e interven\u00e7\u00f5es, indica a organiza\u00e7\u00e3o.<\/p>\n<p>\u201cAssinalando 46 anos, a bienal de arte mais antiga da Pen\u00ednsula Ib\u00e9rica convida artistas, pensadores e p\u00fablicos a refletir em torno do tema da Liberdade, problematizando quest\u00f5es associadas aos valores democr\u00e1ticos conquistados na Revolu\u00e7\u00e3o de Abril de 1974 e nos quais se alicer\u00e7a o legado hist\u00f3rico e cultural erigido pela Bienal Internacional de Arte de Cerveira, fundada em 1978\u201d, destaca a Funda\u00e7\u00e3o.<\/p>\n<p>Com dire\u00e7\u00e3o art\u00edstica de Helena Mendes Pereira e Mafalda Santos, o evento inclui uma homenagem a Isabel Meyrelles, a exposi\u00e7\u00e3o do concurso internacional e artistas convidados, projetos curatoriais, bem como o projeto \u201cLivre Tr\u00e2nsito\u201d, com resid\u00eancias art\u00edsticas em todas as freguesias de Vila Nova de Cerveira.<\/p>\n<p>A isto, somam-se o ciclo de confer\u00eancias internacionais sobre o tema da \u201cLiberdade\u201d, ateli\u00eas livres, visitas orientadas, entre outras a\u00e7\u00f5es.<\/p>\n<p>Com curadoria de Marlene Oliveira e Perfecto Cuadrado, em parceria com a Funda\u00e7\u00e3o Cupertino de Miranda, a exposi\u00e7\u00e3o Isabel Meyrelles &#8211; Ser Livre e \u201cpretende dar a conhecer a vida e obra da poeta, tradutora, escultora e criadora de objetos surrealistas\u201d, nascida em 1929.<\/p>\n<p>\u201cComposta por cerca de 40 obras, a exposi\u00e7\u00e3o compreende todas as fases da artista onde se evidencia a presen\u00e7a da influ\u00eancia surrealista, que se reflete tamb\u00e9m na sua poesia.<\/p>\n<p>Em 2019 doou \u00e0 Funda\u00e7\u00e3o Cupertino de Miranda um n\u00facleo importante da sua obra, complementando o acervo j\u00e1 presente na institui\u00e7\u00e3o, o que ir\u00e1 permitir apresentar nesta exposi\u00e7\u00e3o a artista de uma forma mais completa\u201d, observa a organiza\u00e7\u00e3o.<\/p>\n<p>A exposi\u00e7\u00e3o dos artistas convidados vai estar no espa\u00e7o da Galeria Bienal de Cerveira, no centro da vila, e \u201cparte igualmente do desafio de pensar a liberdade\u201d, com curadoria de Mafalda Santos.<\/p>\n<p>A mostra re\u00fane obras de pintura, desenho, v\u00eddeo, fotografia, instala\u00e7\u00e3o, organizadas segundo diferentes n\u00facleos que estabelecem liga\u00e7\u00f5es e narrativas cruzadas. Oriundos de pa\u00edses como os Estados Unidos, a Dinamarca, Portugal, Brasil, Espanha, Angola e Mo\u00e7ambique.<\/p>\n<p>Os trabalhos dos concorrentes selecionados v\u00e3o estar expostos no F\u00f3rum Cultural de Cerveira e estar\u00e3o sujeitos aos Pr\u00e9mios Aquisi\u00e7\u00e3o C\u00e2mara Municipal de Vila Nova de Cerveira, no valor de 20 mil euros, e a um Pr\u00e9mio Revela\u00e7\u00e3o do Instituto Portugu\u00eas do Desporto e Juventude (IPDJ), no montante de 1.250 euros.<\/p>\n<p>A iniciativa \u00e9 promovida no \u00e2mbito da candidatura \u201c\u00c9s Livre? Novos olhares sobre cole\u00e7\u00f5es e cria\u00e7\u00f5es para pensar a Arte e a Liberdade\u201d (2023 \u2013 2026 \u2013 Apoio Sustentado \u2013 Artes Visuais Cria\u00e7\u00e3o e Programa\u00e7\u00e3o), que conta com o apoio da Rep\u00fablica Portuguesa \u2013 Cultura \/ Dire\u00e7\u00e3o-Geral das Artes e que a FBAC integra a Rede Portuguesa de Arte Contempor\u00e2nea.<\/p>\n","protected":false},"excerpt":{"rendered":"<p>A XXIII Bienal Internacional de Arte de Cerveira realiza-se entre s\u00e1bado e 30 de dezembro, com um convite para artistas e pensadores refletirem sobre a Liberdade e tem 56 obras de 12 pa\u00edses em concurso, revelou a organiza\u00e7\u00e3o. \u201cSob o tema \u00c9s Livre?, Vila Nova de Cerveira [no distrito de Viana do Castelo] ser\u00e1 palco [&hellip;]<\/p>\n","protected":false},"author":1,"featured_media":98375,"comment_status":"closed","ping_status":"closed","sticky":false,"template":"","format":"standard","meta":{"_exactmetrics_skip_tracking":false,"_exactmetrics_sitenote_active":false,"_exactmetrics_sitenote_note":"","_exactmetrics_sitenote_category":0,"footnotes":""},"categories":[15],"tags":[19,24],"class_list":["post-109015","post","type-post","status-publish","format-standard","has-post-thumbnail","hentry","category-vila-nova-de-cerveira","tag-cultura","tag-lazer"],"yoast_head":"<!-- This site is optimized with the Yoast SEO Premium plugin v27.4 (Yoast SEO v27.4) - https:\/\/yoast.com\/product\/yoast-seo-premium-wordpress\/ -->\n<title>Bienal Internacional de Arte de Cerveira come\u00e7a no s\u00e1bado a refletir sobre Liberdade<\/title>\n<meta name=\"robots\" content=\"index, follow, max-snippet:-1, max-image-preview:large, max-video-preview:-1\" \/>\n<link rel=\"canonical\" href=\"https:\/\/www.altominho.tv\/site\/2024\/07\/19\/bienal-internacional-de-arte-de-cerveira-comeca-no-sabado-a-refletir-sobre-liberdade\/\" \/>\n<meta property=\"og:locale\" content=\"pt_PT\" \/>\n<meta property=\"og:type\" content=\"article\" \/>\n<meta property=\"og:title\" content=\"Bienal Internacional de Arte de Cerveira come\u00e7a no s\u00e1bado a refletir sobre Liberdade\" \/>\n<meta property=\"og:description\" content=\"A XXIII Bienal Internacional de Arte de Cerveira realiza-se entre s\u00e1bado e 30 de dezembro, com um convite para artistas e pensadores refletirem sobre a Liberdade e tem 56 obras de 12 pa\u00edses em concurso, revelou a organiza\u00e7\u00e3o. \u201cSob o tema \u00c9s Livre?, Vila Nova de Cerveira [no distrito de Viana do Castelo] ser\u00e1 palco [&hellip;]\" \/>\n<meta property=\"og:url\" content=\"https:\/\/www.altominho.tv\/site\/2024\/07\/19\/bienal-internacional-de-arte-de-cerveira-comeca-no-sabado-a-refletir-sobre-liberdade\/\" \/>\n<meta property=\"og:site_name\" content=\"Altominho.tv\" \/>\n<meta property=\"article:publisher\" content=\"https:\/\/www.facebook.com\/altominhotv\" \/>\n<meta property=\"article:published_time\" content=\"2024-07-19T14:29:56+00:00\" \/>\n<meta property=\"article:modified_time\" content=\"2024-07-19T14:29:58+00:00\" \/>\n<meta property=\"og:image\" content=\"https:\/\/www.altominho.tv\/site\/wp-content\/uploads\/2023\/11\/Bienal-Cerveira-e1699271207754.jpg\" \/>\n\t<meta property=\"og:image:width\" content=\"1000\" \/>\n\t<meta property=\"og:image:height\" content=\"595\" \/>\n\t<meta property=\"og:image:type\" content=\"image\/jpeg\" \/>\n<meta name=\"author\" content=\"Altominho.tv\" \/>\n<meta name=\"twitter:card\" content=\"summary_large_image\" \/>\n<meta name=\"twitter:creator\" content=\"@altominhoTV\" \/>\n<meta name=\"twitter:site\" content=\"@altominhoTV\" \/>\n<meta name=\"twitter:label1\" content=\"Escrito por\" \/>\n\t<meta name=\"twitter:data1\" content=\"Altominho.tv\" \/>\n\t<meta name=\"twitter:label2\" content=\"Tempo estimado de leitura\" \/>\n\t<meta name=\"twitter:data2\" content=\"3 minutos\" \/>\n<script type=\"application\/ld+json\" class=\"yoast-schema-graph\">{\"@context\":\"https:\\\/\\\/schema.org\",\"@graph\":[{\"@type\":\"Article\",\"@id\":\"https:\\\/\\\/www.altominho.tv\\\/site\\\/2024\\\/07\\\/19\\\/bienal-internacional-de-arte-de-cerveira-comeca-no-sabado-a-refletir-sobre-liberdade\\\/#article\",\"isPartOf\":{\"@id\":\"https:\\\/\\\/www.altominho.tv\\\/site\\\/2024\\\/07\\\/19\\\/bienal-internacional-de-arte-de-cerveira-comeca-no-sabado-a-refletir-sobre-liberdade\\\/\"},\"author\":{\"name\":\"Altominho.tv\",\"@id\":\"https:\\\/\\\/www.altominho.tv\\\/site\\\/#\\\/schema\\\/person\\\/4e536851627d7914baf3dac752b6af22\"},\"headline\":\"Bienal Internacional de Arte de Cerveira come\u00e7a no s\u00e1bado a refletir sobre Liberdade\",\"datePublished\":\"2024-07-19T14:29:56+00:00\",\"dateModified\":\"2024-07-19T14:29:58+00:00\",\"mainEntityOfPage\":{\"@id\":\"https:\\\/\\\/www.altominho.tv\\\/site\\\/2024\\\/07\\\/19\\\/bienal-internacional-de-arte-de-cerveira-comeca-no-sabado-a-refletir-sobre-liberdade\\\/\"},\"wordCount\":619,\"image\":{\"@id\":\"https:\\\/\\\/www.altominho.tv\\\/site\\\/2024\\\/07\\\/19\\\/bienal-internacional-de-arte-de-cerveira-comeca-no-sabado-a-refletir-sobre-liberdade\\\/#primaryimage\"},\"thumbnailUrl\":\"https:\\\/\\\/www.altominho.tv\\\/site\\\/wp-content\\\/uploads\\\/2023\\\/11\\\/Bienal-Cerveira-e1699271207754.jpg\",\"keywords\":[\"Cultura\",\"Lazer\"],\"articleSection\":[\"Vila Nova de Cerveira\"],\"inLanguage\":\"pt-PT\",\"copyrightYear\":\"2024\",\"copyrightHolder\":{\"@id\":\"https:\\\/\\\/www.altominho.tv\\\/site\\\/#organization\"}},{\"@type\":\"WebPage\",\"@id\":\"https:\\\/\\\/www.altominho.tv\\\/site\\\/2024\\\/07\\\/19\\\/bienal-internacional-de-arte-de-cerveira-comeca-no-sabado-a-refletir-sobre-liberdade\\\/\",\"url\":\"https:\\\/\\\/www.altominho.tv\\\/site\\\/2024\\\/07\\\/19\\\/bienal-internacional-de-arte-de-cerveira-comeca-no-sabado-a-refletir-sobre-liberdade\\\/\",\"name\":\"Bienal Internacional de Arte de Cerveira come\u00e7a no s\u00e1bado a refletir sobre Liberdade\",\"isPartOf\":{\"@id\":\"https:\\\/\\\/www.altominho.tv\\\/site\\\/#website\"},\"primaryImageOfPage\":{\"@id\":\"https:\\\/\\\/www.altominho.tv\\\/site\\\/2024\\\/07\\\/19\\\/bienal-internacional-de-arte-de-cerveira-comeca-no-sabado-a-refletir-sobre-liberdade\\\/#primaryimage\"},\"image\":{\"@id\":\"https:\\\/\\\/www.altominho.tv\\\/site\\\/2024\\\/07\\\/19\\\/bienal-internacional-de-arte-de-cerveira-comeca-no-sabado-a-refletir-sobre-liberdade\\\/#primaryimage\"},\"thumbnailUrl\":\"https:\\\/\\\/www.altominho.tv\\\/site\\\/wp-content\\\/uploads\\\/2023\\\/11\\\/Bienal-Cerveira-e1699271207754.jpg\",\"datePublished\":\"2024-07-19T14:29:56+00:00\",\"dateModified\":\"2024-07-19T14:29:58+00:00\",\"author\":{\"@id\":\"https:\\\/\\\/www.altominho.tv\\\/site\\\/#\\\/schema\\\/person\\\/4e536851627d7914baf3dac752b6af22\"},\"breadcrumb\":{\"@id\":\"https:\\\/\\\/www.altominho.tv\\\/site\\\/2024\\\/07\\\/19\\\/bienal-internacional-de-arte-de-cerveira-comeca-no-sabado-a-refletir-sobre-liberdade\\\/#breadcrumb\"},\"inLanguage\":\"pt-PT\",\"potentialAction\":[{\"@type\":\"ReadAction\",\"target\":[\"https:\\\/\\\/www.altominho.tv\\\/site\\\/2024\\\/07\\\/19\\\/bienal-internacional-de-arte-de-cerveira-comeca-no-sabado-a-refletir-sobre-liberdade\\\/\"]}]},{\"@type\":\"ImageObject\",\"inLanguage\":\"pt-PT\",\"@id\":\"https:\\\/\\\/www.altominho.tv\\\/site\\\/2024\\\/07\\\/19\\\/bienal-internacional-de-arte-de-cerveira-comeca-no-sabado-a-refletir-sobre-liberdade\\\/#primaryimage\",\"url\":\"https:\\\/\\\/www.altominho.tv\\\/site\\\/wp-content\\\/uploads\\\/2023\\\/11\\\/Bienal-Cerveira-e1699271207754.jpg\",\"contentUrl\":\"https:\\\/\\\/www.altominho.tv\\\/site\\\/wp-content\\\/uploads\\\/2023\\\/11\\\/Bienal-Cerveira-e1699271207754.jpg\",\"width\":1000,\"height\":595},{\"@type\":\"BreadcrumbList\",\"@id\":\"https:\\\/\\\/www.altominho.tv\\\/site\\\/2024\\\/07\\\/19\\\/bienal-internacional-de-arte-de-cerveira-comeca-no-sabado-a-refletir-sobre-liberdade\\\/#breadcrumb\",\"itemListElement\":[{\"@type\":\"ListItem\",\"position\":1,\"name\":\"In\u00edcio\",\"item\":\"https:\\\/\\\/www.altominho.tv\\\/site\\\/\"},{\"@type\":\"ListItem\",\"position\":2,\"name\":\"Bienal Internacional de Arte de Cerveira come\u00e7a no s\u00e1bado a refletir sobre Liberdade\"}]},{\"@type\":\"WebSite\",\"@id\":\"https:\\\/\\\/www.altominho.tv\\\/site\\\/#website\",\"url\":\"https:\\\/\\\/www.altominho.tv\\\/site\\\/\",\"name\":\"Altominho.tv\",\"description\":\"A sua regi\u00e3o \u00e0 dist\u00e2ncia de um clique...\",\"potentialAction\":[{\"@type\":\"SearchAction\",\"target\":{\"@type\":\"EntryPoint\",\"urlTemplate\":\"https:\\\/\\\/www.altominho.tv\\\/site\\\/?s={search_term_string}\"},\"query-input\":{\"@type\":\"PropertyValueSpecification\",\"valueRequired\":true,\"valueName\":\"search_term_string\"}}],\"inLanguage\":\"pt-PT\"},{\"@type\":\"Person\",\"@id\":\"https:\\\/\\\/www.altominho.tv\\\/site\\\/#\\\/schema\\\/person\\\/4e536851627d7914baf3dac752b6af22\",\"name\":\"Altominho.tv\",\"image\":{\"@type\":\"ImageObject\",\"inLanguage\":\"pt-PT\",\"@id\":\"https:\\\/\\\/www.altominho.tv\\\/site\\\/wp-content\\\/uploads\\\/2019\\\/11\\\/Logo_Avatar_2-150x150.jpg\",\"url\":\"https:\\\/\\\/www.altominho.tv\\\/site\\\/wp-content\\\/uploads\\\/2019\\\/11\\\/Logo_Avatar_2-150x150.jpg\",\"contentUrl\":\"https:\\\/\\\/www.altominho.tv\\\/site\\\/wp-content\\\/uploads\\\/2019\\\/11\\\/Logo_Avatar_2-150x150.jpg\",\"caption\":\"Altominho.tv\"},\"url\":\"https:\\\/\\\/www.altominho.tv\\\/site\\\/author\\\/altominhotv-tecnico\\\/\"}]}<\/script>\n<!-- \/ Yoast SEO Premium plugin. -->","yoast_head_json":{"title":"Bienal Internacional de Arte de Cerveira come\u00e7a no s\u00e1bado a refletir sobre Liberdade","robots":{"index":"index","follow":"follow","max-snippet":"max-snippet:-1","max-image-preview":"max-image-preview:large","max-video-preview":"max-video-preview:-1"},"canonical":"https:\/\/www.altominho.tv\/site\/2024\/07\/19\/bienal-internacional-de-arte-de-cerveira-comeca-no-sabado-a-refletir-sobre-liberdade\/","og_locale":"pt_PT","og_type":"article","og_title":"Bienal Internacional de Arte de Cerveira come\u00e7a no s\u00e1bado a refletir sobre Liberdade","og_description":"A XXIII Bienal Internacional de Arte de Cerveira realiza-se entre s\u00e1bado e 30 de dezembro, com um convite para artistas e pensadores refletirem sobre a Liberdade e tem 56 obras de 12 pa\u00edses em concurso, revelou a organiza\u00e7\u00e3o. \u201cSob o tema \u00c9s Livre?, Vila Nova de Cerveira [no distrito de Viana do Castelo] ser\u00e1 palco [&hellip;]","og_url":"https:\/\/www.altominho.tv\/site\/2024\/07\/19\/bienal-internacional-de-arte-de-cerveira-comeca-no-sabado-a-refletir-sobre-liberdade\/","og_site_name":"Altominho.tv","article_publisher":"https:\/\/www.facebook.com\/altominhotv","article_published_time":"2024-07-19T14:29:56+00:00","article_modified_time":"2024-07-19T14:29:58+00:00","og_image":[{"width":1000,"height":595,"url":"https:\/\/www.altominho.tv\/site\/wp-content\/uploads\/2023\/11\/Bienal-Cerveira-e1699271207754.jpg","type":"image\/jpeg"}],"author":"Altominho.tv","twitter_card":"summary_large_image","twitter_creator":"@altominhoTV","twitter_site":"@altominhoTV","twitter_misc":{"Escrito por":"Altominho.tv","Tempo estimado de leitura":"3 minutos"},"schema":{"@context":"https:\/\/schema.org","@graph":[{"@type":"Article","@id":"https:\/\/www.altominho.tv\/site\/2024\/07\/19\/bienal-internacional-de-arte-de-cerveira-comeca-no-sabado-a-refletir-sobre-liberdade\/#article","isPartOf":{"@id":"https:\/\/www.altominho.tv\/site\/2024\/07\/19\/bienal-internacional-de-arte-de-cerveira-comeca-no-sabado-a-refletir-sobre-liberdade\/"},"author":{"name":"Altominho.tv","@id":"https:\/\/www.altominho.tv\/site\/#\/schema\/person\/4e536851627d7914baf3dac752b6af22"},"headline":"Bienal Internacional de Arte de Cerveira come\u00e7a no s\u00e1bado a refletir sobre Liberdade","datePublished":"2024-07-19T14:29:56+00:00","dateModified":"2024-07-19T14:29:58+00:00","mainEntityOfPage":{"@id":"https:\/\/www.altominho.tv\/site\/2024\/07\/19\/bienal-internacional-de-arte-de-cerveira-comeca-no-sabado-a-refletir-sobre-liberdade\/"},"wordCount":619,"image":{"@id":"https:\/\/www.altominho.tv\/site\/2024\/07\/19\/bienal-internacional-de-arte-de-cerveira-comeca-no-sabado-a-refletir-sobre-liberdade\/#primaryimage"},"thumbnailUrl":"https:\/\/www.altominho.tv\/site\/wp-content\/uploads\/2023\/11\/Bienal-Cerveira-e1699271207754.jpg","keywords":["Cultura","Lazer"],"articleSection":["Vila Nova de Cerveira"],"inLanguage":"pt-PT","copyrightYear":"2024","copyrightHolder":{"@id":"https:\/\/www.altominho.tv\/site\/#organization"}},{"@type":"WebPage","@id":"https:\/\/www.altominho.tv\/site\/2024\/07\/19\/bienal-internacional-de-arte-de-cerveira-comeca-no-sabado-a-refletir-sobre-liberdade\/","url":"https:\/\/www.altominho.tv\/site\/2024\/07\/19\/bienal-internacional-de-arte-de-cerveira-comeca-no-sabado-a-refletir-sobre-liberdade\/","name":"Bienal Internacional de Arte de Cerveira come\u00e7a no s\u00e1bado a refletir sobre Liberdade","isPartOf":{"@id":"https:\/\/www.altominho.tv\/site\/#website"},"primaryImageOfPage":{"@id":"https:\/\/www.altominho.tv\/site\/2024\/07\/19\/bienal-internacional-de-arte-de-cerveira-comeca-no-sabado-a-refletir-sobre-liberdade\/#primaryimage"},"image":{"@id":"https:\/\/www.altominho.tv\/site\/2024\/07\/19\/bienal-internacional-de-arte-de-cerveira-comeca-no-sabado-a-refletir-sobre-liberdade\/#primaryimage"},"thumbnailUrl":"https:\/\/www.altominho.tv\/site\/wp-content\/uploads\/2023\/11\/Bienal-Cerveira-e1699271207754.jpg","datePublished":"2024-07-19T14:29:56+00:00","dateModified":"2024-07-19T14:29:58+00:00","author":{"@id":"https:\/\/www.altominho.tv\/site\/#\/schema\/person\/4e536851627d7914baf3dac752b6af22"},"breadcrumb":{"@id":"https:\/\/www.altominho.tv\/site\/2024\/07\/19\/bienal-internacional-de-arte-de-cerveira-comeca-no-sabado-a-refletir-sobre-liberdade\/#breadcrumb"},"inLanguage":"pt-PT","potentialAction":[{"@type":"ReadAction","target":["https:\/\/www.altominho.tv\/site\/2024\/07\/19\/bienal-internacional-de-arte-de-cerveira-comeca-no-sabado-a-refletir-sobre-liberdade\/"]}]},{"@type":"ImageObject","inLanguage":"pt-PT","@id":"https:\/\/www.altominho.tv\/site\/2024\/07\/19\/bienal-internacional-de-arte-de-cerveira-comeca-no-sabado-a-refletir-sobre-liberdade\/#primaryimage","url":"https:\/\/www.altominho.tv\/site\/wp-content\/uploads\/2023\/11\/Bienal-Cerveira-e1699271207754.jpg","contentUrl":"https:\/\/www.altominho.tv\/site\/wp-content\/uploads\/2023\/11\/Bienal-Cerveira-e1699271207754.jpg","width":1000,"height":595},{"@type":"BreadcrumbList","@id":"https:\/\/www.altominho.tv\/site\/2024\/07\/19\/bienal-internacional-de-arte-de-cerveira-comeca-no-sabado-a-refletir-sobre-liberdade\/#breadcrumb","itemListElement":[{"@type":"ListItem","position":1,"name":"In\u00edcio","item":"https:\/\/www.altominho.tv\/site\/"},{"@type":"ListItem","position":2,"name":"Bienal Internacional de Arte de Cerveira come\u00e7a no s\u00e1bado a refletir sobre Liberdade"}]},{"@type":"WebSite","@id":"https:\/\/www.altominho.tv\/site\/#website","url":"https:\/\/www.altominho.tv\/site\/","name":"Altominho.tv","description":"A sua regi\u00e3o \u00e0 dist\u00e2ncia de um clique...","potentialAction":[{"@type":"SearchAction","target":{"@type":"EntryPoint","urlTemplate":"https:\/\/www.altominho.tv\/site\/?s={search_term_string}"},"query-input":{"@type":"PropertyValueSpecification","valueRequired":true,"valueName":"search_term_string"}}],"inLanguage":"pt-PT"},{"@type":"Person","@id":"https:\/\/www.altominho.tv\/site\/#\/schema\/person\/4e536851627d7914baf3dac752b6af22","name":"Altominho.tv","image":{"@type":"ImageObject","inLanguage":"pt-PT","@id":"https:\/\/www.altominho.tv\/site\/wp-content\/uploads\/2019\/11\/Logo_Avatar_2-150x150.jpg","url":"https:\/\/www.altominho.tv\/site\/wp-content\/uploads\/2019\/11\/Logo_Avatar_2-150x150.jpg","contentUrl":"https:\/\/www.altominho.tv\/site\/wp-content\/uploads\/2019\/11\/Logo_Avatar_2-150x150.jpg","caption":"Altominho.tv"},"url":"https:\/\/www.altominho.tv\/site\/author\/altominhotv-tecnico\/"}]}},"_links":{"self":[{"href":"https:\/\/www.altominho.tv\/site\/wp-json\/wp\/v2\/posts\/109015","targetHints":{"allow":["GET"]}}],"collection":[{"href":"https:\/\/www.altominho.tv\/site\/wp-json\/wp\/v2\/posts"}],"about":[{"href":"https:\/\/www.altominho.tv\/site\/wp-json\/wp\/v2\/types\/post"}],"author":[{"embeddable":true,"href":"https:\/\/www.altominho.tv\/site\/wp-json\/wp\/v2\/users\/1"}],"replies":[{"embeddable":true,"href":"https:\/\/www.altominho.tv\/site\/wp-json\/wp\/v2\/comments?post=109015"}],"version-history":[{"count":1,"href":"https:\/\/www.altominho.tv\/site\/wp-json\/wp\/v2\/posts\/109015\/revisions"}],"predecessor-version":[{"id":109016,"href":"https:\/\/www.altominho.tv\/site\/wp-json\/wp\/v2\/posts\/109015\/revisions\/109016"}],"wp:featuredmedia":[{"embeddable":true,"href":"https:\/\/www.altominho.tv\/site\/wp-json\/wp\/v2\/media\/98375"}],"wp:attachment":[{"href":"https:\/\/www.altominho.tv\/site\/wp-json\/wp\/v2\/media?parent=109015"}],"wp:term":[{"taxonomy":"category","embeddable":true,"href":"https:\/\/www.altominho.tv\/site\/wp-json\/wp\/v2\/categories?post=109015"},{"taxonomy":"post_tag","embeddable":true,"href":"https:\/\/www.altominho.tv\/site\/wp-json\/wp\/v2\/tags?post=109015"}],"curies":[{"name":"wp","href":"https:\/\/api.w.org\/{rel}","templated":true}]}}