{"id":108951,"date":"2024-07-17T14:55:09","date_gmt":"2024-07-17T13:55:09","guid":{"rendered":"https:\/\/www.altominho.tv\/site\/?p=108951"},"modified":"2024-07-17T14:55:12","modified_gmt":"2024-07-17T13:55:12","slug":"freguesia-do-extremo-volta-a-ser-alvo-de-investigacao-arqueologica","status":"publish","type":"post","link":"https:\/\/www.altominho.tv\/site\/2024\/07\/17\/freguesia-do-extremo-volta-a-ser-alvo-de-investigacao-arqueologica\/","title":{"rendered":"Freguesia do Extremo volta a ser alvo de investiga\u00e7\u00e3o arqueol\u00f3gica"},"content":{"rendered":"\n<p class=\"wp-block-paragraph\">Durante mais um m\u00eas de julho, a freguesia do Extremo volta a ser alvo de<br>investiga\u00e7\u00e3o arqueol\u00f3gica levada a cabo por uma equipa do Laborat\u00f3rio de<br>Paisagens, Patrim\u00f3nio e Territ\u00f3rio (Lab2PT) e da Unidade de Arqueologia da<br>Universidade do Minho (UAUM). Esta investiga\u00e7\u00e3o \u00e9 financiada pelo Munic\u00edpio de<br>Arcos de Valdevez e com o apoio da Junta da Freguesia de Portela e Extremo. Este<br>ano a investiga\u00e7\u00e3o incide sobre a paisagem agr\u00e1ria e a sua evolu\u00e7\u00e3o hist\u00f3rica.<\/p>\n\n\n\n<p class=\"wp-block-paragraph\">Desde 2018, t\u00eam sido realizadas uma s\u00e9rie de interven\u00e7\u00f5es na freguesia do Extremo com o objetivo de identificar a materialidade preservada da Guerra da Restaura\u00e7\u00e3o (1640-1668) e compreender a paisagem defensiva que foi constru\u00edda no s\u00e9culo XVII., incidindo sobretudo no Forte da Pereira e no Forte de Bragandelo, que se encontra em processo de classifica\u00e7\u00e3o para monumento nacional, dada a sua import\u00e2ncia.<\/p>\n\n\n\n<p class=\"wp-block-paragraph\">Os objetivos desta investiga\u00e7\u00e3o s\u00e3o tr\u00eas: conceber uma metodologia de investiga\u00e7\u00e3o extensiva para compreender estes tipos de paisagem e a forma como atuam entre si, com um interesse especial na paisagem agr\u00e1ria; perceber como se formaram estes socalcos e dat\u00e1-los, bem como analisar os materiais arqueol\u00f3gicos e sementes antigas que possam conter, de forma a identificar culturas recentes e antigas.<\/p>\n\n\n\n<p class=\"wp-block-paragraph\">Esta freguesia de fronteira ser\u00e1 importante no avan\u00e7o da investiga\u00e7\u00e3o desenvolvida no Noroeste Ib\u00e9rico a partir da arqueologia rural e da arqueologia comunit\u00e1ria, destacando o concelho de Arcos de Valdevez no panorama nacional.<\/p>\n","protected":false},"excerpt":{"rendered":"<p>Durante mais um m\u00eas de julho, a freguesia do Extremo volta a ser alvo deinvestiga\u00e7\u00e3o arqueol\u00f3gica levada a cabo por uma equipa do Laborat\u00f3rio dePaisagens, Patrim\u00f3nio e Territ\u00f3rio (Lab2PT) e da Unidade de Arqueologia daUniversidade do Minho (UAUM). Esta investiga\u00e7\u00e3o \u00e9 financiada pelo Munic\u00edpio deArcos de Valdevez e com o apoio da Junta da Freguesia [&hellip;]<\/p>\n","protected":false},"author":1,"featured_media":108954,"comment_status":"closed","ping_status":"closed","sticky":false,"template":"","format":"standard","meta":{"_exactmetrics_skip_tracking":false,"footnotes":""},"categories":[2],"tags":[27],"class_list":["post-108951","post","type-post","status-publish","format-standard","has-post-thumbnail","hentry","category-arcos-de-valdevez","tag-sociedade"],"yoast_head":"<!-- This site is optimized with the Yoast SEO Premium plugin v28.3 (Yoast SEO v28.3) - https:\/\/yoast.com\/product\/yoast-seo-premium-wordpress\/ -->\n<title>Freguesia do Extremo volta a ser alvo de investiga\u00e7\u00e3o arqueol\u00f3gica<\/title>\n<meta name=\"robots\" content=\"index, follow, max-snippet:-1, max-image-preview:large, max-video-preview:-1\" \/>\n<link rel=\"canonical\" href=\"https:\/\/www.altominho.tv\/site\/2024\/07\/17\/freguesia-do-extremo-volta-a-ser-alvo-de-investigacao-arqueologica\/\" \/>\n<meta property=\"og:locale\" content=\"pt_PT\" \/>\n<meta property=\"og:type\" content=\"article\" \/>\n<meta property=\"og:title\" content=\"Freguesia do Extremo volta a ser alvo de investiga\u00e7\u00e3o arqueol\u00f3gica\" \/>\n<meta property=\"og:description\" content=\"Durante mais um m\u00eas de julho, a freguesia do Extremo volta a ser alvo deinvestiga\u00e7\u00e3o arqueol\u00f3gica levada a cabo por uma equipa do Laborat\u00f3rio dePaisagens, Patrim\u00f3nio e Territ\u00f3rio (Lab2PT) e da Unidade de Arqueologia daUniversidade do Minho (UAUM). Esta investiga\u00e7\u00e3o \u00e9 financiada pelo Munic\u00edpio deArcos de Valdevez e com o apoio da Junta da Freguesia [&hellip;]\" \/>\n<meta property=\"og:url\" content=\"https:\/\/www.altominho.tv\/site\/2024\/07\/17\/freguesia-do-extremo-volta-a-ser-alvo-de-investigacao-arqueologica\/\" \/>\n<meta property=\"og:site_name\" content=\"Altominho.tv\" \/>\n<meta property=\"article:publisher\" content=\"https:\/\/www.facebook.com\/altominhotv\" \/>\n<meta property=\"article:published_time\" content=\"2024-07-17T13:55:09+00:00\" \/>\n<meta property=\"article:modified_time\" content=\"2024-07-17T13:55:12+00:00\" \/>\n<meta property=\"og:image\" content=\"https:\/\/www.altominho.tv\/site\/wp-content\/uploads\/2024\/07\/WhatsApp-Image-2024-07-10-at-17.24.09.jpeg\" \/>\n\t<meta property=\"og:image:width\" content=\"2048\" \/>\n\t<meta property=\"og:image:height\" content=\"1536\" \/>\n\t<meta property=\"og:image:type\" content=\"image\/jpeg\" \/>\n<meta name=\"author\" content=\"Altominho.tv\" \/>\n<meta name=\"twitter:card\" content=\"summary_large_image\" \/>\n<meta name=\"twitter:creator\" content=\"@altominhoTV\" \/>\n<meta name=\"twitter:site\" content=\"@altominhoTV\" \/>\n<meta name=\"twitter:label1\" content=\"Escrito por\" \/>\n\t<meta name=\"twitter:data1\" content=\"Altominho.tv\" \/>\n\t<meta name=\"twitter:label2\" content=\"Tempo estimado de leitura\" \/>\n\t<meta name=\"twitter:data2\" content=\"2 minutos\" \/>\n<script type=\"application\/ld+json\" class=\"yoast-schema-graph\">{\"@context\":\"https:\\\/\\\/schema.org\",\"@graph\":[{\"@type\":\"Article\",\"@id\":\"https:\\\/\\\/www.altominho.tv\\\/site\\\/2024\\\/07\\\/17\\\/freguesia-do-extremo-volta-a-ser-alvo-de-investigacao-arqueologica\\\/#article\",\"isPartOf\":{\"@id\":\"https:\\\/\\\/www.altominho.tv\\\/site\\\/2024\\\/07\\\/17\\\/freguesia-do-extremo-volta-a-ser-alvo-de-investigacao-arqueologica\\\/\"},\"author\":{\"name\":\"Altominho.tv\",\"@id\":\"https:\\\/\\\/www.altominho.tv\\\/site\\\/#\\\/schema\\\/person\\\/4e536851627d7914baf3dac752b6af22\"},\"headline\":\"Freguesia do Extremo volta a ser alvo de investiga\u00e7\u00e3o arqueol\u00f3gica\",\"datePublished\":\"2024-07-17T13:55:09+00:00\",\"dateModified\":\"2024-07-17T13:55:12+00:00\",\"mainEntityOfPage\":{\"@id\":\"https:\\\/\\\/www.altominho.tv\\\/site\\\/2024\\\/07\\\/17\\\/freguesia-do-extremo-volta-a-ser-alvo-de-investigacao-arqueologica\\\/\"},\"wordCount\":269,\"image\":{\"@id\":\"https:\\\/\\\/www.altominho.tv\\\/site\\\/2024\\\/07\\\/17\\\/freguesia-do-extremo-volta-a-ser-alvo-de-investigacao-arqueologica\\\/#primaryimage\"},\"thumbnailUrl\":\"https:\\\/\\\/www.altominho.tv\\\/site\\\/wp-content\\\/uploads\\\/2024\\\/07\\\/WhatsApp-Image-2024-07-10-at-17.24.09.jpeg\",\"keywords\":[\"Sociedade\"],\"articleSection\":[\"Arcos de Valdevez\"],\"inLanguage\":\"pt-PT\",\"copyrightYear\":\"2024\",\"copyrightHolder\":{\"@id\":\"https:\\\/\\\/www.altominho.tv\\\/site\\\/#organization\"}},{\"@type\":\"WebPage\",\"@id\":\"https:\\\/\\\/www.altominho.tv\\\/site\\\/2024\\\/07\\\/17\\\/freguesia-do-extremo-volta-a-ser-alvo-de-investigacao-arqueologica\\\/\",\"url\":\"https:\\\/\\\/www.altominho.tv\\\/site\\\/2024\\\/07\\\/17\\\/freguesia-do-extremo-volta-a-ser-alvo-de-investigacao-arqueologica\\\/\",\"name\":\"Freguesia do Extremo volta a ser alvo de investiga\u00e7\u00e3o arqueol\u00f3gica\",\"isPartOf\":{\"@id\":\"https:\\\/\\\/www.altominho.tv\\\/site\\\/#website\"},\"primaryImageOfPage\":{\"@id\":\"https:\\\/\\\/www.altominho.tv\\\/site\\\/2024\\\/07\\\/17\\\/freguesia-do-extremo-volta-a-ser-alvo-de-investigacao-arqueologica\\\/#primaryimage\"},\"image\":{\"@id\":\"https:\\\/\\\/www.altominho.tv\\\/site\\\/2024\\\/07\\\/17\\\/freguesia-do-extremo-volta-a-ser-alvo-de-investigacao-arqueologica\\\/#primaryimage\"},\"thumbnailUrl\":\"https:\\\/\\\/www.altominho.tv\\\/site\\\/wp-content\\\/uploads\\\/2024\\\/07\\\/WhatsApp-Image-2024-07-10-at-17.24.09.jpeg\",\"datePublished\":\"2024-07-17T13:55:09+00:00\",\"dateModified\":\"2024-07-17T13:55:12+00:00\",\"author\":{\"@id\":\"https:\\\/\\\/www.altominho.tv\\\/site\\\/#\\\/schema\\\/person\\\/4e536851627d7914baf3dac752b6af22\"},\"breadcrumb\":{\"@id\":\"https:\\\/\\\/www.altominho.tv\\\/site\\\/2024\\\/07\\\/17\\\/freguesia-do-extremo-volta-a-ser-alvo-de-investigacao-arqueologica\\\/#breadcrumb\"},\"inLanguage\":\"pt-PT\",\"potentialAction\":[{\"@type\":\"ReadAction\",\"target\":[\"https:\\\/\\\/www.altominho.tv\\\/site\\\/2024\\\/07\\\/17\\\/freguesia-do-extremo-volta-a-ser-alvo-de-investigacao-arqueologica\\\/\"]}]},{\"@type\":\"ImageObject\",\"inLanguage\":\"pt-PT\",\"@id\":\"https:\\\/\\\/www.altominho.tv\\\/site\\\/2024\\\/07\\\/17\\\/freguesia-do-extremo-volta-a-ser-alvo-de-investigacao-arqueologica\\\/#primaryimage\",\"url\":\"https:\\\/\\\/www.altominho.tv\\\/site\\\/wp-content\\\/uploads\\\/2024\\\/07\\\/WhatsApp-Image-2024-07-10-at-17.24.09.jpeg\",\"contentUrl\":\"https:\\\/\\\/www.altominho.tv\\\/site\\\/wp-content\\\/uploads\\\/2024\\\/07\\\/WhatsApp-Image-2024-07-10-at-17.24.09.jpeg\",\"width\":2048,\"height\":1536},{\"@type\":\"BreadcrumbList\",\"@id\":\"https:\\\/\\\/www.altominho.tv\\\/site\\\/2024\\\/07\\\/17\\\/freguesia-do-extremo-volta-a-ser-alvo-de-investigacao-arqueologica\\\/#breadcrumb\",\"itemListElement\":[{\"@type\":\"ListItem\",\"position\":1,\"name\":\"In\u00edcio\",\"item\":\"https:\\\/\\\/www.altominho.tv\\\/site\\\/\"},{\"@type\":\"ListItem\",\"position\":2,\"name\":\"Freguesia do Extremo volta a ser alvo de investiga\u00e7\u00e3o arqueol\u00f3gica\"}]},{\"@type\":\"WebSite\",\"@id\":\"https:\\\/\\\/www.altominho.tv\\\/site\\\/#website\",\"url\":\"https:\\\/\\\/www.altominho.tv\\\/site\\\/\",\"name\":\"Altominho.tv\",\"description\":\"A sua regi\u00e3o \u00e0 dist\u00e2ncia de um clique...\",\"potentialAction\":[{\"@type\":\"SearchAction\",\"target\":{\"@type\":\"EntryPoint\",\"urlTemplate\":\"https:\\\/\\\/www.altominho.tv\\\/site\\\/?s={search_term_string}\"},\"query-input\":{\"@type\":\"PropertyValueSpecification\",\"valueRequired\":true,\"valueName\":\"search_term_string\"}}],\"inLanguage\":\"pt-PT\"},{\"@type\":\"Person\",\"@id\":\"https:\\\/\\\/www.altominho.tv\\\/site\\\/#\\\/schema\\\/person\\\/4e536851627d7914baf3dac752b6af22\",\"name\":\"Altominho.tv\",\"image\":{\"@type\":\"ImageObject\",\"inLanguage\":\"pt-PT\",\"@id\":\"https:\\\/\\\/www.altominho.tv\\\/site\\\/wp-content\\\/uploads\\\/2019\\\/11\\\/Logo_Avatar_2-150x150.jpg\",\"url\":\"https:\\\/\\\/www.altominho.tv\\\/site\\\/wp-content\\\/uploads\\\/2019\\\/11\\\/Logo_Avatar_2-150x150.jpg\",\"contentUrl\":\"https:\\\/\\\/www.altominho.tv\\\/site\\\/wp-content\\\/uploads\\\/2019\\\/11\\\/Logo_Avatar_2-150x150.jpg\",\"caption\":\"Altominho.tv\"},\"url\":\"https:\\\/\\\/www.altominho.tv\\\/site\\\/author\\\/altominhotv-tecnico\\\/\"}]}<\/script>\n<!-- \/ Yoast SEO Premium plugin. -->","yoast_head_json":{"title":"Freguesia do Extremo volta a ser alvo de investiga\u00e7\u00e3o arqueol\u00f3gica","robots":{"index":"index","follow":"follow","max-snippet":"max-snippet:-1","max-image-preview":"max-image-preview:large","max-video-preview":"max-video-preview:-1"},"canonical":"https:\/\/www.altominho.tv\/site\/2024\/07\/17\/freguesia-do-extremo-volta-a-ser-alvo-de-investigacao-arqueologica\/","og_locale":"pt_PT","og_type":"article","og_title":"Freguesia do Extremo volta a ser alvo de investiga\u00e7\u00e3o arqueol\u00f3gica","og_description":"Durante mais um m\u00eas de julho, a freguesia do Extremo volta a ser alvo deinvestiga\u00e7\u00e3o arqueol\u00f3gica levada a cabo por uma equipa do Laborat\u00f3rio dePaisagens, Patrim\u00f3nio e Territ\u00f3rio (Lab2PT) e da Unidade de Arqueologia daUniversidade do Minho (UAUM). Esta investiga\u00e7\u00e3o \u00e9 financiada pelo Munic\u00edpio deArcos de Valdevez e com o apoio da Junta da Freguesia [&hellip;]","og_url":"https:\/\/www.altominho.tv\/site\/2024\/07\/17\/freguesia-do-extremo-volta-a-ser-alvo-de-investigacao-arqueologica\/","og_site_name":"Altominho.tv","article_publisher":"https:\/\/www.facebook.com\/altominhotv","article_published_time":"2024-07-17T13:55:09+00:00","article_modified_time":"2024-07-17T13:55:12+00:00","og_image":[{"width":2048,"height":1536,"url":"https:\/\/www.altominho.tv\/site\/wp-content\/uploads\/2024\/07\/WhatsApp-Image-2024-07-10-at-17.24.09.jpeg","type":"image\/jpeg"}],"author":"Altominho.tv","twitter_card":"summary_large_image","twitter_creator":"@altominhoTV","twitter_site":"@altominhoTV","twitter_misc":{"Escrito por":"Altominho.tv","Tempo estimado de leitura":"2 minutos"},"schema":{"@context":"https:\/\/schema.org","@graph":[{"@type":"Article","@id":"https:\/\/www.altominho.tv\/site\/2024\/07\/17\/freguesia-do-extremo-volta-a-ser-alvo-de-investigacao-arqueologica\/#article","isPartOf":{"@id":"https:\/\/www.altominho.tv\/site\/2024\/07\/17\/freguesia-do-extremo-volta-a-ser-alvo-de-investigacao-arqueologica\/"},"author":{"name":"Altominho.tv","@id":"https:\/\/www.altominho.tv\/site\/#\/schema\/person\/4e536851627d7914baf3dac752b6af22"},"headline":"Freguesia do Extremo volta a ser alvo de investiga\u00e7\u00e3o arqueol\u00f3gica","datePublished":"2024-07-17T13:55:09+00:00","dateModified":"2024-07-17T13:55:12+00:00","mainEntityOfPage":{"@id":"https:\/\/www.altominho.tv\/site\/2024\/07\/17\/freguesia-do-extremo-volta-a-ser-alvo-de-investigacao-arqueologica\/"},"wordCount":269,"image":{"@id":"https:\/\/www.altominho.tv\/site\/2024\/07\/17\/freguesia-do-extremo-volta-a-ser-alvo-de-investigacao-arqueologica\/#primaryimage"},"thumbnailUrl":"https:\/\/www.altominho.tv\/site\/wp-content\/uploads\/2024\/07\/WhatsApp-Image-2024-07-10-at-17.24.09.jpeg","keywords":["Sociedade"],"articleSection":["Arcos de Valdevez"],"inLanguage":"pt-PT","copyrightYear":"2024","copyrightHolder":{"@id":"https:\/\/www.altominho.tv\/site\/#organization"}},{"@type":"WebPage","@id":"https:\/\/www.altominho.tv\/site\/2024\/07\/17\/freguesia-do-extremo-volta-a-ser-alvo-de-investigacao-arqueologica\/","url":"https:\/\/www.altominho.tv\/site\/2024\/07\/17\/freguesia-do-extremo-volta-a-ser-alvo-de-investigacao-arqueologica\/","name":"Freguesia do Extremo volta a ser alvo de investiga\u00e7\u00e3o arqueol\u00f3gica","isPartOf":{"@id":"https:\/\/www.altominho.tv\/site\/#website"},"primaryImageOfPage":{"@id":"https:\/\/www.altominho.tv\/site\/2024\/07\/17\/freguesia-do-extremo-volta-a-ser-alvo-de-investigacao-arqueologica\/#primaryimage"},"image":{"@id":"https:\/\/www.altominho.tv\/site\/2024\/07\/17\/freguesia-do-extremo-volta-a-ser-alvo-de-investigacao-arqueologica\/#primaryimage"},"thumbnailUrl":"https:\/\/www.altominho.tv\/site\/wp-content\/uploads\/2024\/07\/WhatsApp-Image-2024-07-10-at-17.24.09.jpeg","datePublished":"2024-07-17T13:55:09+00:00","dateModified":"2024-07-17T13:55:12+00:00","author":{"@id":"https:\/\/www.altominho.tv\/site\/#\/schema\/person\/4e536851627d7914baf3dac752b6af22"},"breadcrumb":{"@id":"https:\/\/www.altominho.tv\/site\/2024\/07\/17\/freguesia-do-extremo-volta-a-ser-alvo-de-investigacao-arqueologica\/#breadcrumb"},"inLanguage":"pt-PT","potentialAction":[{"@type":"ReadAction","target":["https:\/\/www.altominho.tv\/site\/2024\/07\/17\/freguesia-do-extremo-volta-a-ser-alvo-de-investigacao-arqueologica\/"]}]},{"@type":"ImageObject","inLanguage":"pt-PT","@id":"https:\/\/www.altominho.tv\/site\/2024\/07\/17\/freguesia-do-extremo-volta-a-ser-alvo-de-investigacao-arqueologica\/#primaryimage","url":"https:\/\/www.altominho.tv\/site\/wp-content\/uploads\/2024\/07\/WhatsApp-Image-2024-07-10-at-17.24.09.jpeg","contentUrl":"https:\/\/www.altominho.tv\/site\/wp-content\/uploads\/2024\/07\/WhatsApp-Image-2024-07-10-at-17.24.09.jpeg","width":2048,"height":1536},{"@type":"BreadcrumbList","@id":"https:\/\/www.altominho.tv\/site\/2024\/07\/17\/freguesia-do-extremo-volta-a-ser-alvo-de-investigacao-arqueologica\/#breadcrumb","itemListElement":[{"@type":"ListItem","position":1,"name":"In\u00edcio","item":"https:\/\/www.altominho.tv\/site\/"},{"@type":"ListItem","position":2,"name":"Freguesia do Extremo volta a ser alvo de investiga\u00e7\u00e3o arqueol\u00f3gica"}]},{"@type":"WebSite","@id":"https:\/\/www.altominho.tv\/site\/#website","url":"https:\/\/www.altominho.tv\/site\/","name":"Altominho.tv","description":"A sua regi\u00e3o \u00e0 dist\u00e2ncia de um clique...","potentialAction":[{"@type":"SearchAction","target":{"@type":"EntryPoint","urlTemplate":"https:\/\/www.altominho.tv\/site\/?s={search_term_string}"},"query-input":{"@type":"PropertyValueSpecification","valueRequired":true,"valueName":"search_term_string"}}],"inLanguage":"pt-PT"},{"@type":"Person","@id":"https:\/\/www.altominho.tv\/site\/#\/schema\/person\/4e536851627d7914baf3dac752b6af22","name":"Altominho.tv","image":{"@type":"ImageObject","inLanguage":"pt-PT","@id":"https:\/\/www.altominho.tv\/site\/wp-content\/uploads\/2019\/11\/Logo_Avatar_2-150x150.jpg","url":"https:\/\/www.altominho.tv\/site\/wp-content\/uploads\/2019\/11\/Logo_Avatar_2-150x150.jpg","contentUrl":"https:\/\/www.altominho.tv\/site\/wp-content\/uploads\/2019\/11\/Logo_Avatar_2-150x150.jpg","caption":"Altominho.tv"},"url":"https:\/\/www.altominho.tv\/site\/author\/altominhotv-tecnico\/"}]}},"_links":{"self":[{"href":"https:\/\/www.altominho.tv\/site\/wp-json\/wp\/v2\/posts\/108951","targetHints":{"allow":["GET"]}}],"collection":[{"href":"https:\/\/www.altominho.tv\/site\/wp-json\/wp\/v2\/posts"}],"about":[{"href":"https:\/\/www.altominho.tv\/site\/wp-json\/wp\/v2\/types\/post"}],"author":[{"embeddable":true,"href":"https:\/\/www.altominho.tv\/site\/wp-json\/wp\/v2\/users\/1"}],"replies":[{"embeddable":true,"href":"https:\/\/www.altominho.tv\/site\/wp-json\/wp\/v2\/comments?post=108951"}],"version-history":[{"count":2,"href":"https:\/\/www.altominho.tv\/site\/wp-json\/wp\/v2\/posts\/108951\/revisions"}],"predecessor-version":[{"id":108953,"href":"https:\/\/www.altominho.tv\/site\/wp-json\/wp\/v2\/posts\/108951\/revisions\/108953"}],"wp:featuredmedia":[{"embeddable":true,"href":"https:\/\/www.altominho.tv\/site\/wp-json\/wp\/v2\/media\/108954"}],"wp:attachment":[{"href":"https:\/\/www.altominho.tv\/site\/wp-json\/wp\/v2\/media?parent=108951"}],"wp:term":[{"taxonomy":"category","embeddable":true,"href":"https:\/\/www.altominho.tv\/site\/wp-json\/wp\/v2\/categories?post=108951"},{"taxonomy":"post_tag","embeddable":true,"href":"https:\/\/www.altominho.tv\/site\/wp-json\/wp\/v2\/tags?post=108951"}],"curies":[{"name":"wp","href":"https:\/\/api.w.org\/{rel}","templated":true}]}}