{"id":108911,"date":"2024-07-16T12:15:56","date_gmt":"2024-07-16T11:15:56","guid":{"rendered":"https:\/\/www.altominho.tv\/site\/?p=108911"},"modified":"2024-07-16T12:15:58","modified_gmt":"2024-07-16T11:15:58","slug":"festival-internacional-de-documentario-de-melgaco-com-22-estreias-nacionais","status":"publish","type":"post","link":"https:\/\/www.altominho.tv\/site\/2024\/07\/16\/festival-internacional-de-documentario-de-melgaco-com-22-estreias-nacionais\/","title":{"rendered":"Festival internacional de document\u00e1rio de Melga\u00e7o com 22 estreias nacionais"},"content":{"rendered":"<p>A 10.\u00aa edi\u00e7\u00e3o do Festival Internacional de Document\u00e1rio de Melga\u00e7o \u2013 MDOC vai contar com 22 estreias nacionais, tr\u00eas de produ\u00e7\u00e3o portuguesa, e 31 filmes na sele\u00e7\u00e3o oficial, revelou hoje a organiza\u00e7\u00e3o.<\/p>\n<p>\u201cTemos tr\u00eas estreias nacionais: o filme &#8216;Percebes&#8217;, de Laura Gon\u00e7alves e Alexandra Ramires, que venceu o Pr\u00e9mio Cristal de Melhor Curta-Metragem do Festival de Cinema de Anima\u00e7\u00e3o de Annecy, em Fran\u00e7a; &#8216;A Savana e a Montanha&#8217;, de Paulo Carneiro, que esteve na quinzena dos cineastas em Cannes; e &#8216;Couto Mixto&#8217;, de Jo\u00e3o Gomes\u201d, descreveu \u00e0 Lusa Patr\u00edcia Nogueira, codiretora do MDOC, que este ano se realiza entre 29 de julho a 04 de agosto, em Melga\u00e7o.<\/p>\n<p>Entre os 31 filmes a concurso, 20 s\u00e3o longas-metragens e 11 curtas e m\u00e9dias-metragens, numa edi\u00e7\u00e3o dominada por temas como a quest\u00e3o palestiniana, os direitos humanos, as migra\u00e7\u00f5es, o colonialismo, o ambiente, as quest\u00f5es de g\u00e9nero.<\/p>\n<p>Dos 31 document\u00e1rios de express\u00e3o cinematogr\u00e1fica integrados na sele\u00e7\u00e3o oficial, nove s\u00e3o portugueses e 22 s\u00e3o internacionais &#8211; da Indon\u00e9sia, Fran\u00e7a, R\u00fassia, Alemanha, \u00c1ustria, EUA, It\u00e1lia, Canad\u00e1 e Pa\u00edses Baixos.<\/p>\n<p>A quest\u00e3o palestiniana est\u00e1 presente no MDOC com tr\u00eas leituras diferentes sobre o conflito, indica a organiza\u00e7\u00e3o.<\/p>\n<p>&#8220;Un Long Chemin Vers la Paix&#8221;, de Tal Barda, apresenta um manifesto de toler\u00e2ncia de um m\u00e9dico palestiniano que viu as suas tr\u00eas filhas mortas por um tanque israelita.<\/p>\n<p>&#8220;Voyage \u00e0 Gaza&#8221;, de Piero Usberti, exibe a perspetiva de um viajante estrangeiro que chega a Gaza na primavera de 2018 e \u00e9 confrontado com as hist\u00f3rias de uma trabalhadora humanit\u00e1ria, um comunista convicto e uma aspirante a advogada.<\/p>\n<p>A quest\u00e3o dos direitos humanos est\u00e1 presente nos filmes &#8220;Of Caravan and the dogs&#8221;, no qual Askold Kurov \u201caborda a asfixia do discurso e do pensamento independentes na R\u00fassia de Putin\u201d e em &#8220;Democracy Noir&#8221;, de Connie Field, no qual \u201cuma jornalista, uma pol\u00edtica e uma ativista decidem denunciar a natureza autocr\u00e1tica e populista do regime de Viktor Orb\u00e1n, presidente h\u00fangaro que, atualmente, assume a presid\u00eancia rotativa da Uni\u00e3o Europeia\u201d.<\/p>\n<p>A falta de direitos e a situa\u00e7\u00e3o da mulher est\u00e1 em filmes como &#8220;My Stolen Planet&#8221;, da realizadora iraniana Farahnaz Sharif, for\u00e7ada a imigrar, e &#8220;Maydegol&#8221;, de Sarvnaz Alambeigi, que tem como foco uma adolescente afeg\u00e3 imigrada no Ir\u00e3o.<\/p>\n<p>&#8220;Fogo no lodo&#8221;, de Catarina Laranjeiro e Daniel Barroca, apresenta mem\u00f3rias da guerra colonial.<\/p>\n<p>As migra\u00e7\u00f5es s\u00e3o abordadas em &#8220;As Melusinas \u00e0 margem do rio&#8221;, de Melanie Pereira, filme em que cinco mulheres nascidas no Luxemburgo de fam\u00edlias imigrantes, refletem sobre a sua identidade.<\/p>\n<p>Em &#8220;Night of the coyotes&#8221;, Clara Trischler documenta como os habitantes de uma aldeia mexicana &#8211; que ficou praticamente deserta devido \u00e0 imigra\u00e7\u00e3o dos seus habitantes para os Estados Unidos &#8211; inventaram um jogo em que oferecem aos turistas a oportunidade de experimentarem a migra\u00e7\u00e3o ilegal atrav\u00e9s da fronteira americana, para evitar que a aldeia desapare\u00e7a.<\/p>\n<p>&#8220;A Savana e a Montanha&#8221;, de Paulo Carneiro, que este ano foi selecionado para Cannes e no ano passado foi considerado Melhor Projeto em Montagem nos Pr\u00e9mios Arch\u00e9 do DocLisboa, \u201cretrata a luta do povo de Covas do Barroso contra a empresa brit\u00e2nica Savannah Resources, que planeia construir a maior mina de l\u00edtio a c\u00e9u aberto da Europa a poucos metros das suas casas\u201d.<\/p>\n<p>Aline Simone, realizadora de &#8220;Black snow&#8221;, segue uma dona de casa russa que denunciou um desastre ecol\u00f3gico na sua cidade natal.<\/p>\n<p>Em &#8220;As the tide comes in&#8221;, Juan Palacios e Sofie Husum Johannese mostram como os 27 residentes de uma ilha dinamarquesa se apegam \u00e0 identidade de ilh\u00e9us e enfrentam o risco de inunda\u00e7\u00f5es provocadas pelas altera\u00e7\u00f5es clim\u00e1ticas.<\/p>\n<p>Al\u00e9m da competi\u00e7\u00e3o oficial, o MDOC integra uma Oficina de Document\u00e1rio, resid\u00eancias de cinema e fotografia, &#8216;masterclasses&#8217;, an\u00e1lise de um filme document\u00e1rio de refer\u00eancia, estreia de seis exposi\u00e7\u00f5es e um curso de ver\u00e3o.<\/p>\n","protected":false},"excerpt":{"rendered":"<p>A 10.\u00aa edi\u00e7\u00e3o do Festival Internacional de Document\u00e1rio de Melga\u00e7o \u2013 MDOC vai contar com 22 estreias nacionais, tr\u00eas de produ\u00e7\u00e3o portuguesa, e 31 filmes na sele\u00e7\u00e3o oficial, revelou hoje a organiza\u00e7\u00e3o. \u201cTemos tr\u00eas estreias nacionais: o filme &#8216;Percebes&#8217;, de Laura Gon\u00e7alves e Alexandra Ramires, que venceu o Pr\u00e9mio Cristal de Melhor Curta-Metragem do Festival [&hellip;]<\/p>\n","protected":false},"author":13,"featured_media":108912,"comment_status":"closed","ping_status":"closed","sticky":false,"template":"","format":"standard","meta":{"_exactmetrics_skip_tracking":false,"footnotes":""},"categories":[8],"tags":[19],"class_list":["post-108911","post","type-post","status-publish","format-standard","has-post-thumbnail","hentry","category-melgaco","tag-cultura"],"yoast_head":"<!-- This site is optimized with the Yoast SEO Premium plugin v28.3 (Yoast SEO v28.3) - https:\/\/yoast.com\/product\/yoast-seo-premium-wordpress\/ -->\n<title>Festival internacional de document\u00e1rio de Melga\u00e7o com 22 estreias nacionais<\/title>\n<meta name=\"description\" content=\"A 10.\u00aa edi\u00e7\u00e3o do Festival Internacional de Document\u00e1rio de Melga\u00e7o \u2013 MDOC vai contar com 22 estreias nacionais, tr\u00eas de produ\u00e7\u00e3o portuguesa, e 31 filmes na sele\u00e7\u00e3o oficial, revelou hoje a organiza\u00e7\u00e3o.\" \/>\n<meta name=\"robots\" content=\"index, follow, max-snippet:-1, max-image-preview:large, max-video-preview:-1\" \/>\n<link rel=\"canonical\" href=\"https:\/\/www.altominho.tv\/site\/2024\/07\/16\/festival-internacional-de-documentario-de-melgaco-com-22-estreias-nacionais\/\" \/>\n<meta property=\"og:locale\" content=\"pt_PT\" \/>\n<meta property=\"og:type\" content=\"article\" \/>\n<meta property=\"og:title\" content=\"Festival internacional de document\u00e1rio de Melga\u00e7o com 22 estreias nacionais\" \/>\n<meta property=\"og:description\" content=\"A 10.\u00aa edi\u00e7\u00e3o do Festival Internacional de Document\u00e1rio de Melga\u00e7o \u2013 MDOC vai contar com 22 estreias nacionais, tr\u00eas de produ\u00e7\u00e3o portuguesa, e 31 filmes na sele\u00e7\u00e3o oficial, revelou hoje a organiza\u00e7\u00e3o.\" \/>\n<meta property=\"og:url\" content=\"https:\/\/www.altominho.tv\/site\/2024\/07\/16\/festival-internacional-de-documentario-de-melgaco-com-22-estreias-nacionais\/\" \/>\n<meta property=\"og:site_name\" content=\"Altominho.tv\" \/>\n<meta property=\"article:publisher\" content=\"https:\/\/www.facebook.com\/altominhotv\" \/>\n<meta property=\"article:published_time\" content=\"2024-07-16T11:15:56+00:00\" \/>\n<meta property=\"article:modified_time\" content=\"2024-07-16T11:15:58+00:00\" \/>\n<meta property=\"og:image\" content=\"https:\/\/www.altominho.tv\/site\/wp-content\/uploads\/2024\/07\/mdoc.jpg\" \/>\n\t<meta property=\"og:image:width\" content=\"2000\" \/>\n\t<meta property=\"og:image:height\" content=\"1125\" \/>\n\t<meta property=\"og:image:type\" content=\"image\/jpeg\" \/>\n<meta name=\"author\" content=\"Lusa\" \/>\n<meta name=\"twitter:card\" content=\"summary_large_image\" \/>\n<meta name=\"twitter:creator\" content=\"@altominhoTV\" \/>\n<meta name=\"twitter:site\" content=\"@altominhoTV\" \/>\n<meta name=\"twitter:label1\" content=\"Escrito por\" \/>\n\t<meta name=\"twitter:data1\" content=\"Lusa\" \/>\n\t<meta name=\"twitter:label2\" content=\"Tempo estimado de leitura\" \/>\n\t<meta name=\"twitter:data2\" content=\"4 minutos\" \/>\n<script type=\"application\/ld+json\" class=\"yoast-schema-graph\">{\"@context\":\"https:\\\/\\\/schema.org\",\"@graph\":[{\"@type\":\"Article\",\"@id\":\"https:\\\/\\\/www.altominho.tv\\\/site\\\/2024\\\/07\\\/16\\\/festival-internacional-de-documentario-de-melgaco-com-22-estreias-nacionais\\\/#article\",\"isPartOf\":{\"@id\":\"https:\\\/\\\/www.altominho.tv\\\/site\\\/2024\\\/07\\\/16\\\/festival-internacional-de-documentario-de-melgaco-com-22-estreias-nacionais\\\/\"},\"author\":{\"name\":\"Lusa\",\"@id\":\"https:\\\/\\\/www.altominho.tv\\\/site\\\/#\\\/schema\\\/person\\\/63f693da3e1899361cbe955c46f3232e\"},\"headline\":\"Festival internacional de document\u00e1rio de Melga\u00e7o com 22 estreias nacionais\",\"datePublished\":\"2024-07-16T11:15:56+00:00\",\"dateModified\":\"2024-07-16T11:15:58+00:00\",\"mainEntityOfPage\":{\"@id\":\"https:\\\/\\\/www.altominho.tv\\\/site\\\/2024\\\/07\\\/16\\\/festival-internacional-de-documentario-de-melgaco-com-22-estreias-nacionais\\\/\"},\"wordCount\":693,\"image\":{\"@id\":\"https:\\\/\\\/www.altominho.tv\\\/site\\\/2024\\\/07\\\/16\\\/festival-internacional-de-documentario-de-melgaco-com-22-estreias-nacionais\\\/#primaryimage\"},\"thumbnailUrl\":\"https:\\\/\\\/www.altominho.tv\\\/site\\\/wp-content\\\/uploads\\\/2024\\\/07\\\/mdoc.jpg\",\"keywords\":[\"Cultura\"],\"articleSection\":[\"Melga\u00e7o\"],\"inLanguage\":\"pt-PT\",\"copyrightYear\":\"2024\",\"copyrightHolder\":{\"@id\":\"https:\\\/\\\/www.altominho.tv\\\/site\\\/#organization\"}},{\"@type\":\"WebPage\",\"@id\":\"https:\\\/\\\/www.altominho.tv\\\/site\\\/2024\\\/07\\\/16\\\/festival-internacional-de-documentario-de-melgaco-com-22-estreias-nacionais\\\/\",\"url\":\"https:\\\/\\\/www.altominho.tv\\\/site\\\/2024\\\/07\\\/16\\\/festival-internacional-de-documentario-de-melgaco-com-22-estreias-nacionais\\\/\",\"name\":\"Festival internacional de document\u00e1rio de Melga\u00e7o com 22 estreias nacionais\",\"isPartOf\":{\"@id\":\"https:\\\/\\\/www.altominho.tv\\\/site\\\/#website\"},\"primaryImageOfPage\":{\"@id\":\"https:\\\/\\\/www.altominho.tv\\\/site\\\/2024\\\/07\\\/16\\\/festival-internacional-de-documentario-de-melgaco-com-22-estreias-nacionais\\\/#primaryimage\"},\"image\":{\"@id\":\"https:\\\/\\\/www.altominho.tv\\\/site\\\/2024\\\/07\\\/16\\\/festival-internacional-de-documentario-de-melgaco-com-22-estreias-nacionais\\\/#primaryimage\"},\"thumbnailUrl\":\"https:\\\/\\\/www.altominho.tv\\\/site\\\/wp-content\\\/uploads\\\/2024\\\/07\\\/mdoc.jpg\",\"datePublished\":\"2024-07-16T11:15:56+00:00\",\"dateModified\":\"2024-07-16T11:15:58+00:00\",\"author\":{\"@id\":\"https:\\\/\\\/www.altominho.tv\\\/site\\\/#\\\/schema\\\/person\\\/63f693da3e1899361cbe955c46f3232e\"},\"description\":\"A 10.\u00aa edi\u00e7\u00e3o do Festival Internacional de Document\u00e1rio de Melga\u00e7o \u2013 MDOC vai contar com 22 estreias nacionais, tr\u00eas de produ\u00e7\u00e3o portuguesa, e 31 filmes na sele\u00e7\u00e3o oficial, revelou hoje a organiza\u00e7\u00e3o.\",\"breadcrumb\":{\"@id\":\"https:\\\/\\\/www.altominho.tv\\\/site\\\/2024\\\/07\\\/16\\\/festival-internacional-de-documentario-de-melgaco-com-22-estreias-nacionais\\\/#breadcrumb\"},\"inLanguage\":\"pt-PT\",\"potentialAction\":[{\"@type\":\"ReadAction\",\"target\":[\"https:\\\/\\\/www.altominho.tv\\\/site\\\/2024\\\/07\\\/16\\\/festival-internacional-de-documentario-de-melgaco-com-22-estreias-nacionais\\\/\"]}]},{\"@type\":\"ImageObject\",\"inLanguage\":\"pt-PT\",\"@id\":\"https:\\\/\\\/www.altominho.tv\\\/site\\\/2024\\\/07\\\/16\\\/festival-internacional-de-documentario-de-melgaco-com-22-estreias-nacionais\\\/#primaryimage\",\"url\":\"https:\\\/\\\/www.altominho.tv\\\/site\\\/wp-content\\\/uploads\\\/2024\\\/07\\\/mdoc.jpg\",\"contentUrl\":\"https:\\\/\\\/www.altominho.tv\\\/site\\\/wp-content\\\/uploads\\\/2024\\\/07\\\/mdoc.jpg\",\"width\":2000,\"height\":1125},{\"@type\":\"BreadcrumbList\",\"@id\":\"https:\\\/\\\/www.altominho.tv\\\/site\\\/2024\\\/07\\\/16\\\/festival-internacional-de-documentario-de-melgaco-com-22-estreias-nacionais\\\/#breadcrumb\",\"itemListElement\":[{\"@type\":\"ListItem\",\"position\":1,\"name\":\"In\u00edcio\",\"item\":\"https:\\\/\\\/www.altominho.tv\\\/site\\\/\"},{\"@type\":\"ListItem\",\"position\":2,\"name\":\"Festival internacional de document\u00e1rio de Melga\u00e7o com 22 estreias nacionais\"}]},{\"@type\":\"WebSite\",\"@id\":\"https:\\\/\\\/www.altominho.tv\\\/site\\\/#website\",\"url\":\"https:\\\/\\\/www.altominho.tv\\\/site\\\/\",\"name\":\"Altominho.tv\",\"description\":\"A sua regi\u00e3o \u00e0 dist\u00e2ncia de um clique...\",\"potentialAction\":[{\"@type\":\"SearchAction\",\"target\":{\"@type\":\"EntryPoint\",\"urlTemplate\":\"https:\\\/\\\/www.altominho.tv\\\/site\\\/?s={search_term_string}\"},\"query-input\":{\"@type\":\"PropertyValueSpecification\",\"valueRequired\":true,\"valueName\":\"search_term_string\"}}],\"inLanguage\":\"pt-PT\"},{\"@type\":\"Person\",\"@id\":\"https:\\\/\\\/www.altominho.tv\\\/site\\\/#\\\/schema\\\/person\\\/63f693da3e1899361cbe955c46f3232e\",\"name\":\"Lusa\",\"image\":{\"@type\":\"ImageObject\",\"inLanguage\":\"pt-PT\",\"@id\":\"https:\\\/\\\/www.altominho.tv\\\/site\\\/wp-content\\\/uploads\\\/2019\\\/08\\\/LUSA_Logo.gif\",\"url\":\"https:\\\/\\\/www.altominho.tv\\\/site\\\/wp-content\\\/uploads\\\/2019\\\/08\\\/LUSA_Logo.gif\",\"contentUrl\":\"https:\\\/\\\/www.altominho.tv\\\/site\\\/wp-content\\\/uploads\\\/2019\\\/08\\\/LUSA_Logo.gif\",\"caption\":\"Lusa\"},\"sameAs\":[\"http:\\\/\\\/\\\/\\\/www.altominho.tv\\\/site\"],\"url\":\"https:\\\/\\\/www.altominho.tv\\\/site\\\/author\\\/lusa\\\/\"}]}<\/script>\n<!-- \/ Yoast SEO Premium plugin. -->","yoast_head_json":{"title":"Festival internacional de document\u00e1rio de Melga\u00e7o com 22 estreias nacionais","description":"A 10.\u00aa edi\u00e7\u00e3o do Festival Internacional de Document\u00e1rio de Melga\u00e7o \u2013 MDOC vai contar com 22 estreias nacionais, tr\u00eas de produ\u00e7\u00e3o portuguesa, e 31 filmes na sele\u00e7\u00e3o oficial, revelou hoje a organiza\u00e7\u00e3o.","robots":{"index":"index","follow":"follow","max-snippet":"max-snippet:-1","max-image-preview":"max-image-preview:large","max-video-preview":"max-video-preview:-1"},"canonical":"https:\/\/www.altominho.tv\/site\/2024\/07\/16\/festival-internacional-de-documentario-de-melgaco-com-22-estreias-nacionais\/","og_locale":"pt_PT","og_type":"article","og_title":"Festival internacional de document\u00e1rio de Melga\u00e7o com 22 estreias nacionais","og_description":"A 10.\u00aa edi\u00e7\u00e3o do Festival Internacional de Document\u00e1rio de Melga\u00e7o \u2013 MDOC vai contar com 22 estreias nacionais, tr\u00eas de produ\u00e7\u00e3o portuguesa, e 31 filmes na sele\u00e7\u00e3o oficial, revelou hoje a organiza\u00e7\u00e3o.","og_url":"https:\/\/www.altominho.tv\/site\/2024\/07\/16\/festival-internacional-de-documentario-de-melgaco-com-22-estreias-nacionais\/","og_site_name":"Altominho.tv","article_publisher":"https:\/\/www.facebook.com\/altominhotv","article_published_time":"2024-07-16T11:15:56+00:00","article_modified_time":"2024-07-16T11:15:58+00:00","og_image":[{"width":2000,"height":1125,"url":"https:\/\/www.altominho.tv\/site\/wp-content\/uploads\/2024\/07\/mdoc.jpg","type":"image\/jpeg"}],"author":"Lusa","twitter_card":"summary_large_image","twitter_creator":"@altominhoTV","twitter_site":"@altominhoTV","twitter_misc":{"Escrito por":"Lusa","Tempo estimado de leitura":"4 minutos"},"schema":{"@context":"https:\/\/schema.org","@graph":[{"@type":"Article","@id":"https:\/\/www.altominho.tv\/site\/2024\/07\/16\/festival-internacional-de-documentario-de-melgaco-com-22-estreias-nacionais\/#article","isPartOf":{"@id":"https:\/\/www.altominho.tv\/site\/2024\/07\/16\/festival-internacional-de-documentario-de-melgaco-com-22-estreias-nacionais\/"},"author":{"name":"Lusa","@id":"https:\/\/www.altominho.tv\/site\/#\/schema\/person\/63f693da3e1899361cbe955c46f3232e"},"headline":"Festival internacional de document\u00e1rio de Melga\u00e7o com 22 estreias nacionais","datePublished":"2024-07-16T11:15:56+00:00","dateModified":"2024-07-16T11:15:58+00:00","mainEntityOfPage":{"@id":"https:\/\/www.altominho.tv\/site\/2024\/07\/16\/festival-internacional-de-documentario-de-melgaco-com-22-estreias-nacionais\/"},"wordCount":693,"image":{"@id":"https:\/\/www.altominho.tv\/site\/2024\/07\/16\/festival-internacional-de-documentario-de-melgaco-com-22-estreias-nacionais\/#primaryimage"},"thumbnailUrl":"https:\/\/www.altominho.tv\/site\/wp-content\/uploads\/2024\/07\/mdoc.jpg","keywords":["Cultura"],"articleSection":["Melga\u00e7o"],"inLanguage":"pt-PT","copyrightYear":"2024","copyrightHolder":{"@id":"https:\/\/www.altominho.tv\/site\/#organization"}},{"@type":"WebPage","@id":"https:\/\/www.altominho.tv\/site\/2024\/07\/16\/festival-internacional-de-documentario-de-melgaco-com-22-estreias-nacionais\/","url":"https:\/\/www.altominho.tv\/site\/2024\/07\/16\/festival-internacional-de-documentario-de-melgaco-com-22-estreias-nacionais\/","name":"Festival internacional de document\u00e1rio de Melga\u00e7o com 22 estreias nacionais","isPartOf":{"@id":"https:\/\/www.altominho.tv\/site\/#website"},"primaryImageOfPage":{"@id":"https:\/\/www.altominho.tv\/site\/2024\/07\/16\/festival-internacional-de-documentario-de-melgaco-com-22-estreias-nacionais\/#primaryimage"},"image":{"@id":"https:\/\/www.altominho.tv\/site\/2024\/07\/16\/festival-internacional-de-documentario-de-melgaco-com-22-estreias-nacionais\/#primaryimage"},"thumbnailUrl":"https:\/\/www.altominho.tv\/site\/wp-content\/uploads\/2024\/07\/mdoc.jpg","datePublished":"2024-07-16T11:15:56+00:00","dateModified":"2024-07-16T11:15:58+00:00","author":{"@id":"https:\/\/www.altominho.tv\/site\/#\/schema\/person\/63f693da3e1899361cbe955c46f3232e"},"description":"A 10.\u00aa edi\u00e7\u00e3o do Festival Internacional de Document\u00e1rio de Melga\u00e7o \u2013 MDOC vai contar com 22 estreias nacionais, tr\u00eas de produ\u00e7\u00e3o portuguesa, e 31 filmes na sele\u00e7\u00e3o oficial, revelou hoje a organiza\u00e7\u00e3o.","breadcrumb":{"@id":"https:\/\/www.altominho.tv\/site\/2024\/07\/16\/festival-internacional-de-documentario-de-melgaco-com-22-estreias-nacionais\/#breadcrumb"},"inLanguage":"pt-PT","potentialAction":[{"@type":"ReadAction","target":["https:\/\/www.altominho.tv\/site\/2024\/07\/16\/festival-internacional-de-documentario-de-melgaco-com-22-estreias-nacionais\/"]}]},{"@type":"ImageObject","inLanguage":"pt-PT","@id":"https:\/\/www.altominho.tv\/site\/2024\/07\/16\/festival-internacional-de-documentario-de-melgaco-com-22-estreias-nacionais\/#primaryimage","url":"https:\/\/www.altominho.tv\/site\/wp-content\/uploads\/2024\/07\/mdoc.jpg","contentUrl":"https:\/\/www.altominho.tv\/site\/wp-content\/uploads\/2024\/07\/mdoc.jpg","width":2000,"height":1125},{"@type":"BreadcrumbList","@id":"https:\/\/www.altominho.tv\/site\/2024\/07\/16\/festival-internacional-de-documentario-de-melgaco-com-22-estreias-nacionais\/#breadcrumb","itemListElement":[{"@type":"ListItem","position":1,"name":"In\u00edcio","item":"https:\/\/www.altominho.tv\/site\/"},{"@type":"ListItem","position":2,"name":"Festival internacional de document\u00e1rio de Melga\u00e7o com 22 estreias nacionais"}]},{"@type":"WebSite","@id":"https:\/\/www.altominho.tv\/site\/#website","url":"https:\/\/www.altominho.tv\/site\/","name":"Altominho.tv","description":"A sua regi\u00e3o \u00e0 dist\u00e2ncia de um clique...","potentialAction":[{"@type":"SearchAction","target":{"@type":"EntryPoint","urlTemplate":"https:\/\/www.altominho.tv\/site\/?s={search_term_string}"},"query-input":{"@type":"PropertyValueSpecification","valueRequired":true,"valueName":"search_term_string"}}],"inLanguage":"pt-PT"},{"@type":"Person","@id":"https:\/\/www.altominho.tv\/site\/#\/schema\/person\/63f693da3e1899361cbe955c46f3232e","name":"Lusa","image":{"@type":"ImageObject","inLanguage":"pt-PT","@id":"https:\/\/www.altominho.tv\/site\/wp-content\/uploads\/2019\/08\/LUSA_Logo.gif","url":"https:\/\/www.altominho.tv\/site\/wp-content\/uploads\/2019\/08\/LUSA_Logo.gif","contentUrl":"https:\/\/www.altominho.tv\/site\/wp-content\/uploads\/2019\/08\/LUSA_Logo.gif","caption":"Lusa"},"sameAs":["http:\/\/\/\/www.altominho.tv\/site"],"url":"https:\/\/www.altominho.tv\/site\/author\/lusa\/"}]}},"_links":{"self":[{"href":"https:\/\/www.altominho.tv\/site\/wp-json\/wp\/v2\/posts\/108911","targetHints":{"allow":["GET"]}}],"collection":[{"href":"https:\/\/www.altominho.tv\/site\/wp-json\/wp\/v2\/posts"}],"about":[{"href":"https:\/\/www.altominho.tv\/site\/wp-json\/wp\/v2\/types\/post"}],"author":[{"embeddable":true,"href":"https:\/\/www.altominho.tv\/site\/wp-json\/wp\/v2\/users\/13"}],"replies":[{"embeddable":true,"href":"https:\/\/www.altominho.tv\/site\/wp-json\/wp\/v2\/comments?post=108911"}],"version-history":[{"count":1,"href":"https:\/\/www.altominho.tv\/site\/wp-json\/wp\/v2\/posts\/108911\/revisions"}],"predecessor-version":[{"id":108913,"href":"https:\/\/www.altominho.tv\/site\/wp-json\/wp\/v2\/posts\/108911\/revisions\/108913"}],"wp:featuredmedia":[{"embeddable":true,"href":"https:\/\/www.altominho.tv\/site\/wp-json\/wp\/v2\/media\/108912"}],"wp:attachment":[{"href":"https:\/\/www.altominho.tv\/site\/wp-json\/wp\/v2\/media?parent=108911"}],"wp:term":[{"taxonomy":"category","embeddable":true,"href":"https:\/\/www.altominho.tv\/site\/wp-json\/wp\/v2\/categories?post=108911"},{"taxonomy":"post_tag","embeddable":true,"href":"https:\/\/www.altominho.tv\/site\/wp-json\/wp\/v2\/tags?post=108911"}],"curies":[{"name":"wp","href":"https:\/\/api.w.org\/{rel}","templated":true}]}}