{"id":108795,"date":"2024-07-13T10:56:44","date_gmt":"2024-07-13T09:56:44","guid":{"rendered":"https:\/\/www.altominho.tv\/site\/?p=108795"},"modified":"2024-07-13T10:56:47","modified_gmt":"2024-07-13T09:56:47","slug":"arcos-de-valdevez-educacao-6","status":"publish","type":"post","link":"https:\/\/www.altominho.tv\/site\/2024\/07\/13\/arcos-de-valdevez-educacao-6\/","title":{"rendered":"Alunos do Agrupamento de Escolas de Valdevez s\u00e3o vencedores do projeto TWIST"},"content":{"rendered":"\n<p class=\"wp-block-paragraph\">Os alunos do Agrupamento de Arcos de Valdevez, sagraram-se vencedores, a n\u00edvel nacional, do projeto TWIST.<\/p>\n\n\n\n<p class=\"wp-block-paragraph\">O projeto TWIST, as \u201cEscolas em a\u00e7\u00e3o\u201d foi desenvolvido ao longo do ano letivo 2023\/2024, no total de cerca de 200 escolas, no concurso Energia em Movimento, tendo criado um movimento c\u00edvico em que os jovens partilharam informa\u00e7\u00e3o e dinamizaram a\u00e7\u00f5es, n\u00e3o s\u00f3 junto da popula\u00e7\u00e3o escolar, mas tamb\u00e9m junto das fam\u00edlias e da comunidade, em temas como a efici\u00eancia energ\u00e9tica, literacia energ\u00e9tica, altera\u00e7\u00f5es clim\u00e1ticas e desenvolvimento sustent\u00e1vel.<\/p>\n\n\n\n<p class=\"wp-block-paragraph\">A autarquia deu nota que &#8220;o esp\u00edrito de equipa, criatividade e empenho foram not\u00f3rios, o que garantiu um lugar no p\u00f3dio TWIST, para esta equipa constitu\u00edda por 8 alunos da turma 10.\u00ba J, do curso T\u00e9cnico da Qualidade, liderada pela prof.\u00aa Gl\u00f3ria Esteves, Prof. Rui Carvalho e Prof. Serge Fernandes&#8221;.<\/p>\n\n\n\n<p class=\"wp-block-paragraph\">Ao longo das v\u00e1rias etapas que tiveram de desenvolver, &#8220;conseguiram atingir todos os objetivos propostos e ao mesmo tempo envolver o maior n\u00famero de pessoas diretamente, estabelecendo parcerias e indiretamente atrav\u00e9s da p\u00e1gina do Instagram &#8220;dar_vida_ao_planeta\u201d.<\/p>\n\n\n\n<p class=\"wp-block-paragraph\">A C\u00e2mara Municipal felicitou a equipa vencedora. A autarquia foi parceira, desde o in\u00edcio deste projeto, &#8220;destacando o excelente trabalho desenvolvido por esta equipa e a forma como envolveram a comunidade&#8221;.<\/p>\n\n\n\n<p class=\"wp-block-paragraph\">O empenho e a dedica\u00e7\u00e3o de todos na preserva\u00e7\u00e3o do meio ambiente &#8220;assume-se como uma responsabilidade c\u00edvica, sendo uma miss\u00e3o da autarquia estimular os mun\u00edcipes a envolverem-se na causa ambiental e a cumprirem esse dever&#8221;, disse ainda a autarquia.<\/p>\n","protected":false},"excerpt":{"rendered":"<p>Os alunos do Agrupamento de Arcos de Valdevez, sagraram-se vencedores, a n\u00edvel nacional, do projeto TWIST. O projeto TWIST, as \u201cEscolas em a\u00e7\u00e3o\u201d foi desenvolvido ao longo do ano letivo 2023\/2024, no total de cerca de 200 escolas, no concurso Energia em Movimento, tendo criado um movimento c\u00edvico em que os jovens partilharam informa\u00e7\u00e3o e [&hellip;]<\/p>\n","protected":false},"author":7,"featured_media":108796,"comment_status":"closed","ping_status":"closed","sticky":false,"template":"","format":"standard","meta":{"_exactmetrics_skip_tracking":false,"footnotes":""},"categories":[2],"tags":[22,27],"class_list":["post-108795","post","type-post","status-publish","format-standard","has-post-thumbnail","hentry","category-arcos-de-valdevez","tag-educacao","tag-sociedade"],"yoast_head":"<!-- This site is optimized with the Yoast SEO Premium plugin v28.3 (Yoast SEO v28.3) - https:\/\/yoast.com\/product\/yoast-seo-premium-wordpress\/ -->\n<title>Alunos do Agrupamento de Escolas de Valdevez s\u00e3o vencedores do projeto TWIST<\/title>\n<meta name=\"description\" content=\"Os alunos do Agrupamento de Escolas de Valdevez sagraram-se vencedores do projeto TWIST.\" \/>\n<meta name=\"robots\" content=\"index, follow, max-snippet:-1, max-image-preview:large, max-video-preview:-1\" \/>\n<link rel=\"canonical\" href=\"https:\/\/www.altominho.tv\/site\/2024\/07\/13\/arcos-de-valdevez-educacao-6\/\" \/>\n<meta property=\"og:locale\" content=\"pt_PT\" \/>\n<meta property=\"og:type\" content=\"article\" \/>\n<meta property=\"og:title\" content=\"Alunos do Agrupamento de Escolas de Valdevez s\u00e3o vencedores do projeto TWIST\" \/>\n<meta property=\"og:description\" content=\"Os alunos do Agrupamento de Escolas de Valdevez sagraram-se vencedores do projeto TWIST.\" \/>\n<meta property=\"og:url\" content=\"https:\/\/www.altominho.tv\/site\/2024\/07\/13\/arcos-de-valdevez-educacao-6\/\" \/>\n<meta property=\"og:site_name\" content=\"Altominho.tv\" \/>\n<meta property=\"article:publisher\" content=\"https:\/\/www.facebook.com\/altominhotv\" \/>\n<meta property=\"article:published_time\" content=\"2024-07-13T09:56:44+00:00\" \/>\n<meta property=\"article:modified_time\" content=\"2024-07-13T09:56:47+00:00\" \/>\n<meta property=\"og:image\" content=\"https:\/\/www.altominho.tv\/site\/wp-content\/uploads\/2024\/07\/projeto-twist-1-scaled.jpg\" \/>\n\t<meta property=\"og:image:width\" content=\"2560\" \/>\n\t<meta property=\"og:image:height\" content=\"1655\" \/>\n\t<meta property=\"og:image:type\" content=\"image\/jpeg\" \/>\n<meta name=\"author\" content=\"Andreia Cunha\" \/>\n<meta name=\"twitter:card\" content=\"summary_large_image\" \/>\n<meta name=\"twitter:creator\" content=\"@altominhoTV\" \/>\n<meta name=\"twitter:site\" content=\"@altominhoTV\" \/>\n<meta name=\"twitter:label1\" content=\"Escrito por\" \/>\n\t<meta name=\"twitter:data1\" content=\"Andreia Cunha\" \/>\n\t<meta name=\"twitter:label2\" content=\"Tempo estimado de leitura\" \/>\n\t<meta name=\"twitter:data2\" content=\"2 minutos\" \/>\n<script type=\"application\/ld+json\" class=\"yoast-schema-graph\">{\"@context\":\"https:\\\/\\\/schema.org\",\"@graph\":[{\"@type\":\"Article\",\"@id\":\"https:\\\/\\\/www.altominho.tv\\\/site\\\/2024\\\/07\\\/13\\\/arcos-de-valdevez-educacao-6\\\/#article\",\"isPartOf\":{\"@id\":\"https:\\\/\\\/www.altominho.tv\\\/site\\\/2024\\\/07\\\/13\\\/arcos-de-valdevez-educacao-6\\\/\"},\"author\":{\"name\":\"Andreia Cunha\",\"@id\":\"https:\\\/\\\/www.altominho.tv\\\/site\\\/#\\\/schema\\\/person\\\/a0e4ef6d041f98ca284393d8f1d97153\"},\"headline\":\"Alunos do Agrupamento de Escolas de Valdevez s\u00e3o vencedores do projeto TWIST\",\"datePublished\":\"2024-07-13T09:56:44+00:00\",\"dateModified\":\"2024-07-13T09:56:47+00:00\",\"mainEntityOfPage\":{\"@id\":\"https:\\\/\\\/www.altominho.tv\\\/site\\\/2024\\\/07\\\/13\\\/arcos-de-valdevez-educacao-6\\\/\"},\"wordCount\":284,\"image\":{\"@id\":\"https:\\\/\\\/www.altominho.tv\\\/site\\\/2024\\\/07\\\/13\\\/arcos-de-valdevez-educacao-6\\\/#primaryimage\"},\"thumbnailUrl\":\"https:\\\/\\\/www.altominho.tv\\\/site\\\/wp-content\\\/uploads\\\/2024\\\/07\\\/projeto-twist-1-scaled.jpg\",\"keywords\":[\"Educa\u00e7\u00e3o\",\"Sociedade\"],\"articleSection\":[\"Arcos de Valdevez\"],\"inLanguage\":\"pt-PT\",\"copyrightYear\":\"2024\",\"copyrightHolder\":{\"@id\":\"https:\\\/\\\/www.altominho.tv\\\/site\\\/#organization\"}},{\"@type\":\"WebPage\",\"@id\":\"https:\\\/\\\/www.altominho.tv\\\/site\\\/2024\\\/07\\\/13\\\/arcos-de-valdevez-educacao-6\\\/\",\"url\":\"https:\\\/\\\/www.altominho.tv\\\/site\\\/2024\\\/07\\\/13\\\/arcos-de-valdevez-educacao-6\\\/\",\"name\":\"Alunos do Agrupamento de Escolas de Valdevez s\u00e3o vencedores do projeto TWIST\",\"isPartOf\":{\"@id\":\"https:\\\/\\\/www.altominho.tv\\\/site\\\/#website\"},\"primaryImageOfPage\":{\"@id\":\"https:\\\/\\\/www.altominho.tv\\\/site\\\/2024\\\/07\\\/13\\\/arcos-de-valdevez-educacao-6\\\/#primaryimage\"},\"image\":{\"@id\":\"https:\\\/\\\/www.altominho.tv\\\/site\\\/2024\\\/07\\\/13\\\/arcos-de-valdevez-educacao-6\\\/#primaryimage\"},\"thumbnailUrl\":\"https:\\\/\\\/www.altominho.tv\\\/site\\\/wp-content\\\/uploads\\\/2024\\\/07\\\/projeto-twist-1-scaled.jpg\",\"datePublished\":\"2024-07-13T09:56:44+00:00\",\"dateModified\":\"2024-07-13T09:56:47+00:00\",\"author\":{\"@id\":\"https:\\\/\\\/www.altominho.tv\\\/site\\\/#\\\/schema\\\/person\\\/a0e4ef6d041f98ca284393d8f1d97153\"},\"description\":\"Os alunos do Agrupamento de Escolas de Valdevez sagraram-se vencedores do projeto TWIST.\",\"breadcrumb\":{\"@id\":\"https:\\\/\\\/www.altominho.tv\\\/site\\\/2024\\\/07\\\/13\\\/arcos-de-valdevez-educacao-6\\\/#breadcrumb\"},\"inLanguage\":\"pt-PT\",\"potentialAction\":[{\"@type\":\"ReadAction\",\"target\":[\"https:\\\/\\\/www.altominho.tv\\\/site\\\/2024\\\/07\\\/13\\\/arcos-de-valdevez-educacao-6\\\/\"]}]},{\"@type\":\"ImageObject\",\"inLanguage\":\"pt-PT\",\"@id\":\"https:\\\/\\\/www.altominho.tv\\\/site\\\/2024\\\/07\\\/13\\\/arcos-de-valdevez-educacao-6\\\/#primaryimage\",\"url\":\"https:\\\/\\\/www.altominho.tv\\\/site\\\/wp-content\\\/uploads\\\/2024\\\/07\\\/projeto-twist-1-scaled.jpg\",\"contentUrl\":\"https:\\\/\\\/www.altominho.tv\\\/site\\\/wp-content\\\/uploads\\\/2024\\\/07\\\/projeto-twist-1-scaled.jpg\",\"width\":2560,\"height\":1655},{\"@type\":\"BreadcrumbList\",\"@id\":\"https:\\\/\\\/www.altominho.tv\\\/site\\\/2024\\\/07\\\/13\\\/arcos-de-valdevez-educacao-6\\\/#breadcrumb\",\"itemListElement\":[{\"@type\":\"ListItem\",\"position\":1,\"name\":\"In\u00edcio\",\"item\":\"https:\\\/\\\/www.altominho.tv\\\/site\\\/\"},{\"@type\":\"ListItem\",\"position\":2,\"name\":\"Alunos do Agrupamento de Escolas de Valdevez s\u00e3o vencedores do projeto TWIST\"}]},{\"@type\":\"WebSite\",\"@id\":\"https:\\\/\\\/www.altominho.tv\\\/site\\\/#website\",\"url\":\"https:\\\/\\\/www.altominho.tv\\\/site\\\/\",\"name\":\"Altominho.tv\",\"description\":\"A sua regi\u00e3o \u00e0 dist\u00e2ncia de um clique...\",\"potentialAction\":[{\"@type\":\"SearchAction\",\"target\":{\"@type\":\"EntryPoint\",\"urlTemplate\":\"https:\\\/\\\/www.altominho.tv\\\/site\\\/?s={search_term_string}\"},\"query-input\":{\"@type\":\"PropertyValueSpecification\",\"valueRequired\":true,\"valueName\":\"search_term_string\"}}],\"inLanguage\":\"pt-PT\"},{\"@type\":\"Person\",\"@id\":\"https:\\\/\\\/www.altominho.tv\\\/site\\\/#\\\/schema\\\/person\\\/a0e4ef6d041f98ca284393d8f1d97153\",\"name\":\"Andreia Cunha\",\"image\":{\"@type\":\"ImageObject\",\"inLanguage\":\"pt-PT\",\"@id\":\"https:\\\/\\\/www.altominho.tv\\\/site\\\/wp-content\\\/uploads\\\/2017\\\/11\\\/Andreia_Cunha-1-150x150.jpg\",\"url\":\"https:\\\/\\\/www.altominho.tv\\\/site\\\/wp-content\\\/uploads\\\/2017\\\/11\\\/Andreia_Cunha-1-150x150.jpg\",\"contentUrl\":\"https:\\\/\\\/www.altominho.tv\\\/site\\\/wp-content\\\/uploads\\\/2017\\\/11\\\/Andreia_Cunha-1-150x150.jpg\",\"caption\":\"Andreia Cunha\"},\"url\":\"https:\\\/\\\/www.altominho.tv\\\/site\\\/author\\\/andreiacunha\\\/\"}]}<\/script>\n<!-- \/ Yoast SEO Premium plugin. -->","yoast_head_json":{"title":"Alunos do Agrupamento de Escolas de Valdevez s\u00e3o vencedores do projeto TWIST","description":"Os alunos do Agrupamento de Escolas de Valdevez sagraram-se vencedores do projeto TWIST.","robots":{"index":"index","follow":"follow","max-snippet":"max-snippet:-1","max-image-preview":"max-image-preview:large","max-video-preview":"max-video-preview:-1"},"canonical":"https:\/\/www.altominho.tv\/site\/2024\/07\/13\/arcos-de-valdevez-educacao-6\/","og_locale":"pt_PT","og_type":"article","og_title":"Alunos do Agrupamento de Escolas de Valdevez s\u00e3o vencedores do projeto TWIST","og_description":"Os alunos do Agrupamento de Escolas de Valdevez sagraram-se vencedores do projeto TWIST.","og_url":"https:\/\/www.altominho.tv\/site\/2024\/07\/13\/arcos-de-valdevez-educacao-6\/","og_site_name":"Altominho.tv","article_publisher":"https:\/\/www.facebook.com\/altominhotv","article_published_time":"2024-07-13T09:56:44+00:00","article_modified_time":"2024-07-13T09:56:47+00:00","og_image":[{"width":2560,"height":1655,"url":"https:\/\/www.altominho.tv\/site\/wp-content\/uploads\/2024\/07\/projeto-twist-1-scaled.jpg","type":"image\/jpeg"}],"author":"Andreia Cunha","twitter_card":"summary_large_image","twitter_creator":"@altominhoTV","twitter_site":"@altominhoTV","twitter_misc":{"Escrito por":"Andreia Cunha","Tempo estimado de leitura":"2 minutos"},"schema":{"@context":"https:\/\/schema.org","@graph":[{"@type":"Article","@id":"https:\/\/www.altominho.tv\/site\/2024\/07\/13\/arcos-de-valdevez-educacao-6\/#article","isPartOf":{"@id":"https:\/\/www.altominho.tv\/site\/2024\/07\/13\/arcos-de-valdevez-educacao-6\/"},"author":{"name":"Andreia Cunha","@id":"https:\/\/www.altominho.tv\/site\/#\/schema\/person\/a0e4ef6d041f98ca284393d8f1d97153"},"headline":"Alunos do Agrupamento de Escolas de Valdevez s\u00e3o vencedores do projeto TWIST","datePublished":"2024-07-13T09:56:44+00:00","dateModified":"2024-07-13T09:56:47+00:00","mainEntityOfPage":{"@id":"https:\/\/www.altominho.tv\/site\/2024\/07\/13\/arcos-de-valdevez-educacao-6\/"},"wordCount":284,"image":{"@id":"https:\/\/www.altominho.tv\/site\/2024\/07\/13\/arcos-de-valdevez-educacao-6\/#primaryimage"},"thumbnailUrl":"https:\/\/www.altominho.tv\/site\/wp-content\/uploads\/2024\/07\/projeto-twist-1-scaled.jpg","keywords":["Educa\u00e7\u00e3o","Sociedade"],"articleSection":["Arcos de Valdevez"],"inLanguage":"pt-PT","copyrightYear":"2024","copyrightHolder":{"@id":"https:\/\/www.altominho.tv\/site\/#organization"}},{"@type":"WebPage","@id":"https:\/\/www.altominho.tv\/site\/2024\/07\/13\/arcos-de-valdevez-educacao-6\/","url":"https:\/\/www.altominho.tv\/site\/2024\/07\/13\/arcos-de-valdevez-educacao-6\/","name":"Alunos do Agrupamento de Escolas de Valdevez s\u00e3o vencedores do projeto TWIST","isPartOf":{"@id":"https:\/\/www.altominho.tv\/site\/#website"},"primaryImageOfPage":{"@id":"https:\/\/www.altominho.tv\/site\/2024\/07\/13\/arcos-de-valdevez-educacao-6\/#primaryimage"},"image":{"@id":"https:\/\/www.altominho.tv\/site\/2024\/07\/13\/arcos-de-valdevez-educacao-6\/#primaryimage"},"thumbnailUrl":"https:\/\/www.altominho.tv\/site\/wp-content\/uploads\/2024\/07\/projeto-twist-1-scaled.jpg","datePublished":"2024-07-13T09:56:44+00:00","dateModified":"2024-07-13T09:56:47+00:00","author":{"@id":"https:\/\/www.altominho.tv\/site\/#\/schema\/person\/a0e4ef6d041f98ca284393d8f1d97153"},"description":"Os alunos do Agrupamento de Escolas de Valdevez sagraram-se vencedores do projeto TWIST.","breadcrumb":{"@id":"https:\/\/www.altominho.tv\/site\/2024\/07\/13\/arcos-de-valdevez-educacao-6\/#breadcrumb"},"inLanguage":"pt-PT","potentialAction":[{"@type":"ReadAction","target":["https:\/\/www.altominho.tv\/site\/2024\/07\/13\/arcos-de-valdevez-educacao-6\/"]}]},{"@type":"ImageObject","inLanguage":"pt-PT","@id":"https:\/\/www.altominho.tv\/site\/2024\/07\/13\/arcos-de-valdevez-educacao-6\/#primaryimage","url":"https:\/\/www.altominho.tv\/site\/wp-content\/uploads\/2024\/07\/projeto-twist-1-scaled.jpg","contentUrl":"https:\/\/www.altominho.tv\/site\/wp-content\/uploads\/2024\/07\/projeto-twist-1-scaled.jpg","width":2560,"height":1655},{"@type":"BreadcrumbList","@id":"https:\/\/www.altominho.tv\/site\/2024\/07\/13\/arcos-de-valdevez-educacao-6\/#breadcrumb","itemListElement":[{"@type":"ListItem","position":1,"name":"In\u00edcio","item":"https:\/\/www.altominho.tv\/site\/"},{"@type":"ListItem","position":2,"name":"Alunos do Agrupamento de Escolas de Valdevez s\u00e3o vencedores do projeto TWIST"}]},{"@type":"WebSite","@id":"https:\/\/www.altominho.tv\/site\/#website","url":"https:\/\/www.altominho.tv\/site\/","name":"Altominho.tv","description":"A sua regi\u00e3o \u00e0 dist\u00e2ncia de um clique...","potentialAction":[{"@type":"SearchAction","target":{"@type":"EntryPoint","urlTemplate":"https:\/\/www.altominho.tv\/site\/?s={search_term_string}"},"query-input":{"@type":"PropertyValueSpecification","valueRequired":true,"valueName":"search_term_string"}}],"inLanguage":"pt-PT"},{"@type":"Person","@id":"https:\/\/www.altominho.tv\/site\/#\/schema\/person\/a0e4ef6d041f98ca284393d8f1d97153","name":"Andreia Cunha","image":{"@type":"ImageObject","inLanguage":"pt-PT","@id":"https:\/\/www.altominho.tv\/site\/wp-content\/uploads\/2017\/11\/Andreia_Cunha-1-150x150.jpg","url":"https:\/\/www.altominho.tv\/site\/wp-content\/uploads\/2017\/11\/Andreia_Cunha-1-150x150.jpg","contentUrl":"https:\/\/www.altominho.tv\/site\/wp-content\/uploads\/2017\/11\/Andreia_Cunha-1-150x150.jpg","caption":"Andreia Cunha"},"url":"https:\/\/www.altominho.tv\/site\/author\/andreiacunha\/"}]}},"_links":{"self":[{"href":"https:\/\/www.altominho.tv\/site\/wp-json\/wp\/v2\/posts\/108795","targetHints":{"allow":["GET"]}}],"collection":[{"href":"https:\/\/www.altominho.tv\/site\/wp-json\/wp\/v2\/posts"}],"about":[{"href":"https:\/\/www.altominho.tv\/site\/wp-json\/wp\/v2\/types\/post"}],"author":[{"embeddable":true,"href":"https:\/\/www.altominho.tv\/site\/wp-json\/wp\/v2\/users\/7"}],"replies":[{"embeddable":true,"href":"https:\/\/www.altominho.tv\/site\/wp-json\/wp\/v2\/comments?post=108795"}],"version-history":[{"count":1,"href":"https:\/\/www.altominho.tv\/site\/wp-json\/wp\/v2\/posts\/108795\/revisions"}],"predecessor-version":[{"id":108797,"href":"https:\/\/www.altominho.tv\/site\/wp-json\/wp\/v2\/posts\/108795\/revisions\/108797"}],"wp:featuredmedia":[{"embeddable":true,"href":"https:\/\/www.altominho.tv\/site\/wp-json\/wp\/v2\/media\/108796"}],"wp:attachment":[{"href":"https:\/\/www.altominho.tv\/site\/wp-json\/wp\/v2\/media?parent=108795"}],"wp:term":[{"taxonomy":"category","embeddable":true,"href":"https:\/\/www.altominho.tv\/site\/wp-json\/wp\/v2\/categories?post=108795"},{"taxonomy":"post_tag","embeddable":true,"href":"https:\/\/www.altominho.tv\/site\/wp-json\/wp\/v2\/tags?post=108795"}],"curies":[{"name":"wp","href":"https:\/\/api.w.org\/{rel}","templated":true}]}}