{"id":108773,"date":"2024-07-12T11:04:13","date_gmt":"2024-07-12T10:04:13","guid":{"rendered":"https:\/\/www.altominho.tv\/site\/?p=108773"},"modified":"2024-07-12T11:04:16","modified_gmt":"2024-07-12T10:04:16","slug":"escola-publica-com-melhor-media-no-alto-minho-foi-a-de-cerveira","status":"publish","type":"post","link":"https:\/\/www.altominho.tv\/site\/2024\/07\/12\/escola-publica-com-melhor-media-no-alto-minho-foi-a-de-cerveira\/","title":{"rendered":"Escola P\u00fablica com melhor m\u00e9dia no Alto Minho foi a de Cerveira"},"content":{"rendered":"<p>A Escola B\u00e1sica e Secund\u00e1ria de Vila Nova de Cerveira foi a escola p\u00fablica com melhores resultados m\u00e9dios nos exames nacionais no Alto Minho, classificando-se em 63.\u00ba lugar ao n\u00edvel nacional.<\/p>\n<p>Numa lista que ordena os 500 estabelecimentos de ensino p\u00fablico e privado com mais de 100 provas realizadas no ano passado, os col\u00e9gios voltam a ocupar os primeiros lugares tendo em conta a m\u00e9dia obtida nos exames nacionais do secund\u00e1rio.<\/p>\n<p>De acordo com o ranking das escolas portuguesas do secund\u00e1rio e ensino b\u00e1sico, divulgado pelo Minist\u00e9rio da Educa\u00e7\u00e3o e elaborado de acordo com os crit\u00e9rios definidos pelo<em> Jornal de Not\u00edcias<\/em>, \u00a0o Col\u00e9gio do Minho (Privado) surge em primeiro lugar (24\u00ba ranking geral) no Alto Minho,\u00a0 com uma m\u00e9dia de 14.54, enquanto a Escola B\u00e1sica e Secund\u00e1ria de Vila Nova de Cerveira (P\u00fablico) surge na 2\u00aa posi\u00e7\u00e3o no distrito, com 13.24.<\/p>\n<p>O Col\u00e9gio Efanor (PRI), de Matosinhos, volta a liderar a tabela ao n\u00edvel nacional, com uma m\u00e9dia de 16.76.<\/p>\n<p>A Escola B\u00e1sica e Secund\u00e1ria de Vila Nova de Cerveira registou uma tremenda subida em rela\u00e7\u00e3o ao \u00faltimo ano lectivo, passando do 425\u00ba lugar para o 63\u00ba do ranking nacional.<\/p>\n<p>&#8220;Parab\u00e9ns para todos os alunos e encarregados de educa\u00e7\u00e3o, em especial para os nossos docentes, n\u00e3o docentes e todos os nossos parceiros, isto \u00e9 fruto do trabalho de todos e em &#8220;equipa&#8221;, afirma Venceslau Teixeira, diretor do Agrupamento de Escolas de Vila Nova de Cerveira.<\/p>\n<p>Segue-se a Escola B\u00e1sica e Secund\u00e1ria de Arcozelo (66\u00ba geral), com 13.19, a Escola B\u00e1sica e Secund\u00e1ria de Barroselas (74\u00ba geral), com 13,03,\u00a0 a Escola Secund\u00e1ria de Santa Maria Maior (107\u00ba geral), com 12.73, a Escola Secund\u00e1ria de Ponte de Lima (108\u00ba geral), com 12.72, a Escola B\u00e1sica e Secund\u00e1ria de Valdevez (158\u00ba geral), com 12.32, a Escola B\u00e1sica e Secund\u00e1ria de Caminha (163\u00ba geral), com 12.28, a Escola Secund\u00e1ria de Mon\u00e7\u00e3o (175\u00ba geral),\u00a0 com\u00a0 12.23, a\u00a0 Escola Secund\u00e1ria de Ponte da Barca (189\u00ba geral), com 12.17, e a Escola Secund\u00e1ria de Monserrate (199\u00ba geral), com 12.12.<\/p>\n<p>Dentro destes resultados no Alto Minho, destaque para as subidas no ranking nacional da Escola B\u00e1sica e Secund\u00e1ria de Arcozelo (262\u00ba &#8211; 66\u00ba), da Escola Secund\u00e1ria de Mon\u00e7\u00e3o (365\u00ba &#8211; 175\u00ba) e da Escola Secund\u00e1ria de Ponte da Barca (430\u00ba &#8211; 189\u00ba).<\/p>\n","protected":false},"excerpt":{"rendered":"<p>A Escola B\u00e1sica e Secund\u00e1ria de Vila Nova de Cerveira foi a escola p\u00fablica com melhores resultados m\u00e9dios nos exames nacionais no Alto Minho, classificando-se em 63.\u00ba lugar ao n\u00edvel nacional. Numa lista que ordena os 500 estabelecimentos de ensino p\u00fablico e privado com mais de 100 provas realizadas no ano passado, os col\u00e9gios voltam [&hellip;]<\/p>\n","protected":false},"author":1,"featured_media":93417,"comment_status":"closed","ping_status":"closed","sticky":false,"template":"","format":"standard","meta":{"_exactmetrics_skip_tracking":false,"_exactmetrics_sitenote_active":false,"_exactmetrics_sitenote_note":"","_exactmetrics_sitenote_category":0,"footnotes":""},"categories":[73],"tags":[22],"class_list":["post-108773","post","type-post","status-publish","format-standard","has-post-thumbnail","hentry","category-alto-minho","tag-educacao"],"yoast_head":"<!-- This site is optimized with the Yoast SEO Premium plugin v27.5 (Yoast SEO v27.5) - https:\/\/yoast.com\/product\/yoast-seo-premium-wordpress\/ -->\n<title>Escola P\u00fablica com melhor m\u00e9dia no Alto Minho foi a de Cerveira<\/title>\n<meta name=\"description\" content=\"A Escola B\u00e1sica e Secund\u00e1ria de Vila Nova de Cerveira foi a escola p\u00fablica com melhores resultados m\u00e9dios nos exames nacionais no Alto Minho, classificando-se em 63.\u00ba lugar ao n\u00edvel nacional.\u00a0\" \/>\n<meta name=\"robots\" content=\"index, follow, max-snippet:-1, max-image-preview:large, max-video-preview:-1\" \/>\n<link rel=\"canonical\" href=\"https:\/\/www.altominho.tv\/site\/2024\/07\/12\/escola-publica-com-melhor-media-no-alto-minho-foi-a-de-cerveira\/\" \/>\n<meta property=\"og:locale\" content=\"pt_PT\" \/>\n<meta property=\"og:type\" content=\"article\" \/>\n<meta property=\"og:title\" content=\"Escola P\u00fablica com melhor m\u00e9dia no Alto Minho foi a de Cerveira\" \/>\n<meta property=\"og:description\" content=\"A Escola B\u00e1sica e Secund\u00e1ria de Vila Nova de Cerveira foi a escola p\u00fablica com melhores resultados m\u00e9dios nos exames nacionais no Alto Minho, classificando-se em 63.\u00ba lugar ao n\u00edvel nacional.\u00a0\" \/>\n<meta property=\"og:url\" content=\"https:\/\/www.altominho.tv\/site\/2024\/07\/12\/escola-publica-com-melhor-media-no-alto-minho-foi-a-de-cerveira\/\" \/>\n<meta property=\"og:site_name\" content=\"Altominho.tv\" \/>\n<meta property=\"article:publisher\" content=\"https:\/\/www.facebook.com\/altominhotv\" \/>\n<meta property=\"article:published_time\" content=\"2024-07-12T10:04:13+00:00\" \/>\n<meta property=\"article:modified_time\" content=\"2024-07-12T10:04:16+00:00\" \/>\n<meta property=\"og:image\" content=\"https:\/\/www.altominho.tv\/site\/wp-content\/uploads\/2023\/06\/exames.jpeg\" \/>\n\t<meta property=\"og:image:width\" content=\"1920\" \/>\n\t<meta property=\"og:image:height\" content=\"1080\" \/>\n\t<meta property=\"og:image:type\" content=\"image\/jpeg\" \/>\n<meta name=\"author\" content=\"Altominho.tv\" \/>\n<meta name=\"twitter:card\" content=\"summary_large_image\" \/>\n<meta name=\"twitter:creator\" content=\"@altominhoTV\" \/>\n<meta name=\"twitter:site\" content=\"@altominhoTV\" \/>\n<meta name=\"twitter:label1\" content=\"Escrito por\" \/>\n\t<meta name=\"twitter:data1\" content=\"Altominho.tv\" \/>\n\t<meta name=\"twitter:label2\" content=\"Tempo estimado de leitura\" \/>\n\t<meta name=\"twitter:data2\" content=\"3 minutos\" \/>\n<script type=\"application\/ld+json\" class=\"yoast-schema-graph\">{\"@context\":\"https:\\\/\\\/schema.org\",\"@graph\":[{\"@type\":\"Article\",\"@id\":\"https:\\\/\\\/www.altominho.tv\\\/site\\\/2024\\\/07\\\/12\\\/escola-publica-com-melhor-media-no-alto-minho-foi-a-de-cerveira\\\/#article\",\"isPartOf\":{\"@id\":\"https:\\\/\\\/www.altominho.tv\\\/site\\\/2024\\\/07\\\/12\\\/escola-publica-com-melhor-media-no-alto-minho-foi-a-de-cerveira\\\/\"},\"author\":{\"name\":\"Altominho.tv\",\"@id\":\"https:\\\/\\\/www.altominho.tv\\\/site\\\/#\\\/schema\\\/person\\\/4e536851627d7914baf3dac752b6af22\"},\"headline\":\"Escola P\u00fablica com melhor m\u00e9dia no Alto Minho foi a de Cerveira\",\"datePublished\":\"2024-07-12T10:04:13+00:00\",\"dateModified\":\"2024-07-12T10:04:16+00:00\",\"mainEntityOfPage\":{\"@id\":\"https:\\\/\\\/www.altominho.tv\\\/site\\\/2024\\\/07\\\/12\\\/escola-publica-com-melhor-media-no-alto-minho-foi-a-de-cerveira\\\/\"},\"wordCount\":402,\"image\":{\"@id\":\"https:\\\/\\\/www.altominho.tv\\\/site\\\/2024\\\/07\\\/12\\\/escola-publica-com-melhor-media-no-alto-minho-foi-a-de-cerveira\\\/#primaryimage\"},\"thumbnailUrl\":\"https:\\\/\\\/www.altominho.tv\\\/site\\\/wp-content\\\/uploads\\\/2023\\\/06\\\/exames.jpeg\",\"keywords\":[\"Educa\u00e7\u00e3o\"],\"articleSection\":[\"Alto Minho\"],\"inLanguage\":\"pt-PT\",\"copyrightYear\":\"2024\",\"copyrightHolder\":{\"@id\":\"https:\\\/\\\/www.altominho.tv\\\/site\\\/#organization\"}},{\"@type\":\"WebPage\",\"@id\":\"https:\\\/\\\/www.altominho.tv\\\/site\\\/2024\\\/07\\\/12\\\/escola-publica-com-melhor-media-no-alto-minho-foi-a-de-cerveira\\\/\",\"url\":\"https:\\\/\\\/www.altominho.tv\\\/site\\\/2024\\\/07\\\/12\\\/escola-publica-com-melhor-media-no-alto-minho-foi-a-de-cerveira\\\/\",\"name\":\"Escola P\u00fablica com melhor m\u00e9dia no Alto Minho foi a de Cerveira\",\"isPartOf\":{\"@id\":\"https:\\\/\\\/www.altominho.tv\\\/site\\\/#website\"},\"primaryImageOfPage\":{\"@id\":\"https:\\\/\\\/www.altominho.tv\\\/site\\\/2024\\\/07\\\/12\\\/escola-publica-com-melhor-media-no-alto-minho-foi-a-de-cerveira\\\/#primaryimage\"},\"image\":{\"@id\":\"https:\\\/\\\/www.altominho.tv\\\/site\\\/2024\\\/07\\\/12\\\/escola-publica-com-melhor-media-no-alto-minho-foi-a-de-cerveira\\\/#primaryimage\"},\"thumbnailUrl\":\"https:\\\/\\\/www.altominho.tv\\\/site\\\/wp-content\\\/uploads\\\/2023\\\/06\\\/exames.jpeg\",\"datePublished\":\"2024-07-12T10:04:13+00:00\",\"dateModified\":\"2024-07-12T10:04:16+00:00\",\"author\":{\"@id\":\"https:\\\/\\\/www.altominho.tv\\\/site\\\/#\\\/schema\\\/person\\\/4e536851627d7914baf3dac752b6af22\"},\"description\":\"A Escola B\u00e1sica e Secund\u00e1ria de Vila Nova de Cerveira foi a escola p\u00fablica com melhores resultados m\u00e9dios nos exames nacionais no Alto Minho, classificando-se em 63.\u00ba lugar ao n\u00edvel nacional.\u00a0\",\"breadcrumb\":{\"@id\":\"https:\\\/\\\/www.altominho.tv\\\/site\\\/2024\\\/07\\\/12\\\/escola-publica-com-melhor-media-no-alto-minho-foi-a-de-cerveira\\\/#breadcrumb\"},\"inLanguage\":\"pt-PT\",\"potentialAction\":[{\"@type\":\"ReadAction\",\"target\":[\"https:\\\/\\\/www.altominho.tv\\\/site\\\/2024\\\/07\\\/12\\\/escola-publica-com-melhor-media-no-alto-minho-foi-a-de-cerveira\\\/\"]}]},{\"@type\":\"ImageObject\",\"inLanguage\":\"pt-PT\",\"@id\":\"https:\\\/\\\/www.altominho.tv\\\/site\\\/2024\\\/07\\\/12\\\/escola-publica-com-melhor-media-no-alto-minho-foi-a-de-cerveira\\\/#primaryimage\",\"url\":\"https:\\\/\\\/www.altominho.tv\\\/site\\\/wp-content\\\/uploads\\\/2023\\\/06\\\/exames.jpeg\",\"contentUrl\":\"https:\\\/\\\/www.altominho.tv\\\/site\\\/wp-content\\\/uploads\\\/2023\\\/06\\\/exames.jpeg\",\"width\":1920,\"height\":1080},{\"@type\":\"BreadcrumbList\",\"@id\":\"https:\\\/\\\/www.altominho.tv\\\/site\\\/2024\\\/07\\\/12\\\/escola-publica-com-melhor-media-no-alto-minho-foi-a-de-cerveira\\\/#breadcrumb\",\"itemListElement\":[{\"@type\":\"ListItem\",\"position\":1,\"name\":\"In\u00edcio\",\"item\":\"https:\\\/\\\/www.altominho.tv\\\/site\\\/\"},{\"@type\":\"ListItem\",\"position\":2,\"name\":\"Escola P\u00fablica com melhor m\u00e9dia no Alto Minho foi a de Cerveira\"}]},{\"@type\":\"WebSite\",\"@id\":\"https:\\\/\\\/www.altominho.tv\\\/site\\\/#website\",\"url\":\"https:\\\/\\\/www.altominho.tv\\\/site\\\/\",\"name\":\"Altominho.tv\",\"description\":\"A sua regi\u00e3o \u00e0 dist\u00e2ncia de um clique...\",\"potentialAction\":[{\"@type\":\"SearchAction\",\"target\":{\"@type\":\"EntryPoint\",\"urlTemplate\":\"https:\\\/\\\/www.altominho.tv\\\/site\\\/?s={search_term_string}\"},\"query-input\":{\"@type\":\"PropertyValueSpecification\",\"valueRequired\":true,\"valueName\":\"search_term_string\"}}],\"inLanguage\":\"pt-PT\"},{\"@type\":\"Person\",\"@id\":\"https:\\\/\\\/www.altominho.tv\\\/site\\\/#\\\/schema\\\/person\\\/4e536851627d7914baf3dac752b6af22\",\"name\":\"Altominho.tv\",\"image\":{\"@type\":\"ImageObject\",\"inLanguage\":\"pt-PT\",\"@id\":\"https:\\\/\\\/www.altominho.tv\\\/site\\\/wp-content\\\/uploads\\\/2019\\\/11\\\/Logo_Avatar_2-150x150.jpg\",\"url\":\"https:\\\/\\\/www.altominho.tv\\\/site\\\/wp-content\\\/uploads\\\/2019\\\/11\\\/Logo_Avatar_2-150x150.jpg\",\"contentUrl\":\"https:\\\/\\\/www.altominho.tv\\\/site\\\/wp-content\\\/uploads\\\/2019\\\/11\\\/Logo_Avatar_2-150x150.jpg\",\"caption\":\"Altominho.tv\"},\"url\":\"https:\\\/\\\/www.altominho.tv\\\/site\\\/author\\\/altominhotv-tecnico\\\/\"}]}<\/script>\n<!-- \/ Yoast SEO Premium plugin. -->","yoast_head_json":{"title":"Escola P\u00fablica com melhor m\u00e9dia no Alto Minho foi a de Cerveira","description":"A Escola B\u00e1sica e Secund\u00e1ria de Vila Nova de Cerveira foi a escola p\u00fablica com melhores resultados m\u00e9dios nos exames nacionais no Alto Minho, classificando-se em 63.\u00ba lugar ao n\u00edvel nacional.\u00a0","robots":{"index":"index","follow":"follow","max-snippet":"max-snippet:-1","max-image-preview":"max-image-preview:large","max-video-preview":"max-video-preview:-1"},"canonical":"https:\/\/www.altominho.tv\/site\/2024\/07\/12\/escola-publica-com-melhor-media-no-alto-minho-foi-a-de-cerveira\/","og_locale":"pt_PT","og_type":"article","og_title":"Escola P\u00fablica com melhor m\u00e9dia no Alto Minho foi a de Cerveira","og_description":"A Escola B\u00e1sica e Secund\u00e1ria de Vila Nova de Cerveira foi a escola p\u00fablica com melhores resultados m\u00e9dios nos exames nacionais no Alto Minho, classificando-se em 63.\u00ba lugar ao n\u00edvel nacional.\u00a0","og_url":"https:\/\/www.altominho.tv\/site\/2024\/07\/12\/escola-publica-com-melhor-media-no-alto-minho-foi-a-de-cerveira\/","og_site_name":"Altominho.tv","article_publisher":"https:\/\/www.facebook.com\/altominhotv","article_published_time":"2024-07-12T10:04:13+00:00","article_modified_time":"2024-07-12T10:04:16+00:00","og_image":[{"width":1920,"height":1080,"url":"https:\/\/www.altominho.tv\/site\/wp-content\/uploads\/2023\/06\/exames.jpeg","type":"image\/jpeg"}],"author":"Altominho.tv","twitter_card":"summary_large_image","twitter_creator":"@altominhoTV","twitter_site":"@altominhoTV","twitter_misc":{"Escrito por":"Altominho.tv","Tempo estimado de leitura":"3 minutos"},"schema":{"@context":"https:\/\/schema.org","@graph":[{"@type":"Article","@id":"https:\/\/www.altominho.tv\/site\/2024\/07\/12\/escola-publica-com-melhor-media-no-alto-minho-foi-a-de-cerveira\/#article","isPartOf":{"@id":"https:\/\/www.altominho.tv\/site\/2024\/07\/12\/escola-publica-com-melhor-media-no-alto-minho-foi-a-de-cerveira\/"},"author":{"name":"Altominho.tv","@id":"https:\/\/www.altominho.tv\/site\/#\/schema\/person\/4e536851627d7914baf3dac752b6af22"},"headline":"Escola P\u00fablica com melhor m\u00e9dia no Alto Minho foi a de Cerveira","datePublished":"2024-07-12T10:04:13+00:00","dateModified":"2024-07-12T10:04:16+00:00","mainEntityOfPage":{"@id":"https:\/\/www.altominho.tv\/site\/2024\/07\/12\/escola-publica-com-melhor-media-no-alto-minho-foi-a-de-cerveira\/"},"wordCount":402,"image":{"@id":"https:\/\/www.altominho.tv\/site\/2024\/07\/12\/escola-publica-com-melhor-media-no-alto-minho-foi-a-de-cerveira\/#primaryimage"},"thumbnailUrl":"https:\/\/www.altominho.tv\/site\/wp-content\/uploads\/2023\/06\/exames.jpeg","keywords":["Educa\u00e7\u00e3o"],"articleSection":["Alto Minho"],"inLanguage":"pt-PT","copyrightYear":"2024","copyrightHolder":{"@id":"https:\/\/www.altominho.tv\/site\/#organization"}},{"@type":"WebPage","@id":"https:\/\/www.altominho.tv\/site\/2024\/07\/12\/escola-publica-com-melhor-media-no-alto-minho-foi-a-de-cerveira\/","url":"https:\/\/www.altominho.tv\/site\/2024\/07\/12\/escola-publica-com-melhor-media-no-alto-minho-foi-a-de-cerveira\/","name":"Escola P\u00fablica com melhor m\u00e9dia no Alto Minho foi a de Cerveira","isPartOf":{"@id":"https:\/\/www.altominho.tv\/site\/#website"},"primaryImageOfPage":{"@id":"https:\/\/www.altominho.tv\/site\/2024\/07\/12\/escola-publica-com-melhor-media-no-alto-minho-foi-a-de-cerveira\/#primaryimage"},"image":{"@id":"https:\/\/www.altominho.tv\/site\/2024\/07\/12\/escola-publica-com-melhor-media-no-alto-minho-foi-a-de-cerveira\/#primaryimage"},"thumbnailUrl":"https:\/\/www.altominho.tv\/site\/wp-content\/uploads\/2023\/06\/exames.jpeg","datePublished":"2024-07-12T10:04:13+00:00","dateModified":"2024-07-12T10:04:16+00:00","author":{"@id":"https:\/\/www.altominho.tv\/site\/#\/schema\/person\/4e536851627d7914baf3dac752b6af22"},"description":"A Escola B\u00e1sica e Secund\u00e1ria de Vila Nova de Cerveira foi a escola p\u00fablica com melhores resultados m\u00e9dios nos exames nacionais no Alto Minho, classificando-se em 63.\u00ba lugar ao n\u00edvel nacional.\u00a0","breadcrumb":{"@id":"https:\/\/www.altominho.tv\/site\/2024\/07\/12\/escola-publica-com-melhor-media-no-alto-minho-foi-a-de-cerveira\/#breadcrumb"},"inLanguage":"pt-PT","potentialAction":[{"@type":"ReadAction","target":["https:\/\/www.altominho.tv\/site\/2024\/07\/12\/escola-publica-com-melhor-media-no-alto-minho-foi-a-de-cerveira\/"]}]},{"@type":"ImageObject","inLanguage":"pt-PT","@id":"https:\/\/www.altominho.tv\/site\/2024\/07\/12\/escola-publica-com-melhor-media-no-alto-minho-foi-a-de-cerveira\/#primaryimage","url":"https:\/\/www.altominho.tv\/site\/wp-content\/uploads\/2023\/06\/exames.jpeg","contentUrl":"https:\/\/www.altominho.tv\/site\/wp-content\/uploads\/2023\/06\/exames.jpeg","width":1920,"height":1080},{"@type":"BreadcrumbList","@id":"https:\/\/www.altominho.tv\/site\/2024\/07\/12\/escola-publica-com-melhor-media-no-alto-minho-foi-a-de-cerveira\/#breadcrumb","itemListElement":[{"@type":"ListItem","position":1,"name":"In\u00edcio","item":"https:\/\/www.altominho.tv\/site\/"},{"@type":"ListItem","position":2,"name":"Escola P\u00fablica com melhor m\u00e9dia no Alto Minho foi a de Cerveira"}]},{"@type":"WebSite","@id":"https:\/\/www.altominho.tv\/site\/#website","url":"https:\/\/www.altominho.tv\/site\/","name":"Altominho.tv","description":"A sua regi\u00e3o \u00e0 dist\u00e2ncia de um clique...","potentialAction":[{"@type":"SearchAction","target":{"@type":"EntryPoint","urlTemplate":"https:\/\/www.altominho.tv\/site\/?s={search_term_string}"},"query-input":{"@type":"PropertyValueSpecification","valueRequired":true,"valueName":"search_term_string"}}],"inLanguage":"pt-PT"},{"@type":"Person","@id":"https:\/\/www.altominho.tv\/site\/#\/schema\/person\/4e536851627d7914baf3dac752b6af22","name":"Altominho.tv","image":{"@type":"ImageObject","inLanguage":"pt-PT","@id":"https:\/\/www.altominho.tv\/site\/wp-content\/uploads\/2019\/11\/Logo_Avatar_2-150x150.jpg","url":"https:\/\/www.altominho.tv\/site\/wp-content\/uploads\/2019\/11\/Logo_Avatar_2-150x150.jpg","contentUrl":"https:\/\/www.altominho.tv\/site\/wp-content\/uploads\/2019\/11\/Logo_Avatar_2-150x150.jpg","caption":"Altominho.tv"},"url":"https:\/\/www.altominho.tv\/site\/author\/altominhotv-tecnico\/"}]}},"_links":{"self":[{"href":"https:\/\/www.altominho.tv\/site\/wp-json\/wp\/v2\/posts\/108773","targetHints":{"allow":["GET"]}}],"collection":[{"href":"https:\/\/www.altominho.tv\/site\/wp-json\/wp\/v2\/posts"}],"about":[{"href":"https:\/\/www.altominho.tv\/site\/wp-json\/wp\/v2\/types\/post"}],"author":[{"embeddable":true,"href":"https:\/\/www.altominho.tv\/site\/wp-json\/wp\/v2\/users\/1"}],"replies":[{"embeddable":true,"href":"https:\/\/www.altominho.tv\/site\/wp-json\/wp\/v2\/comments?post=108773"}],"version-history":[{"count":1,"href":"https:\/\/www.altominho.tv\/site\/wp-json\/wp\/v2\/posts\/108773\/revisions"}],"predecessor-version":[{"id":108774,"href":"https:\/\/www.altominho.tv\/site\/wp-json\/wp\/v2\/posts\/108773\/revisions\/108774"}],"wp:featuredmedia":[{"embeddable":true,"href":"https:\/\/www.altominho.tv\/site\/wp-json\/wp\/v2\/media\/93417"}],"wp:attachment":[{"href":"https:\/\/www.altominho.tv\/site\/wp-json\/wp\/v2\/media?parent=108773"}],"wp:term":[{"taxonomy":"category","embeddable":true,"href":"https:\/\/www.altominho.tv\/site\/wp-json\/wp\/v2\/categories?post=108773"},{"taxonomy":"post_tag","embeddable":true,"href":"https:\/\/www.altominho.tv\/site\/wp-json\/wp\/v2\/tags?post=108773"}],"curies":[{"name":"wp","href":"https:\/\/api.w.org\/{rel}","templated":true}]}}