{"id":108633,"date":"2024-07-08T14:27:17","date_gmt":"2024-07-08T13:27:17","guid":{"rendered":"https:\/\/www.altominho.tv\/site\/?p=108633"},"modified":"2024-07-08T14:27:19","modified_gmt":"2024-07-08T13:27:19","slug":"empresarios-apoios-minho-governo","status":"publish","type":"post","link":"https:\/\/www.altominho.tv\/site\/2024\/07\/08\/empresarios-apoios-minho-governo\/","title":{"rendered":"Empres\u00e1rios do Minho pedem ao Governo mais medidas de apoio \u00e0 economia"},"content":{"rendered":"\n<p>A Confedera\u00e7\u00e3o Empresarial do Minho (Confminho) pediu hoje ao Governo mais medidas de apoio \u00e0 economia, nomeadamente para as pequenas e m\u00e9dias empresas (PME), que constituem \u201cgrande percentagem do tecido empresarial\u201d da regi\u00e3o.<\/p>\n\n\n\n<p>\u201cNo Conselho de Ministros de quinta-feira, o Governo aprovou o programa Acelerar a Economia, com 60 medidas de apoio \u00e0s empresas e \u00e0 economia\u201d, mas a Confminho refere, em comunicado, que as propostas \u201cficam aqu\u00e9m do desejado\u201d.<\/p>\n\n\n\n<p>Afirmando que o programa \u00e9, \u201cna generalidade, positivo\u201d, o presidente da Confminho, Lu\u00eds Ceia, lamentou que o apoio \u00e0s PME&#8217;s, grande percentagem do tecido empresarial do Minho, tenha ficado \u201caqu\u00e9m do expect\u00e1vel\u201d.<\/p>\n\n\n\n<p>A confedera\u00e7\u00e3o alerta ainda que \u201co peso do com\u00e9rcio e servi\u00e7os nas medidas aprovadas, quando comparadas, por exemplo, com as aprovadas para o setor do turismo, \u00e9 quase insignificante\u201d.<\/p>\n\n\n\n<p>\u201cImpunham-se, tamb\u00e9m, medidas que induzissem redu\u00e7\u00f5es nos custos de contexto, nomeadamente os que resultam da burocracia associada \u00e0 intera\u00e7\u00e3o das empresas com a administra\u00e7\u00e3o p\u00fablica e que afetam muito em particular o funcionamento das PME\u201d, disse o presidente da Confminho.<\/p>\n\n\n\n<p>Para Lu\u00eds Ceia, \u201co Governo tem demonstrado uma preocupa\u00e7\u00e3o com a economia, sendo no entanto necess\u00e1rio que a mesma se expanda a todas as empresas, independentemente da sua dimens\u00e3o\u201d.<\/p>\n\n\n\n<p>O respons\u00e1vel destacou como positiva \u201ca redu\u00e7\u00e3o progressiva do IRC, reivindica\u00e7\u00e3o h\u00e1 muito reclamada por esta confedera\u00e7\u00e3o\u201d.<\/p>\n\n\n\n<p>O Governo apresentou na quinta-feira um pacote de 60 medidas para acelerar a economia portuguesa, que inclui a redu\u00e7\u00e3o do IRC, ao ritmo de dois pontos percentuais por ano, at\u00e9 atingir os 15% no final da legislatura e a cria\u00e7\u00e3o de grupos de IVA.<\/p>\n","protected":false},"excerpt":{"rendered":"<p>A Confedera\u00e7\u00e3o Empresarial do Minho (Confminho) pediu hoje ao Governo mais medidas de apoio \u00e0 economia, nomeadamente para as pequenas e m\u00e9dias empresas (PME), que constituem \u201cgrande percentagem do tecido empresarial\u201d da regi\u00e3o. \u201cNo Conselho de Ministros de quinta-feira, o Governo aprovou o programa Acelerar a Economia, com 60 medidas de apoio \u00e0s empresas e [&hellip;]<\/p>\n","protected":false},"author":16,"featured_media":108634,"comment_status":"closed","ping_status":"closed","sticky":false,"template":"","format":"standard","meta":{"_exactmetrics_skip_tracking":false,"_exactmetrics_sitenote_active":false,"_exactmetrics_sitenote_note":"","_exactmetrics_sitenote_category":0,"footnotes":""},"categories":[73],"tags":[21,27],"class_list":["post-108633","post","type-post","status-publish","format-standard","has-post-thumbnail","hentry","category-alto-minho","tag-economia","tag-sociedade"],"yoast_head":"<!-- This site is optimized with the Yoast SEO Premium plugin v27.5 (Yoast SEO v27.5) - https:\/\/yoast.com\/product\/yoast-seo-premium-wordpress\/ -->\n<title>Empres\u00e1rios do Minho pedem ao Governo mais medidas de apoio \u00e0 economia<\/title>\n<meta name=\"description\" content=\"Empres\u00e1rios do Minho pedem ao Governo mais medidas de apoio \u00e0 economia.\" \/>\n<meta name=\"robots\" content=\"index, follow, max-snippet:-1, max-image-preview:large, max-video-preview:-1\" \/>\n<link rel=\"canonical\" href=\"https:\/\/www.altominho.tv\/site\/2024\/07\/08\/empresarios-apoios-minho-governo\/\" \/>\n<meta property=\"og:locale\" content=\"pt_PT\" \/>\n<meta property=\"og:type\" content=\"article\" \/>\n<meta property=\"og:title\" content=\"Empres\u00e1rios do Minho pedem ao Governo mais medidas de apoio \u00e0 economia\" \/>\n<meta property=\"og:description\" content=\"Empres\u00e1rios do Minho pedem ao Governo mais medidas de apoio \u00e0 economia.\" \/>\n<meta property=\"og:url\" content=\"https:\/\/www.altominho.tv\/site\/2024\/07\/08\/empresarios-apoios-minho-governo\/\" \/>\n<meta property=\"og:site_name\" content=\"Altominho.tv\" \/>\n<meta property=\"article:publisher\" content=\"https:\/\/www.facebook.com\/altominhotv\" \/>\n<meta property=\"article:published_time\" content=\"2024-07-08T13:27:17+00:00\" \/>\n<meta property=\"article:modified_time\" content=\"2024-07-08T13:27:19+00:00\" \/>\n<meta property=\"og:image\" content=\"https:\/\/www.altominho.tv\/site\/wp-content\/uploads\/2024\/07\/luis-ceia.jpg\" \/>\n\t<meta property=\"og:image:width\" content=\"1024\" \/>\n\t<meta property=\"og:image:height\" content=\"538\" \/>\n\t<meta property=\"og:image:type\" content=\"image\/jpeg\" \/>\n<meta name=\"author\" content=\"Andreia Cunha | Lusa\" \/>\n<meta name=\"twitter:card\" content=\"summary_large_image\" \/>\n<meta name=\"twitter:creator\" content=\"@altominhoTV\" \/>\n<meta name=\"twitter:site\" content=\"@altominhoTV\" \/>\n<meta name=\"twitter:label1\" content=\"Escrito por\" \/>\n\t<meta name=\"twitter:data1\" content=\"Andreia Cunha | Lusa\" \/>\n\t<meta name=\"twitter:label2\" content=\"Tempo estimado de leitura\" \/>\n\t<meta name=\"twitter:data2\" content=\"2 minutos\" \/>\n<script type=\"application\/ld+json\" class=\"yoast-schema-graph\">{\"@context\":\"https:\\\/\\\/schema.org\",\"@graph\":[{\"@type\":\"Article\",\"@id\":\"https:\\\/\\\/www.altominho.tv\\\/site\\\/2024\\\/07\\\/08\\\/empresarios-apoios-minho-governo\\\/#article\",\"isPartOf\":{\"@id\":\"https:\\\/\\\/www.altominho.tv\\\/site\\\/2024\\\/07\\\/08\\\/empresarios-apoios-minho-governo\\\/\"},\"author\":{\"name\":\"Andreia Cunha | Lusa\",\"@id\":\"https:\\\/\\\/www.altominho.tv\\\/site\\\/#\\\/schema\\\/person\\\/dbaf181c01b51ff40c9f461a905d321e\"},\"headline\":\"Empres\u00e1rios do Minho pedem ao Governo mais medidas de apoio \u00e0 economia\",\"datePublished\":\"2024-07-08T13:27:17+00:00\",\"dateModified\":\"2024-07-08T13:27:19+00:00\",\"mainEntityOfPage\":{\"@id\":\"https:\\\/\\\/www.altominho.tv\\\/site\\\/2024\\\/07\\\/08\\\/empresarios-apoios-minho-governo\\\/\"},\"wordCount\":290,\"image\":{\"@id\":\"https:\\\/\\\/www.altominho.tv\\\/site\\\/2024\\\/07\\\/08\\\/empresarios-apoios-minho-governo\\\/#primaryimage\"},\"thumbnailUrl\":\"https:\\\/\\\/www.altominho.tv\\\/site\\\/wp-content\\\/uploads\\\/2024\\\/07\\\/luis-ceia.jpg\",\"keywords\":[\"Economia\",\"Sociedade\"],\"articleSection\":[\"Alto Minho\"],\"inLanguage\":\"pt-PT\",\"copyrightYear\":\"2024\",\"copyrightHolder\":{\"@id\":\"https:\\\/\\\/www.altominho.tv\\\/site\\\/#organization\"}},{\"@type\":\"WebPage\",\"@id\":\"https:\\\/\\\/www.altominho.tv\\\/site\\\/2024\\\/07\\\/08\\\/empresarios-apoios-minho-governo\\\/\",\"url\":\"https:\\\/\\\/www.altominho.tv\\\/site\\\/2024\\\/07\\\/08\\\/empresarios-apoios-minho-governo\\\/\",\"name\":\"Empres\u00e1rios do Minho pedem ao Governo mais medidas de apoio \u00e0 economia\",\"isPartOf\":{\"@id\":\"https:\\\/\\\/www.altominho.tv\\\/site\\\/#website\"},\"primaryImageOfPage\":{\"@id\":\"https:\\\/\\\/www.altominho.tv\\\/site\\\/2024\\\/07\\\/08\\\/empresarios-apoios-minho-governo\\\/#primaryimage\"},\"image\":{\"@id\":\"https:\\\/\\\/www.altominho.tv\\\/site\\\/2024\\\/07\\\/08\\\/empresarios-apoios-minho-governo\\\/#primaryimage\"},\"thumbnailUrl\":\"https:\\\/\\\/www.altominho.tv\\\/site\\\/wp-content\\\/uploads\\\/2024\\\/07\\\/luis-ceia.jpg\",\"datePublished\":\"2024-07-08T13:27:17+00:00\",\"dateModified\":\"2024-07-08T13:27:19+00:00\",\"author\":{\"@id\":\"https:\\\/\\\/www.altominho.tv\\\/site\\\/#\\\/schema\\\/person\\\/dbaf181c01b51ff40c9f461a905d321e\"},\"description\":\"Empres\u00e1rios do Minho pedem ao Governo mais medidas de apoio \u00e0 economia.\",\"breadcrumb\":{\"@id\":\"https:\\\/\\\/www.altominho.tv\\\/site\\\/2024\\\/07\\\/08\\\/empresarios-apoios-minho-governo\\\/#breadcrumb\"},\"inLanguage\":\"pt-PT\",\"potentialAction\":[{\"@type\":\"ReadAction\",\"target\":[\"https:\\\/\\\/www.altominho.tv\\\/site\\\/2024\\\/07\\\/08\\\/empresarios-apoios-minho-governo\\\/\"]}]},{\"@type\":\"ImageObject\",\"inLanguage\":\"pt-PT\",\"@id\":\"https:\\\/\\\/www.altominho.tv\\\/site\\\/2024\\\/07\\\/08\\\/empresarios-apoios-minho-governo\\\/#primaryimage\",\"url\":\"https:\\\/\\\/www.altominho.tv\\\/site\\\/wp-content\\\/uploads\\\/2024\\\/07\\\/luis-ceia.jpg\",\"contentUrl\":\"https:\\\/\\\/www.altominho.tv\\\/site\\\/wp-content\\\/uploads\\\/2024\\\/07\\\/luis-ceia.jpg\",\"width\":1024,\"height\":538},{\"@type\":\"BreadcrumbList\",\"@id\":\"https:\\\/\\\/www.altominho.tv\\\/site\\\/2024\\\/07\\\/08\\\/empresarios-apoios-minho-governo\\\/#breadcrumb\",\"itemListElement\":[{\"@type\":\"ListItem\",\"position\":1,\"name\":\"In\u00edcio\",\"item\":\"https:\\\/\\\/www.altominho.tv\\\/site\\\/\"},{\"@type\":\"ListItem\",\"position\":2,\"name\":\"Empres\u00e1rios do Minho pedem ao Governo mais medidas de apoio \u00e0 economia\"}]},{\"@type\":\"WebSite\",\"@id\":\"https:\\\/\\\/www.altominho.tv\\\/site\\\/#website\",\"url\":\"https:\\\/\\\/www.altominho.tv\\\/site\\\/\",\"name\":\"Altominho.tv\",\"description\":\"A sua regi\u00e3o \u00e0 dist\u00e2ncia de um clique...\",\"potentialAction\":[{\"@type\":\"SearchAction\",\"target\":{\"@type\":\"EntryPoint\",\"urlTemplate\":\"https:\\\/\\\/www.altominho.tv\\\/site\\\/?s={search_term_string}\"},\"query-input\":{\"@type\":\"PropertyValueSpecification\",\"valueRequired\":true,\"valueName\":\"search_term_string\"}}],\"inLanguage\":\"pt-PT\"},{\"@type\":\"Person\",\"@id\":\"https:\\\/\\\/www.altominho.tv\\\/site\\\/#\\\/schema\\\/person\\\/dbaf181c01b51ff40c9f461a905d321e\",\"name\":\"Andreia Cunha | Lusa\",\"image\":{\"@type\":\"ImageObject\",\"inLanguage\":\"pt-PT\",\"@id\":\"https:\\\/\\\/www.altominho.tv\\\/site\\\/wp-content\\\/uploads\\\/2017\\\/11\\\/Andreia_Cunha-1-150x150.jpg\",\"url\":\"https:\\\/\\\/www.altominho.tv\\\/site\\\/wp-content\\\/uploads\\\/2017\\\/11\\\/Andreia_Cunha-1-150x150.jpg\",\"contentUrl\":\"https:\\\/\\\/www.altominho.tv\\\/site\\\/wp-content\\\/uploads\\\/2017\\\/11\\\/Andreia_Cunha-1-150x150.jpg\",\"caption\":\"Andreia Cunha | Lusa\"},\"sameAs\":[\"https:\\\/\\\/www.altominho.tv\\\/site\"],\"url\":\"https:\\\/\\\/www.altominho.tv\\\/site\\\/author\\\/andreiacunhalusa\\\/\"}]}<\/script>\n<!-- \/ Yoast SEO Premium plugin. -->","yoast_head_json":{"title":"Empres\u00e1rios do Minho pedem ao Governo mais medidas de apoio \u00e0 economia","description":"Empres\u00e1rios do Minho pedem ao Governo mais medidas de apoio \u00e0 economia.","robots":{"index":"index","follow":"follow","max-snippet":"max-snippet:-1","max-image-preview":"max-image-preview:large","max-video-preview":"max-video-preview:-1"},"canonical":"https:\/\/www.altominho.tv\/site\/2024\/07\/08\/empresarios-apoios-minho-governo\/","og_locale":"pt_PT","og_type":"article","og_title":"Empres\u00e1rios do Minho pedem ao Governo mais medidas de apoio \u00e0 economia","og_description":"Empres\u00e1rios do Minho pedem ao Governo mais medidas de apoio \u00e0 economia.","og_url":"https:\/\/www.altominho.tv\/site\/2024\/07\/08\/empresarios-apoios-minho-governo\/","og_site_name":"Altominho.tv","article_publisher":"https:\/\/www.facebook.com\/altominhotv","article_published_time":"2024-07-08T13:27:17+00:00","article_modified_time":"2024-07-08T13:27:19+00:00","og_image":[{"width":1024,"height":538,"url":"https:\/\/www.altominho.tv\/site\/wp-content\/uploads\/2024\/07\/luis-ceia.jpg","type":"image\/jpeg"}],"author":"Andreia Cunha | Lusa","twitter_card":"summary_large_image","twitter_creator":"@altominhoTV","twitter_site":"@altominhoTV","twitter_misc":{"Escrito por":"Andreia Cunha | Lusa","Tempo estimado de leitura":"2 minutos"},"schema":{"@context":"https:\/\/schema.org","@graph":[{"@type":"Article","@id":"https:\/\/www.altominho.tv\/site\/2024\/07\/08\/empresarios-apoios-minho-governo\/#article","isPartOf":{"@id":"https:\/\/www.altominho.tv\/site\/2024\/07\/08\/empresarios-apoios-minho-governo\/"},"author":{"name":"Andreia Cunha | Lusa","@id":"https:\/\/www.altominho.tv\/site\/#\/schema\/person\/dbaf181c01b51ff40c9f461a905d321e"},"headline":"Empres\u00e1rios do Minho pedem ao Governo mais medidas de apoio \u00e0 economia","datePublished":"2024-07-08T13:27:17+00:00","dateModified":"2024-07-08T13:27:19+00:00","mainEntityOfPage":{"@id":"https:\/\/www.altominho.tv\/site\/2024\/07\/08\/empresarios-apoios-minho-governo\/"},"wordCount":290,"image":{"@id":"https:\/\/www.altominho.tv\/site\/2024\/07\/08\/empresarios-apoios-minho-governo\/#primaryimage"},"thumbnailUrl":"https:\/\/www.altominho.tv\/site\/wp-content\/uploads\/2024\/07\/luis-ceia.jpg","keywords":["Economia","Sociedade"],"articleSection":["Alto Minho"],"inLanguage":"pt-PT","copyrightYear":"2024","copyrightHolder":{"@id":"https:\/\/www.altominho.tv\/site\/#organization"}},{"@type":"WebPage","@id":"https:\/\/www.altominho.tv\/site\/2024\/07\/08\/empresarios-apoios-minho-governo\/","url":"https:\/\/www.altominho.tv\/site\/2024\/07\/08\/empresarios-apoios-minho-governo\/","name":"Empres\u00e1rios do Minho pedem ao Governo mais medidas de apoio \u00e0 economia","isPartOf":{"@id":"https:\/\/www.altominho.tv\/site\/#website"},"primaryImageOfPage":{"@id":"https:\/\/www.altominho.tv\/site\/2024\/07\/08\/empresarios-apoios-minho-governo\/#primaryimage"},"image":{"@id":"https:\/\/www.altominho.tv\/site\/2024\/07\/08\/empresarios-apoios-minho-governo\/#primaryimage"},"thumbnailUrl":"https:\/\/www.altominho.tv\/site\/wp-content\/uploads\/2024\/07\/luis-ceia.jpg","datePublished":"2024-07-08T13:27:17+00:00","dateModified":"2024-07-08T13:27:19+00:00","author":{"@id":"https:\/\/www.altominho.tv\/site\/#\/schema\/person\/dbaf181c01b51ff40c9f461a905d321e"},"description":"Empres\u00e1rios do Minho pedem ao Governo mais medidas de apoio \u00e0 economia.","breadcrumb":{"@id":"https:\/\/www.altominho.tv\/site\/2024\/07\/08\/empresarios-apoios-minho-governo\/#breadcrumb"},"inLanguage":"pt-PT","potentialAction":[{"@type":"ReadAction","target":["https:\/\/www.altominho.tv\/site\/2024\/07\/08\/empresarios-apoios-minho-governo\/"]}]},{"@type":"ImageObject","inLanguage":"pt-PT","@id":"https:\/\/www.altominho.tv\/site\/2024\/07\/08\/empresarios-apoios-minho-governo\/#primaryimage","url":"https:\/\/www.altominho.tv\/site\/wp-content\/uploads\/2024\/07\/luis-ceia.jpg","contentUrl":"https:\/\/www.altominho.tv\/site\/wp-content\/uploads\/2024\/07\/luis-ceia.jpg","width":1024,"height":538},{"@type":"BreadcrumbList","@id":"https:\/\/www.altominho.tv\/site\/2024\/07\/08\/empresarios-apoios-minho-governo\/#breadcrumb","itemListElement":[{"@type":"ListItem","position":1,"name":"In\u00edcio","item":"https:\/\/www.altominho.tv\/site\/"},{"@type":"ListItem","position":2,"name":"Empres\u00e1rios do Minho pedem ao Governo mais medidas de apoio \u00e0 economia"}]},{"@type":"WebSite","@id":"https:\/\/www.altominho.tv\/site\/#website","url":"https:\/\/www.altominho.tv\/site\/","name":"Altominho.tv","description":"A sua regi\u00e3o \u00e0 dist\u00e2ncia de um clique...","potentialAction":[{"@type":"SearchAction","target":{"@type":"EntryPoint","urlTemplate":"https:\/\/www.altominho.tv\/site\/?s={search_term_string}"},"query-input":{"@type":"PropertyValueSpecification","valueRequired":true,"valueName":"search_term_string"}}],"inLanguage":"pt-PT"},{"@type":"Person","@id":"https:\/\/www.altominho.tv\/site\/#\/schema\/person\/dbaf181c01b51ff40c9f461a905d321e","name":"Andreia Cunha | Lusa","image":{"@type":"ImageObject","inLanguage":"pt-PT","@id":"https:\/\/www.altominho.tv\/site\/wp-content\/uploads\/2017\/11\/Andreia_Cunha-1-150x150.jpg","url":"https:\/\/www.altominho.tv\/site\/wp-content\/uploads\/2017\/11\/Andreia_Cunha-1-150x150.jpg","contentUrl":"https:\/\/www.altominho.tv\/site\/wp-content\/uploads\/2017\/11\/Andreia_Cunha-1-150x150.jpg","caption":"Andreia Cunha | Lusa"},"sameAs":["https:\/\/www.altominho.tv\/site"],"url":"https:\/\/www.altominho.tv\/site\/author\/andreiacunhalusa\/"}]}},"_links":{"self":[{"href":"https:\/\/www.altominho.tv\/site\/wp-json\/wp\/v2\/posts\/108633","targetHints":{"allow":["GET"]}}],"collection":[{"href":"https:\/\/www.altominho.tv\/site\/wp-json\/wp\/v2\/posts"}],"about":[{"href":"https:\/\/www.altominho.tv\/site\/wp-json\/wp\/v2\/types\/post"}],"author":[{"embeddable":true,"href":"https:\/\/www.altominho.tv\/site\/wp-json\/wp\/v2\/users\/16"}],"replies":[{"embeddable":true,"href":"https:\/\/www.altominho.tv\/site\/wp-json\/wp\/v2\/comments?post=108633"}],"version-history":[{"count":1,"href":"https:\/\/www.altominho.tv\/site\/wp-json\/wp\/v2\/posts\/108633\/revisions"}],"predecessor-version":[{"id":108635,"href":"https:\/\/www.altominho.tv\/site\/wp-json\/wp\/v2\/posts\/108633\/revisions\/108635"}],"wp:featuredmedia":[{"embeddable":true,"href":"https:\/\/www.altominho.tv\/site\/wp-json\/wp\/v2\/media\/108634"}],"wp:attachment":[{"href":"https:\/\/www.altominho.tv\/site\/wp-json\/wp\/v2\/media?parent=108633"}],"wp:term":[{"taxonomy":"category","embeddable":true,"href":"https:\/\/www.altominho.tv\/site\/wp-json\/wp\/v2\/categories?post=108633"},{"taxonomy":"post_tag","embeddable":true,"href":"https:\/\/www.altominho.tv\/site\/wp-json\/wp\/v2\/tags?post=108633"}],"curies":[{"name":"wp","href":"https:\/\/api.w.org\/{rel}","templated":true}]}}