{"id":108570,"date":"2024-07-06T08:57:09","date_gmt":"2024-07-06T07:57:09","guid":{"rendered":"https:\/\/www.altominho.tv\/site\/?p=108570"},"modified":"2024-07-06T08:57:12","modified_gmt":"2024-07-06T07:57:12","slug":"reabriu-extensao-de-saude-do-soajo-em-arcos-de-valdevez","status":"publish","type":"post","link":"https:\/\/www.altominho.tv\/site\/2024\/07\/06\/reabriu-extensao-de-saude-do-soajo-em-arcos-de-valdevez\/","title":{"rendered":"Reabriu extens\u00e3o de sa\u00fade do Soajo em Arcos de Valdevez"},"content":{"rendered":"<p>A Unidade Local de Sa\u00fade do Alto Minho (ULSAM) anunciou a reabertura da extens\u00e3o de sa\u00fade de Soajo, em Arcos de Valdevez, que serve cerca de 300 utentes e que se encontrava encerrada desde fevereiro.<\/p>\n<p>A reabertura, na \u00faltima segunda-feira, resultou da articula\u00e7\u00e3o de esfor\u00e7os entre a ULSAM e a C\u00e2mara de Arcos de Valdevez, no distrito de Viana do Castelo, que financiou as interven\u00e7\u00f5es de beneficia\u00e7\u00e3o do edif\u00edcio.<\/p>\n<p>\u201cEsta interven\u00e7\u00e3o permitiu uma melhoria das condi\u00e7\u00f5es do espa\u00e7o, assegurando um atendimento mais c\u00e9lere e eficaz aos utentes, al\u00e9m de melhorar a qualidade dos servi\u00e7os \u00e0 comunidade\u201d, explica a ULSAM.<\/p>\n<p>Numa \u201cprimeira fase, a extens\u00e3o de sa\u00fade vai estar em funcionamento \u00e0s segundas-feiras, das 08h30 \u00e0s 16h30, mas a curto prazo passar\u00e1 a funcionar duas vezes por semana\u201d.<\/p>\n<p>Contactado pela ag\u00eancia Lusa, o presidente da Junta do Soajo, Alexandre Gomes, referiu que a extens\u00e3o encerrou em fevereiro quando o \u00fanico m\u00e9dico da unidade se reformou.<\/p>\n<p>Alexandre Gomes referiu que a extens\u00e3o de sa\u00fade, inaugurada em 1996, serve cerca de 300 utentes do Soajo e da freguesia vizinha de Gavieira.<\/p>\n<p>O autarca destacou a import\u00e2ncia daquela extens\u00e3o na freguesia devido \u201c\u00e0 idade avan\u00e7ada de 90% da popula\u00e7\u00e3o\u201d.<\/p>\n<p>\u201c\u00c9 complicado para os idosos se deslocarem a Arcos de Valdevez, que s\u00e3o 21 quil\u00f3metros. Quando n\u00e3o conseguem hor\u00e1rio nos autocarros t\u00eam de se deslocar de t\u00e1xi, o que \u00e9 muito dispendioso para as pessoas\u201d, refor\u00e7ou.<\/p>\n","protected":false},"excerpt":{"rendered":"<p>A Unidade Local de Sa\u00fade do Alto Minho (ULSAM) anunciou a reabertura da extens\u00e3o de sa\u00fade de Soajo, em Arcos de Valdevez, que serve cerca de 300 utentes e que se encontrava encerrada desde fevereiro. A reabertura, na \u00faltima segunda-feira, resultou da articula\u00e7\u00e3o de esfor\u00e7os entre a ULSAM e a C\u00e2mara de Arcos de Valdevez, [&hellip;]<\/p>\n","protected":false},"author":1,"featured_media":108571,"comment_status":"closed","ping_status":"closed","sticky":false,"template":"","format":"standard","meta":{"_exactmetrics_skip_tracking":false,"footnotes":""},"categories":[2],"tags":[26,27],"class_list":["post-108570","post","type-post","status-publish","format-standard","has-post-thumbnail","hentry","category-arcos-de-valdevez","tag-saude","tag-sociedade"],"yoast_head":"<!-- This site is optimized with the Yoast SEO Premium plugin v28.3 (Yoast SEO v28.3) - https:\/\/yoast.com\/product\/yoast-seo-premium-wordpress\/ -->\n<title>Reabriu extens\u00e3o de sa\u00fade do Soajo em Arcos de Valdevez<\/title>\n<meta name=\"robots\" content=\"index, follow, max-snippet:-1, max-image-preview:large, max-video-preview:-1\" \/>\n<link rel=\"canonical\" href=\"https:\/\/www.altominho.tv\/site\/2024\/07\/06\/reabriu-extensao-de-saude-do-soajo-em-arcos-de-valdevez\/\" \/>\n<meta property=\"og:locale\" content=\"pt_PT\" \/>\n<meta property=\"og:type\" content=\"article\" \/>\n<meta property=\"og:title\" content=\"Reabriu extens\u00e3o de sa\u00fade do Soajo em Arcos de Valdevez\" \/>\n<meta property=\"og:description\" content=\"A Unidade Local de Sa\u00fade do Alto Minho (ULSAM) anunciou a reabertura da extens\u00e3o de sa\u00fade de Soajo, em Arcos de Valdevez, que serve cerca de 300 utentes e que se encontrava encerrada desde fevereiro. A reabertura, na \u00faltima segunda-feira, resultou da articula\u00e7\u00e3o de esfor\u00e7os entre a ULSAM e a C\u00e2mara de Arcos de Valdevez, [&hellip;]\" \/>\n<meta property=\"og:url\" content=\"https:\/\/www.altominho.tv\/site\/2024\/07\/06\/reabriu-extensao-de-saude-do-soajo-em-arcos-de-valdevez\/\" \/>\n<meta property=\"og:site_name\" content=\"Altominho.tv\" \/>\n<meta property=\"article:publisher\" content=\"https:\/\/www.facebook.com\/altominhotv\" \/>\n<meta property=\"article:published_time\" content=\"2024-07-06T07:57:09+00:00\" \/>\n<meta property=\"article:modified_time\" content=\"2024-07-06T07:57:12+00:00\" \/>\n<meta property=\"og:image\" content=\"https:\/\/www.altominho.tv\/site\/wp-content\/uploads\/2024\/07\/soajo-saude.jpg\" \/>\n\t<meta property=\"og:image:width\" content=\"1920\" \/>\n\t<meta property=\"og:image:height\" content=\"1080\" \/>\n\t<meta property=\"og:image:type\" content=\"image\/jpeg\" \/>\n<meta name=\"author\" content=\"Altominho.tv\" \/>\n<meta name=\"twitter:card\" content=\"summary_large_image\" \/>\n<meta name=\"twitter:creator\" content=\"@altominhoTV\" \/>\n<meta name=\"twitter:site\" content=\"@altominhoTV\" \/>\n<meta name=\"twitter:label1\" content=\"Escrito por\" \/>\n\t<meta name=\"twitter:data1\" content=\"Altominho.tv\" \/>\n\t<meta name=\"twitter:label2\" content=\"Tempo estimado de leitura\" \/>\n\t<meta name=\"twitter:data2\" content=\"2 minutos\" \/>\n<script type=\"application\/ld+json\" class=\"yoast-schema-graph\">{\"@context\":\"https:\\\/\\\/schema.org\",\"@graph\":[{\"@type\":\"Article\",\"@id\":\"https:\\\/\\\/www.altominho.tv\\\/site\\\/2024\\\/07\\\/06\\\/reabriu-extensao-de-saude-do-soajo-em-arcos-de-valdevez\\\/#article\",\"isPartOf\":{\"@id\":\"https:\\\/\\\/www.altominho.tv\\\/site\\\/2024\\\/07\\\/06\\\/reabriu-extensao-de-saude-do-soajo-em-arcos-de-valdevez\\\/\"},\"author\":{\"name\":\"Altominho.tv\",\"@id\":\"https:\\\/\\\/www.altominho.tv\\\/site\\\/#\\\/schema\\\/person\\\/4e536851627d7914baf3dac752b6af22\"},\"headline\":\"Reabriu extens\u00e3o de sa\u00fade do Soajo em Arcos de Valdevez\",\"datePublished\":\"2024-07-06T07:57:09+00:00\",\"dateModified\":\"2024-07-06T07:57:12+00:00\",\"mainEntityOfPage\":{\"@id\":\"https:\\\/\\\/www.altominho.tv\\\/site\\\/2024\\\/07\\\/06\\\/reabriu-extensao-de-saude-do-soajo-em-arcos-de-valdevez\\\/\"},\"wordCount\":267,\"image\":{\"@id\":\"https:\\\/\\\/www.altominho.tv\\\/site\\\/2024\\\/07\\\/06\\\/reabriu-extensao-de-saude-do-soajo-em-arcos-de-valdevez\\\/#primaryimage\"},\"thumbnailUrl\":\"https:\\\/\\\/www.altominho.tv\\\/site\\\/wp-content\\\/uploads\\\/2024\\\/07\\\/soajo-saude.jpg\",\"keywords\":[\"Sa\u00fade\",\"Sociedade\"],\"articleSection\":[\"Arcos de Valdevez\"],\"inLanguage\":\"pt-PT\",\"copyrightYear\":\"2024\",\"copyrightHolder\":{\"@id\":\"https:\\\/\\\/www.altominho.tv\\\/site\\\/#organization\"}},{\"@type\":\"WebPage\",\"@id\":\"https:\\\/\\\/www.altominho.tv\\\/site\\\/2024\\\/07\\\/06\\\/reabriu-extensao-de-saude-do-soajo-em-arcos-de-valdevez\\\/\",\"url\":\"https:\\\/\\\/www.altominho.tv\\\/site\\\/2024\\\/07\\\/06\\\/reabriu-extensao-de-saude-do-soajo-em-arcos-de-valdevez\\\/\",\"name\":\"Reabriu extens\u00e3o de sa\u00fade do Soajo em Arcos de Valdevez\",\"isPartOf\":{\"@id\":\"https:\\\/\\\/www.altominho.tv\\\/site\\\/#website\"},\"primaryImageOfPage\":{\"@id\":\"https:\\\/\\\/www.altominho.tv\\\/site\\\/2024\\\/07\\\/06\\\/reabriu-extensao-de-saude-do-soajo-em-arcos-de-valdevez\\\/#primaryimage\"},\"image\":{\"@id\":\"https:\\\/\\\/www.altominho.tv\\\/site\\\/2024\\\/07\\\/06\\\/reabriu-extensao-de-saude-do-soajo-em-arcos-de-valdevez\\\/#primaryimage\"},\"thumbnailUrl\":\"https:\\\/\\\/www.altominho.tv\\\/site\\\/wp-content\\\/uploads\\\/2024\\\/07\\\/soajo-saude.jpg\",\"datePublished\":\"2024-07-06T07:57:09+00:00\",\"dateModified\":\"2024-07-06T07:57:12+00:00\",\"author\":{\"@id\":\"https:\\\/\\\/www.altominho.tv\\\/site\\\/#\\\/schema\\\/person\\\/4e536851627d7914baf3dac752b6af22\"},\"breadcrumb\":{\"@id\":\"https:\\\/\\\/www.altominho.tv\\\/site\\\/2024\\\/07\\\/06\\\/reabriu-extensao-de-saude-do-soajo-em-arcos-de-valdevez\\\/#breadcrumb\"},\"inLanguage\":\"pt-PT\",\"potentialAction\":[{\"@type\":\"ReadAction\",\"target\":[\"https:\\\/\\\/www.altominho.tv\\\/site\\\/2024\\\/07\\\/06\\\/reabriu-extensao-de-saude-do-soajo-em-arcos-de-valdevez\\\/\"]}]},{\"@type\":\"ImageObject\",\"inLanguage\":\"pt-PT\",\"@id\":\"https:\\\/\\\/www.altominho.tv\\\/site\\\/2024\\\/07\\\/06\\\/reabriu-extensao-de-saude-do-soajo-em-arcos-de-valdevez\\\/#primaryimage\",\"url\":\"https:\\\/\\\/www.altominho.tv\\\/site\\\/wp-content\\\/uploads\\\/2024\\\/07\\\/soajo-saude.jpg\",\"contentUrl\":\"https:\\\/\\\/www.altominho.tv\\\/site\\\/wp-content\\\/uploads\\\/2024\\\/07\\\/soajo-saude.jpg\",\"width\":1920,\"height\":1080},{\"@type\":\"BreadcrumbList\",\"@id\":\"https:\\\/\\\/www.altominho.tv\\\/site\\\/2024\\\/07\\\/06\\\/reabriu-extensao-de-saude-do-soajo-em-arcos-de-valdevez\\\/#breadcrumb\",\"itemListElement\":[{\"@type\":\"ListItem\",\"position\":1,\"name\":\"In\u00edcio\",\"item\":\"https:\\\/\\\/www.altominho.tv\\\/site\\\/\"},{\"@type\":\"ListItem\",\"position\":2,\"name\":\"Reabriu extens\u00e3o de sa\u00fade do Soajo em Arcos de Valdevez\"}]},{\"@type\":\"WebSite\",\"@id\":\"https:\\\/\\\/www.altominho.tv\\\/site\\\/#website\",\"url\":\"https:\\\/\\\/www.altominho.tv\\\/site\\\/\",\"name\":\"Altominho.tv\",\"description\":\"A sua regi\u00e3o \u00e0 dist\u00e2ncia de um clique...\",\"potentialAction\":[{\"@type\":\"SearchAction\",\"target\":{\"@type\":\"EntryPoint\",\"urlTemplate\":\"https:\\\/\\\/www.altominho.tv\\\/site\\\/?s={search_term_string}\"},\"query-input\":{\"@type\":\"PropertyValueSpecification\",\"valueRequired\":true,\"valueName\":\"search_term_string\"}}],\"inLanguage\":\"pt-PT\"},{\"@type\":\"Person\",\"@id\":\"https:\\\/\\\/www.altominho.tv\\\/site\\\/#\\\/schema\\\/person\\\/4e536851627d7914baf3dac752b6af22\",\"name\":\"Altominho.tv\",\"image\":{\"@type\":\"ImageObject\",\"inLanguage\":\"pt-PT\",\"@id\":\"https:\\\/\\\/www.altominho.tv\\\/site\\\/wp-content\\\/uploads\\\/2019\\\/11\\\/Logo_Avatar_2-150x150.jpg\",\"url\":\"https:\\\/\\\/www.altominho.tv\\\/site\\\/wp-content\\\/uploads\\\/2019\\\/11\\\/Logo_Avatar_2-150x150.jpg\",\"contentUrl\":\"https:\\\/\\\/www.altominho.tv\\\/site\\\/wp-content\\\/uploads\\\/2019\\\/11\\\/Logo_Avatar_2-150x150.jpg\",\"caption\":\"Altominho.tv\"},\"url\":\"https:\\\/\\\/www.altominho.tv\\\/site\\\/author\\\/altominhotv-tecnico\\\/\"}]}<\/script>\n<!-- \/ Yoast SEO Premium plugin. -->","yoast_head_json":{"title":"Reabriu extens\u00e3o de sa\u00fade do Soajo em Arcos de Valdevez","robots":{"index":"index","follow":"follow","max-snippet":"max-snippet:-1","max-image-preview":"max-image-preview:large","max-video-preview":"max-video-preview:-1"},"canonical":"https:\/\/www.altominho.tv\/site\/2024\/07\/06\/reabriu-extensao-de-saude-do-soajo-em-arcos-de-valdevez\/","og_locale":"pt_PT","og_type":"article","og_title":"Reabriu extens\u00e3o de sa\u00fade do Soajo em Arcos de Valdevez","og_description":"A Unidade Local de Sa\u00fade do Alto Minho (ULSAM) anunciou a reabertura da extens\u00e3o de sa\u00fade de Soajo, em Arcos de Valdevez, que serve cerca de 300 utentes e que se encontrava encerrada desde fevereiro. A reabertura, na \u00faltima segunda-feira, resultou da articula\u00e7\u00e3o de esfor\u00e7os entre a ULSAM e a C\u00e2mara de Arcos de Valdevez, [&hellip;]","og_url":"https:\/\/www.altominho.tv\/site\/2024\/07\/06\/reabriu-extensao-de-saude-do-soajo-em-arcos-de-valdevez\/","og_site_name":"Altominho.tv","article_publisher":"https:\/\/www.facebook.com\/altominhotv","article_published_time":"2024-07-06T07:57:09+00:00","article_modified_time":"2024-07-06T07:57:12+00:00","og_image":[{"width":1920,"height":1080,"url":"https:\/\/www.altominho.tv\/site\/wp-content\/uploads\/2024\/07\/soajo-saude.jpg","type":"image\/jpeg"}],"author":"Altominho.tv","twitter_card":"summary_large_image","twitter_creator":"@altominhoTV","twitter_site":"@altominhoTV","twitter_misc":{"Escrito por":"Altominho.tv","Tempo estimado de leitura":"2 minutos"},"schema":{"@context":"https:\/\/schema.org","@graph":[{"@type":"Article","@id":"https:\/\/www.altominho.tv\/site\/2024\/07\/06\/reabriu-extensao-de-saude-do-soajo-em-arcos-de-valdevez\/#article","isPartOf":{"@id":"https:\/\/www.altominho.tv\/site\/2024\/07\/06\/reabriu-extensao-de-saude-do-soajo-em-arcos-de-valdevez\/"},"author":{"name":"Altominho.tv","@id":"https:\/\/www.altominho.tv\/site\/#\/schema\/person\/4e536851627d7914baf3dac752b6af22"},"headline":"Reabriu extens\u00e3o de sa\u00fade do Soajo em Arcos de Valdevez","datePublished":"2024-07-06T07:57:09+00:00","dateModified":"2024-07-06T07:57:12+00:00","mainEntityOfPage":{"@id":"https:\/\/www.altominho.tv\/site\/2024\/07\/06\/reabriu-extensao-de-saude-do-soajo-em-arcos-de-valdevez\/"},"wordCount":267,"image":{"@id":"https:\/\/www.altominho.tv\/site\/2024\/07\/06\/reabriu-extensao-de-saude-do-soajo-em-arcos-de-valdevez\/#primaryimage"},"thumbnailUrl":"https:\/\/www.altominho.tv\/site\/wp-content\/uploads\/2024\/07\/soajo-saude.jpg","keywords":["Sa\u00fade","Sociedade"],"articleSection":["Arcos de Valdevez"],"inLanguage":"pt-PT","copyrightYear":"2024","copyrightHolder":{"@id":"https:\/\/www.altominho.tv\/site\/#organization"}},{"@type":"WebPage","@id":"https:\/\/www.altominho.tv\/site\/2024\/07\/06\/reabriu-extensao-de-saude-do-soajo-em-arcos-de-valdevez\/","url":"https:\/\/www.altominho.tv\/site\/2024\/07\/06\/reabriu-extensao-de-saude-do-soajo-em-arcos-de-valdevez\/","name":"Reabriu extens\u00e3o de sa\u00fade do Soajo em Arcos de Valdevez","isPartOf":{"@id":"https:\/\/www.altominho.tv\/site\/#website"},"primaryImageOfPage":{"@id":"https:\/\/www.altominho.tv\/site\/2024\/07\/06\/reabriu-extensao-de-saude-do-soajo-em-arcos-de-valdevez\/#primaryimage"},"image":{"@id":"https:\/\/www.altominho.tv\/site\/2024\/07\/06\/reabriu-extensao-de-saude-do-soajo-em-arcos-de-valdevez\/#primaryimage"},"thumbnailUrl":"https:\/\/www.altominho.tv\/site\/wp-content\/uploads\/2024\/07\/soajo-saude.jpg","datePublished":"2024-07-06T07:57:09+00:00","dateModified":"2024-07-06T07:57:12+00:00","author":{"@id":"https:\/\/www.altominho.tv\/site\/#\/schema\/person\/4e536851627d7914baf3dac752b6af22"},"breadcrumb":{"@id":"https:\/\/www.altominho.tv\/site\/2024\/07\/06\/reabriu-extensao-de-saude-do-soajo-em-arcos-de-valdevez\/#breadcrumb"},"inLanguage":"pt-PT","potentialAction":[{"@type":"ReadAction","target":["https:\/\/www.altominho.tv\/site\/2024\/07\/06\/reabriu-extensao-de-saude-do-soajo-em-arcos-de-valdevez\/"]}]},{"@type":"ImageObject","inLanguage":"pt-PT","@id":"https:\/\/www.altominho.tv\/site\/2024\/07\/06\/reabriu-extensao-de-saude-do-soajo-em-arcos-de-valdevez\/#primaryimage","url":"https:\/\/www.altominho.tv\/site\/wp-content\/uploads\/2024\/07\/soajo-saude.jpg","contentUrl":"https:\/\/www.altominho.tv\/site\/wp-content\/uploads\/2024\/07\/soajo-saude.jpg","width":1920,"height":1080},{"@type":"BreadcrumbList","@id":"https:\/\/www.altominho.tv\/site\/2024\/07\/06\/reabriu-extensao-de-saude-do-soajo-em-arcos-de-valdevez\/#breadcrumb","itemListElement":[{"@type":"ListItem","position":1,"name":"In\u00edcio","item":"https:\/\/www.altominho.tv\/site\/"},{"@type":"ListItem","position":2,"name":"Reabriu extens\u00e3o de sa\u00fade do Soajo em Arcos de Valdevez"}]},{"@type":"WebSite","@id":"https:\/\/www.altominho.tv\/site\/#website","url":"https:\/\/www.altominho.tv\/site\/","name":"Altominho.tv","description":"A sua regi\u00e3o \u00e0 dist\u00e2ncia de um clique...","potentialAction":[{"@type":"SearchAction","target":{"@type":"EntryPoint","urlTemplate":"https:\/\/www.altominho.tv\/site\/?s={search_term_string}"},"query-input":{"@type":"PropertyValueSpecification","valueRequired":true,"valueName":"search_term_string"}}],"inLanguage":"pt-PT"},{"@type":"Person","@id":"https:\/\/www.altominho.tv\/site\/#\/schema\/person\/4e536851627d7914baf3dac752b6af22","name":"Altominho.tv","image":{"@type":"ImageObject","inLanguage":"pt-PT","@id":"https:\/\/www.altominho.tv\/site\/wp-content\/uploads\/2019\/11\/Logo_Avatar_2-150x150.jpg","url":"https:\/\/www.altominho.tv\/site\/wp-content\/uploads\/2019\/11\/Logo_Avatar_2-150x150.jpg","contentUrl":"https:\/\/www.altominho.tv\/site\/wp-content\/uploads\/2019\/11\/Logo_Avatar_2-150x150.jpg","caption":"Altominho.tv"},"url":"https:\/\/www.altominho.tv\/site\/author\/altominhotv-tecnico\/"}]}},"_links":{"self":[{"href":"https:\/\/www.altominho.tv\/site\/wp-json\/wp\/v2\/posts\/108570","targetHints":{"allow":["GET"]}}],"collection":[{"href":"https:\/\/www.altominho.tv\/site\/wp-json\/wp\/v2\/posts"}],"about":[{"href":"https:\/\/www.altominho.tv\/site\/wp-json\/wp\/v2\/types\/post"}],"author":[{"embeddable":true,"href":"https:\/\/www.altominho.tv\/site\/wp-json\/wp\/v2\/users\/1"}],"replies":[{"embeddable":true,"href":"https:\/\/www.altominho.tv\/site\/wp-json\/wp\/v2\/comments?post=108570"}],"version-history":[{"count":1,"href":"https:\/\/www.altominho.tv\/site\/wp-json\/wp\/v2\/posts\/108570\/revisions"}],"predecessor-version":[{"id":108572,"href":"https:\/\/www.altominho.tv\/site\/wp-json\/wp\/v2\/posts\/108570\/revisions\/108572"}],"wp:featuredmedia":[{"embeddable":true,"href":"https:\/\/www.altominho.tv\/site\/wp-json\/wp\/v2\/media\/108571"}],"wp:attachment":[{"href":"https:\/\/www.altominho.tv\/site\/wp-json\/wp\/v2\/media?parent=108570"}],"wp:term":[{"taxonomy":"category","embeddable":true,"href":"https:\/\/www.altominho.tv\/site\/wp-json\/wp\/v2\/categories?post=108570"},{"taxonomy":"post_tag","embeddable":true,"href":"https:\/\/www.altominho.tv\/site\/wp-json\/wp\/v2\/tags?post=108570"}],"curies":[{"name":"wp","href":"https:\/\/api.w.org\/{rel}","templated":true}]}}