{"id":108347,"date":"2024-06-28T14:12:15","date_gmt":"2024-06-28T13:12:15","guid":{"rendered":"https:\/\/www.altominho.tv\/site\/?p=108347"},"modified":"2024-06-28T14:12:17","modified_gmt":"2024-06-28T13:12:17","slug":"camara-esta-a-limpar-48-hectares-de-floresta","status":"publish","type":"post","link":"https:\/\/www.altominho.tv\/site\/2024\/06\/28\/camara-esta-a-limpar-48-hectares-de-floresta\/","title":{"rendered":"C\u00e2mara est\u00e1 a limpar 48 hectares de floresta"},"content":{"rendered":"<p>A C\u00e2mara de Vila Nova de Cerveira tem em curso uma empreitada de limpeza florestal de 48 hectares em v\u00e1rias freguesias do concelho, num investimento de 46 mil euros, foi hoje divulgado.<\/p>\n<p>Em comunicado, a C\u00e2mara Municipal de Vila Nova de Cerveira, no distrito de Viana do Castelo diz estar \u201cno terreno a executar faixas de gest\u00e3o de combust\u00edvel da rede vi\u00e1ria, num total de 48,48 hectares, sendo a maior parcela desta opera\u00e7\u00e3o na freguesia de Covas (31,43 hectares)\u201d.<\/p>\n<p>Na freguesia de Sopo, ser\u00e3o limpos 12 hectares e na Uni\u00e3o de Freguesias de Candemil e Gondar 5,05 hectares.<\/p>\n<p>A empreitada visa o \u201crefor\u00e7o da instala\u00e7\u00e3o de faixa de redu\u00e7\u00e3o de combust\u00edvel da rede secund\u00e1ria, a\u00e7\u00f5es de limpeza junto \u00e0s zonas industriais, nomeadamente no parque industrial do Ful\u00e3o, nos terrenos de dom\u00ednio municipal, beneficia\u00e7\u00e3o no acesso aos pontos de \u00e1gua estrat\u00e9gicos, bem como das faixas de prote\u00e7\u00e3o do aer\u00f3dromo de Cerval\u201d.<\/p>\n","protected":false},"excerpt":{"rendered":"<p>A C\u00e2mara de Vila Nova de Cerveira tem em curso uma empreitada de limpeza florestal de 48 hectares em v\u00e1rias freguesias do concelho, num investimento de 46 mil euros, foi hoje divulgado. Em comunicado, a C\u00e2mara Municipal de Vila Nova de Cerveira, no distrito de Viana do Castelo diz estar \u201cno terreno a executar faixas [&hellip;]<\/p>\n","protected":false},"author":13,"featured_media":108348,"comment_status":"closed","ping_status":"closed","sticky":false,"template":"","format":"standard","meta":{"_exactmetrics_skip_tracking":false,"_exactmetrics_sitenote_active":false,"_exactmetrics_sitenote_note":"","_exactmetrics_sitenote_category":0,"footnotes":""},"categories":[15],"tags":[27],"class_list":["post-108347","post","type-post","status-publish","format-standard","has-post-thumbnail","hentry","category-vila-nova-de-cerveira","tag-sociedade"],"yoast_head":"<!-- This site is optimized with the Yoast SEO Premium plugin v27.4 (Yoast SEO v27.4) - https:\/\/yoast.com\/product\/yoast-seo-premium-wordpress\/ -->\n<title>C\u00e2mara est\u00e1 a limpar 48 hectares de floresta<\/title>\n<meta name=\"description\" content=\"A C\u00e2mara de Vila Nova de Cerveira tem em curso uma empreitada de limpeza florestal de 48 hectares em v\u00e1rias freguesias do concelho.\" \/>\n<meta name=\"robots\" content=\"index, follow, max-snippet:-1, max-image-preview:large, max-video-preview:-1\" \/>\n<link rel=\"canonical\" href=\"https:\/\/www.altominho.tv\/site\/2024\/06\/28\/camara-esta-a-limpar-48-hectares-de-floresta\/\" \/>\n<meta property=\"og:locale\" content=\"pt_PT\" \/>\n<meta property=\"og:type\" content=\"article\" \/>\n<meta property=\"og:title\" content=\"C\u00e2mara est\u00e1 a limpar 48 hectares de floresta\" \/>\n<meta property=\"og:description\" content=\"A C\u00e2mara de Vila Nova de Cerveira tem em curso uma empreitada de limpeza florestal de 48 hectares em v\u00e1rias freguesias do concelho.\" \/>\n<meta property=\"og:url\" content=\"https:\/\/www.altominho.tv\/site\/2024\/06\/28\/camara-esta-a-limpar-48-hectares-de-floresta\/\" \/>\n<meta property=\"og:site_name\" content=\"Altominho.tv\" \/>\n<meta property=\"article:publisher\" content=\"https:\/\/www.facebook.com\/altominhotv\" \/>\n<meta property=\"article:published_time\" content=\"2024-06-28T13:12:15+00:00\" \/>\n<meta property=\"article:modified_time\" content=\"2024-06-28T13:12:17+00:00\" \/>\n<meta property=\"og:image\" content=\"https:\/\/www.altominho.tv\/site\/wp-content\/uploads\/2024\/06\/limpeza-cerveira.jpg\" \/>\n\t<meta property=\"og:image:width\" content=\"1600\" \/>\n\t<meta property=\"og:image:height\" content=\"1204\" \/>\n\t<meta property=\"og:image:type\" content=\"image\/jpeg\" \/>\n<meta name=\"author\" content=\"Lusa\" \/>\n<meta name=\"twitter:card\" content=\"summary_large_image\" \/>\n<meta name=\"twitter:creator\" content=\"@altominhoTV\" \/>\n<meta name=\"twitter:site\" content=\"@altominhoTV\" \/>\n<meta name=\"twitter:label1\" content=\"Escrito por\" \/>\n\t<meta name=\"twitter:data1\" content=\"Lusa\" \/>\n\t<meta name=\"twitter:label2\" content=\"Tempo estimado de leitura\" \/>\n\t<meta name=\"twitter:data2\" content=\"2 minutos\" \/>\n<script type=\"application\/ld+json\" class=\"yoast-schema-graph\">{\"@context\":\"https:\\\/\\\/schema.org\",\"@graph\":[{\"@type\":\"Article\",\"@id\":\"https:\\\/\\\/www.altominho.tv\\\/site\\\/2024\\\/06\\\/28\\\/camara-esta-a-limpar-48-hectares-de-floresta\\\/#article\",\"isPartOf\":{\"@id\":\"https:\\\/\\\/www.altominho.tv\\\/site\\\/2024\\\/06\\\/28\\\/camara-esta-a-limpar-48-hectares-de-floresta\\\/\"},\"author\":{\"name\":\"Lusa\",\"@id\":\"https:\\\/\\\/www.altominho.tv\\\/site\\\/#\\\/schema\\\/person\\\/63f693da3e1899361cbe955c46f3232e\"},\"headline\":\"C\u00e2mara est\u00e1 a limpar 48 hectares de floresta\",\"datePublished\":\"2024-06-28T13:12:15+00:00\",\"dateModified\":\"2024-06-28T13:12:17+00:00\",\"mainEntityOfPage\":{\"@id\":\"https:\\\/\\\/www.altominho.tv\\\/site\\\/2024\\\/06\\\/28\\\/camara-esta-a-limpar-48-hectares-de-floresta\\\/\"},\"wordCount\":173,\"image\":{\"@id\":\"https:\\\/\\\/www.altominho.tv\\\/site\\\/2024\\\/06\\\/28\\\/camara-esta-a-limpar-48-hectares-de-floresta\\\/#primaryimage\"},\"thumbnailUrl\":\"https:\\\/\\\/www.altominho.tv\\\/site\\\/wp-content\\\/uploads\\\/2024\\\/06\\\/limpeza-cerveira.jpg\",\"keywords\":[\"Sociedade\"],\"articleSection\":[\"Vila Nova de Cerveira\"],\"inLanguage\":\"pt-PT\",\"copyrightYear\":\"2024\",\"copyrightHolder\":{\"@id\":\"https:\\\/\\\/www.altominho.tv\\\/site\\\/#organization\"}},{\"@type\":\"WebPage\",\"@id\":\"https:\\\/\\\/www.altominho.tv\\\/site\\\/2024\\\/06\\\/28\\\/camara-esta-a-limpar-48-hectares-de-floresta\\\/\",\"url\":\"https:\\\/\\\/www.altominho.tv\\\/site\\\/2024\\\/06\\\/28\\\/camara-esta-a-limpar-48-hectares-de-floresta\\\/\",\"name\":\"C\u00e2mara est\u00e1 a limpar 48 hectares de floresta\",\"isPartOf\":{\"@id\":\"https:\\\/\\\/www.altominho.tv\\\/site\\\/#website\"},\"primaryImageOfPage\":{\"@id\":\"https:\\\/\\\/www.altominho.tv\\\/site\\\/2024\\\/06\\\/28\\\/camara-esta-a-limpar-48-hectares-de-floresta\\\/#primaryimage\"},\"image\":{\"@id\":\"https:\\\/\\\/www.altominho.tv\\\/site\\\/2024\\\/06\\\/28\\\/camara-esta-a-limpar-48-hectares-de-floresta\\\/#primaryimage\"},\"thumbnailUrl\":\"https:\\\/\\\/www.altominho.tv\\\/site\\\/wp-content\\\/uploads\\\/2024\\\/06\\\/limpeza-cerveira.jpg\",\"datePublished\":\"2024-06-28T13:12:15+00:00\",\"dateModified\":\"2024-06-28T13:12:17+00:00\",\"author\":{\"@id\":\"https:\\\/\\\/www.altominho.tv\\\/site\\\/#\\\/schema\\\/person\\\/63f693da3e1899361cbe955c46f3232e\"},\"description\":\"A C\u00e2mara de Vila Nova de Cerveira tem em curso uma empreitada de limpeza florestal de 48 hectares em v\u00e1rias freguesias do concelho.\",\"breadcrumb\":{\"@id\":\"https:\\\/\\\/www.altominho.tv\\\/site\\\/2024\\\/06\\\/28\\\/camara-esta-a-limpar-48-hectares-de-floresta\\\/#breadcrumb\"},\"inLanguage\":\"pt-PT\",\"potentialAction\":[{\"@type\":\"ReadAction\",\"target\":[\"https:\\\/\\\/www.altominho.tv\\\/site\\\/2024\\\/06\\\/28\\\/camara-esta-a-limpar-48-hectares-de-floresta\\\/\"]}]},{\"@type\":\"ImageObject\",\"inLanguage\":\"pt-PT\",\"@id\":\"https:\\\/\\\/www.altominho.tv\\\/site\\\/2024\\\/06\\\/28\\\/camara-esta-a-limpar-48-hectares-de-floresta\\\/#primaryimage\",\"url\":\"https:\\\/\\\/www.altominho.tv\\\/site\\\/wp-content\\\/uploads\\\/2024\\\/06\\\/limpeza-cerveira.jpg\",\"contentUrl\":\"https:\\\/\\\/www.altominho.tv\\\/site\\\/wp-content\\\/uploads\\\/2024\\\/06\\\/limpeza-cerveira.jpg\",\"width\":1600,\"height\":1204,\"caption\":\"CM Vila Nova de Cerveira\"},{\"@type\":\"BreadcrumbList\",\"@id\":\"https:\\\/\\\/www.altominho.tv\\\/site\\\/2024\\\/06\\\/28\\\/camara-esta-a-limpar-48-hectares-de-floresta\\\/#breadcrumb\",\"itemListElement\":[{\"@type\":\"ListItem\",\"position\":1,\"name\":\"In\u00edcio\",\"item\":\"https:\\\/\\\/www.altominho.tv\\\/site\\\/\"},{\"@type\":\"ListItem\",\"position\":2,\"name\":\"C\u00e2mara est\u00e1 a limpar 48 hectares de floresta\"}]},{\"@type\":\"WebSite\",\"@id\":\"https:\\\/\\\/www.altominho.tv\\\/site\\\/#website\",\"url\":\"https:\\\/\\\/www.altominho.tv\\\/site\\\/\",\"name\":\"Altominho.tv\",\"description\":\"A sua regi\u00e3o \u00e0 dist\u00e2ncia de um clique...\",\"potentialAction\":[{\"@type\":\"SearchAction\",\"target\":{\"@type\":\"EntryPoint\",\"urlTemplate\":\"https:\\\/\\\/www.altominho.tv\\\/site\\\/?s={search_term_string}\"},\"query-input\":{\"@type\":\"PropertyValueSpecification\",\"valueRequired\":true,\"valueName\":\"search_term_string\"}}],\"inLanguage\":\"pt-PT\"},{\"@type\":\"Person\",\"@id\":\"https:\\\/\\\/www.altominho.tv\\\/site\\\/#\\\/schema\\\/person\\\/63f693da3e1899361cbe955c46f3232e\",\"name\":\"Lusa\",\"image\":{\"@type\":\"ImageObject\",\"inLanguage\":\"pt-PT\",\"@id\":\"https:\\\/\\\/www.altominho.tv\\\/site\\\/wp-content\\\/uploads\\\/2019\\\/08\\\/LUSA_Logo.gif\",\"url\":\"https:\\\/\\\/www.altominho.tv\\\/site\\\/wp-content\\\/uploads\\\/2019\\\/08\\\/LUSA_Logo.gif\",\"contentUrl\":\"https:\\\/\\\/www.altominho.tv\\\/site\\\/wp-content\\\/uploads\\\/2019\\\/08\\\/LUSA_Logo.gif\",\"caption\":\"Lusa\"},\"sameAs\":[\"http:\\\/\\\/\\\/\\\/www.altominho.tv\\\/site\"],\"url\":\"https:\\\/\\\/www.altominho.tv\\\/site\\\/author\\\/lusa\\\/\"}]}<\/script>\n<!-- \/ Yoast SEO Premium plugin. -->","yoast_head_json":{"title":"C\u00e2mara est\u00e1 a limpar 48 hectares de floresta","description":"A C\u00e2mara de Vila Nova de Cerveira tem em curso uma empreitada de limpeza florestal de 48 hectares em v\u00e1rias freguesias do concelho.","robots":{"index":"index","follow":"follow","max-snippet":"max-snippet:-1","max-image-preview":"max-image-preview:large","max-video-preview":"max-video-preview:-1"},"canonical":"https:\/\/www.altominho.tv\/site\/2024\/06\/28\/camara-esta-a-limpar-48-hectares-de-floresta\/","og_locale":"pt_PT","og_type":"article","og_title":"C\u00e2mara est\u00e1 a limpar 48 hectares de floresta","og_description":"A C\u00e2mara de Vila Nova de Cerveira tem em curso uma empreitada de limpeza florestal de 48 hectares em v\u00e1rias freguesias do concelho.","og_url":"https:\/\/www.altominho.tv\/site\/2024\/06\/28\/camara-esta-a-limpar-48-hectares-de-floresta\/","og_site_name":"Altominho.tv","article_publisher":"https:\/\/www.facebook.com\/altominhotv","article_published_time":"2024-06-28T13:12:15+00:00","article_modified_time":"2024-06-28T13:12:17+00:00","og_image":[{"width":1600,"height":1204,"url":"https:\/\/www.altominho.tv\/site\/wp-content\/uploads\/2024\/06\/limpeza-cerveira.jpg","type":"image\/jpeg"}],"author":"Lusa","twitter_card":"summary_large_image","twitter_creator":"@altominhoTV","twitter_site":"@altominhoTV","twitter_misc":{"Escrito por":"Lusa","Tempo estimado de leitura":"2 minutos"},"schema":{"@context":"https:\/\/schema.org","@graph":[{"@type":"Article","@id":"https:\/\/www.altominho.tv\/site\/2024\/06\/28\/camara-esta-a-limpar-48-hectares-de-floresta\/#article","isPartOf":{"@id":"https:\/\/www.altominho.tv\/site\/2024\/06\/28\/camara-esta-a-limpar-48-hectares-de-floresta\/"},"author":{"name":"Lusa","@id":"https:\/\/www.altominho.tv\/site\/#\/schema\/person\/63f693da3e1899361cbe955c46f3232e"},"headline":"C\u00e2mara est\u00e1 a limpar 48 hectares de floresta","datePublished":"2024-06-28T13:12:15+00:00","dateModified":"2024-06-28T13:12:17+00:00","mainEntityOfPage":{"@id":"https:\/\/www.altominho.tv\/site\/2024\/06\/28\/camara-esta-a-limpar-48-hectares-de-floresta\/"},"wordCount":173,"image":{"@id":"https:\/\/www.altominho.tv\/site\/2024\/06\/28\/camara-esta-a-limpar-48-hectares-de-floresta\/#primaryimage"},"thumbnailUrl":"https:\/\/www.altominho.tv\/site\/wp-content\/uploads\/2024\/06\/limpeza-cerveira.jpg","keywords":["Sociedade"],"articleSection":["Vila Nova de Cerveira"],"inLanguage":"pt-PT","copyrightYear":"2024","copyrightHolder":{"@id":"https:\/\/www.altominho.tv\/site\/#organization"}},{"@type":"WebPage","@id":"https:\/\/www.altominho.tv\/site\/2024\/06\/28\/camara-esta-a-limpar-48-hectares-de-floresta\/","url":"https:\/\/www.altominho.tv\/site\/2024\/06\/28\/camara-esta-a-limpar-48-hectares-de-floresta\/","name":"C\u00e2mara est\u00e1 a limpar 48 hectares de floresta","isPartOf":{"@id":"https:\/\/www.altominho.tv\/site\/#website"},"primaryImageOfPage":{"@id":"https:\/\/www.altominho.tv\/site\/2024\/06\/28\/camara-esta-a-limpar-48-hectares-de-floresta\/#primaryimage"},"image":{"@id":"https:\/\/www.altominho.tv\/site\/2024\/06\/28\/camara-esta-a-limpar-48-hectares-de-floresta\/#primaryimage"},"thumbnailUrl":"https:\/\/www.altominho.tv\/site\/wp-content\/uploads\/2024\/06\/limpeza-cerveira.jpg","datePublished":"2024-06-28T13:12:15+00:00","dateModified":"2024-06-28T13:12:17+00:00","author":{"@id":"https:\/\/www.altominho.tv\/site\/#\/schema\/person\/63f693da3e1899361cbe955c46f3232e"},"description":"A C\u00e2mara de Vila Nova de Cerveira tem em curso uma empreitada de limpeza florestal de 48 hectares em v\u00e1rias freguesias do concelho.","breadcrumb":{"@id":"https:\/\/www.altominho.tv\/site\/2024\/06\/28\/camara-esta-a-limpar-48-hectares-de-floresta\/#breadcrumb"},"inLanguage":"pt-PT","potentialAction":[{"@type":"ReadAction","target":["https:\/\/www.altominho.tv\/site\/2024\/06\/28\/camara-esta-a-limpar-48-hectares-de-floresta\/"]}]},{"@type":"ImageObject","inLanguage":"pt-PT","@id":"https:\/\/www.altominho.tv\/site\/2024\/06\/28\/camara-esta-a-limpar-48-hectares-de-floresta\/#primaryimage","url":"https:\/\/www.altominho.tv\/site\/wp-content\/uploads\/2024\/06\/limpeza-cerveira.jpg","contentUrl":"https:\/\/www.altominho.tv\/site\/wp-content\/uploads\/2024\/06\/limpeza-cerveira.jpg","width":1600,"height":1204,"caption":"CM Vila Nova de Cerveira"},{"@type":"BreadcrumbList","@id":"https:\/\/www.altominho.tv\/site\/2024\/06\/28\/camara-esta-a-limpar-48-hectares-de-floresta\/#breadcrumb","itemListElement":[{"@type":"ListItem","position":1,"name":"In\u00edcio","item":"https:\/\/www.altominho.tv\/site\/"},{"@type":"ListItem","position":2,"name":"C\u00e2mara est\u00e1 a limpar 48 hectares de floresta"}]},{"@type":"WebSite","@id":"https:\/\/www.altominho.tv\/site\/#website","url":"https:\/\/www.altominho.tv\/site\/","name":"Altominho.tv","description":"A sua regi\u00e3o \u00e0 dist\u00e2ncia de um clique...","potentialAction":[{"@type":"SearchAction","target":{"@type":"EntryPoint","urlTemplate":"https:\/\/www.altominho.tv\/site\/?s={search_term_string}"},"query-input":{"@type":"PropertyValueSpecification","valueRequired":true,"valueName":"search_term_string"}}],"inLanguage":"pt-PT"},{"@type":"Person","@id":"https:\/\/www.altominho.tv\/site\/#\/schema\/person\/63f693da3e1899361cbe955c46f3232e","name":"Lusa","image":{"@type":"ImageObject","inLanguage":"pt-PT","@id":"https:\/\/www.altominho.tv\/site\/wp-content\/uploads\/2019\/08\/LUSA_Logo.gif","url":"https:\/\/www.altominho.tv\/site\/wp-content\/uploads\/2019\/08\/LUSA_Logo.gif","contentUrl":"https:\/\/www.altominho.tv\/site\/wp-content\/uploads\/2019\/08\/LUSA_Logo.gif","caption":"Lusa"},"sameAs":["http:\/\/\/\/www.altominho.tv\/site"],"url":"https:\/\/www.altominho.tv\/site\/author\/lusa\/"}]}},"_links":{"self":[{"href":"https:\/\/www.altominho.tv\/site\/wp-json\/wp\/v2\/posts\/108347","targetHints":{"allow":["GET"]}}],"collection":[{"href":"https:\/\/www.altominho.tv\/site\/wp-json\/wp\/v2\/posts"}],"about":[{"href":"https:\/\/www.altominho.tv\/site\/wp-json\/wp\/v2\/types\/post"}],"author":[{"embeddable":true,"href":"https:\/\/www.altominho.tv\/site\/wp-json\/wp\/v2\/users\/13"}],"replies":[{"embeddable":true,"href":"https:\/\/www.altominho.tv\/site\/wp-json\/wp\/v2\/comments?post=108347"}],"version-history":[{"count":1,"href":"https:\/\/www.altominho.tv\/site\/wp-json\/wp\/v2\/posts\/108347\/revisions"}],"predecessor-version":[{"id":108349,"href":"https:\/\/www.altominho.tv\/site\/wp-json\/wp\/v2\/posts\/108347\/revisions\/108349"}],"wp:featuredmedia":[{"embeddable":true,"href":"https:\/\/www.altominho.tv\/site\/wp-json\/wp\/v2\/media\/108348"}],"wp:attachment":[{"href":"https:\/\/www.altominho.tv\/site\/wp-json\/wp\/v2\/media?parent=108347"}],"wp:term":[{"taxonomy":"category","embeddable":true,"href":"https:\/\/www.altominho.tv\/site\/wp-json\/wp\/v2\/categories?post=108347"},{"taxonomy":"post_tag","embeddable":true,"href":"https:\/\/www.altominho.tv\/site\/wp-json\/wp\/v2\/tags?post=108347"}],"curies":[{"name":"wp","href":"https:\/\/api.w.org\/{rel}","templated":true}]}}