{"id":108215,"date":"2024-06-23T15:19:21","date_gmt":"2024-06-23T14:19:21","guid":{"rendered":"https:\/\/www.altominho.tv\/site\/?p=108215"},"modified":"2024-06-23T15:19:23","modified_gmt":"2024-06-23T14:19:23","slug":"ponte-de-lima-cultura-arte-exposicao","status":"publish","type":"post","link":"https:\/\/www.altominho.tv\/site\/2024\/06\/23\/ponte-de-lima-cultura-arte-exposicao\/","title":{"rendered":"5\u00aa Art&#8217;In Lima pode ser visitada de 29 de junho a 29 de setembro"},"content":{"rendered":"\n<p>A mostra de arte contempor\u00e2nea Art\u2019In Lima \u2013&nbsp;<em>A Arte da M\u00fasica<\/em>, promovida pelo Munic\u00edpio de Ponte de Lima, recebeu 119 candidaturas e 220 obras, de artistas de v\u00e1rias nacionalidades: Alemanha, Brasil, Cabo Verde, Chile, China, Dinamarca, Espanha, Est\u00f3nia, Fran\u00e7a, Inglaterra, It\u00e1lia, Maced\u00f3nia, Nepal, Pa\u00edses Baixos, Portugal, Su\u00ed\u00e7a, Togo e USA.<\/p>\n\n\n\n<p>As obras selecionadas, nas\u00a0\u00e1reas da\u00a0Cer\u00e2mica, Desenho, Escultura, Fotografia, Ilustra\u00e7\u00e3o, Instala\u00e7\u00e3o de Arte, Litografia, Livro de Artista, Moda Conceptual, Pintura, V\u00eddeo, ser\u00e3o\u00a0expostas na Capela das Pereiras, Museu dos Terceiros, Torre da Cadeia Velha e Centro de Interpreta\u00e7\u00e3o e Promo\u00e7\u00e3o do Vinho Verde.<\/p>\n\n\n\n<p>Esta mostra inaugura a 29 de junho, e pode ser visitada at\u00e9 29 de setembro.<\/p>\n","protected":false},"excerpt":{"rendered":"<p>A mostra de arte contempor\u00e2nea Art\u2019In Lima \u2013&nbsp;A Arte da M\u00fasica, promovida pelo Munic\u00edpio de Ponte de Lima, recebeu 119 candidaturas e 220 obras, de artistas de v\u00e1rias nacionalidades: Alemanha, Brasil, Cabo Verde, Chile, China, Dinamarca, Espanha, Est\u00f3nia, Fran\u00e7a, Inglaterra, It\u00e1lia, Maced\u00f3nia, Nepal, Pa\u00edses Baixos, Portugal, Su\u00ed\u00e7a, Togo e USA. As obras selecionadas, nas\u00a0\u00e1reas da\u00a0Cer\u00e2mica, [&hellip;]<\/p>\n","protected":false},"author":7,"featured_media":108219,"comment_status":"closed","ping_status":"closed","sticky":false,"template":"","format":"standard","meta":{"_exactmetrics_skip_tracking":false,"_exactmetrics_sitenote_active":false,"_exactmetrics_sitenote_note":"","_exactmetrics_sitenote_category":0,"footnotes":""},"categories":[12],"tags":[19,27],"class_list":["post-108215","post","type-post","status-publish","format-standard","has-post-thumbnail","hentry","category-ponte-de-lima","tag-cultura","tag-sociedade"],"yoast_head":"<!-- This site is optimized with the Yoast SEO Premium plugin v27.5 (Yoast SEO v27.5) - https:\/\/yoast.com\/product\/yoast-seo-premium-wordpress\/ -->\n<title>5\u00aa Art&#039;In Lima pode ser visitada de 29 de junho a 29 de setembro<\/title>\n<meta name=\"description\" content=\"A 5\u00aa Art&#039;In Lima pode ser visitada de 29 de junho a 29 de setembro, em Ponte de Lima.\" \/>\n<meta name=\"robots\" content=\"index, follow, max-snippet:-1, max-image-preview:large, max-video-preview:-1\" \/>\n<link rel=\"canonical\" href=\"https:\/\/www.altominho.tv\/site\/2024\/06\/23\/ponte-de-lima-cultura-arte-exposicao\/\" \/>\n<meta property=\"og:locale\" content=\"pt_PT\" \/>\n<meta property=\"og:type\" content=\"article\" \/>\n<meta property=\"og:title\" content=\"5\u00aa Art&#039;In Lima pode ser visitada de 29 de junho a 29 de setembro\" \/>\n<meta property=\"og:description\" content=\"A 5\u00aa Art&#039;In Lima pode ser visitada de 29 de junho a 29 de setembro, em Ponte de Lima.\" \/>\n<meta property=\"og:url\" content=\"https:\/\/www.altominho.tv\/site\/2024\/06\/23\/ponte-de-lima-cultura-arte-exposicao\/\" \/>\n<meta property=\"og:site_name\" content=\"Altominho.tv\" \/>\n<meta property=\"article:publisher\" content=\"https:\/\/www.facebook.com\/altominhotv\" \/>\n<meta property=\"article:published_time\" content=\"2024-06-23T14:19:21+00:00\" \/>\n<meta property=\"article:modified_time\" content=\"2024-06-23T14:19:23+00:00\" \/>\n<meta property=\"og:image\" content=\"https:\/\/www.altominho.tv\/site\/wp-content\/uploads\/2024\/06\/ArtIn-Lima-1.jpg\" \/>\n\t<meta property=\"og:image:width\" content=\"1920\" \/>\n\t<meta property=\"og:image:height\" content=\"1080\" \/>\n\t<meta property=\"og:image:type\" content=\"image\/jpeg\" \/>\n<meta name=\"author\" content=\"Andreia Cunha\" \/>\n<meta name=\"twitter:card\" content=\"summary_large_image\" \/>\n<meta name=\"twitter:creator\" content=\"@altominhoTV\" \/>\n<meta name=\"twitter:site\" content=\"@altominhoTV\" \/>\n<meta name=\"twitter:label1\" content=\"Escrito por\" \/>\n\t<meta name=\"twitter:data1\" content=\"Andreia Cunha\" \/>\n\t<meta name=\"twitter:label2\" content=\"Tempo estimado de leitura\" \/>\n\t<meta name=\"twitter:data2\" content=\"1 minuto\" \/>\n<script type=\"application\/ld+json\" class=\"yoast-schema-graph\">{\"@context\":\"https:\\\/\\\/schema.org\",\"@graph\":[{\"@type\":\"Article\",\"@id\":\"https:\\\/\\\/www.altominho.tv\\\/site\\\/2024\\\/06\\\/23\\\/ponte-de-lima-cultura-arte-exposicao\\\/#article\",\"isPartOf\":{\"@id\":\"https:\\\/\\\/www.altominho.tv\\\/site\\\/2024\\\/06\\\/23\\\/ponte-de-lima-cultura-arte-exposicao\\\/\"},\"author\":{\"name\":\"Andreia Cunha\",\"@id\":\"https:\\\/\\\/www.altominho.tv\\\/site\\\/#\\\/schema\\\/person\\\/a0e4ef6d041f98ca284393d8f1d97153\"},\"headline\":\"5\u00aa Art&#8217;In Lima pode ser visitada de 29 de junho a 29 de setembro\",\"datePublished\":\"2024-06-23T14:19:21+00:00\",\"dateModified\":\"2024-06-23T14:19:23+00:00\",\"mainEntityOfPage\":{\"@id\":\"https:\\\/\\\/www.altominho.tv\\\/site\\\/2024\\\/06\\\/23\\\/ponte-de-lima-cultura-arte-exposicao\\\/\"},\"wordCount\":135,\"image\":{\"@id\":\"https:\\\/\\\/www.altominho.tv\\\/site\\\/2024\\\/06\\\/23\\\/ponte-de-lima-cultura-arte-exposicao\\\/#primaryimage\"},\"thumbnailUrl\":\"https:\\\/\\\/www.altominho.tv\\\/site\\\/wp-content\\\/uploads\\\/2024\\\/06\\\/ArtIn-Lima-1.jpg\",\"keywords\":[\"Cultura\",\"Sociedade\"],\"articleSection\":[\"Ponte de Lima\"],\"inLanguage\":\"pt-PT\",\"copyrightYear\":\"2024\",\"copyrightHolder\":{\"@id\":\"https:\\\/\\\/www.altominho.tv\\\/site\\\/#organization\"}},{\"@type\":\"WebPage\",\"@id\":\"https:\\\/\\\/www.altominho.tv\\\/site\\\/2024\\\/06\\\/23\\\/ponte-de-lima-cultura-arte-exposicao\\\/\",\"url\":\"https:\\\/\\\/www.altominho.tv\\\/site\\\/2024\\\/06\\\/23\\\/ponte-de-lima-cultura-arte-exposicao\\\/\",\"name\":\"5\u00aa Art'In Lima pode ser visitada de 29 de junho a 29 de setembro\",\"isPartOf\":{\"@id\":\"https:\\\/\\\/www.altominho.tv\\\/site\\\/#website\"},\"primaryImageOfPage\":{\"@id\":\"https:\\\/\\\/www.altominho.tv\\\/site\\\/2024\\\/06\\\/23\\\/ponte-de-lima-cultura-arte-exposicao\\\/#primaryimage\"},\"image\":{\"@id\":\"https:\\\/\\\/www.altominho.tv\\\/site\\\/2024\\\/06\\\/23\\\/ponte-de-lima-cultura-arte-exposicao\\\/#primaryimage\"},\"thumbnailUrl\":\"https:\\\/\\\/www.altominho.tv\\\/site\\\/wp-content\\\/uploads\\\/2024\\\/06\\\/ArtIn-Lima-1.jpg\",\"datePublished\":\"2024-06-23T14:19:21+00:00\",\"dateModified\":\"2024-06-23T14:19:23+00:00\",\"author\":{\"@id\":\"https:\\\/\\\/www.altominho.tv\\\/site\\\/#\\\/schema\\\/person\\\/a0e4ef6d041f98ca284393d8f1d97153\"},\"description\":\"A 5\u00aa Art'In Lima pode ser visitada de 29 de junho a 29 de setembro, em Ponte de Lima.\",\"breadcrumb\":{\"@id\":\"https:\\\/\\\/www.altominho.tv\\\/site\\\/2024\\\/06\\\/23\\\/ponte-de-lima-cultura-arte-exposicao\\\/#breadcrumb\"},\"inLanguage\":\"pt-PT\",\"potentialAction\":[{\"@type\":\"ReadAction\",\"target\":[\"https:\\\/\\\/www.altominho.tv\\\/site\\\/2024\\\/06\\\/23\\\/ponte-de-lima-cultura-arte-exposicao\\\/\"]}]},{\"@type\":\"ImageObject\",\"inLanguage\":\"pt-PT\",\"@id\":\"https:\\\/\\\/www.altominho.tv\\\/site\\\/2024\\\/06\\\/23\\\/ponte-de-lima-cultura-arte-exposicao\\\/#primaryimage\",\"url\":\"https:\\\/\\\/www.altominho.tv\\\/site\\\/wp-content\\\/uploads\\\/2024\\\/06\\\/ArtIn-Lima-1.jpg\",\"contentUrl\":\"https:\\\/\\\/www.altominho.tv\\\/site\\\/wp-content\\\/uploads\\\/2024\\\/06\\\/ArtIn-Lima-1.jpg\",\"width\":1920,\"height\":1080},{\"@type\":\"BreadcrumbList\",\"@id\":\"https:\\\/\\\/www.altominho.tv\\\/site\\\/2024\\\/06\\\/23\\\/ponte-de-lima-cultura-arte-exposicao\\\/#breadcrumb\",\"itemListElement\":[{\"@type\":\"ListItem\",\"position\":1,\"name\":\"In\u00edcio\",\"item\":\"https:\\\/\\\/www.altominho.tv\\\/site\\\/\"},{\"@type\":\"ListItem\",\"position\":2,\"name\":\"5\u00aa Art&#8217;In Lima pode ser visitada de 29 de junho a 29 de setembro\"}]},{\"@type\":\"WebSite\",\"@id\":\"https:\\\/\\\/www.altominho.tv\\\/site\\\/#website\",\"url\":\"https:\\\/\\\/www.altominho.tv\\\/site\\\/\",\"name\":\"Altominho.tv\",\"description\":\"A sua regi\u00e3o \u00e0 dist\u00e2ncia de um clique...\",\"potentialAction\":[{\"@type\":\"SearchAction\",\"target\":{\"@type\":\"EntryPoint\",\"urlTemplate\":\"https:\\\/\\\/www.altominho.tv\\\/site\\\/?s={search_term_string}\"},\"query-input\":{\"@type\":\"PropertyValueSpecification\",\"valueRequired\":true,\"valueName\":\"search_term_string\"}}],\"inLanguage\":\"pt-PT\"},{\"@type\":\"Person\",\"@id\":\"https:\\\/\\\/www.altominho.tv\\\/site\\\/#\\\/schema\\\/person\\\/a0e4ef6d041f98ca284393d8f1d97153\",\"name\":\"Andreia Cunha\",\"image\":{\"@type\":\"ImageObject\",\"inLanguage\":\"pt-PT\",\"@id\":\"https:\\\/\\\/www.altominho.tv\\\/site\\\/wp-content\\\/uploads\\\/2017\\\/11\\\/Andreia_Cunha-1-150x150.jpg\",\"url\":\"https:\\\/\\\/www.altominho.tv\\\/site\\\/wp-content\\\/uploads\\\/2017\\\/11\\\/Andreia_Cunha-1-150x150.jpg\",\"contentUrl\":\"https:\\\/\\\/www.altominho.tv\\\/site\\\/wp-content\\\/uploads\\\/2017\\\/11\\\/Andreia_Cunha-1-150x150.jpg\",\"caption\":\"Andreia Cunha\"},\"url\":\"https:\\\/\\\/www.altominho.tv\\\/site\\\/author\\\/andreiacunha\\\/\"}]}<\/script>\n<!-- \/ Yoast SEO Premium plugin. -->","yoast_head_json":{"title":"5\u00aa Art'In Lima pode ser visitada de 29 de junho a 29 de setembro","description":"A 5\u00aa Art'In Lima pode ser visitada de 29 de junho a 29 de setembro, em Ponte de Lima.","robots":{"index":"index","follow":"follow","max-snippet":"max-snippet:-1","max-image-preview":"max-image-preview:large","max-video-preview":"max-video-preview:-1"},"canonical":"https:\/\/www.altominho.tv\/site\/2024\/06\/23\/ponte-de-lima-cultura-arte-exposicao\/","og_locale":"pt_PT","og_type":"article","og_title":"5\u00aa Art'In Lima pode ser visitada de 29 de junho a 29 de setembro","og_description":"A 5\u00aa Art'In Lima pode ser visitada de 29 de junho a 29 de setembro, em Ponte de Lima.","og_url":"https:\/\/www.altominho.tv\/site\/2024\/06\/23\/ponte-de-lima-cultura-arte-exposicao\/","og_site_name":"Altominho.tv","article_publisher":"https:\/\/www.facebook.com\/altominhotv","article_published_time":"2024-06-23T14:19:21+00:00","article_modified_time":"2024-06-23T14:19:23+00:00","og_image":[{"width":1920,"height":1080,"url":"https:\/\/www.altominho.tv\/site\/wp-content\/uploads\/2024\/06\/ArtIn-Lima-1.jpg","type":"image\/jpeg"}],"author":"Andreia Cunha","twitter_card":"summary_large_image","twitter_creator":"@altominhoTV","twitter_site":"@altominhoTV","twitter_misc":{"Escrito por":"Andreia Cunha","Tempo estimado de leitura":"1 minuto"},"schema":{"@context":"https:\/\/schema.org","@graph":[{"@type":"Article","@id":"https:\/\/www.altominho.tv\/site\/2024\/06\/23\/ponte-de-lima-cultura-arte-exposicao\/#article","isPartOf":{"@id":"https:\/\/www.altominho.tv\/site\/2024\/06\/23\/ponte-de-lima-cultura-arte-exposicao\/"},"author":{"name":"Andreia Cunha","@id":"https:\/\/www.altominho.tv\/site\/#\/schema\/person\/a0e4ef6d041f98ca284393d8f1d97153"},"headline":"5\u00aa Art&#8217;In Lima pode ser visitada de 29 de junho a 29 de setembro","datePublished":"2024-06-23T14:19:21+00:00","dateModified":"2024-06-23T14:19:23+00:00","mainEntityOfPage":{"@id":"https:\/\/www.altominho.tv\/site\/2024\/06\/23\/ponte-de-lima-cultura-arte-exposicao\/"},"wordCount":135,"image":{"@id":"https:\/\/www.altominho.tv\/site\/2024\/06\/23\/ponte-de-lima-cultura-arte-exposicao\/#primaryimage"},"thumbnailUrl":"https:\/\/www.altominho.tv\/site\/wp-content\/uploads\/2024\/06\/ArtIn-Lima-1.jpg","keywords":["Cultura","Sociedade"],"articleSection":["Ponte de Lima"],"inLanguage":"pt-PT","copyrightYear":"2024","copyrightHolder":{"@id":"https:\/\/www.altominho.tv\/site\/#organization"}},{"@type":"WebPage","@id":"https:\/\/www.altominho.tv\/site\/2024\/06\/23\/ponte-de-lima-cultura-arte-exposicao\/","url":"https:\/\/www.altominho.tv\/site\/2024\/06\/23\/ponte-de-lima-cultura-arte-exposicao\/","name":"5\u00aa Art'In Lima pode ser visitada de 29 de junho a 29 de setembro","isPartOf":{"@id":"https:\/\/www.altominho.tv\/site\/#website"},"primaryImageOfPage":{"@id":"https:\/\/www.altominho.tv\/site\/2024\/06\/23\/ponte-de-lima-cultura-arte-exposicao\/#primaryimage"},"image":{"@id":"https:\/\/www.altominho.tv\/site\/2024\/06\/23\/ponte-de-lima-cultura-arte-exposicao\/#primaryimage"},"thumbnailUrl":"https:\/\/www.altominho.tv\/site\/wp-content\/uploads\/2024\/06\/ArtIn-Lima-1.jpg","datePublished":"2024-06-23T14:19:21+00:00","dateModified":"2024-06-23T14:19:23+00:00","author":{"@id":"https:\/\/www.altominho.tv\/site\/#\/schema\/person\/a0e4ef6d041f98ca284393d8f1d97153"},"description":"A 5\u00aa Art'In Lima pode ser visitada de 29 de junho a 29 de setembro, em Ponte de Lima.","breadcrumb":{"@id":"https:\/\/www.altominho.tv\/site\/2024\/06\/23\/ponte-de-lima-cultura-arte-exposicao\/#breadcrumb"},"inLanguage":"pt-PT","potentialAction":[{"@type":"ReadAction","target":["https:\/\/www.altominho.tv\/site\/2024\/06\/23\/ponte-de-lima-cultura-arte-exposicao\/"]}]},{"@type":"ImageObject","inLanguage":"pt-PT","@id":"https:\/\/www.altominho.tv\/site\/2024\/06\/23\/ponte-de-lima-cultura-arte-exposicao\/#primaryimage","url":"https:\/\/www.altominho.tv\/site\/wp-content\/uploads\/2024\/06\/ArtIn-Lima-1.jpg","contentUrl":"https:\/\/www.altominho.tv\/site\/wp-content\/uploads\/2024\/06\/ArtIn-Lima-1.jpg","width":1920,"height":1080},{"@type":"BreadcrumbList","@id":"https:\/\/www.altominho.tv\/site\/2024\/06\/23\/ponte-de-lima-cultura-arte-exposicao\/#breadcrumb","itemListElement":[{"@type":"ListItem","position":1,"name":"In\u00edcio","item":"https:\/\/www.altominho.tv\/site\/"},{"@type":"ListItem","position":2,"name":"5\u00aa Art&#8217;In Lima pode ser visitada de 29 de junho a 29 de setembro"}]},{"@type":"WebSite","@id":"https:\/\/www.altominho.tv\/site\/#website","url":"https:\/\/www.altominho.tv\/site\/","name":"Altominho.tv","description":"A sua regi\u00e3o \u00e0 dist\u00e2ncia de um clique...","potentialAction":[{"@type":"SearchAction","target":{"@type":"EntryPoint","urlTemplate":"https:\/\/www.altominho.tv\/site\/?s={search_term_string}"},"query-input":{"@type":"PropertyValueSpecification","valueRequired":true,"valueName":"search_term_string"}}],"inLanguage":"pt-PT"},{"@type":"Person","@id":"https:\/\/www.altominho.tv\/site\/#\/schema\/person\/a0e4ef6d041f98ca284393d8f1d97153","name":"Andreia Cunha","image":{"@type":"ImageObject","inLanguage":"pt-PT","@id":"https:\/\/www.altominho.tv\/site\/wp-content\/uploads\/2017\/11\/Andreia_Cunha-1-150x150.jpg","url":"https:\/\/www.altominho.tv\/site\/wp-content\/uploads\/2017\/11\/Andreia_Cunha-1-150x150.jpg","contentUrl":"https:\/\/www.altominho.tv\/site\/wp-content\/uploads\/2017\/11\/Andreia_Cunha-1-150x150.jpg","caption":"Andreia Cunha"},"url":"https:\/\/www.altominho.tv\/site\/author\/andreiacunha\/"}]}},"_links":{"self":[{"href":"https:\/\/www.altominho.tv\/site\/wp-json\/wp\/v2\/posts\/108215","targetHints":{"allow":["GET"]}}],"collection":[{"href":"https:\/\/www.altominho.tv\/site\/wp-json\/wp\/v2\/posts"}],"about":[{"href":"https:\/\/www.altominho.tv\/site\/wp-json\/wp\/v2\/types\/post"}],"author":[{"embeddable":true,"href":"https:\/\/www.altominho.tv\/site\/wp-json\/wp\/v2\/users\/7"}],"replies":[{"embeddable":true,"href":"https:\/\/www.altominho.tv\/site\/wp-json\/wp\/v2\/comments?post=108215"}],"version-history":[{"count":1,"href":"https:\/\/www.altominho.tv\/site\/wp-json\/wp\/v2\/posts\/108215\/revisions"}],"predecessor-version":[{"id":108220,"href":"https:\/\/www.altominho.tv\/site\/wp-json\/wp\/v2\/posts\/108215\/revisions\/108220"}],"wp:featuredmedia":[{"embeddable":true,"href":"https:\/\/www.altominho.tv\/site\/wp-json\/wp\/v2\/media\/108219"}],"wp:attachment":[{"href":"https:\/\/www.altominho.tv\/site\/wp-json\/wp\/v2\/media?parent=108215"}],"wp:term":[{"taxonomy":"category","embeddable":true,"href":"https:\/\/www.altominho.tv\/site\/wp-json\/wp\/v2\/categories?post=108215"},{"taxonomy":"post_tag","embeddable":true,"href":"https:\/\/www.altominho.tv\/site\/wp-json\/wp\/v2\/tags?post=108215"}],"curies":[{"name":"wp","href":"https:\/\/api.w.org\/{rel}","templated":true}]}}