{"id":108133,"date":"2024-06-20T14:45:15","date_gmt":"2024-06-20T13:45:15","guid":{"rendered":"https:\/\/www.altominho.tv\/site\/?p=108133"},"modified":"2024-06-20T14:45:17","modified_gmt":"2024-06-20T13:45:17","slug":"viana-do-castelo-vai-ser-capital-da-cultura-do-eixo-atlantico-em-2025","status":"publish","type":"post","link":"https:\/\/www.altominho.tv\/site\/2024\/06\/20\/viana-do-castelo-vai-ser-capital-da-cultura-do-eixo-atlantico-em-2025\/","title":{"rendered":"Viana do Castelo vai ser Capital da Cultura do Eixo Atl\u00e2ntico em 2025"},"content":{"rendered":"<p>A comiss\u00e3o executiva do Eixo Atl\u00e2ntico (EA) do Noroeste Peninsular aprovou hoje a proposta para que Viana do Castelo seja a Capital da Cultura em 2025, concentrando 64 grandes eventos durante 10 meses.<\/p>\n<p>Durante 10 meses, de janeiro a outubro, ser\u00e3o organizados 64 grandes eventos de todas as disciplinas, nomeadamente cultura urbana, m\u00fasica, literatura, gastronomia, cinema ou arquitetura, descreve, em comunicado, a associa\u00e7\u00e3o que junta 41 munic\u00edpios do norte de Portugal e da Galiza, em Espanha.<\/p>\n<p>\u201cSer a Capital da Cultura do Eixo Atl\u00e2ntico vai promover a aproxima\u00e7\u00e3o e a interliga\u00e7\u00e3o dos elementos identit\u00e1rios de Viana do Castelo com o Eixo Atl\u00e2ntico\u201d, acrescenta.<\/p>\n<p>De acordo com o EA, \u201cViana do Castelo \u00e9 um munic\u00edpio com um patrim\u00f3nio hist\u00f3rico, arquitet\u00f3nico, cultural e paisag\u00edstico aberto \u00e0 diversidade e \u00e0 mudan\u00e7a, procurando sempre manter o equilibro entre o passado e o futuro\u201d, pelo que vai ser \u201cnesta premissa criativa que se baseia a cria\u00e7\u00e3o art\u00edstica e cultural\u201d.<\/p>\n<p>A decis\u00e3o foi tomada em Lugo ap\u00f3s a inaugura\u00e7\u00e3o da sexta pra\u00e7a p\u00fablica do EA, a primeira na Galiza, juntando-se \u00e0s de Bragan\u00e7a, Matosinhos, Braga, Vila Nova de Gaia e Viana do Castelo.<\/p>\n<p>A comiss\u00e3o executiva aprovou tamb\u00e9m a proposta para organizar em Valongo, no m\u00eas de outubro, um semin\u00e1rio de interc\u00e2mbio de experi\u00eancias sobre a igualdade de g\u00e9nero no desporto.<\/p>\n<p>Foi ainda ratificada a proposta para que Sarria, na Galiza, seja, em maio de 2025, a sede da VIII Expocidades, a feira de turismo de proximidade do EA.<\/p>\n<p>Sarria \u00e9 um dos munic\u00edpios de refer\u00eancia do Caminho de Santiago Franc\u00eas onde milhares de peregrinos iniciam os \u00faltimos 100 quil\u00f3metros at\u00e9 Santiago.<\/p>\n<p>\u201cNo que diz respeito \u00e0s infraestruturas, verificou-se o compromisso do Governo de Portugal de manter o calend\u00e1rio da linha Lisboa \u2013 A Coru\u00f1a tal e como foi aprovado pela Assembleia da Rep\u00fablica, iniciando os processos pr\u00e9vios \u00e0 constru\u00e7\u00e3o da linha sem nenhum atraso\u201d, afirma a organiza\u00e7\u00e3o intermunicipal transfronteiri\u00e7a.<\/p>\n","protected":false},"excerpt":{"rendered":"<p>A comiss\u00e3o executiva do Eixo Atl\u00e2ntico (EA) do Noroeste Peninsular aprovou hoje a proposta para que Viana do Castelo seja a Capital da Cultura em 2025, concentrando 64 grandes eventos durante 10 meses. Durante 10 meses, de janeiro a outubro, ser\u00e3o organizados 64 grandes eventos de todas as disciplinas, nomeadamente cultura urbana, m\u00fasica, literatura, gastronomia, [&hellip;]<\/p>\n","protected":false},"author":1,"featured_media":108134,"comment_status":"closed","ping_status":"closed","sticky":false,"template":"","format":"standard","meta":{"_exactmetrics_skip_tracking":false,"_exactmetrics_sitenote_active":false,"_exactmetrics_sitenote_note":"","_exactmetrics_sitenote_category":0,"footnotes":""},"categories":[14],"tags":[20],"class_list":["post-108133","post","type-post","status-publish","format-standard","has-post-thumbnail","hentry","category-viana-do-castelo","tag-desporto"],"yoast_head":"<!-- This site is optimized with the Yoast SEO Premium plugin v27.4 (Yoast SEO v27.4) - https:\/\/yoast.com\/product\/yoast-seo-premium-wordpress\/ -->\n<title>Viana do Castelo vai ser Capital da Cultura do Eixo Atl\u00e2ntico em 2025<\/title>\n<meta name=\"description\" content=\"A comiss\u00e3o executiva do Eixo Atl\u00e2ntico (EA) do Noroeste Peninsular aprovou hoje a proposta para que Viana do Castelo seja a Capital da Cultura em 2025, concentrando 64 grandes eventos durante 10 meses.\" \/>\n<meta name=\"robots\" content=\"index, follow, max-snippet:-1, max-image-preview:large, max-video-preview:-1\" \/>\n<link rel=\"canonical\" href=\"https:\/\/www.altominho.tv\/site\/2024\/06\/20\/viana-do-castelo-vai-ser-capital-da-cultura-do-eixo-atlantico-em-2025\/\" \/>\n<meta property=\"og:locale\" content=\"pt_PT\" \/>\n<meta property=\"og:type\" content=\"article\" \/>\n<meta property=\"og:title\" content=\"Viana do Castelo vai ser Capital da Cultura do Eixo Atl\u00e2ntico em 2025\" \/>\n<meta property=\"og:description\" content=\"A comiss\u00e3o executiva do Eixo Atl\u00e2ntico (EA) do Noroeste Peninsular aprovou hoje a proposta para que Viana do Castelo seja a Capital da Cultura em 2025, concentrando 64 grandes eventos durante 10 meses.\" \/>\n<meta property=\"og:url\" content=\"https:\/\/www.altominho.tv\/site\/2024\/06\/20\/viana-do-castelo-vai-ser-capital-da-cultura-do-eixo-atlantico-em-2025\/\" \/>\n<meta property=\"og:site_name\" content=\"Altominho.tv\" \/>\n<meta property=\"article:publisher\" content=\"https:\/\/www.facebook.com\/altominhotv\" \/>\n<meta property=\"article:published_time\" content=\"2024-06-20T13:45:15+00:00\" \/>\n<meta property=\"article:modified_time\" content=\"2024-06-20T13:45:17+00:00\" \/>\n<meta property=\"og:image\" content=\"https:\/\/www.altominho.tv\/site\/wp-content\/uploads\/2024\/06\/eixo-atlantico.jpg\" \/>\n\t<meta property=\"og:image:width\" content=\"2000\" \/>\n\t<meta property=\"og:image:height\" content=\"1125\" \/>\n\t<meta property=\"og:image:type\" content=\"image\/jpeg\" \/>\n<meta name=\"author\" content=\"Altominho.tv\" \/>\n<meta name=\"twitter:card\" content=\"summary_large_image\" \/>\n<meta name=\"twitter:creator\" content=\"@altominhoTV\" \/>\n<meta name=\"twitter:site\" content=\"@altominhoTV\" \/>\n<meta name=\"twitter:label1\" content=\"Escrito por\" \/>\n\t<meta name=\"twitter:data1\" content=\"Altominho.tv\" \/>\n\t<meta name=\"twitter:label2\" content=\"Tempo estimado de leitura\" \/>\n\t<meta name=\"twitter:data2\" content=\"2 minutos\" \/>\n<script type=\"application\/ld+json\" class=\"yoast-schema-graph\">{\"@context\":\"https:\\\/\\\/schema.org\",\"@graph\":[{\"@type\":\"Article\",\"@id\":\"https:\\\/\\\/www.altominho.tv\\\/site\\\/2024\\\/06\\\/20\\\/viana-do-castelo-vai-ser-capital-da-cultura-do-eixo-atlantico-em-2025\\\/#article\",\"isPartOf\":{\"@id\":\"https:\\\/\\\/www.altominho.tv\\\/site\\\/2024\\\/06\\\/20\\\/viana-do-castelo-vai-ser-capital-da-cultura-do-eixo-atlantico-em-2025\\\/\"},\"author\":{\"name\":\"Altominho.tv\",\"@id\":\"https:\\\/\\\/www.altominho.tv\\\/site\\\/#\\\/schema\\\/person\\\/4e536851627d7914baf3dac752b6af22\"},\"headline\":\"Viana do Castelo vai ser Capital da Cultura do Eixo Atl\u00e2ntico em 2025\",\"datePublished\":\"2024-06-20T13:45:15+00:00\",\"dateModified\":\"2024-06-20T13:45:17+00:00\",\"mainEntityOfPage\":{\"@id\":\"https:\\\/\\\/www.altominho.tv\\\/site\\\/2024\\\/06\\\/20\\\/viana-do-castelo-vai-ser-capital-da-cultura-do-eixo-atlantico-em-2025\\\/\"},\"wordCount\":356,\"image\":{\"@id\":\"https:\\\/\\\/www.altominho.tv\\\/site\\\/2024\\\/06\\\/20\\\/viana-do-castelo-vai-ser-capital-da-cultura-do-eixo-atlantico-em-2025\\\/#primaryimage\"},\"thumbnailUrl\":\"https:\\\/\\\/www.altominho.tv\\\/site\\\/wp-content\\\/uploads\\\/2024\\\/06\\\/eixo-atlantico.jpg\",\"keywords\":[\"Desporto\"],\"articleSection\":[\"Viana do Castelo\"],\"inLanguage\":\"pt-PT\",\"copyrightYear\":\"2024\",\"copyrightHolder\":{\"@id\":\"https:\\\/\\\/www.altominho.tv\\\/site\\\/#organization\"}},{\"@type\":\"WebPage\",\"@id\":\"https:\\\/\\\/www.altominho.tv\\\/site\\\/2024\\\/06\\\/20\\\/viana-do-castelo-vai-ser-capital-da-cultura-do-eixo-atlantico-em-2025\\\/\",\"url\":\"https:\\\/\\\/www.altominho.tv\\\/site\\\/2024\\\/06\\\/20\\\/viana-do-castelo-vai-ser-capital-da-cultura-do-eixo-atlantico-em-2025\\\/\",\"name\":\"Viana do Castelo vai ser Capital da Cultura do Eixo Atl\u00e2ntico em 2025\",\"isPartOf\":{\"@id\":\"https:\\\/\\\/www.altominho.tv\\\/site\\\/#website\"},\"primaryImageOfPage\":{\"@id\":\"https:\\\/\\\/www.altominho.tv\\\/site\\\/2024\\\/06\\\/20\\\/viana-do-castelo-vai-ser-capital-da-cultura-do-eixo-atlantico-em-2025\\\/#primaryimage\"},\"image\":{\"@id\":\"https:\\\/\\\/www.altominho.tv\\\/site\\\/2024\\\/06\\\/20\\\/viana-do-castelo-vai-ser-capital-da-cultura-do-eixo-atlantico-em-2025\\\/#primaryimage\"},\"thumbnailUrl\":\"https:\\\/\\\/www.altominho.tv\\\/site\\\/wp-content\\\/uploads\\\/2024\\\/06\\\/eixo-atlantico.jpg\",\"datePublished\":\"2024-06-20T13:45:15+00:00\",\"dateModified\":\"2024-06-20T13:45:17+00:00\",\"author\":{\"@id\":\"https:\\\/\\\/www.altominho.tv\\\/site\\\/#\\\/schema\\\/person\\\/4e536851627d7914baf3dac752b6af22\"},\"description\":\"A comiss\u00e3o executiva do Eixo Atl\u00e2ntico (EA) do Noroeste Peninsular aprovou hoje a proposta para que Viana do Castelo seja a Capital da Cultura em 2025, concentrando 64 grandes eventos durante 10 meses.\",\"breadcrumb\":{\"@id\":\"https:\\\/\\\/www.altominho.tv\\\/site\\\/2024\\\/06\\\/20\\\/viana-do-castelo-vai-ser-capital-da-cultura-do-eixo-atlantico-em-2025\\\/#breadcrumb\"},\"inLanguage\":\"pt-PT\",\"potentialAction\":[{\"@type\":\"ReadAction\",\"target\":[\"https:\\\/\\\/www.altominho.tv\\\/site\\\/2024\\\/06\\\/20\\\/viana-do-castelo-vai-ser-capital-da-cultura-do-eixo-atlantico-em-2025\\\/\"]}]},{\"@type\":\"ImageObject\",\"inLanguage\":\"pt-PT\",\"@id\":\"https:\\\/\\\/www.altominho.tv\\\/site\\\/2024\\\/06\\\/20\\\/viana-do-castelo-vai-ser-capital-da-cultura-do-eixo-atlantico-em-2025\\\/#primaryimage\",\"url\":\"https:\\\/\\\/www.altominho.tv\\\/site\\\/wp-content\\\/uploads\\\/2024\\\/06\\\/eixo-atlantico.jpg\",\"contentUrl\":\"https:\\\/\\\/www.altominho.tv\\\/site\\\/wp-content\\\/uploads\\\/2024\\\/06\\\/eixo-atlantico.jpg\",\"width\":2000,\"height\":1125},{\"@type\":\"BreadcrumbList\",\"@id\":\"https:\\\/\\\/www.altominho.tv\\\/site\\\/2024\\\/06\\\/20\\\/viana-do-castelo-vai-ser-capital-da-cultura-do-eixo-atlantico-em-2025\\\/#breadcrumb\",\"itemListElement\":[{\"@type\":\"ListItem\",\"position\":1,\"name\":\"In\u00edcio\",\"item\":\"https:\\\/\\\/www.altominho.tv\\\/site\\\/\"},{\"@type\":\"ListItem\",\"position\":2,\"name\":\"Viana do Castelo vai ser Capital da Cultura do Eixo Atl\u00e2ntico em 2025\"}]},{\"@type\":\"WebSite\",\"@id\":\"https:\\\/\\\/www.altominho.tv\\\/site\\\/#website\",\"url\":\"https:\\\/\\\/www.altominho.tv\\\/site\\\/\",\"name\":\"Altominho.tv\",\"description\":\"A sua regi\u00e3o \u00e0 dist\u00e2ncia de um clique...\",\"potentialAction\":[{\"@type\":\"SearchAction\",\"target\":{\"@type\":\"EntryPoint\",\"urlTemplate\":\"https:\\\/\\\/www.altominho.tv\\\/site\\\/?s={search_term_string}\"},\"query-input\":{\"@type\":\"PropertyValueSpecification\",\"valueRequired\":true,\"valueName\":\"search_term_string\"}}],\"inLanguage\":\"pt-PT\"},{\"@type\":\"Person\",\"@id\":\"https:\\\/\\\/www.altominho.tv\\\/site\\\/#\\\/schema\\\/person\\\/4e536851627d7914baf3dac752b6af22\",\"name\":\"Altominho.tv\",\"image\":{\"@type\":\"ImageObject\",\"inLanguage\":\"pt-PT\",\"@id\":\"https:\\\/\\\/www.altominho.tv\\\/site\\\/wp-content\\\/uploads\\\/2019\\\/11\\\/Logo_Avatar_2-150x150.jpg\",\"url\":\"https:\\\/\\\/www.altominho.tv\\\/site\\\/wp-content\\\/uploads\\\/2019\\\/11\\\/Logo_Avatar_2-150x150.jpg\",\"contentUrl\":\"https:\\\/\\\/www.altominho.tv\\\/site\\\/wp-content\\\/uploads\\\/2019\\\/11\\\/Logo_Avatar_2-150x150.jpg\",\"caption\":\"Altominho.tv\"},\"url\":\"https:\\\/\\\/www.altominho.tv\\\/site\\\/author\\\/altominhotv-tecnico\\\/\"}]}<\/script>\n<!-- \/ Yoast SEO Premium plugin. -->","yoast_head_json":{"title":"Viana do Castelo vai ser Capital da Cultura do Eixo Atl\u00e2ntico em 2025","description":"A comiss\u00e3o executiva do Eixo Atl\u00e2ntico (EA) do Noroeste Peninsular aprovou hoje a proposta para que Viana do Castelo seja a Capital da Cultura em 2025, concentrando 64 grandes eventos durante 10 meses.","robots":{"index":"index","follow":"follow","max-snippet":"max-snippet:-1","max-image-preview":"max-image-preview:large","max-video-preview":"max-video-preview:-1"},"canonical":"https:\/\/www.altominho.tv\/site\/2024\/06\/20\/viana-do-castelo-vai-ser-capital-da-cultura-do-eixo-atlantico-em-2025\/","og_locale":"pt_PT","og_type":"article","og_title":"Viana do Castelo vai ser Capital da Cultura do Eixo Atl\u00e2ntico em 2025","og_description":"A comiss\u00e3o executiva do Eixo Atl\u00e2ntico (EA) do Noroeste Peninsular aprovou hoje a proposta para que Viana do Castelo seja a Capital da Cultura em 2025, concentrando 64 grandes eventos durante 10 meses.","og_url":"https:\/\/www.altominho.tv\/site\/2024\/06\/20\/viana-do-castelo-vai-ser-capital-da-cultura-do-eixo-atlantico-em-2025\/","og_site_name":"Altominho.tv","article_publisher":"https:\/\/www.facebook.com\/altominhotv","article_published_time":"2024-06-20T13:45:15+00:00","article_modified_time":"2024-06-20T13:45:17+00:00","og_image":[{"width":2000,"height":1125,"url":"https:\/\/www.altominho.tv\/site\/wp-content\/uploads\/2024\/06\/eixo-atlantico.jpg","type":"image\/jpeg"}],"author":"Altominho.tv","twitter_card":"summary_large_image","twitter_creator":"@altominhoTV","twitter_site":"@altominhoTV","twitter_misc":{"Escrito por":"Altominho.tv","Tempo estimado de leitura":"2 minutos"},"schema":{"@context":"https:\/\/schema.org","@graph":[{"@type":"Article","@id":"https:\/\/www.altominho.tv\/site\/2024\/06\/20\/viana-do-castelo-vai-ser-capital-da-cultura-do-eixo-atlantico-em-2025\/#article","isPartOf":{"@id":"https:\/\/www.altominho.tv\/site\/2024\/06\/20\/viana-do-castelo-vai-ser-capital-da-cultura-do-eixo-atlantico-em-2025\/"},"author":{"name":"Altominho.tv","@id":"https:\/\/www.altominho.tv\/site\/#\/schema\/person\/4e536851627d7914baf3dac752b6af22"},"headline":"Viana do Castelo vai ser Capital da Cultura do Eixo Atl\u00e2ntico em 2025","datePublished":"2024-06-20T13:45:15+00:00","dateModified":"2024-06-20T13:45:17+00:00","mainEntityOfPage":{"@id":"https:\/\/www.altominho.tv\/site\/2024\/06\/20\/viana-do-castelo-vai-ser-capital-da-cultura-do-eixo-atlantico-em-2025\/"},"wordCount":356,"image":{"@id":"https:\/\/www.altominho.tv\/site\/2024\/06\/20\/viana-do-castelo-vai-ser-capital-da-cultura-do-eixo-atlantico-em-2025\/#primaryimage"},"thumbnailUrl":"https:\/\/www.altominho.tv\/site\/wp-content\/uploads\/2024\/06\/eixo-atlantico.jpg","keywords":["Desporto"],"articleSection":["Viana do Castelo"],"inLanguage":"pt-PT","copyrightYear":"2024","copyrightHolder":{"@id":"https:\/\/www.altominho.tv\/site\/#organization"}},{"@type":"WebPage","@id":"https:\/\/www.altominho.tv\/site\/2024\/06\/20\/viana-do-castelo-vai-ser-capital-da-cultura-do-eixo-atlantico-em-2025\/","url":"https:\/\/www.altominho.tv\/site\/2024\/06\/20\/viana-do-castelo-vai-ser-capital-da-cultura-do-eixo-atlantico-em-2025\/","name":"Viana do Castelo vai ser Capital da Cultura do Eixo Atl\u00e2ntico em 2025","isPartOf":{"@id":"https:\/\/www.altominho.tv\/site\/#website"},"primaryImageOfPage":{"@id":"https:\/\/www.altominho.tv\/site\/2024\/06\/20\/viana-do-castelo-vai-ser-capital-da-cultura-do-eixo-atlantico-em-2025\/#primaryimage"},"image":{"@id":"https:\/\/www.altominho.tv\/site\/2024\/06\/20\/viana-do-castelo-vai-ser-capital-da-cultura-do-eixo-atlantico-em-2025\/#primaryimage"},"thumbnailUrl":"https:\/\/www.altominho.tv\/site\/wp-content\/uploads\/2024\/06\/eixo-atlantico.jpg","datePublished":"2024-06-20T13:45:15+00:00","dateModified":"2024-06-20T13:45:17+00:00","author":{"@id":"https:\/\/www.altominho.tv\/site\/#\/schema\/person\/4e536851627d7914baf3dac752b6af22"},"description":"A comiss\u00e3o executiva do Eixo Atl\u00e2ntico (EA) do Noroeste Peninsular aprovou hoje a proposta para que Viana do Castelo seja a Capital da Cultura em 2025, concentrando 64 grandes eventos durante 10 meses.","breadcrumb":{"@id":"https:\/\/www.altominho.tv\/site\/2024\/06\/20\/viana-do-castelo-vai-ser-capital-da-cultura-do-eixo-atlantico-em-2025\/#breadcrumb"},"inLanguage":"pt-PT","potentialAction":[{"@type":"ReadAction","target":["https:\/\/www.altominho.tv\/site\/2024\/06\/20\/viana-do-castelo-vai-ser-capital-da-cultura-do-eixo-atlantico-em-2025\/"]}]},{"@type":"ImageObject","inLanguage":"pt-PT","@id":"https:\/\/www.altominho.tv\/site\/2024\/06\/20\/viana-do-castelo-vai-ser-capital-da-cultura-do-eixo-atlantico-em-2025\/#primaryimage","url":"https:\/\/www.altominho.tv\/site\/wp-content\/uploads\/2024\/06\/eixo-atlantico.jpg","contentUrl":"https:\/\/www.altominho.tv\/site\/wp-content\/uploads\/2024\/06\/eixo-atlantico.jpg","width":2000,"height":1125},{"@type":"BreadcrumbList","@id":"https:\/\/www.altominho.tv\/site\/2024\/06\/20\/viana-do-castelo-vai-ser-capital-da-cultura-do-eixo-atlantico-em-2025\/#breadcrumb","itemListElement":[{"@type":"ListItem","position":1,"name":"In\u00edcio","item":"https:\/\/www.altominho.tv\/site\/"},{"@type":"ListItem","position":2,"name":"Viana do Castelo vai ser Capital da Cultura do Eixo Atl\u00e2ntico em 2025"}]},{"@type":"WebSite","@id":"https:\/\/www.altominho.tv\/site\/#website","url":"https:\/\/www.altominho.tv\/site\/","name":"Altominho.tv","description":"A sua regi\u00e3o \u00e0 dist\u00e2ncia de um clique...","potentialAction":[{"@type":"SearchAction","target":{"@type":"EntryPoint","urlTemplate":"https:\/\/www.altominho.tv\/site\/?s={search_term_string}"},"query-input":{"@type":"PropertyValueSpecification","valueRequired":true,"valueName":"search_term_string"}}],"inLanguage":"pt-PT"},{"@type":"Person","@id":"https:\/\/www.altominho.tv\/site\/#\/schema\/person\/4e536851627d7914baf3dac752b6af22","name":"Altominho.tv","image":{"@type":"ImageObject","inLanguage":"pt-PT","@id":"https:\/\/www.altominho.tv\/site\/wp-content\/uploads\/2019\/11\/Logo_Avatar_2-150x150.jpg","url":"https:\/\/www.altominho.tv\/site\/wp-content\/uploads\/2019\/11\/Logo_Avatar_2-150x150.jpg","contentUrl":"https:\/\/www.altominho.tv\/site\/wp-content\/uploads\/2019\/11\/Logo_Avatar_2-150x150.jpg","caption":"Altominho.tv"},"url":"https:\/\/www.altominho.tv\/site\/author\/altominhotv-tecnico\/"}]}},"_links":{"self":[{"href":"https:\/\/www.altominho.tv\/site\/wp-json\/wp\/v2\/posts\/108133","targetHints":{"allow":["GET"]}}],"collection":[{"href":"https:\/\/www.altominho.tv\/site\/wp-json\/wp\/v2\/posts"}],"about":[{"href":"https:\/\/www.altominho.tv\/site\/wp-json\/wp\/v2\/types\/post"}],"author":[{"embeddable":true,"href":"https:\/\/www.altominho.tv\/site\/wp-json\/wp\/v2\/users\/1"}],"replies":[{"embeddable":true,"href":"https:\/\/www.altominho.tv\/site\/wp-json\/wp\/v2\/comments?post=108133"}],"version-history":[{"count":1,"href":"https:\/\/www.altominho.tv\/site\/wp-json\/wp\/v2\/posts\/108133\/revisions"}],"predecessor-version":[{"id":108135,"href":"https:\/\/www.altominho.tv\/site\/wp-json\/wp\/v2\/posts\/108133\/revisions\/108135"}],"wp:featuredmedia":[{"embeddable":true,"href":"https:\/\/www.altominho.tv\/site\/wp-json\/wp\/v2\/media\/108134"}],"wp:attachment":[{"href":"https:\/\/www.altominho.tv\/site\/wp-json\/wp\/v2\/media?parent=108133"}],"wp:term":[{"taxonomy":"category","embeddable":true,"href":"https:\/\/www.altominho.tv\/site\/wp-json\/wp\/v2\/categories?post=108133"},{"taxonomy":"post_tag","embeddable":true,"href":"https:\/\/www.altominho.tv\/site\/wp-json\/wp\/v2\/tags?post=108133"}],"curies":[{"name":"wp","href":"https:\/\/api.w.org\/{rel}","templated":true}]}}