{"id":108111,"date":"2024-06-19T18:38:52","date_gmt":"2024-06-19T17:38:52","guid":{"rendered":"https:\/\/www.altominho.tv\/site\/?p=108111"},"modified":"2024-06-19T18:38:55","modified_gmt":"2024-06-19T17:38:55","slug":"camara-de-caminha-aprova-eurocidade-foz-do-minho-com-a-guarda-e-o-rosal","status":"publish","type":"post","link":"https:\/\/www.altominho.tv\/site\/2024\/06\/19\/camara-de-caminha-aprova-eurocidade-foz-do-minho-com-a-guarda-e-o-rosal\/","title":{"rendered":"C\u00e2mara de Caminha aprova eurocidade Foz do Minho com A Guarda e O Rosal"},"content":{"rendered":"\n<p>A C\u00e2mara de Caminha aprovou hoje a cria\u00e7\u00e3o da quarta eurocidade entre o Alto Minho e a Galiza, em Espanha, que vai chamar-se Foz do Minho e integrar tamb\u00e9m as localidades de A Guarda e O Rosal.<\/p>\n\n\n\n<p>A proposta e a minuta de cria\u00e7\u00e3o da eurocidade, a que a Lusa teve acesso, seguem agora para aprecia\u00e7\u00e3o e aprova\u00e7\u00e3o da Assembleia Municipal de Caminha, no distrito de Viana do Castelo.<\/p>\n\n\n\n<p>No documento, os tr\u00eas munic\u00edpios concordam criar a Eurocidade da Foz do Minho, que ter\u00e1 como finalidade \u201cacompanhar, promover, coordenar, apoiar ou executar atividades de coopera\u00e7\u00e3o transfronteiri\u00e7a\u201d.<\/p>\n\n\n\n<p>\u201cOs munic\u00edpios de Caminha, A Guarda e O Rosal est\u00e3o cientes da necessidade de aprofundar e refor\u00e7ar a coopera\u00e7\u00e3o existente com o objetivo de melhorar a qualidade de vida dos seus cidad\u00e3os e de estabelecer um compromisso que permita avan\u00e7ar nesta coopera\u00e7\u00e3o, promovendo economias de escala mediante a cria\u00e7\u00e3o da eurocidade\u201d, acrescenta a proposta.<\/p>\n\n\n\n<p>A 10 de maio, o autarca de Caminha revelou \u00e0 Lusa que o munic\u00edpio espanhol de O Rosal queria aliar-se a A Guarda, na Galiza, e ao concelho de Caminha, no Alto Minho, formando a quarta eurocidade entre as duas regi\u00f5es transfronteiri\u00e7as.<\/p>\n\n\n\n<p>\u201cA eurocidade n\u00e3o prev\u00ea apenas a partilha de equipamentos, mas tamb\u00e9m da agenda cultural, desportiva. Queremos criar dinamismo na raia entre os tr\u00eas concelhos\u201d, indicou Rui Lages.<\/p>\n\n\n\n<p>Na ocasi\u00e3o, o autarca esclarece que do lado portugu\u00eas, a constitui\u00e7\u00e3o da eurocidade ter\u00e1 de passar pela Comiss\u00e3o de Coordena\u00e7\u00e3o e Desenvolvimento Regional do Norte (CCDR-N). Em Espanha ter\u00e1 de ser apreciado pela Junta da Galiza.<\/p>\n\n\n\n<p>Na eurorregi\u00e3o Alto Minho\/Galiza est\u00e3o constitu\u00eddas tr\u00eas eurocidades entre Valen\u00e7a e Tui, Mon\u00e7\u00e3o e Salvaterra do Mi\u00f1o e Vila Nova de Cerveira e Tomi\u00f1o.<\/p>\n","protected":false},"excerpt":{"rendered":"<p>A C\u00e2mara de Caminha aprovou hoje a cria\u00e7\u00e3o da quarta eurocidade entre o Alto Minho e a Galiza, em Espanha, que vai chamar-se Foz do Minho e integrar tamb\u00e9m as localidades de A Guarda e O Rosal. A proposta e a minuta de cria\u00e7\u00e3o da eurocidade, a que a Lusa teve acesso, seguem agora para [&hellip;]<\/p>\n","protected":false},"author":13,"featured_media":108114,"comment_status":"closed","ping_status":"closed","sticky":false,"template":"","format":"standard","meta":{"_exactmetrics_skip_tracking":false,"_exactmetrics_sitenote_active":false,"_exactmetrics_sitenote_note":"","_exactmetrics_sitenote_category":0,"footnotes":""},"categories":[7],"tags":[27],"class_list":["post-108111","post","type-post","status-publish","format-standard","has-post-thumbnail","hentry","category-caminha","tag-sociedade"],"yoast_head":"<!-- This site is optimized with the Yoast SEO Premium plugin v27.5 (Yoast SEO v27.5) - https:\/\/yoast.com\/product\/yoast-seo-premium-wordpress\/ -->\n<title>C\u00e2mara de Caminha aprova eurocidade Foz do Minho com A Guarda e O Rosal<\/title>\n<meta name=\"robots\" content=\"index, follow, max-snippet:-1, max-image-preview:large, max-video-preview:-1\" \/>\n<link rel=\"canonical\" href=\"https:\/\/www.altominho.tv\/site\/2024\/06\/19\/camara-de-caminha-aprova-eurocidade-foz-do-minho-com-a-guarda-e-o-rosal\/\" \/>\n<meta property=\"og:locale\" content=\"pt_PT\" \/>\n<meta property=\"og:type\" content=\"article\" \/>\n<meta property=\"og:title\" content=\"C\u00e2mara de Caminha aprova eurocidade Foz do Minho com A Guarda e O Rosal\" \/>\n<meta property=\"og:description\" content=\"A C\u00e2mara de Caminha aprovou hoje a cria\u00e7\u00e3o da quarta eurocidade entre o Alto Minho e a Galiza, em Espanha, que vai chamar-se Foz do Minho e integrar tamb\u00e9m as localidades de A Guarda e O Rosal. A proposta e a minuta de cria\u00e7\u00e3o da eurocidade, a que a Lusa teve acesso, seguem agora para [&hellip;]\" \/>\n<meta property=\"og:url\" content=\"https:\/\/www.altominho.tv\/site\/2024\/06\/19\/camara-de-caminha-aprova-eurocidade-foz-do-minho-com-a-guarda-e-o-rosal\/\" \/>\n<meta property=\"og:site_name\" content=\"Altominho.tv\" \/>\n<meta property=\"article:publisher\" content=\"https:\/\/www.facebook.com\/altominhotv\" \/>\n<meta property=\"article:published_time\" content=\"2024-06-19T17:38:52+00:00\" \/>\n<meta property=\"article:modified_time\" content=\"2024-06-19T17:38:55+00:00\" \/>\n<meta property=\"og:image\" content=\"https:\/\/www.altominho.tv\/site\/wp-content\/uploads\/2024\/06\/Foz-do-Minho.jpeg\" \/>\n\t<meta property=\"og:image:width\" content=\"1008\" \/>\n\t<meta property=\"og:image:height\" content=\"672\" \/>\n\t<meta property=\"og:image:type\" content=\"image\/jpeg\" \/>\n<meta name=\"author\" content=\"Lusa\" \/>\n<meta name=\"twitter:card\" content=\"summary_large_image\" \/>\n<meta name=\"twitter:creator\" content=\"@altominhoTV\" \/>\n<meta name=\"twitter:site\" content=\"@altominhoTV\" \/>\n<meta name=\"twitter:label1\" content=\"Escrito por\" \/>\n\t<meta name=\"twitter:data1\" content=\"Lusa\" \/>\n\t<meta name=\"twitter:label2\" content=\"Tempo estimado de leitura\" \/>\n\t<meta name=\"twitter:data2\" content=\"2 minutos\" \/>\n<script type=\"application\/ld+json\" class=\"yoast-schema-graph\">{\"@context\":\"https:\\\/\\\/schema.org\",\"@graph\":[{\"@type\":\"Article\",\"@id\":\"https:\\\/\\\/www.altominho.tv\\\/site\\\/2024\\\/06\\\/19\\\/camara-de-caminha-aprova-eurocidade-foz-do-minho-com-a-guarda-e-o-rosal\\\/#article\",\"isPartOf\":{\"@id\":\"https:\\\/\\\/www.altominho.tv\\\/site\\\/2024\\\/06\\\/19\\\/camara-de-caminha-aprova-eurocidade-foz-do-minho-com-a-guarda-e-o-rosal\\\/\"},\"author\":{\"name\":\"Lusa\",\"@id\":\"https:\\\/\\\/www.altominho.tv\\\/site\\\/#\\\/schema\\\/person\\\/63f693da3e1899361cbe955c46f3232e\"},\"headline\":\"C\u00e2mara de Caminha aprova eurocidade Foz do Minho com A Guarda e O Rosal\",\"datePublished\":\"2024-06-19T17:38:52+00:00\",\"dateModified\":\"2024-06-19T17:38:55+00:00\",\"mainEntityOfPage\":{\"@id\":\"https:\\\/\\\/www.altominho.tv\\\/site\\\/2024\\\/06\\\/19\\\/camara-de-caminha-aprova-eurocidade-foz-do-minho-com-a-guarda-e-o-rosal\\\/\"},\"wordCount\":330,\"image\":{\"@id\":\"https:\\\/\\\/www.altominho.tv\\\/site\\\/2024\\\/06\\\/19\\\/camara-de-caminha-aprova-eurocidade-foz-do-minho-com-a-guarda-e-o-rosal\\\/#primaryimage\"},\"thumbnailUrl\":\"https:\\\/\\\/www.altominho.tv\\\/site\\\/wp-content\\\/uploads\\\/2024\\\/06\\\/Foz-do-Minho.jpeg\",\"keywords\":[\"Sociedade\"],\"articleSection\":[\"Caminha\"],\"inLanguage\":\"pt-PT\",\"copyrightYear\":\"2024\",\"copyrightHolder\":{\"@id\":\"https:\\\/\\\/www.altominho.tv\\\/site\\\/#organization\"}},{\"@type\":\"WebPage\",\"@id\":\"https:\\\/\\\/www.altominho.tv\\\/site\\\/2024\\\/06\\\/19\\\/camara-de-caminha-aprova-eurocidade-foz-do-minho-com-a-guarda-e-o-rosal\\\/\",\"url\":\"https:\\\/\\\/www.altominho.tv\\\/site\\\/2024\\\/06\\\/19\\\/camara-de-caminha-aprova-eurocidade-foz-do-minho-com-a-guarda-e-o-rosal\\\/\",\"name\":\"C\u00e2mara de Caminha aprova eurocidade Foz do Minho com A Guarda e O Rosal\",\"isPartOf\":{\"@id\":\"https:\\\/\\\/www.altominho.tv\\\/site\\\/#website\"},\"primaryImageOfPage\":{\"@id\":\"https:\\\/\\\/www.altominho.tv\\\/site\\\/2024\\\/06\\\/19\\\/camara-de-caminha-aprova-eurocidade-foz-do-minho-com-a-guarda-e-o-rosal\\\/#primaryimage\"},\"image\":{\"@id\":\"https:\\\/\\\/www.altominho.tv\\\/site\\\/2024\\\/06\\\/19\\\/camara-de-caminha-aprova-eurocidade-foz-do-minho-com-a-guarda-e-o-rosal\\\/#primaryimage\"},\"thumbnailUrl\":\"https:\\\/\\\/www.altominho.tv\\\/site\\\/wp-content\\\/uploads\\\/2024\\\/06\\\/Foz-do-Minho.jpeg\",\"datePublished\":\"2024-06-19T17:38:52+00:00\",\"dateModified\":\"2024-06-19T17:38:55+00:00\",\"author\":{\"@id\":\"https:\\\/\\\/www.altominho.tv\\\/site\\\/#\\\/schema\\\/person\\\/63f693da3e1899361cbe955c46f3232e\"},\"breadcrumb\":{\"@id\":\"https:\\\/\\\/www.altominho.tv\\\/site\\\/2024\\\/06\\\/19\\\/camara-de-caminha-aprova-eurocidade-foz-do-minho-com-a-guarda-e-o-rosal\\\/#breadcrumb\"},\"inLanguage\":\"pt-PT\",\"potentialAction\":[{\"@type\":\"ReadAction\",\"target\":[\"https:\\\/\\\/www.altominho.tv\\\/site\\\/2024\\\/06\\\/19\\\/camara-de-caminha-aprova-eurocidade-foz-do-minho-com-a-guarda-e-o-rosal\\\/\"]}]},{\"@type\":\"ImageObject\",\"inLanguage\":\"pt-PT\",\"@id\":\"https:\\\/\\\/www.altominho.tv\\\/site\\\/2024\\\/06\\\/19\\\/camara-de-caminha-aprova-eurocidade-foz-do-minho-com-a-guarda-e-o-rosal\\\/#primaryimage\",\"url\":\"https:\\\/\\\/www.altominho.tv\\\/site\\\/wp-content\\\/uploads\\\/2024\\\/06\\\/Foz-do-Minho.jpeg\",\"contentUrl\":\"https:\\\/\\\/www.altominho.tv\\\/site\\\/wp-content\\\/uploads\\\/2024\\\/06\\\/Foz-do-Minho.jpeg\",\"width\":1008,\"height\":672},{\"@type\":\"BreadcrumbList\",\"@id\":\"https:\\\/\\\/www.altominho.tv\\\/site\\\/2024\\\/06\\\/19\\\/camara-de-caminha-aprova-eurocidade-foz-do-minho-com-a-guarda-e-o-rosal\\\/#breadcrumb\",\"itemListElement\":[{\"@type\":\"ListItem\",\"position\":1,\"name\":\"In\u00edcio\",\"item\":\"https:\\\/\\\/www.altominho.tv\\\/site\\\/\"},{\"@type\":\"ListItem\",\"position\":2,\"name\":\"C\u00e2mara de Caminha aprova eurocidade Foz do Minho com A Guarda e O Rosal\"}]},{\"@type\":\"WebSite\",\"@id\":\"https:\\\/\\\/www.altominho.tv\\\/site\\\/#website\",\"url\":\"https:\\\/\\\/www.altominho.tv\\\/site\\\/\",\"name\":\"Altominho.tv\",\"description\":\"A sua regi\u00e3o \u00e0 dist\u00e2ncia de um clique...\",\"potentialAction\":[{\"@type\":\"SearchAction\",\"target\":{\"@type\":\"EntryPoint\",\"urlTemplate\":\"https:\\\/\\\/www.altominho.tv\\\/site\\\/?s={search_term_string}\"},\"query-input\":{\"@type\":\"PropertyValueSpecification\",\"valueRequired\":true,\"valueName\":\"search_term_string\"}}],\"inLanguage\":\"pt-PT\"},{\"@type\":\"Person\",\"@id\":\"https:\\\/\\\/www.altominho.tv\\\/site\\\/#\\\/schema\\\/person\\\/63f693da3e1899361cbe955c46f3232e\",\"name\":\"Lusa\",\"image\":{\"@type\":\"ImageObject\",\"inLanguage\":\"pt-PT\",\"@id\":\"https:\\\/\\\/www.altominho.tv\\\/site\\\/wp-content\\\/uploads\\\/2019\\\/08\\\/LUSA_Logo.gif\",\"url\":\"https:\\\/\\\/www.altominho.tv\\\/site\\\/wp-content\\\/uploads\\\/2019\\\/08\\\/LUSA_Logo.gif\",\"contentUrl\":\"https:\\\/\\\/www.altominho.tv\\\/site\\\/wp-content\\\/uploads\\\/2019\\\/08\\\/LUSA_Logo.gif\",\"caption\":\"Lusa\"},\"sameAs\":[\"http:\\\/\\\/\\\/\\\/www.altominho.tv\\\/site\"],\"url\":\"https:\\\/\\\/www.altominho.tv\\\/site\\\/author\\\/lusa\\\/\"}]}<\/script>\n<!-- \/ Yoast SEO Premium plugin. -->","yoast_head_json":{"title":"C\u00e2mara de Caminha aprova eurocidade Foz do Minho com A Guarda e O Rosal","robots":{"index":"index","follow":"follow","max-snippet":"max-snippet:-1","max-image-preview":"max-image-preview:large","max-video-preview":"max-video-preview:-1"},"canonical":"https:\/\/www.altominho.tv\/site\/2024\/06\/19\/camara-de-caminha-aprova-eurocidade-foz-do-minho-com-a-guarda-e-o-rosal\/","og_locale":"pt_PT","og_type":"article","og_title":"C\u00e2mara de Caminha aprova eurocidade Foz do Minho com A Guarda e O Rosal","og_description":"A C\u00e2mara de Caminha aprovou hoje a cria\u00e7\u00e3o da quarta eurocidade entre o Alto Minho e a Galiza, em Espanha, que vai chamar-se Foz do Minho e integrar tamb\u00e9m as localidades de A Guarda e O Rosal. A proposta e a minuta de cria\u00e7\u00e3o da eurocidade, a que a Lusa teve acesso, seguem agora para [&hellip;]","og_url":"https:\/\/www.altominho.tv\/site\/2024\/06\/19\/camara-de-caminha-aprova-eurocidade-foz-do-minho-com-a-guarda-e-o-rosal\/","og_site_name":"Altominho.tv","article_publisher":"https:\/\/www.facebook.com\/altominhotv","article_published_time":"2024-06-19T17:38:52+00:00","article_modified_time":"2024-06-19T17:38:55+00:00","og_image":[{"width":1008,"height":672,"url":"https:\/\/www.altominho.tv\/site\/wp-content\/uploads\/2024\/06\/Foz-do-Minho.jpeg","type":"image\/jpeg"}],"author":"Lusa","twitter_card":"summary_large_image","twitter_creator":"@altominhoTV","twitter_site":"@altominhoTV","twitter_misc":{"Escrito por":"Lusa","Tempo estimado de leitura":"2 minutos"},"schema":{"@context":"https:\/\/schema.org","@graph":[{"@type":"Article","@id":"https:\/\/www.altominho.tv\/site\/2024\/06\/19\/camara-de-caminha-aprova-eurocidade-foz-do-minho-com-a-guarda-e-o-rosal\/#article","isPartOf":{"@id":"https:\/\/www.altominho.tv\/site\/2024\/06\/19\/camara-de-caminha-aprova-eurocidade-foz-do-minho-com-a-guarda-e-o-rosal\/"},"author":{"name":"Lusa","@id":"https:\/\/www.altominho.tv\/site\/#\/schema\/person\/63f693da3e1899361cbe955c46f3232e"},"headline":"C\u00e2mara de Caminha aprova eurocidade Foz do Minho com A Guarda e O Rosal","datePublished":"2024-06-19T17:38:52+00:00","dateModified":"2024-06-19T17:38:55+00:00","mainEntityOfPage":{"@id":"https:\/\/www.altominho.tv\/site\/2024\/06\/19\/camara-de-caminha-aprova-eurocidade-foz-do-minho-com-a-guarda-e-o-rosal\/"},"wordCount":330,"image":{"@id":"https:\/\/www.altominho.tv\/site\/2024\/06\/19\/camara-de-caminha-aprova-eurocidade-foz-do-minho-com-a-guarda-e-o-rosal\/#primaryimage"},"thumbnailUrl":"https:\/\/www.altominho.tv\/site\/wp-content\/uploads\/2024\/06\/Foz-do-Minho.jpeg","keywords":["Sociedade"],"articleSection":["Caminha"],"inLanguage":"pt-PT","copyrightYear":"2024","copyrightHolder":{"@id":"https:\/\/www.altominho.tv\/site\/#organization"}},{"@type":"WebPage","@id":"https:\/\/www.altominho.tv\/site\/2024\/06\/19\/camara-de-caminha-aprova-eurocidade-foz-do-minho-com-a-guarda-e-o-rosal\/","url":"https:\/\/www.altominho.tv\/site\/2024\/06\/19\/camara-de-caminha-aprova-eurocidade-foz-do-minho-com-a-guarda-e-o-rosal\/","name":"C\u00e2mara de Caminha aprova eurocidade Foz do Minho com A Guarda e O Rosal","isPartOf":{"@id":"https:\/\/www.altominho.tv\/site\/#website"},"primaryImageOfPage":{"@id":"https:\/\/www.altominho.tv\/site\/2024\/06\/19\/camara-de-caminha-aprova-eurocidade-foz-do-minho-com-a-guarda-e-o-rosal\/#primaryimage"},"image":{"@id":"https:\/\/www.altominho.tv\/site\/2024\/06\/19\/camara-de-caminha-aprova-eurocidade-foz-do-minho-com-a-guarda-e-o-rosal\/#primaryimage"},"thumbnailUrl":"https:\/\/www.altominho.tv\/site\/wp-content\/uploads\/2024\/06\/Foz-do-Minho.jpeg","datePublished":"2024-06-19T17:38:52+00:00","dateModified":"2024-06-19T17:38:55+00:00","author":{"@id":"https:\/\/www.altominho.tv\/site\/#\/schema\/person\/63f693da3e1899361cbe955c46f3232e"},"breadcrumb":{"@id":"https:\/\/www.altominho.tv\/site\/2024\/06\/19\/camara-de-caminha-aprova-eurocidade-foz-do-minho-com-a-guarda-e-o-rosal\/#breadcrumb"},"inLanguage":"pt-PT","potentialAction":[{"@type":"ReadAction","target":["https:\/\/www.altominho.tv\/site\/2024\/06\/19\/camara-de-caminha-aprova-eurocidade-foz-do-minho-com-a-guarda-e-o-rosal\/"]}]},{"@type":"ImageObject","inLanguage":"pt-PT","@id":"https:\/\/www.altominho.tv\/site\/2024\/06\/19\/camara-de-caminha-aprova-eurocidade-foz-do-minho-com-a-guarda-e-o-rosal\/#primaryimage","url":"https:\/\/www.altominho.tv\/site\/wp-content\/uploads\/2024\/06\/Foz-do-Minho.jpeg","contentUrl":"https:\/\/www.altominho.tv\/site\/wp-content\/uploads\/2024\/06\/Foz-do-Minho.jpeg","width":1008,"height":672},{"@type":"BreadcrumbList","@id":"https:\/\/www.altominho.tv\/site\/2024\/06\/19\/camara-de-caminha-aprova-eurocidade-foz-do-minho-com-a-guarda-e-o-rosal\/#breadcrumb","itemListElement":[{"@type":"ListItem","position":1,"name":"In\u00edcio","item":"https:\/\/www.altominho.tv\/site\/"},{"@type":"ListItem","position":2,"name":"C\u00e2mara de Caminha aprova eurocidade Foz do Minho com A Guarda e O Rosal"}]},{"@type":"WebSite","@id":"https:\/\/www.altominho.tv\/site\/#website","url":"https:\/\/www.altominho.tv\/site\/","name":"Altominho.tv","description":"A sua regi\u00e3o \u00e0 dist\u00e2ncia de um clique...","potentialAction":[{"@type":"SearchAction","target":{"@type":"EntryPoint","urlTemplate":"https:\/\/www.altominho.tv\/site\/?s={search_term_string}"},"query-input":{"@type":"PropertyValueSpecification","valueRequired":true,"valueName":"search_term_string"}}],"inLanguage":"pt-PT"},{"@type":"Person","@id":"https:\/\/www.altominho.tv\/site\/#\/schema\/person\/63f693da3e1899361cbe955c46f3232e","name":"Lusa","image":{"@type":"ImageObject","inLanguage":"pt-PT","@id":"https:\/\/www.altominho.tv\/site\/wp-content\/uploads\/2019\/08\/LUSA_Logo.gif","url":"https:\/\/www.altominho.tv\/site\/wp-content\/uploads\/2019\/08\/LUSA_Logo.gif","contentUrl":"https:\/\/www.altominho.tv\/site\/wp-content\/uploads\/2019\/08\/LUSA_Logo.gif","caption":"Lusa"},"sameAs":["http:\/\/\/\/www.altominho.tv\/site"],"url":"https:\/\/www.altominho.tv\/site\/author\/lusa\/"}]}},"_links":{"self":[{"href":"https:\/\/www.altominho.tv\/site\/wp-json\/wp\/v2\/posts\/108111","targetHints":{"allow":["GET"]}}],"collection":[{"href":"https:\/\/www.altominho.tv\/site\/wp-json\/wp\/v2\/posts"}],"about":[{"href":"https:\/\/www.altominho.tv\/site\/wp-json\/wp\/v2\/types\/post"}],"author":[{"embeddable":true,"href":"https:\/\/www.altominho.tv\/site\/wp-json\/wp\/v2\/users\/13"}],"replies":[{"embeddable":true,"href":"https:\/\/www.altominho.tv\/site\/wp-json\/wp\/v2\/comments?post=108111"}],"version-history":[{"count":1,"href":"https:\/\/www.altominho.tv\/site\/wp-json\/wp\/v2\/posts\/108111\/revisions"}],"predecessor-version":[{"id":108116,"href":"https:\/\/www.altominho.tv\/site\/wp-json\/wp\/v2\/posts\/108111\/revisions\/108116"}],"wp:featuredmedia":[{"embeddable":true,"href":"https:\/\/www.altominho.tv\/site\/wp-json\/wp\/v2\/media\/108114"}],"wp:attachment":[{"href":"https:\/\/www.altominho.tv\/site\/wp-json\/wp\/v2\/media?parent=108111"}],"wp:term":[{"taxonomy":"category","embeddable":true,"href":"https:\/\/www.altominho.tv\/site\/wp-json\/wp\/v2\/categories?post=108111"},{"taxonomy":"post_tag","embeddable":true,"href":"https:\/\/www.altominho.tv\/site\/wp-json\/wp\/v2\/tags?post=108111"}],"curies":[{"name":"wp","href":"https:\/\/api.w.org\/{rel}","templated":true}]}}