{"id":108095,"date":"2024-06-19T15:54:44","date_gmt":"2024-06-19T14:54:44","guid":{"rendered":"https:\/\/www.altominho.tv\/site\/?p=108095"},"modified":"2024-06-19T15:54:46","modified_gmt":"2024-06-19T14:54:46","slug":"arcos-de-valdevez-transportes","status":"publish","type":"post","link":"https:\/\/www.altominho.tv\/site\/2024\/06\/19\/arcos-de-valdevez-transportes\/","title":{"rendered":"Arcos de Valdevez quer implementar transporte flex\u00edvel no concelho"},"content":{"rendered":"\n<p>O Munic\u00edpio de Arcos de Valdevez deu hoje nota que se encontra a elaborar um estudo para refor\u00e7ar a rede de transporte p\u00fablico atrav\u00e9s da modalidade de transporte a pedido, a alguma zonas do concelho.<\/p>\n\n\n\n<p>&#8220;Adjudicado pelo valor de 24.790,00\u20ac + IVA, o estudo intitulado de &#8216;Elabora\u00e7\u00e3o de estudo para implementa\u00e7\u00e3o de transporte flex\u00edvel no concelho de Arcos de Valdevez&#8217;, pretende estudar modelos de configura\u00e7\u00e3o e otimiza\u00e7\u00e3o de percursos, incluindo defini\u00e7\u00e3o dos percursos di\u00e1rios, da localiza\u00e7\u00e3o das paragens e do n\u00famero e capacidade dos ve\u00edculos; o desenvolvimento e implementa\u00e7\u00e3o de aplica\u00e7\u00f5es e\/ou plataformas inform\u00e1ticas para gest\u00e3o dos pedidos, organiza\u00e7\u00e3o dos servi\u00e7os e defini\u00e7\u00e3o\/otimiza\u00e7\u00e3o dos percursos; e o estudo de avalia\u00e7\u00e3o econ\u00f3mico-financeira dos projetos, incluindo a defini\u00e7\u00e3o das necessidades de financiamento para operacionaliza\u00e7\u00e3o do servi\u00e7o&#8221;.<\/p>\n\n\n\n<p>Esta &#8220;\u00e9 mais uma forma do Munic\u00edpio procurar assegurar os servi\u00e7os de mobilidade \u00e0 popula\u00e7\u00e3o.<\/p>\n\n\n\n<p>Este estudo encontra-se aprovado e financiado pelo FSPT (Fundo para o Servi\u00e7o P\u00fablico de Transportes), no \u00e2mbito da Tipologia da Interven\u00e7\u00e3o \u2013 \u201cIV Interven\u00e7\u00e3o em \u00e1reas de baixa densidade, incluindo solu\u00e7\u00f5es de transporte flex\u00edvel, al\u00ednea b) &#8211; Estudos e modelos de configura\u00e7\u00e3o e otimiza\u00e7\u00e3o de percursos, incluindo defini\u00e7\u00e3o dos percursos di\u00e1rios, da localiza\u00e7\u00e3o de paragens e do n\u00famero e capacidade dos ve\u00edculos\u201d, do Aviso de abertura de candidatura n\u00ba5\/2023 \u2013 Apoio \u00e0 promo\u00e7\u00e3o do transporte p\u00fablico e capacita\u00e7\u00e3o das autoridades de transportes.<\/p>\n","protected":false},"excerpt":{"rendered":"<p>O Munic\u00edpio de Arcos de Valdevez deu hoje nota que se encontra a elaborar um estudo para refor\u00e7ar a rede de transporte p\u00fablico atrav\u00e9s da modalidade de transporte a pedido, a alguma zonas do concelho. &#8220;Adjudicado pelo valor de 24.790,00\u20ac + IVA, o estudo intitulado de &#8216;Elabora\u00e7\u00e3o de estudo para implementa\u00e7\u00e3o de transporte flex\u00edvel no [&hellip;]<\/p>\n","protected":false},"author":7,"featured_media":108102,"comment_status":"closed","ping_status":"closed","sticky":false,"template":"","format":"standard","meta":{"_exactmetrics_skip_tracking":false,"_exactmetrics_sitenote_active":false,"_exactmetrics_sitenote_note":"","_exactmetrics_sitenote_category":0,"footnotes":""},"categories":[2],"tags":[27],"class_list":["post-108095","post","type-post","status-publish","format-standard","has-post-thumbnail","hentry","category-arcos-de-valdevez","tag-sociedade"],"yoast_head":"<!-- This site is optimized with the Yoast SEO Premium plugin v27.5 (Yoast SEO v27.5) - https:\/\/yoast.com\/product\/yoast-seo-premium-wordpress\/ -->\n<title>Arcos de Valdevez quer implementar transporte flex\u00edvel no concelho<\/title>\n<meta name=\"description\" content=\"A C\u00e2mara de Arcos de Valdevez quer implementar transporte flex\u00edvel no concelho.\" \/>\n<meta name=\"robots\" content=\"index, follow, max-snippet:-1, max-image-preview:large, max-video-preview:-1\" \/>\n<link rel=\"canonical\" href=\"https:\/\/www.altominho.tv\/site\/2024\/06\/19\/arcos-de-valdevez-transportes\/\" \/>\n<meta property=\"og:locale\" content=\"pt_PT\" \/>\n<meta property=\"og:type\" content=\"article\" \/>\n<meta property=\"og:title\" content=\"Arcos de Valdevez quer implementar transporte flex\u00edvel no concelho\" \/>\n<meta property=\"og:description\" content=\"A C\u00e2mara de Arcos de Valdevez quer implementar transporte flex\u00edvel no concelho.\" \/>\n<meta property=\"og:url\" content=\"https:\/\/www.altominho.tv\/site\/2024\/06\/19\/arcos-de-valdevez-transportes\/\" \/>\n<meta property=\"og:site_name\" content=\"Altominho.tv\" \/>\n<meta property=\"article:publisher\" content=\"https:\/\/www.facebook.com\/altominhotv\" \/>\n<meta property=\"article:published_time\" content=\"2024-06-19T14:54:44+00:00\" \/>\n<meta property=\"article:modified_time\" content=\"2024-06-19T14:54:46+00:00\" \/>\n<meta property=\"og:image\" content=\"https:\/\/www.altominho.tv\/site\/wp-content\/uploads\/2024\/06\/transportes-flexiveis.jpg\" \/>\n\t<meta property=\"og:image:width\" content=\"960\" \/>\n\t<meta property=\"og:image:height\" content=\"540\" \/>\n\t<meta property=\"og:image:type\" content=\"image\/jpeg\" \/>\n<meta name=\"author\" content=\"Andreia Cunha\" \/>\n<meta name=\"twitter:card\" content=\"summary_large_image\" \/>\n<meta name=\"twitter:creator\" content=\"@altominhoTV\" \/>\n<meta name=\"twitter:site\" content=\"@altominhoTV\" \/>\n<meta name=\"twitter:label1\" content=\"Escrito por\" \/>\n\t<meta name=\"twitter:data1\" content=\"Andreia Cunha\" \/>\n\t<meta name=\"twitter:label2\" content=\"Tempo estimado de leitura\" \/>\n\t<meta name=\"twitter:data2\" content=\"2 minutos\" \/>\n<script type=\"application\/ld+json\" class=\"yoast-schema-graph\">{\"@context\":\"https:\\\/\\\/schema.org\",\"@graph\":[{\"@type\":\"Article\",\"@id\":\"https:\\\/\\\/www.altominho.tv\\\/site\\\/2024\\\/06\\\/19\\\/arcos-de-valdevez-transportes\\\/#article\",\"isPartOf\":{\"@id\":\"https:\\\/\\\/www.altominho.tv\\\/site\\\/2024\\\/06\\\/19\\\/arcos-de-valdevez-transportes\\\/\"},\"author\":{\"name\":\"Andreia Cunha\",\"@id\":\"https:\\\/\\\/www.altominho.tv\\\/site\\\/#\\\/schema\\\/person\\\/a0e4ef6d041f98ca284393d8f1d97153\"},\"headline\":\"Arcos de Valdevez quer implementar transporte flex\u00edvel no concelho\",\"datePublished\":\"2024-06-19T14:54:44+00:00\",\"dateModified\":\"2024-06-19T14:54:46+00:00\",\"mainEntityOfPage\":{\"@id\":\"https:\\\/\\\/www.altominho.tv\\\/site\\\/2024\\\/06\\\/19\\\/arcos-de-valdevez-transportes\\\/\"},\"wordCount\":273,\"image\":{\"@id\":\"https:\\\/\\\/www.altominho.tv\\\/site\\\/2024\\\/06\\\/19\\\/arcos-de-valdevez-transportes\\\/#primaryimage\"},\"thumbnailUrl\":\"https:\\\/\\\/www.altominho.tv\\\/site\\\/wp-content\\\/uploads\\\/2024\\\/06\\\/transportes-flexiveis.jpg\",\"keywords\":[\"Sociedade\"],\"articleSection\":[\"Arcos de Valdevez\"],\"inLanguage\":\"pt-PT\",\"copyrightYear\":\"2024\",\"copyrightHolder\":{\"@id\":\"https:\\\/\\\/www.altominho.tv\\\/site\\\/#organization\"}},{\"@type\":\"WebPage\",\"@id\":\"https:\\\/\\\/www.altominho.tv\\\/site\\\/2024\\\/06\\\/19\\\/arcos-de-valdevez-transportes\\\/\",\"url\":\"https:\\\/\\\/www.altominho.tv\\\/site\\\/2024\\\/06\\\/19\\\/arcos-de-valdevez-transportes\\\/\",\"name\":\"Arcos de Valdevez quer implementar transporte flex\u00edvel no concelho\",\"isPartOf\":{\"@id\":\"https:\\\/\\\/www.altominho.tv\\\/site\\\/#website\"},\"primaryImageOfPage\":{\"@id\":\"https:\\\/\\\/www.altominho.tv\\\/site\\\/2024\\\/06\\\/19\\\/arcos-de-valdevez-transportes\\\/#primaryimage\"},\"image\":{\"@id\":\"https:\\\/\\\/www.altominho.tv\\\/site\\\/2024\\\/06\\\/19\\\/arcos-de-valdevez-transportes\\\/#primaryimage\"},\"thumbnailUrl\":\"https:\\\/\\\/www.altominho.tv\\\/site\\\/wp-content\\\/uploads\\\/2024\\\/06\\\/transportes-flexiveis.jpg\",\"datePublished\":\"2024-06-19T14:54:44+00:00\",\"dateModified\":\"2024-06-19T14:54:46+00:00\",\"author\":{\"@id\":\"https:\\\/\\\/www.altominho.tv\\\/site\\\/#\\\/schema\\\/person\\\/a0e4ef6d041f98ca284393d8f1d97153\"},\"description\":\"A C\u00e2mara de Arcos de Valdevez quer implementar transporte flex\u00edvel no concelho.\",\"breadcrumb\":{\"@id\":\"https:\\\/\\\/www.altominho.tv\\\/site\\\/2024\\\/06\\\/19\\\/arcos-de-valdevez-transportes\\\/#breadcrumb\"},\"inLanguage\":\"pt-PT\",\"potentialAction\":[{\"@type\":\"ReadAction\",\"target\":[\"https:\\\/\\\/www.altominho.tv\\\/site\\\/2024\\\/06\\\/19\\\/arcos-de-valdevez-transportes\\\/\"]}]},{\"@type\":\"ImageObject\",\"inLanguage\":\"pt-PT\",\"@id\":\"https:\\\/\\\/www.altominho.tv\\\/site\\\/2024\\\/06\\\/19\\\/arcos-de-valdevez-transportes\\\/#primaryimage\",\"url\":\"https:\\\/\\\/www.altominho.tv\\\/site\\\/wp-content\\\/uploads\\\/2024\\\/06\\\/transportes-flexiveis.jpg\",\"contentUrl\":\"https:\\\/\\\/www.altominho.tv\\\/site\\\/wp-content\\\/uploads\\\/2024\\\/06\\\/transportes-flexiveis.jpg\",\"width\":960,\"height\":540},{\"@type\":\"BreadcrumbList\",\"@id\":\"https:\\\/\\\/www.altominho.tv\\\/site\\\/2024\\\/06\\\/19\\\/arcos-de-valdevez-transportes\\\/#breadcrumb\",\"itemListElement\":[{\"@type\":\"ListItem\",\"position\":1,\"name\":\"In\u00edcio\",\"item\":\"https:\\\/\\\/www.altominho.tv\\\/site\\\/\"},{\"@type\":\"ListItem\",\"position\":2,\"name\":\"Arcos de Valdevez quer implementar transporte flex\u00edvel no concelho\"}]},{\"@type\":\"WebSite\",\"@id\":\"https:\\\/\\\/www.altominho.tv\\\/site\\\/#website\",\"url\":\"https:\\\/\\\/www.altominho.tv\\\/site\\\/\",\"name\":\"Altominho.tv\",\"description\":\"A sua regi\u00e3o \u00e0 dist\u00e2ncia de um clique...\",\"potentialAction\":[{\"@type\":\"SearchAction\",\"target\":{\"@type\":\"EntryPoint\",\"urlTemplate\":\"https:\\\/\\\/www.altominho.tv\\\/site\\\/?s={search_term_string}\"},\"query-input\":{\"@type\":\"PropertyValueSpecification\",\"valueRequired\":true,\"valueName\":\"search_term_string\"}}],\"inLanguage\":\"pt-PT\"},{\"@type\":\"Person\",\"@id\":\"https:\\\/\\\/www.altominho.tv\\\/site\\\/#\\\/schema\\\/person\\\/a0e4ef6d041f98ca284393d8f1d97153\",\"name\":\"Andreia Cunha\",\"image\":{\"@type\":\"ImageObject\",\"inLanguage\":\"pt-PT\",\"@id\":\"https:\\\/\\\/www.altominho.tv\\\/site\\\/wp-content\\\/uploads\\\/2017\\\/11\\\/Andreia_Cunha-1-150x150.jpg\",\"url\":\"https:\\\/\\\/www.altominho.tv\\\/site\\\/wp-content\\\/uploads\\\/2017\\\/11\\\/Andreia_Cunha-1-150x150.jpg\",\"contentUrl\":\"https:\\\/\\\/www.altominho.tv\\\/site\\\/wp-content\\\/uploads\\\/2017\\\/11\\\/Andreia_Cunha-1-150x150.jpg\",\"caption\":\"Andreia Cunha\"},\"url\":\"https:\\\/\\\/www.altominho.tv\\\/site\\\/author\\\/andreiacunha\\\/\"}]}<\/script>\n<!-- \/ Yoast SEO Premium plugin. -->","yoast_head_json":{"title":"Arcos de Valdevez quer implementar transporte flex\u00edvel no concelho","description":"A C\u00e2mara de Arcos de Valdevez quer implementar transporte flex\u00edvel no concelho.","robots":{"index":"index","follow":"follow","max-snippet":"max-snippet:-1","max-image-preview":"max-image-preview:large","max-video-preview":"max-video-preview:-1"},"canonical":"https:\/\/www.altominho.tv\/site\/2024\/06\/19\/arcos-de-valdevez-transportes\/","og_locale":"pt_PT","og_type":"article","og_title":"Arcos de Valdevez quer implementar transporte flex\u00edvel no concelho","og_description":"A C\u00e2mara de Arcos de Valdevez quer implementar transporte flex\u00edvel no concelho.","og_url":"https:\/\/www.altominho.tv\/site\/2024\/06\/19\/arcos-de-valdevez-transportes\/","og_site_name":"Altominho.tv","article_publisher":"https:\/\/www.facebook.com\/altominhotv","article_published_time":"2024-06-19T14:54:44+00:00","article_modified_time":"2024-06-19T14:54:46+00:00","og_image":[{"width":960,"height":540,"url":"https:\/\/www.altominho.tv\/site\/wp-content\/uploads\/2024\/06\/transportes-flexiveis.jpg","type":"image\/jpeg"}],"author":"Andreia Cunha","twitter_card":"summary_large_image","twitter_creator":"@altominhoTV","twitter_site":"@altominhoTV","twitter_misc":{"Escrito por":"Andreia Cunha","Tempo estimado de leitura":"2 minutos"},"schema":{"@context":"https:\/\/schema.org","@graph":[{"@type":"Article","@id":"https:\/\/www.altominho.tv\/site\/2024\/06\/19\/arcos-de-valdevez-transportes\/#article","isPartOf":{"@id":"https:\/\/www.altominho.tv\/site\/2024\/06\/19\/arcos-de-valdevez-transportes\/"},"author":{"name":"Andreia Cunha","@id":"https:\/\/www.altominho.tv\/site\/#\/schema\/person\/a0e4ef6d041f98ca284393d8f1d97153"},"headline":"Arcos de Valdevez quer implementar transporte flex\u00edvel no concelho","datePublished":"2024-06-19T14:54:44+00:00","dateModified":"2024-06-19T14:54:46+00:00","mainEntityOfPage":{"@id":"https:\/\/www.altominho.tv\/site\/2024\/06\/19\/arcos-de-valdevez-transportes\/"},"wordCount":273,"image":{"@id":"https:\/\/www.altominho.tv\/site\/2024\/06\/19\/arcos-de-valdevez-transportes\/#primaryimage"},"thumbnailUrl":"https:\/\/www.altominho.tv\/site\/wp-content\/uploads\/2024\/06\/transportes-flexiveis.jpg","keywords":["Sociedade"],"articleSection":["Arcos de Valdevez"],"inLanguage":"pt-PT","copyrightYear":"2024","copyrightHolder":{"@id":"https:\/\/www.altominho.tv\/site\/#organization"}},{"@type":"WebPage","@id":"https:\/\/www.altominho.tv\/site\/2024\/06\/19\/arcos-de-valdevez-transportes\/","url":"https:\/\/www.altominho.tv\/site\/2024\/06\/19\/arcos-de-valdevez-transportes\/","name":"Arcos de Valdevez quer implementar transporte flex\u00edvel no concelho","isPartOf":{"@id":"https:\/\/www.altominho.tv\/site\/#website"},"primaryImageOfPage":{"@id":"https:\/\/www.altominho.tv\/site\/2024\/06\/19\/arcos-de-valdevez-transportes\/#primaryimage"},"image":{"@id":"https:\/\/www.altominho.tv\/site\/2024\/06\/19\/arcos-de-valdevez-transportes\/#primaryimage"},"thumbnailUrl":"https:\/\/www.altominho.tv\/site\/wp-content\/uploads\/2024\/06\/transportes-flexiveis.jpg","datePublished":"2024-06-19T14:54:44+00:00","dateModified":"2024-06-19T14:54:46+00:00","author":{"@id":"https:\/\/www.altominho.tv\/site\/#\/schema\/person\/a0e4ef6d041f98ca284393d8f1d97153"},"description":"A C\u00e2mara de Arcos de Valdevez quer implementar transporte flex\u00edvel no concelho.","breadcrumb":{"@id":"https:\/\/www.altominho.tv\/site\/2024\/06\/19\/arcos-de-valdevez-transportes\/#breadcrumb"},"inLanguage":"pt-PT","potentialAction":[{"@type":"ReadAction","target":["https:\/\/www.altominho.tv\/site\/2024\/06\/19\/arcos-de-valdevez-transportes\/"]}]},{"@type":"ImageObject","inLanguage":"pt-PT","@id":"https:\/\/www.altominho.tv\/site\/2024\/06\/19\/arcos-de-valdevez-transportes\/#primaryimage","url":"https:\/\/www.altominho.tv\/site\/wp-content\/uploads\/2024\/06\/transportes-flexiveis.jpg","contentUrl":"https:\/\/www.altominho.tv\/site\/wp-content\/uploads\/2024\/06\/transportes-flexiveis.jpg","width":960,"height":540},{"@type":"BreadcrumbList","@id":"https:\/\/www.altominho.tv\/site\/2024\/06\/19\/arcos-de-valdevez-transportes\/#breadcrumb","itemListElement":[{"@type":"ListItem","position":1,"name":"In\u00edcio","item":"https:\/\/www.altominho.tv\/site\/"},{"@type":"ListItem","position":2,"name":"Arcos de Valdevez quer implementar transporte flex\u00edvel no concelho"}]},{"@type":"WebSite","@id":"https:\/\/www.altominho.tv\/site\/#website","url":"https:\/\/www.altominho.tv\/site\/","name":"Altominho.tv","description":"A sua regi\u00e3o \u00e0 dist\u00e2ncia de um clique...","potentialAction":[{"@type":"SearchAction","target":{"@type":"EntryPoint","urlTemplate":"https:\/\/www.altominho.tv\/site\/?s={search_term_string}"},"query-input":{"@type":"PropertyValueSpecification","valueRequired":true,"valueName":"search_term_string"}}],"inLanguage":"pt-PT"},{"@type":"Person","@id":"https:\/\/www.altominho.tv\/site\/#\/schema\/person\/a0e4ef6d041f98ca284393d8f1d97153","name":"Andreia Cunha","image":{"@type":"ImageObject","inLanguage":"pt-PT","@id":"https:\/\/www.altominho.tv\/site\/wp-content\/uploads\/2017\/11\/Andreia_Cunha-1-150x150.jpg","url":"https:\/\/www.altominho.tv\/site\/wp-content\/uploads\/2017\/11\/Andreia_Cunha-1-150x150.jpg","contentUrl":"https:\/\/www.altominho.tv\/site\/wp-content\/uploads\/2017\/11\/Andreia_Cunha-1-150x150.jpg","caption":"Andreia Cunha"},"url":"https:\/\/www.altominho.tv\/site\/author\/andreiacunha\/"}]}},"_links":{"self":[{"href":"https:\/\/www.altominho.tv\/site\/wp-json\/wp\/v2\/posts\/108095","targetHints":{"allow":["GET"]}}],"collection":[{"href":"https:\/\/www.altominho.tv\/site\/wp-json\/wp\/v2\/posts"}],"about":[{"href":"https:\/\/www.altominho.tv\/site\/wp-json\/wp\/v2\/types\/post"}],"author":[{"embeddable":true,"href":"https:\/\/www.altominho.tv\/site\/wp-json\/wp\/v2\/users\/7"}],"replies":[{"embeddable":true,"href":"https:\/\/www.altominho.tv\/site\/wp-json\/wp\/v2\/comments?post=108095"}],"version-history":[{"count":1,"href":"https:\/\/www.altominho.tv\/site\/wp-json\/wp\/v2\/posts\/108095\/revisions"}],"predecessor-version":[{"id":108103,"href":"https:\/\/www.altominho.tv\/site\/wp-json\/wp\/v2\/posts\/108095\/revisions\/108103"}],"wp:featuredmedia":[{"embeddable":true,"href":"https:\/\/www.altominho.tv\/site\/wp-json\/wp\/v2\/media\/108102"}],"wp:attachment":[{"href":"https:\/\/www.altominho.tv\/site\/wp-json\/wp\/v2\/media?parent=108095"}],"wp:term":[{"taxonomy":"category","embeddable":true,"href":"https:\/\/www.altominho.tv\/site\/wp-json\/wp\/v2\/categories?post=108095"},{"taxonomy":"post_tag","embeddable":true,"href":"https:\/\/www.altominho.tv\/site\/wp-json\/wp\/v2\/tags?post=108095"}],"curies":[{"name":"wp","href":"https:\/\/api.w.org\/{rel}","templated":true}]}}