{"id":108069,"date":"2024-06-18T15:45:25","date_gmt":"2024-06-18T14:45:25","guid":{"rendered":"https:\/\/www.altominho.tv\/site\/?p=108069"},"modified":"2024-06-18T15:45:28","modified_gmt":"2024-06-18T14:45:28","slug":"valenca-recebe-noite-de-sao-joao-esta-sexta-feira","status":"publish","type":"post","link":"https:\/\/www.altominho.tv\/site\/2024\/06\/18\/valenca-recebe-noite-de-sao-joao-esta-sexta-feira\/","title":{"rendered":"Valen\u00e7a recebe &#8220;Noite de S\u00e3o Jo\u00e3o&#8221; esta sexta-feira"},"content":{"rendered":"<p class=\"p1\">A pr\u00f3xima sexta-feira, 21 de junho, \u00e9 noite de S\u00e3o Jo\u00e3o, em Valen\u00e7a, com \u201cBairro de S\u00e3o Teot\u00f3nio\u201d, na avenida de S\u00e3o Teot\u00f3nio e ruas adjacentes, a partir das 18h00.<\/p>\n<p class=\"p1\">&#8220;A noite mais curta do ano promete ser uma das mais animadas com gastronomia tradicional, anima\u00e7\u00e3o musical, bailarico e muitas divers\u00f5es.<\/p>\n<p class=\"p1\">A anima\u00e7\u00e3o estar\u00e1 a cargo do DJ valenciano Pedro Pagodes.<\/p>\n<p class=\"p1\">&#8220;A Noite de S\u00e3o Jo\u00e3o de Valen\u00e7a pretende evocar e dinamizar esta festividade que marca o in\u00edcio do ver\u00e3o proporcionando um espa\u00e7o e um momento de conv\u00edvio comunit\u00e1rio e do esp\u00edrito de uni\u00e3o tanto para os valencianos como para os visitantes.<br \/>\nEstas celebra\u00e7\u00f5es de S\u00e3o Jo\u00e3o, pretendem ser um arraial de bairro, de conv\u00edvio comunit\u00e1rio em que todos, em conjunto, trabalham dedicadamente para fazer poss\u00edvel um bem comum&#8221;, refere a autarquia.<\/p>\n<p class=\"p1\">A iniciativa \u00e9 da Associa\u00e7\u00e3o Quimera e conta com o apoio da C\u00e2mara Municipal de Valen\u00e7a, da Uni\u00e3o de Freguesias de Valen\u00e7a, Cristelo C\u00f4vo e Ar\u00e3o e do meio empresarial de Valen\u00e7a.<\/p>\n<p class=\"p1\">O evento contar\u00e1 com tasquinhas da Associa\u00e7\u00e3o S\u00e3o Teot\u00f3nio, Escola de M\u00fasica de S\u00e3o Pedro da Torre, Associa\u00e7\u00e3o Ponta a Ponta, Associa\u00e7\u00e3o Desportiva de Cerdal, Associa\u00e7\u00e3o Desportiva Verdoejense, Associa\u00e7\u00e3o Luar do Minho, Clube de Ca\u00e7adores Os Torreenses, Comiss\u00e3o Fabriqueira do Divino Salvador de Gandra, Rancho Folcl\u00f3rico e Cultural de S\u00e3o Juli\u00e3o e Valen\u00e7a H\u00f3quei Clube.<\/p>\n<p class=\"p1\">Qu\u00ea, T0, Oceano\u2019s Bar, Esta\u00e7\u00e3o, N9ve Letras, Recanto, Casa dos Presuntos, Tasty Bites Kebab, Cantinho do Caldo e Gelataria Tenta\u00e7\u00f5es s\u00e3o os bares e restaurantes aderentes ao evento.<\/p>\n","protected":false},"excerpt":{"rendered":"<p>A pr\u00f3xima sexta-feira, 21 de junho, \u00e9 noite de S\u00e3o Jo\u00e3o, em Valen\u00e7a, com \u201cBairro de S\u00e3o Teot\u00f3nio\u201d, na avenida de S\u00e3o Teot\u00f3nio e ruas adjacentes, a partir das 18h00. &#8220;A noite mais curta do ano promete ser uma das mais animadas com gastronomia tradicional, anima\u00e7\u00e3o musical, bailarico e muitas divers\u00f5es. A anima\u00e7\u00e3o estar\u00e1 a [&hellip;]<\/p>\n","protected":false},"author":1,"featured_media":108071,"comment_status":"closed","ping_status":"closed","sticky":false,"template":"","format":"standard","meta":{"_exactmetrics_skip_tracking":false,"_exactmetrics_sitenote_active":false,"_exactmetrics_sitenote_note":"","_exactmetrics_sitenote_category":0,"footnotes":""},"categories":[13],"tags":[24],"class_list":["post-108069","post","type-post","status-publish","format-standard","has-post-thumbnail","hentry","category-valenca","tag-lazer"],"yoast_head":"<!-- This site is optimized with the Yoast SEO Premium plugin v27.5 (Yoast SEO v27.5) - https:\/\/yoast.com\/product\/yoast-seo-premium-wordpress\/ -->\n<title>Valen\u00e7a recebe &quot;Noite de S\u00e3o Jo\u00e3o&quot; esta sexta-feira<\/title>\n<meta name=\"description\" content=\"A pr\u00f3xima sexta-feira, 21 de junho, \u00e9 noite de S\u00e3o Jo\u00e3o, em Valen\u00e7a, com \u201cBairro de S\u00e3o Teot\u00f3nio\u201d, na avenida de S\u00e3o Teot\u00f3nio e ruas adjacentes, a partir das 18h00.\" \/>\n<meta name=\"robots\" content=\"index, follow, max-snippet:-1, max-image-preview:large, max-video-preview:-1\" \/>\n<link rel=\"canonical\" href=\"https:\/\/www.altominho.tv\/site\/2024\/06\/18\/valenca-recebe-noite-de-sao-joao-esta-sexta-feira\/\" \/>\n<meta property=\"og:locale\" content=\"pt_PT\" \/>\n<meta property=\"og:type\" content=\"article\" \/>\n<meta property=\"og:title\" content=\"Valen\u00e7a recebe &quot;Noite de S\u00e3o Jo\u00e3o&quot; esta sexta-feira\" \/>\n<meta property=\"og:description\" content=\"A pr\u00f3xima sexta-feira, 21 de junho, \u00e9 noite de S\u00e3o Jo\u00e3o, em Valen\u00e7a, com \u201cBairro de S\u00e3o Teot\u00f3nio\u201d, na avenida de S\u00e3o Teot\u00f3nio e ruas adjacentes, a partir das 18h00.\" \/>\n<meta property=\"og:url\" content=\"https:\/\/www.altominho.tv\/site\/2024\/06\/18\/valenca-recebe-noite-de-sao-joao-esta-sexta-feira\/\" \/>\n<meta property=\"og:site_name\" content=\"Altominho.tv\" \/>\n<meta property=\"article:publisher\" content=\"https:\/\/www.facebook.com\/altominhotv\" \/>\n<meta property=\"article:published_time\" content=\"2024-06-18T14:45:25+00:00\" \/>\n<meta property=\"article:modified_time\" content=\"2024-06-18T14:45:28+00:00\" \/>\n<meta property=\"og:image\" content=\"https:\/\/www.altominho.tv\/site\/wp-content\/uploads\/2024\/06\/sao-joao-valenca-.jpg\" \/>\n\t<meta property=\"og:image:width\" content=\"1920\" \/>\n\t<meta property=\"og:image:height\" content=\"1080\" \/>\n\t<meta property=\"og:image:type\" content=\"image\/jpeg\" \/>\n<meta name=\"author\" content=\"Altominho.tv\" \/>\n<meta name=\"twitter:card\" content=\"summary_large_image\" \/>\n<meta name=\"twitter:creator\" content=\"@altominhoTV\" \/>\n<meta name=\"twitter:site\" content=\"@altominhoTV\" \/>\n<meta name=\"twitter:label1\" content=\"Escrito por\" \/>\n\t<meta name=\"twitter:data1\" content=\"Altominho.tv\" \/>\n\t<meta name=\"twitter:label2\" content=\"Tempo estimado de leitura\" \/>\n\t<meta name=\"twitter:data2\" content=\"2 minutos\" \/>\n<script type=\"application\/ld+json\" class=\"yoast-schema-graph\">{\"@context\":\"https:\\\/\\\/schema.org\",\"@graph\":[{\"@type\":\"Article\",\"@id\":\"https:\\\/\\\/www.altominho.tv\\\/site\\\/2024\\\/06\\\/18\\\/valenca-recebe-noite-de-sao-joao-esta-sexta-feira\\\/#article\",\"isPartOf\":{\"@id\":\"https:\\\/\\\/www.altominho.tv\\\/site\\\/2024\\\/06\\\/18\\\/valenca-recebe-noite-de-sao-joao-esta-sexta-feira\\\/\"},\"author\":{\"name\":\"Altominho.tv\",\"@id\":\"https:\\\/\\\/www.altominho.tv\\\/site\\\/#\\\/schema\\\/person\\\/4e536851627d7914baf3dac752b6af22\"},\"headline\":\"Valen\u00e7a recebe &#8220;Noite de S\u00e3o Jo\u00e3o&#8221; esta sexta-feira\",\"datePublished\":\"2024-06-18T14:45:25+00:00\",\"dateModified\":\"2024-06-18T14:45:28+00:00\",\"mainEntityOfPage\":{\"@id\":\"https:\\\/\\\/www.altominho.tv\\\/site\\\/2024\\\/06\\\/18\\\/valenca-recebe-noite-de-sao-joao-esta-sexta-feira\\\/\"},\"wordCount\":311,\"image\":{\"@id\":\"https:\\\/\\\/www.altominho.tv\\\/site\\\/2024\\\/06\\\/18\\\/valenca-recebe-noite-de-sao-joao-esta-sexta-feira\\\/#primaryimage\"},\"thumbnailUrl\":\"https:\\\/\\\/www.altominho.tv\\\/site\\\/wp-content\\\/uploads\\\/2024\\\/06\\\/sao-joao-valenca-.jpg\",\"keywords\":[\"Lazer\"],\"articleSection\":[\"Valen\u00e7a\"],\"inLanguage\":\"pt-PT\",\"copyrightYear\":\"2024\",\"copyrightHolder\":{\"@id\":\"https:\\\/\\\/www.altominho.tv\\\/site\\\/#organization\"}},{\"@type\":\"WebPage\",\"@id\":\"https:\\\/\\\/www.altominho.tv\\\/site\\\/2024\\\/06\\\/18\\\/valenca-recebe-noite-de-sao-joao-esta-sexta-feira\\\/\",\"url\":\"https:\\\/\\\/www.altominho.tv\\\/site\\\/2024\\\/06\\\/18\\\/valenca-recebe-noite-de-sao-joao-esta-sexta-feira\\\/\",\"name\":\"Valen\u00e7a recebe \\\"Noite de S\u00e3o Jo\u00e3o\\\" esta sexta-feira\",\"isPartOf\":{\"@id\":\"https:\\\/\\\/www.altominho.tv\\\/site\\\/#website\"},\"primaryImageOfPage\":{\"@id\":\"https:\\\/\\\/www.altominho.tv\\\/site\\\/2024\\\/06\\\/18\\\/valenca-recebe-noite-de-sao-joao-esta-sexta-feira\\\/#primaryimage\"},\"image\":{\"@id\":\"https:\\\/\\\/www.altominho.tv\\\/site\\\/2024\\\/06\\\/18\\\/valenca-recebe-noite-de-sao-joao-esta-sexta-feira\\\/#primaryimage\"},\"thumbnailUrl\":\"https:\\\/\\\/www.altominho.tv\\\/site\\\/wp-content\\\/uploads\\\/2024\\\/06\\\/sao-joao-valenca-.jpg\",\"datePublished\":\"2024-06-18T14:45:25+00:00\",\"dateModified\":\"2024-06-18T14:45:28+00:00\",\"author\":{\"@id\":\"https:\\\/\\\/www.altominho.tv\\\/site\\\/#\\\/schema\\\/person\\\/4e536851627d7914baf3dac752b6af22\"},\"description\":\"A pr\u00f3xima sexta-feira, 21 de junho, \u00e9 noite de S\u00e3o Jo\u00e3o, em Valen\u00e7a, com \u201cBairro de S\u00e3o Teot\u00f3nio\u201d, na avenida de S\u00e3o Teot\u00f3nio e ruas adjacentes, a partir das 18h00.\",\"breadcrumb\":{\"@id\":\"https:\\\/\\\/www.altominho.tv\\\/site\\\/2024\\\/06\\\/18\\\/valenca-recebe-noite-de-sao-joao-esta-sexta-feira\\\/#breadcrumb\"},\"inLanguage\":\"pt-PT\",\"potentialAction\":[{\"@type\":\"ReadAction\",\"target\":[\"https:\\\/\\\/www.altominho.tv\\\/site\\\/2024\\\/06\\\/18\\\/valenca-recebe-noite-de-sao-joao-esta-sexta-feira\\\/\"]}]},{\"@type\":\"ImageObject\",\"inLanguage\":\"pt-PT\",\"@id\":\"https:\\\/\\\/www.altominho.tv\\\/site\\\/2024\\\/06\\\/18\\\/valenca-recebe-noite-de-sao-joao-esta-sexta-feira\\\/#primaryimage\",\"url\":\"https:\\\/\\\/www.altominho.tv\\\/site\\\/wp-content\\\/uploads\\\/2024\\\/06\\\/sao-joao-valenca-.jpg\",\"contentUrl\":\"https:\\\/\\\/www.altominho.tv\\\/site\\\/wp-content\\\/uploads\\\/2024\\\/06\\\/sao-joao-valenca-.jpg\",\"width\":1920,\"height\":1080},{\"@type\":\"BreadcrumbList\",\"@id\":\"https:\\\/\\\/www.altominho.tv\\\/site\\\/2024\\\/06\\\/18\\\/valenca-recebe-noite-de-sao-joao-esta-sexta-feira\\\/#breadcrumb\",\"itemListElement\":[{\"@type\":\"ListItem\",\"position\":1,\"name\":\"In\u00edcio\",\"item\":\"https:\\\/\\\/www.altominho.tv\\\/site\\\/\"},{\"@type\":\"ListItem\",\"position\":2,\"name\":\"Valen\u00e7a recebe &#8220;Noite de S\u00e3o Jo\u00e3o&#8221; esta sexta-feira\"}]},{\"@type\":\"WebSite\",\"@id\":\"https:\\\/\\\/www.altominho.tv\\\/site\\\/#website\",\"url\":\"https:\\\/\\\/www.altominho.tv\\\/site\\\/\",\"name\":\"Altominho.tv\",\"description\":\"A sua regi\u00e3o \u00e0 dist\u00e2ncia de um clique...\",\"potentialAction\":[{\"@type\":\"SearchAction\",\"target\":{\"@type\":\"EntryPoint\",\"urlTemplate\":\"https:\\\/\\\/www.altominho.tv\\\/site\\\/?s={search_term_string}\"},\"query-input\":{\"@type\":\"PropertyValueSpecification\",\"valueRequired\":true,\"valueName\":\"search_term_string\"}}],\"inLanguage\":\"pt-PT\"},{\"@type\":\"Person\",\"@id\":\"https:\\\/\\\/www.altominho.tv\\\/site\\\/#\\\/schema\\\/person\\\/4e536851627d7914baf3dac752b6af22\",\"name\":\"Altominho.tv\",\"image\":{\"@type\":\"ImageObject\",\"inLanguage\":\"pt-PT\",\"@id\":\"https:\\\/\\\/www.altominho.tv\\\/site\\\/wp-content\\\/uploads\\\/2019\\\/11\\\/Logo_Avatar_2-150x150.jpg\",\"url\":\"https:\\\/\\\/www.altominho.tv\\\/site\\\/wp-content\\\/uploads\\\/2019\\\/11\\\/Logo_Avatar_2-150x150.jpg\",\"contentUrl\":\"https:\\\/\\\/www.altominho.tv\\\/site\\\/wp-content\\\/uploads\\\/2019\\\/11\\\/Logo_Avatar_2-150x150.jpg\",\"caption\":\"Altominho.tv\"},\"url\":\"https:\\\/\\\/www.altominho.tv\\\/site\\\/author\\\/altominhotv-tecnico\\\/\"}]}<\/script>\n<!-- \/ Yoast SEO Premium plugin. -->","yoast_head_json":{"title":"Valen\u00e7a recebe \"Noite de S\u00e3o Jo\u00e3o\" esta sexta-feira","description":"A pr\u00f3xima sexta-feira, 21 de junho, \u00e9 noite de S\u00e3o Jo\u00e3o, em Valen\u00e7a, com \u201cBairro de S\u00e3o Teot\u00f3nio\u201d, na avenida de S\u00e3o Teot\u00f3nio e ruas adjacentes, a partir das 18h00.","robots":{"index":"index","follow":"follow","max-snippet":"max-snippet:-1","max-image-preview":"max-image-preview:large","max-video-preview":"max-video-preview:-1"},"canonical":"https:\/\/www.altominho.tv\/site\/2024\/06\/18\/valenca-recebe-noite-de-sao-joao-esta-sexta-feira\/","og_locale":"pt_PT","og_type":"article","og_title":"Valen\u00e7a recebe \"Noite de S\u00e3o Jo\u00e3o\" esta sexta-feira","og_description":"A pr\u00f3xima sexta-feira, 21 de junho, \u00e9 noite de S\u00e3o Jo\u00e3o, em Valen\u00e7a, com \u201cBairro de S\u00e3o Teot\u00f3nio\u201d, na avenida de S\u00e3o Teot\u00f3nio e ruas adjacentes, a partir das 18h00.","og_url":"https:\/\/www.altominho.tv\/site\/2024\/06\/18\/valenca-recebe-noite-de-sao-joao-esta-sexta-feira\/","og_site_name":"Altominho.tv","article_publisher":"https:\/\/www.facebook.com\/altominhotv","article_published_time":"2024-06-18T14:45:25+00:00","article_modified_time":"2024-06-18T14:45:28+00:00","og_image":[{"width":1920,"height":1080,"url":"https:\/\/www.altominho.tv\/site\/wp-content\/uploads\/2024\/06\/sao-joao-valenca-.jpg","type":"image\/jpeg"}],"author":"Altominho.tv","twitter_card":"summary_large_image","twitter_creator":"@altominhoTV","twitter_site":"@altominhoTV","twitter_misc":{"Escrito por":"Altominho.tv","Tempo estimado de leitura":"2 minutos"},"schema":{"@context":"https:\/\/schema.org","@graph":[{"@type":"Article","@id":"https:\/\/www.altominho.tv\/site\/2024\/06\/18\/valenca-recebe-noite-de-sao-joao-esta-sexta-feira\/#article","isPartOf":{"@id":"https:\/\/www.altominho.tv\/site\/2024\/06\/18\/valenca-recebe-noite-de-sao-joao-esta-sexta-feira\/"},"author":{"name":"Altominho.tv","@id":"https:\/\/www.altominho.tv\/site\/#\/schema\/person\/4e536851627d7914baf3dac752b6af22"},"headline":"Valen\u00e7a recebe &#8220;Noite de S\u00e3o Jo\u00e3o&#8221; esta sexta-feira","datePublished":"2024-06-18T14:45:25+00:00","dateModified":"2024-06-18T14:45:28+00:00","mainEntityOfPage":{"@id":"https:\/\/www.altominho.tv\/site\/2024\/06\/18\/valenca-recebe-noite-de-sao-joao-esta-sexta-feira\/"},"wordCount":311,"image":{"@id":"https:\/\/www.altominho.tv\/site\/2024\/06\/18\/valenca-recebe-noite-de-sao-joao-esta-sexta-feira\/#primaryimage"},"thumbnailUrl":"https:\/\/www.altominho.tv\/site\/wp-content\/uploads\/2024\/06\/sao-joao-valenca-.jpg","keywords":["Lazer"],"articleSection":["Valen\u00e7a"],"inLanguage":"pt-PT","copyrightYear":"2024","copyrightHolder":{"@id":"https:\/\/www.altominho.tv\/site\/#organization"}},{"@type":"WebPage","@id":"https:\/\/www.altominho.tv\/site\/2024\/06\/18\/valenca-recebe-noite-de-sao-joao-esta-sexta-feira\/","url":"https:\/\/www.altominho.tv\/site\/2024\/06\/18\/valenca-recebe-noite-de-sao-joao-esta-sexta-feira\/","name":"Valen\u00e7a recebe \"Noite de S\u00e3o Jo\u00e3o\" esta sexta-feira","isPartOf":{"@id":"https:\/\/www.altominho.tv\/site\/#website"},"primaryImageOfPage":{"@id":"https:\/\/www.altominho.tv\/site\/2024\/06\/18\/valenca-recebe-noite-de-sao-joao-esta-sexta-feira\/#primaryimage"},"image":{"@id":"https:\/\/www.altominho.tv\/site\/2024\/06\/18\/valenca-recebe-noite-de-sao-joao-esta-sexta-feira\/#primaryimage"},"thumbnailUrl":"https:\/\/www.altominho.tv\/site\/wp-content\/uploads\/2024\/06\/sao-joao-valenca-.jpg","datePublished":"2024-06-18T14:45:25+00:00","dateModified":"2024-06-18T14:45:28+00:00","author":{"@id":"https:\/\/www.altominho.tv\/site\/#\/schema\/person\/4e536851627d7914baf3dac752b6af22"},"description":"A pr\u00f3xima sexta-feira, 21 de junho, \u00e9 noite de S\u00e3o Jo\u00e3o, em Valen\u00e7a, com \u201cBairro de S\u00e3o Teot\u00f3nio\u201d, na avenida de S\u00e3o Teot\u00f3nio e ruas adjacentes, a partir das 18h00.","breadcrumb":{"@id":"https:\/\/www.altominho.tv\/site\/2024\/06\/18\/valenca-recebe-noite-de-sao-joao-esta-sexta-feira\/#breadcrumb"},"inLanguage":"pt-PT","potentialAction":[{"@type":"ReadAction","target":["https:\/\/www.altominho.tv\/site\/2024\/06\/18\/valenca-recebe-noite-de-sao-joao-esta-sexta-feira\/"]}]},{"@type":"ImageObject","inLanguage":"pt-PT","@id":"https:\/\/www.altominho.tv\/site\/2024\/06\/18\/valenca-recebe-noite-de-sao-joao-esta-sexta-feira\/#primaryimage","url":"https:\/\/www.altominho.tv\/site\/wp-content\/uploads\/2024\/06\/sao-joao-valenca-.jpg","contentUrl":"https:\/\/www.altominho.tv\/site\/wp-content\/uploads\/2024\/06\/sao-joao-valenca-.jpg","width":1920,"height":1080},{"@type":"BreadcrumbList","@id":"https:\/\/www.altominho.tv\/site\/2024\/06\/18\/valenca-recebe-noite-de-sao-joao-esta-sexta-feira\/#breadcrumb","itemListElement":[{"@type":"ListItem","position":1,"name":"In\u00edcio","item":"https:\/\/www.altominho.tv\/site\/"},{"@type":"ListItem","position":2,"name":"Valen\u00e7a recebe &#8220;Noite de S\u00e3o Jo\u00e3o&#8221; esta sexta-feira"}]},{"@type":"WebSite","@id":"https:\/\/www.altominho.tv\/site\/#website","url":"https:\/\/www.altominho.tv\/site\/","name":"Altominho.tv","description":"A sua regi\u00e3o \u00e0 dist\u00e2ncia de um clique...","potentialAction":[{"@type":"SearchAction","target":{"@type":"EntryPoint","urlTemplate":"https:\/\/www.altominho.tv\/site\/?s={search_term_string}"},"query-input":{"@type":"PropertyValueSpecification","valueRequired":true,"valueName":"search_term_string"}}],"inLanguage":"pt-PT"},{"@type":"Person","@id":"https:\/\/www.altominho.tv\/site\/#\/schema\/person\/4e536851627d7914baf3dac752b6af22","name":"Altominho.tv","image":{"@type":"ImageObject","inLanguage":"pt-PT","@id":"https:\/\/www.altominho.tv\/site\/wp-content\/uploads\/2019\/11\/Logo_Avatar_2-150x150.jpg","url":"https:\/\/www.altominho.tv\/site\/wp-content\/uploads\/2019\/11\/Logo_Avatar_2-150x150.jpg","contentUrl":"https:\/\/www.altominho.tv\/site\/wp-content\/uploads\/2019\/11\/Logo_Avatar_2-150x150.jpg","caption":"Altominho.tv"},"url":"https:\/\/www.altominho.tv\/site\/author\/altominhotv-tecnico\/"}]}},"_links":{"self":[{"href":"https:\/\/www.altominho.tv\/site\/wp-json\/wp\/v2\/posts\/108069","targetHints":{"allow":["GET"]}}],"collection":[{"href":"https:\/\/www.altominho.tv\/site\/wp-json\/wp\/v2\/posts"}],"about":[{"href":"https:\/\/www.altominho.tv\/site\/wp-json\/wp\/v2\/types\/post"}],"author":[{"embeddable":true,"href":"https:\/\/www.altominho.tv\/site\/wp-json\/wp\/v2\/users\/1"}],"replies":[{"embeddable":true,"href":"https:\/\/www.altominho.tv\/site\/wp-json\/wp\/v2\/comments?post=108069"}],"version-history":[{"count":1,"href":"https:\/\/www.altominho.tv\/site\/wp-json\/wp\/v2\/posts\/108069\/revisions"}],"predecessor-version":[{"id":108072,"href":"https:\/\/www.altominho.tv\/site\/wp-json\/wp\/v2\/posts\/108069\/revisions\/108072"}],"wp:featuredmedia":[{"embeddable":true,"href":"https:\/\/www.altominho.tv\/site\/wp-json\/wp\/v2\/media\/108071"}],"wp:attachment":[{"href":"https:\/\/www.altominho.tv\/site\/wp-json\/wp\/v2\/media?parent=108069"}],"wp:term":[{"taxonomy":"category","embeddable":true,"href":"https:\/\/www.altominho.tv\/site\/wp-json\/wp\/v2\/categories?post=108069"},{"taxonomy":"post_tag","embeddable":true,"href":"https:\/\/www.altominho.tv\/site\/wp-json\/wp\/v2\/tags?post=108069"}],"curies":[{"name":"wp","href":"https:\/\/api.w.org\/{rel}","templated":true}]}}