{"id":108040,"date":"2024-06-17T15:12:07","date_gmt":"2024-06-17T14:12:07","guid":{"rendered":"https:\/\/www.altominho.tv\/site\/?p=108040"},"modified":"2024-06-17T15:12:10","modified_gmt":"2024-06-17T14:12:10","slug":"arcos-de-valdevez-giela-jardim-de-infancia","status":"publish","type":"post","link":"https:\/\/www.altominho.tv\/site\/2024\/06\/17\/arcos-de-valdevez-giela-jardim-de-infancia\/","title":{"rendered":"Jardim de Inf\u00e2ncia de Giela tem novo parque infantil"},"content":{"rendered":"\n<p>O Jardim de Inf\u00e2ncia de Giela, no concelho de Arcos de Valdevez, tem um novo parque infantil.<\/p>\n\n\n\n<p>A autarquia deu nota que &#8220;a educa\u00e7\u00e3o \u00e9 reconhecida pela C\u00e2mara Municipal como um pilar fundamental para o desenvolvimento sustent\u00e1vel do concelho e de uma comunidade mais respons\u00e1vel e participativa&#8221;.<\/p>\n\n\n\n<p>O Munic\u00edpio &#8220;continua a reservar uma grande fatia do seu or\u00e7amento para a \u00e1rea da educa\u00e7\u00e3o, nomeadamente para a a\u00e7\u00e3o social escolar, as refei\u00e7\u00f5es, os transportes escolares e a melhoria de edif\u00edcios e equipamentos&#8221;.<\/p>\n\n\n\n<p>As recentes interven\u00e7\u00f5es no Parque Infantil do Jardim de Inf\u00e2ncia de Giela, no valor de cerca de 15 mil euros, &#8220;englobaram a total substitui\u00e7\u00e3o do equipamento&#8221;.<\/p>\n","protected":false},"excerpt":{"rendered":"<p>O Jardim de Inf\u00e2ncia de Giela, no concelho de Arcos de Valdevez, tem um novo parque infantil. A autarquia deu nota que &#8220;a educa\u00e7\u00e3o \u00e9 reconhecida pela C\u00e2mara Municipal como um pilar fundamental para o desenvolvimento sustent\u00e1vel do concelho e de uma comunidade mais respons\u00e1vel e participativa&#8221;. O Munic\u00edpio &#8220;continua a reservar uma grande fatia [&hellip;]<\/p>\n","protected":false},"author":7,"featured_media":108042,"comment_status":"closed","ping_status":"closed","sticky":false,"template":"","format":"standard","meta":{"_exactmetrics_skip_tracking":false,"_exactmetrics_sitenote_active":false,"_exactmetrics_sitenote_note":"","_exactmetrics_sitenote_category":0,"footnotes":""},"categories":[2],"tags":[22],"class_list":["post-108040","post","type-post","status-publish","format-standard","has-post-thumbnail","hentry","category-arcos-de-valdevez","tag-educacao"],"yoast_head":"<!-- This site is optimized with the Yoast SEO Premium plugin v27.5 (Yoast SEO v27.5) - https:\/\/yoast.com\/product\/yoast-seo-premium-wordpress\/ -->\n<title>Jardim de Inf\u00e2ncia de Giela tem novo parque infantil<\/title>\n<meta name=\"description\" content=\"O Jardim de Inf\u00e2ncia de Giela, em Arcos de Valdevez, tem um novo parque infantil.\" \/>\n<meta name=\"robots\" content=\"index, follow, max-snippet:-1, max-image-preview:large, max-video-preview:-1\" \/>\n<link rel=\"canonical\" href=\"https:\/\/www.altominho.tv\/site\/2024\/06\/17\/arcos-de-valdevez-giela-jardim-de-infancia\/\" \/>\n<meta property=\"og:locale\" content=\"pt_PT\" \/>\n<meta property=\"og:type\" content=\"article\" \/>\n<meta property=\"og:title\" content=\"Jardim de Inf\u00e2ncia de Giela tem novo parque infantil\" \/>\n<meta property=\"og:description\" content=\"O Jardim de Inf\u00e2ncia de Giela, em Arcos de Valdevez, tem um novo parque infantil.\" \/>\n<meta property=\"og:url\" content=\"https:\/\/www.altominho.tv\/site\/2024\/06\/17\/arcos-de-valdevez-giela-jardim-de-infancia\/\" \/>\n<meta property=\"og:site_name\" content=\"Altominho.tv\" \/>\n<meta property=\"article:publisher\" content=\"https:\/\/www.facebook.com\/altominhotv\" \/>\n<meta property=\"article:published_time\" content=\"2024-06-17T14:12:07+00:00\" \/>\n<meta property=\"article:modified_time\" content=\"2024-06-17T14:12:10+00:00\" \/>\n<meta property=\"og:image\" content=\"https:\/\/www.altominho.tv\/site\/wp-content\/uploads\/2024\/06\/IMG_3162.jpg\" \/>\n\t<meta property=\"og:image:width\" content=\"2048\" \/>\n\t<meta property=\"og:image:height\" content=\"1536\" \/>\n\t<meta property=\"og:image:type\" content=\"image\/jpeg\" \/>\n<meta name=\"author\" content=\"Andreia Cunha\" \/>\n<meta name=\"twitter:card\" content=\"summary_large_image\" \/>\n<meta name=\"twitter:creator\" content=\"@altominhoTV\" \/>\n<meta name=\"twitter:site\" content=\"@altominhoTV\" \/>\n<meta name=\"twitter:label1\" content=\"Escrito por\" \/>\n\t<meta name=\"twitter:data1\" content=\"Andreia Cunha\" \/>\n\t<meta name=\"twitter:label2\" content=\"Tempo estimado de leitura\" \/>\n\t<meta name=\"twitter:data2\" content=\"1 minuto\" \/>\n<script type=\"application\/ld+json\" class=\"yoast-schema-graph\">{\"@context\":\"https:\\\/\\\/schema.org\",\"@graph\":[{\"@type\":\"Article\",\"@id\":\"https:\\\/\\\/www.altominho.tv\\\/site\\\/2024\\\/06\\\/17\\\/arcos-de-valdevez-giela-jardim-de-infancia\\\/#article\",\"isPartOf\":{\"@id\":\"https:\\\/\\\/www.altominho.tv\\\/site\\\/2024\\\/06\\\/17\\\/arcos-de-valdevez-giela-jardim-de-infancia\\\/\"},\"author\":{\"name\":\"Andreia Cunha\",\"@id\":\"https:\\\/\\\/www.altominho.tv\\\/site\\\/#\\\/schema\\\/person\\\/a0e4ef6d041f98ca284393d8f1d97153\"},\"headline\":\"Jardim de Inf\u00e2ncia de Giela tem novo parque infantil\",\"datePublished\":\"2024-06-17T14:12:07+00:00\",\"dateModified\":\"2024-06-17T14:12:10+00:00\",\"mainEntityOfPage\":{\"@id\":\"https:\\\/\\\/www.altominho.tv\\\/site\\\/2024\\\/06\\\/17\\\/arcos-de-valdevez-giela-jardim-de-infancia\\\/\"},\"wordCount\":129,\"image\":{\"@id\":\"https:\\\/\\\/www.altominho.tv\\\/site\\\/2024\\\/06\\\/17\\\/arcos-de-valdevez-giela-jardim-de-infancia\\\/#primaryimage\"},\"thumbnailUrl\":\"https:\\\/\\\/www.altominho.tv\\\/site\\\/wp-content\\\/uploads\\\/2024\\\/06\\\/IMG_3162.jpg\",\"keywords\":[\"Educa\u00e7\u00e3o\"],\"articleSection\":[\"Arcos de Valdevez\"],\"inLanguage\":\"pt-PT\",\"copyrightYear\":\"2024\",\"copyrightHolder\":{\"@id\":\"https:\\\/\\\/www.altominho.tv\\\/site\\\/#organization\"}},{\"@type\":\"WebPage\",\"@id\":\"https:\\\/\\\/www.altominho.tv\\\/site\\\/2024\\\/06\\\/17\\\/arcos-de-valdevez-giela-jardim-de-infancia\\\/\",\"url\":\"https:\\\/\\\/www.altominho.tv\\\/site\\\/2024\\\/06\\\/17\\\/arcos-de-valdevez-giela-jardim-de-infancia\\\/\",\"name\":\"Jardim de Inf\u00e2ncia de Giela tem novo parque infantil\",\"isPartOf\":{\"@id\":\"https:\\\/\\\/www.altominho.tv\\\/site\\\/#website\"},\"primaryImageOfPage\":{\"@id\":\"https:\\\/\\\/www.altominho.tv\\\/site\\\/2024\\\/06\\\/17\\\/arcos-de-valdevez-giela-jardim-de-infancia\\\/#primaryimage\"},\"image\":{\"@id\":\"https:\\\/\\\/www.altominho.tv\\\/site\\\/2024\\\/06\\\/17\\\/arcos-de-valdevez-giela-jardim-de-infancia\\\/#primaryimage\"},\"thumbnailUrl\":\"https:\\\/\\\/www.altominho.tv\\\/site\\\/wp-content\\\/uploads\\\/2024\\\/06\\\/IMG_3162.jpg\",\"datePublished\":\"2024-06-17T14:12:07+00:00\",\"dateModified\":\"2024-06-17T14:12:10+00:00\",\"author\":{\"@id\":\"https:\\\/\\\/www.altominho.tv\\\/site\\\/#\\\/schema\\\/person\\\/a0e4ef6d041f98ca284393d8f1d97153\"},\"description\":\"O Jardim de Inf\u00e2ncia de Giela, em Arcos de Valdevez, tem um novo parque infantil.\",\"breadcrumb\":{\"@id\":\"https:\\\/\\\/www.altominho.tv\\\/site\\\/2024\\\/06\\\/17\\\/arcos-de-valdevez-giela-jardim-de-infancia\\\/#breadcrumb\"},\"inLanguage\":\"pt-PT\",\"potentialAction\":[{\"@type\":\"ReadAction\",\"target\":[\"https:\\\/\\\/www.altominho.tv\\\/site\\\/2024\\\/06\\\/17\\\/arcos-de-valdevez-giela-jardim-de-infancia\\\/\"]}]},{\"@type\":\"ImageObject\",\"inLanguage\":\"pt-PT\",\"@id\":\"https:\\\/\\\/www.altominho.tv\\\/site\\\/2024\\\/06\\\/17\\\/arcos-de-valdevez-giela-jardim-de-infancia\\\/#primaryimage\",\"url\":\"https:\\\/\\\/www.altominho.tv\\\/site\\\/wp-content\\\/uploads\\\/2024\\\/06\\\/IMG_3162.jpg\",\"contentUrl\":\"https:\\\/\\\/www.altominho.tv\\\/site\\\/wp-content\\\/uploads\\\/2024\\\/06\\\/IMG_3162.jpg\",\"width\":2048,\"height\":1536},{\"@type\":\"BreadcrumbList\",\"@id\":\"https:\\\/\\\/www.altominho.tv\\\/site\\\/2024\\\/06\\\/17\\\/arcos-de-valdevez-giela-jardim-de-infancia\\\/#breadcrumb\",\"itemListElement\":[{\"@type\":\"ListItem\",\"position\":1,\"name\":\"In\u00edcio\",\"item\":\"https:\\\/\\\/www.altominho.tv\\\/site\\\/\"},{\"@type\":\"ListItem\",\"position\":2,\"name\":\"Jardim de Inf\u00e2ncia de Giela tem novo parque infantil\"}]},{\"@type\":\"WebSite\",\"@id\":\"https:\\\/\\\/www.altominho.tv\\\/site\\\/#website\",\"url\":\"https:\\\/\\\/www.altominho.tv\\\/site\\\/\",\"name\":\"Altominho.tv\",\"description\":\"A sua regi\u00e3o \u00e0 dist\u00e2ncia de um clique...\",\"potentialAction\":[{\"@type\":\"SearchAction\",\"target\":{\"@type\":\"EntryPoint\",\"urlTemplate\":\"https:\\\/\\\/www.altominho.tv\\\/site\\\/?s={search_term_string}\"},\"query-input\":{\"@type\":\"PropertyValueSpecification\",\"valueRequired\":true,\"valueName\":\"search_term_string\"}}],\"inLanguage\":\"pt-PT\"},{\"@type\":\"Person\",\"@id\":\"https:\\\/\\\/www.altominho.tv\\\/site\\\/#\\\/schema\\\/person\\\/a0e4ef6d041f98ca284393d8f1d97153\",\"name\":\"Andreia Cunha\",\"image\":{\"@type\":\"ImageObject\",\"inLanguage\":\"pt-PT\",\"@id\":\"https:\\\/\\\/www.altominho.tv\\\/site\\\/wp-content\\\/uploads\\\/2017\\\/11\\\/Andreia_Cunha-1-150x150.jpg\",\"url\":\"https:\\\/\\\/www.altominho.tv\\\/site\\\/wp-content\\\/uploads\\\/2017\\\/11\\\/Andreia_Cunha-1-150x150.jpg\",\"contentUrl\":\"https:\\\/\\\/www.altominho.tv\\\/site\\\/wp-content\\\/uploads\\\/2017\\\/11\\\/Andreia_Cunha-1-150x150.jpg\",\"caption\":\"Andreia Cunha\"},\"url\":\"https:\\\/\\\/www.altominho.tv\\\/site\\\/author\\\/andreiacunha\\\/\"}]}<\/script>\n<!-- \/ Yoast SEO Premium plugin. -->","yoast_head_json":{"title":"Jardim de Inf\u00e2ncia de Giela tem novo parque infantil","description":"O Jardim de Inf\u00e2ncia de Giela, em Arcos de Valdevez, tem um novo parque infantil.","robots":{"index":"index","follow":"follow","max-snippet":"max-snippet:-1","max-image-preview":"max-image-preview:large","max-video-preview":"max-video-preview:-1"},"canonical":"https:\/\/www.altominho.tv\/site\/2024\/06\/17\/arcos-de-valdevez-giela-jardim-de-infancia\/","og_locale":"pt_PT","og_type":"article","og_title":"Jardim de Inf\u00e2ncia de Giela tem novo parque infantil","og_description":"O Jardim de Inf\u00e2ncia de Giela, em Arcos de Valdevez, tem um novo parque infantil.","og_url":"https:\/\/www.altominho.tv\/site\/2024\/06\/17\/arcos-de-valdevez-giela-jardim-de-infancia\/","og_site_name":"Altominho.tv","article_publisher":"https:\/\/www.facebook.com\/altominhotv","article_published_time":"2024-06-17T14:12:07+00:00","article_modified_time":"2024-06-17T14:12:10+00:00","og_image":[{"width":2048,"height":1536,"url":"https:\/\/www.altominho.tv\/site\/wp-content\/uploads\/2024\/06\/IMG_3162.jpg","type":"image\/jpeg"}],"author":"Andreia Cunha","twitter_card":"summary_large_image","twitter_creator":"@altominhoTV","twitter_site":"@altominhoTV","twitter_misc":{"Escrito por":"Andreia Cunha","Tempo estimado de leitura":"1 minuto"},"schema":{"@context":"https:\/\/schema.org","@graph":[{"@type":"Article","@id":"https:\/\/www.altominho.tv\/site\/2024\/06\/17\/arcos-de-valdevez-giela-jardim-de-infancia\/#article","isPartOf":{"@id":"https:\/\/www.altominho.tv\/site\/2024\/06\/17\/arcos-de-valdevez-giela-jardim-de-infancia\/"},"author":{"name":"Andreia Cunha","@id":"https:\/\/www.altominho.tv\/site\/#\/schema\/person\/a0e4ef6d041f98ca284393d8f1d97153"},"headline":"Jardim de Inf\u00e2ncia de Giela tem novo parque infantil","datePublished":"2024-06-17T14:12:07+00:00","dateModified":"2024-06-17T14:12:10+00:00","mainEntityOfPage":{"@id":"https:\/\/www.altominho.tv\/site\/2024\/06\/17\/arcos-de-valdevez-giela-jardim-de-infancia\/"},"wordCount":129,"image":{"@id":"https:\/\/www.altominho.tv\/site\/2024\/06\/17\/arcos-de-valdevez-giela-jardim-de-infancia\/#primaryimage"},"thumbnailUrl":"https:\/\/www.altominho.tv\/site\/wp-content\/uploads\/2024\/06\/IMG_3162.jpg","keywords":["Educa\u00e7\u00e3o"],"articleSection":["Arcos de Valdevez"],"inLanguage":"pt-PT","copyrightYear":"2024","copyrightHolder":{"@id":"https:\/\/www.altominho.tv\/site\/#organization"}},{"@type":"WebPage","@id":"https:\/\/www.altominho.tv\/site\/2024\/06\/17\/arcos-de-valdevez-giela-jardim-de-infancia\/","url":"https:\/\/www.altominho.tv\/site\/2024\/06\/17\/arcos-de-valdevez-giela-jardim-de-infancia\/","name":"Jardim de Inf\u00e2ncia de Giela tem novo parque infantil","isPartOf":{"@id":"https:\/\/www.altominho.tv\/site\/#website"},"primaryImageOfPage":{"@id":"https:\/\/www.altominho.tv\/site\/2024\/06\/17\/arcos-de-valdevez-giela-jardim-de-infancia\/#primaryimage"},"image":{"@id":"https:\/\/www.altominho.tv\/site\/2024\/06\/17\/arcos-de-valdevez-giela-jardim-de-infancia\/#primaryimage"},"thumbnailUrl":"https:\/\/www.altominho.tv\/site\/wp-content\/uploads\/2024\/06\/IMG_3162.jpg","datePublished":"2024-06-17T14:12:07+00:00","dateModified":"2024-06-17T14:12:10+00:00","author":{"@id":"https:\/\/www.altominho.tv\/site\/#\/schema\/person\/a0e4ef6d041f98ca284393d8f1d97153"},"description":"O Jardim de Inf\u00e2ncia de Giela, em Arcos de Valdevez, tem um novo parque infantil.","breadcrumb":{"@id":"https:\/\/www.altominho.tv\/site\/2024\/06\/17\/arcos-de-valdevez-giela-jardim-de-infancia\/#breadcrumb"},"inLanguage":"pt-PT","potentialAction":[{"@type":"ReadAction","target":["https:\/\/www.altominho.tv\/site\/2024\/06\/17\/arcos-de-valdevez-giela-jardim-de-infancia\/"]}]},{"@type":"ImageObject","inLanguage":"pt-PT","@id":"https:\/\/www.altominho.tv\/site\/2024\/06\/17\/arcos-de-valdevez-giela-jardim-de-infancia\/#primaryimage","url":"https:\/\/www.altominho.tv\/site\/wp-content\/uploads\/2024\/06\/IMG_3162.jpg","contentUrl":"https:\/\/www.altominho.tv\/site\/wp-content\/uploads\/2024\/06\/IMG_3162.jpg","width":2048,"height":1536},{"@type":"BreadcrumbList","@id":"https:\/\/www.altominho.tv\/site\/2024\/06\/17\/arcos-de-valdevez-giela-jardim-de-infancia\/#breadcrumb","itemListElement":[{"@type":"ListItem","position":1,"name":"In\u00edcio","item":"https:\/\/www.altominho.tv\/site\/"},{"@type":"ListItem","position":2,"name":"Jardim de Inf\u00e2ncia de Giela tem novo parque infantil"}]},{"@type":"WebSite","@id":"https:\/\/www.altominho.tv\/site\/#website","url":"https:\/\/www.altominho.tv\/site\/","name":"Altominho.tv","description":"A sua regi\u00e3o \u00e0 dist\u00e2ncia de um clique...","potentialAction":[{"@type":"SearchAction","target":{"@type":"EntryPoint","urlTemplate":"https:\/\/www.altominho.tv\/site\/?s={search_term_string}"},"query-input":{"@type":"PropertyValueSpecification","valueRequired":true,"valueName":"search_term_string"}}],"inLanguage":"pt-PT"},{"@type":"Person","@id":"https:\/\/www.altominho.tv\/site\/#\/schema\/person\/a0e4ef6d041f98ca284393d8f1d97153","name":"Andreia Cunha","image":{"@type":"ImageObject","inLanguage":"pt-PT","@id":"https:\/\/www.altominho.tv\/site\/wp-content\/uploads\/2017\/11\/Andreia_Cunha-1-150x150.jpg","url":"https:\/\/www.altominho.tv\/site\/wp-content\/uploads\/2017\/11\/Andreia_Cunha-1-150x150.jpg","contentUrl":"https:\/\/www.altominho.tv\/site\/wp-content\/uploads\/2017\/11\/Andreia_Cunha-1-150x150.jpg","caption":"Andreia Cunha"},"url":"https:\/\/www.altominho.tv\/site\/author\/andreiacunha\/"}]}},"_links":{"self":[{"href":"https:\/\/www.altominho.tv\/site\/wp-json\/wp\/v2\/posts\/108040","targetHints":{"allow":["GET"]}}],"collection":[{"href":"https:\/\/www.altominho.tv\/site\/wp-json\/wp\/v2\/posts"}],"about":[{"href":"https:\/\/www.altominho.tv\/site\/wp-json\/wp\/v2\/types\/post"}],"author":[{"embeddable":true,"href":"https:\/\/www.altominho.tv\/site\/wp-json\/wp\/v2\/users\/7"}],"replies":[{"embeddable":true,"href":"https:\/\/www.altominho.tv\/site\/wp-json\/wp\/v2\/comments?post=108040"}],"version-history":[{"count":1,"href":"https:\/\/www.altominho.tv\/site\/wp-json\/wp\/v2\/posts\/108040\/revisions"}],"predecessor-version":[{"id":108043,"href":"https:\/\/www.altominho.tv\/site\/wp-json\/wp\/v2\/posts\/108040\/revisions\/108043"}],"wp:featuredmedia":[{"embeddable":true,"href":"https:\/\/www.altominho.tv\/site\/wp-json\/wp\/v2\/media\/108042"}],"wp:attachment":[{"href":"https:\/\/www.altominho.tv\/site\/wp-json\/wp\/v2\/media?parent=108040"}],"wp:term":[{"taxonomy":"category","embeddable":true,"href":"https:\/\/www.altominho.tv\/site\/wp-json\/wp\/v2\/categories?post=108040"},{"taxonomy":"post_tag","embeddable":true,"href":"https:\/\/www.altominho.tv\/site\/wp-json\/wp\/v2\/tags?post=108040"}],"curies":[{"name":"wp","href":"https:\/\/api.w.org\/{rel}","templated":true}]}}