{"id":107946,"date":"2024-06-13T10:12:30","date_gmt":"2024-06-13T09:12:30","guid":{"rendered":"https:\/\/www.altominho.tv\/site\/?p=107946"},"modified":"2024-06-13T10:25:08","modified_gmt":"2024-06-13T09:25:08","slug":"valenca-com-cerca-de-4-milhoes-para-investir-na-habitacao","status":"publish","type":"post","link":"https:\/\/www.altominho.tv\/site\/2024\/06\/13\/valenca-com-cerca-de-4-milhoes-para-investir-na-habitacao\/","title":{"rendered":"Valen\u00e7a\u00a0com cerca de 4 Milh\u00f5es para investir na habita\u00e7\u00e3o"},"content":{"rendered":"<p>A C\u00e2mara Municipal de Valen\u00e7a assinou ontem o protocolo \u201cConstruir Portugal: Nova Estrat\u00e9gia para a Habita\u00e7\u00e3o\u201d, no valor de 3,8 milh\u00f5es de euros, para investir na habita\u00e7\u00e3o.<\/p>\n<p>A reabilita\u00e7\u00e3o das 25 habita\u00e7\u00f5es do Bairro Social de Bogim, em Cerdal, das 19 habita\u00e7\u00f5es do Bairro Social de Friestas, das 16 habita\u00e7\u00f5es do Bairro Social de S\u00e3o Pedro da Torre, das seis habita\u00e7\u00f5es do Bairro Social da Raposeira, em Valen\u00e7a e da transforma\u00e7\u00e3o \/ readapta\u00e7\u00e3o dos antigos postos do leite de Gondomil e Sanfins, para habita\u00e7\u00e3o social, s\u00e3o as interven\u00e7\u00f5es abrangidas por este contrato de financiamento.<\/p>\n<p>&#8220;Este \u00e9 mais um passo importante na reabilita\u00e7\u00e3o e qualifica\u00e7\u00e3o da habita\u00e7\u00e3o social no concelho, pretendendo dar resposta \u00e0s necessidades habitacionais das fam\u00edlias com menores rendimentos&#8221;, referiu Ana Paula Xavier, vice-presidente da C\u00e2mara Municipal.<\/p>\n<p>O ato contou, ainda, com a presen\u00e7a do Ministro Adjunto e da Coes\u00e3o Territorial, Manuel Castro Almeida e do Ministro das Infraestruturas e Habita\u00e7\u00e3o, Miguel Pinto Luz.<\/p>\n<p>O Munic\u00edpio de Valen\u00e7a \u00e9 um dos munic\u00edpios portugueses que assinou estes contratos com o Instituto da Habita\u00e7\u00e3o e da Reabilita\u00e7\u00e3o Urbana, &#8211; IHRU, dando sequ\u00eancia \u00e0 estrat\u00e9gia definida pela C\u00e2mara Municipal para a \u00e1rea da habita\u00e7\u00e3o, que al\u00e9m deste contrato tem em execu\u00e7\u00e3o a requalifica\u00e7\u00e3o das Escolas Prim\u00e1rias de Sanfins e Silva, a concurso, quatro fogos na Fortaleza e j\u00e1 realizada a requalifica\u00e7\u00e3o do Bairro de Passos.<\/p>\n","protected":false},"excerpt":{"rendered":"<p>A C\u00e2mara Municipal de Valen\u00e7a assinou ontem o protocolo \u201cConstruir Portugal: Nova Estrat\u00e9gia para a Habita\u00e7\u00e3o\u201d, no valor de 3,8 milh\u00f5es de euros, para investir na habita\u00e7\u00e3o. A reabilita\u00e7\u00e3o das 25 habita\u00e7\u00f5es do Bairro Social de Bogim, em Cerdal, das 19 habita\u00e7\u00f5es do Bairro Social de Friestas, das 16 habita\u00e7\u00f5es do Bairro Social de S\u00e3o [&hellip;]<\/p>\n","protected":false},"author":1,"featured_media":90220,"comment_status":"closed","ping_status":"closed","sticky":false,"template":"","format":"standard","meta":{"_exactmetrics_skip_tracking":false,"_exactmetrics_sitenote_active":false,"_exactmetrics_sitenote_note":"","_exactmetrics_sitenote_category":0,"footnotes":""},"categories":[13],"tags":[56326],"class_list":["post-107946","post","type-post","status-publish","format-standard","has-post-thumbnail","hentry","category-valenca","tag-politica"],"yoast_head":"<!-- This site is optimized with the Yoast SEO Premium plugin v27.5 (Yoast SEO v27.5) - https:\/\/yoast.com\/product\/yoast-seo-premium-wordpress\/ -->\n<title>Valen\u00e7a\u00a0com cerca de 4 Milh\u00f5es para investir na habita\u00e7\u00e3o<\/title>\n<meta name=\"description\" content=\"A C\u00e2mara Municipal de Valen\u00e7a assinou ontem o protocolo \u201cConstruir Portugal: Nova Estrat\u00e9gia para a Habita\u00e7\u00e3o\u201d, no valor de 3,8 milh\u00f5es de euros, para investir na habita\u00e7\u00e3o.\" \/>\n<meta name=\"robots\" content=\"index, follow, max-snippet:-1, max-image-preview:large, max-video-preview:-1\" \/>\n<link rel=\"canonical\" href=\"https:\/\/www.altominho.tv\/site\/2024\/06\/13\/valenca-com-cerca-de-4-milhoes-para-investir-na-habitacao\/\" \/>\n<meta property=\"og:locale\" content=\"pt_PT\" \/>\n<meta property=\"og:type\" content=\"article\" \/>\n<meta property=\"og:title\" content=\"Valen\u00e7a\u00a0com cerca de 4 Milh\u00f5es para investir na habita\u00e7\u00e3o\" \/>\n<meta property=\"og:description\" content=\"A C\u00e2mara Municipal de Valen\u00e7a assinou ontem o protocolo \u201cConstruir Portugal: Nova Estrat\u00e9gia para a Habita\u00e7\u00e3o\u201d, no valor de 3,8 milh\u00f5es de euros, para investir na habita\u00e7\u00e3o.\" \/>\n<meta property=\"og:url\" content=\"https:\/\/www.altominho.tv\/site\/2024\/06\/13\/valenca-com-cerca-de-4-milhoes-para-investir-na-habitacao\/\" \/>\n<meta property=\"og:site_name\" content=\"Altominho.tv\" \/>\n<meta property=\"article:publisher\" content=\"https:\/\/www.facebook.com\/altominhotv\" \/>\n<meta property=\"article:published_time\" content=\"2024-06-13T09:12:30+00:00\" \/>\n<meta property=\"article:modified_time\" content=\"2024-06-13T09:25:08+00:00\" \/>\n<meta property=\"og:image\" content=\"https:\/\/www.altominho.tv\/site\/wp-content\/uploads\/2023\/03\/Camara-Valenca-e1718270702483.jpeg\" \/>\n\t<meta property=\"og:image:width\" content=\"739\" \/>\n\t<meta property=\"og:image:height\" content=\"416\" \/>\n\t<meta property=\"og:image:type\" content=\"image\/jpeg\" \/>\n<meta name=\"author\" content=\"Altominho.tv\" \/>\n<meta name=\"twitter:card\" content=\"summary_large_image\" \/>\n<meta name=\"twitter:creator\" content=\"@altominhoTV\" \/>\n<meta name=\"twitter:site\" content=\"@altominhoTV\" \/>\n<meta name=\"twitter:label1\" content=\"Escrito por\" \/>\n\t<meta name=\"twitter:data1\" content=\"Altominho.tv\" \/>\n\t<meta name=\"twitter:label2\" content=\"Tempo estimado de leitura\" \/>\n\t<meta name=\"twitter:data2\" content=\"2 minutos\" \/>\n<script type=\"application\/ld+json\" class=\"yoast-schema-graph\">{\"@context\":\"https:\\\/\\\/schema.org\",\"@graph\":[{\"@type\":\"Article\",\"@id\":\"https:\\\/\\\/www.altominho.tv\\\/site\\\/2024\\\/06\\\/13\\\/valenca-com-cerca-de-4-milhoes-para-investir-na-habitacao\\\/#article\",\"isPartOf\":{\"@id\":\"https:\\\/\\\/www.altominho.tv\\\/site\\\/2024\\\/06\\\/13\\\/valenca-com-cerca-de-4-milhoes-para-investir-na-habitacao\\\/\"},\"author\":{\"name\":\"Altominho.tv\",\"@id\":\"https:\\\/\\\/www.altominho.tv\\\/site\\\/#\\\/schema\\\/person\\\/4e536851627d7914baf3dac752b6af22\"},\"headline\":\"Valen\u00e7a\u00a0com cerca de 4 Milh\u00f5es para investir na habita\u00e7\u00e3o\",\"datePublished\":\"2024-06-13T09:12:30+00:00\",\"dateModified\":\"2024-06-13T09:25:08+00:00\",\"mainEntityOfPage\":{\"@id\":\"https:\\\/\\\/www.altominho.tv\\\/site\\\/2024\\\/06\\\/13\\\/valenca-com-cerca-de-4-milhoes-para-investir-na-habitacao\\\/\"},\"wordCount\":267,\"image\":{\"@id\":\"https:\\\/\\\/www.altominho.tv\\\/site\\\/2024\\\/06\\\/13\\\/valenca-com-cerca-de-4-milhoes-para-investir-na-habitacao\\\/#primaryimage\"},\"thumbnailUrl\":\"https:\\\/\\\/www.altominho.tv\\\/site\\\/wp-content\\\/uploads\\\/2023\\\/03\\\/Camara-Valenca-e1718270702483.jpeg\",\"keywords\":[\"Pol\u00edtica\"],\"articleSection\":[\"Valen\u00e7a\"],\"inLanguage\":\"pt-PT\",\"copyrightYear\":\"2024\",\"copyrightHolder\":{\"@id\":\"https:\\\/\\\/www.altominho.tv\\\/site\\\/#organization\"}},{\"@type\":\"WebPage\",\"@id\":\"https:\\\/\\\/www.altominho.tv\\\/site\\\/2024\\\/06\\\/13\\\/valenca-com-cerca-de-4-milhoes-para-investir-na-habitacao\\\/\",\"url\":\"https:\\\/\\\/www.altominho.tv\\\/site\\\/2024\\\/06\\\/13\\\/valenca-com-cerca-de-4-milhoes-para-investir-na-habitacao\\\/\",\"name\":\"Valen\u00e7a\u00a0com cerca de 4 Milh\u00f5es para investir na habita\u00e7\u00e3o\",\"isPartOf\":{\"@id\":\"https:\\\/\\\/www.altominho.tv\\\/site\\\/#website\"},\"primaryImageOfPage\":{\"@id\":\"https:\\\/\\\/www.altominho.tv\\\/site\\\/2024\\\/06\\\/13\\\/valenca-com-cerca-de-4-milhoes-para-investir-na-habitacao\\\/#primaryimage\"},\"image\":{\"@id\":\"https:\\\/\\\/www.altominho.tv\\\/site\\\/2024\\\/06\\\/13\\\/valenca-com-cerca-de-4-milhoes-para-investir-na-habitacao\\\/#primaryimage\"},\"thumbnailUrl\":\"https:\\\/\\\/www.altominho.tv\\\/site\\\/wp-content\\\/uploads\\\/2023\\\/03\\\/Camara-Valenca-e1718270702483.jpeg\",\"datePublished\":\"2024-06-13T09:12:30+00:00\",\"dateModified\":\"2024-06-13T09:25:08+00:00\",\"author\":{\"@id\":\"https:\\\/\\\/www.altominho.tv\\\/site\\\/#\\\/schema\\\/person\\\/4e536851627d7914baf3dac752b6af22\"},\"description\":\"A C\u00e2mara Municipal de Valen\u00e7a assinou ontem o protocolo \u201cConstruir Portugal: Nova Estrat\u00e9gia para a Habita\u00e7\u00e3o\u201d, no valor de 3,8 milh\u00f5es de euros, para investir na habita\u00e7\u00e3o.\",\"breadcrumb\":{\"@id\":\"https:\\\/\\\/www.altominho.tv\\\/site\\\/2024\\\/06\\\/13\\\/valenca-com-cerca-de-4-milhoes-para-investir-na-habitacao\\\/#breadcrumb\"},\"inLanguage\":\"pt-PT\",\"potentialAction\":[{\"@type\":\"ReadAction\",\"target\":[\"https:\\\/\\\/www.altominho.tv\\\/site\\\/2024\\\/06\\\/13\\\/valenca-com-cerca-de-4-milhoes-para-investir-na-habitacao\\\/\"]}]},{\"@type\":\"ImageObject\",\"inLanguage\":\"pt-PT\",\"@id\":\"https:\\\/\\\/www.altominho.tv\\\/site\\\/2024\\\/06\\\/13\\\/valenca-com-cerca-de-4-milhoes-para-investir-na-habitacao\\\/#primaryimage\",\"url\":\"https:\\\/\\\/www.altominho.tv\\\/site\\\/wp-content\\\/uploads\\\/2023\\\/03\\\/Camara-Valenca-e1718270702483.jpeg\",\"contentUrl\":\"https:\\\/\\\/www.altominho.tv\\\/site\\\/wp-content\\\/uploads\\\/2023\\\/03\\\/Camara-Valenca-e1718270702483.jpeg\",\"width\":739,\"height\":416},{\"@type\":\"BreadcrumbList\",\"@id\":\"https:\\\/\\\/www.altominho.tv\\\/site\\\/2024\\\/06\\\/13\\\/valenca-com-cerca-de-4-milhoes-para-investir-na-habitacao\\\/#breadcrumb\",\"itemListElement\":[{\"@type\":\"ListItem\",\"position\":1,\"name\":\"In\u00edcio\",\"item\":\"https:\\\/\\\/www.altominho.tv\\\/site\\\/\"},{\"@type\":\"ListItem\",\"position\":2,\"name\":\"Valen\u00e7a\u00a0com cerca de 4 Milh\u00f5es para investir na habita\u00e7\u00e3o\"}]},{\"@type\":\"WebSite\",\"@id\":\"https:\\\/\\\/www.altominho.tv\\\/site\\\/#website\",\"url\":\"https:\\\/\\\/www.altominho.tv\\\/site\\\/\",\"name\":\"Altominho.tv\",\"description\":\"A sua regi\u00e3o \u00e0 dist\u00e2ncia de um clique...\",\"potentialAction\":[{\"@type\":\"SearchAction\",\"target\":{\"@type\":\"EntryPoint\",\"urlTemplate\":\"https:\\\/\\\/www.altominho.tv\\\/site\\\/?s={search_term_string}\"},\"query-input\":{\"@type\":\"PropertyValueSpecification\",\"valueRequired\":true,\"valueName\":\"search_term_string\"}}],\"inLanguage\":\"pt-PT\"},{\"@type\":\"Person\",\"@id\":\"https:\\\/\\\/www.altominho.tv\\\/site\\\/#\\\/schema\\\/person\\\/4e536851627d7914baf3dac752b6af22\",\"name\":\"Altominho.tv\",\"image\":{\"@type\":\"ImageObject\",\"inLanguage\":\"pt-PT\",\"@id\":\"https:\\\/\\\/www.altominho.tv\\\/site\\\/wp-content\\\/uploads\\\/2019\\\/11\\\/Logo_Avatar_2-150x150.jpg\",\"url\":\"https:\\\/\\\/www.altominho.tv\\\/site\\\/wp-content\\\/uploads\\\/2019\\\/11\\\/Logo_Avatar_2-150x150.jpg\",\"contentUrl\":\"https:\\\/\\\/www.altominho.tv\\\/site\\\/wp-content\\\/uploads\\\/2019\\\/11\\\/Logo_Avatar_2-150x150.jpg\",\"caption\":\"Altominho.tv\"},\"url\":\"https:\\\/\\\/www.altominho.tv\\\/site\\\/author\\\/altominhotv-tecnico\\\/\"}]}<\/script>\n<!-- \/ Yoast SEO Premium plugin. -->","yoast_head_json":{"title":"Valen\u00e7a\u00a0com cerca de 4 Milh\u00f5es para investir na habita\u00e7\u00e3o","description":"A C\u00e2mara Municipal de Valen\u00e7a assinou ontem o protocolo \u201cConstruir Portugal: Nova Estrat\u00e9gia para a Habita\u00e7\u00e3o\u201d, no valor de 3,8 milh\u00f5es de euros, para investir na habita\u00e7\u00e3o.","robots":{"index":"index","follow":"follow","max-snippet":"max-snippet:-1","max-image-preview":"max-image-preview:large","max-video-preview":"max-video-preview:-1"},"canonical":"https:\/\/www.altominho.tv\/site\/2024\/06\/13\/valenca-com-cerca-de-4-milhoes-para-investir-na-habitacao\/","og_locale":"pt_PT","og_type":"article","og_title":"Valen\u00e7a\u00a0com cerca de 4 Milh\u00f5es para investir na habita\u00e7\u00e3o","og_description":"A C\u00e2mara Municipal de Valen\u00e7a assinou ontem o protocolo \u201cConstruir Portugal: Nova Estrat\u00e9gia para a Habita\u00e7\u00e3o\u201d, no valor de 3,8 milh\u00f5es de euros, para investir na habita\u00e7\u00e3o.","og_url":"https:\/\/www.altominho.tv\/site\/2024\/06\/13\/valenca-com-cerca-de-4-milhoes-para-investir-na-habitacao\/","og_site_name":"Altominho.tv","article_publisher":"https:\/\/www.facebook.com\/altominhotv","article_published_time":"2024-06-13T09:12:30+00:00","article_modified_time":"2024-06-13T09:25:08+00:00","og_image":[{"width":739,"height":416,"url":"https:\/\/www.altominho.tv\/site\/wp-content\/uploads\/2023\/03\/Camara-Valenca-e1718270702483.jpeg","type":"image\/jpeg"}],"author":"Altominho.tv","twitter_card":"summary_large_image","twitter_creator":"@altominhoTV","twitter_site":"@altominhoTV","twitter_misc":{"Escrito por":"Altominho.tv","Tempo estimado de leitura":"2 minutos"},"schema":{"@context":"https:\/\/schema.org","@graph":[{"@type":"Article","@id":"https:\/\/www.altominho.tv\/site\/2024\/06\/13\/valenca-com-cerca-de-4-milhoes-para-investir-na-habitacao\/#article","isPartOf":{"@id":"https:\/\/www.altominho.tv\/site\/2024\/06\/13\/valenca-com-cerca-de-4-milhoes-para-investir-na-habitacao\/"},"author":{"name":"Altominho.tv","@id":"https:\/\/www.altominho.tv\/site\/#\/schema\/person\/4e536851627d7914baf3dac752b6af22"},"headline":"Valen\u00e7a\u00a0com cerca de 4 Milh\u00f5es para investir na habita\u00e7\u00e3o","datePublished":"2024-06-13T09:12:30+00:00","dateModified":"2024-06-13T09:25:08+00:00","mainEntityOfPage":{"@id":"https:\/\/www.altominho.tv\/site\/2024\/06\/13\/valenca-com-cerca-de-4-milhoes-para-investir-na-habitacao\/"},"wordCount":267,"image":{"@id":"https:\/\/www.altominho.tv\/site\/2024\/06\/13\/valenca-com-cerca-de-4-milhoes-para-investir-na-habitacao\/#primaryimage"},"thumbnailUrl":"https:\/\/www.altominho.tv\/site\/wp-content\/uploads\/2023\/03\/Camara-Valenca-e1718270702483.jpeg","keywords":["Pol\u00edtica"],"articleSection":["Valen\u00e7a"],"inLanguage":"pt-PT","copyrightYear":"2024","copyrightHolder":{"@id":"https:\/\/www.altominho.tv\/site\/#organization"}},{"@type":"WebPage","@id":"https:\/\/www.altominho.tv\/site\/2024\/06\/13\/valenca-com-cerca-de-4-milhoes-para-investir-na-habitacao\/","url":"https:\/\/www.altominho.tv\/site\/2024\/06\/13\/valenca-com-cerca-de-4-milhoes-para-investir-na-habitacao\/","name":"Valen\u00e7a\u00a0com cerca de 4 Milh\u00f5es para investir na habita\u00e7\u00e3o","isPartOf":{"@id":"https:\/\/www.altominho.tv\/site\/#website"},"primaryImageOfPage":{"@id":"https:\/\/www.altominho.tv\/site\/2024\/06\/13\/valenca-com-cerca-de-4-milhoes-para-investir-na-habitacao\/#primaryimage"},"image":{"@id":"https:\/\/www.altominho.tv\/site\/2024\/06\/13\/valenca-com-cerca-de-4-milhoes-para-investir-na-habitacao\/#primaryimage"},"thumbnailUrl":"https:\/\/www.altominho.tv\/site\/wp-content\/uploads\/2023\/03\/Camara-Valenca-e1718270702483.jpeg","datePublished":"2024-06-13T09:12:30+00:00","dateModified":"2024-06-13T09:25:08+00:00","author":{"@id":"https:\/\/www.altominho.tv\/site\/#\/schema\/person\/4e536851627d7914baf3dac752b6af22"},"description":"A C\u00e2mara Municipal de Valen\u00e7a assinou ontem o protocolo \u201cConstruir Portugal: Nova Estrat\u00e9gia para a Habita\u00e7\u00e3o\u201d, no valor de 3,8 milh\u00f5es de euros, para investir na habita\u00e7\u00e3o.","breadcrumb":{"@id":"https:\/\/www.altominho.tv\/site\/2024\/06\/13\/valenca-com-cerca-de-4-milhoes-para-investir-na-habitacao\/#breadcrumb"},"inLanguage":"pt-PT","potentialAction":[{"@type":"ReadAction","target":["https:\/\/www.altominho.tv\/site\/2024\/06\/13\/valenca-com-cerca-de-4-milhoes-para-investir-na-habitacao\/"]}]},{"@type":"ImageObject","inLanguage":"pt-PT","@id":"https:\/\/www.altominho.tv\/site\/2024\/06\/13\/valenca-com-cerca-de-4-milhoes-para-investir-na-habitacao\/#primaryimage","url":"https:\/\/www.altominho.tv\/site\/wp-content\/uploads\/2023\/03\/Camara-Valenca-e1718270702483.jpeg","contentUrl":"https:\/\/www.altominho.tv\/site\/wp-content\/uploads\/2023\/03\/Camara-Valenca-e1718270702483.jpeg","width":739,"height":416},{"@type":"BreadcrumbList","@id":"https:\/\/www.altominho.tv\/site\/2024\/06\/13\/valenca-com-cerca-de-4-milhoes-para-investir-na-habitacao\/#breadcrumb","itemListElement":[{"@type":"ListItem","position":1,"name":"In\u00edcio","item":"https:\/\/www.altominho.tv\/site\/"},{"@type":"ListItem","position":2,"name":"Valen\u00e7a\u00a0com cerca de 4 Milh\u00f5es para investir na habita\u00e7\u00e3o"}]},{"@type":"WebSite","@id":"https:\/\/www.altominho.tv\/site\/#website","url":"https:\/\/www.altominho.tv\/site\/","name":"Altominho.tv","description":"A sua regi\u00e3o \u00e0 dist\u00e2ncia de um clique...","potentialAction":[{"@type":"SearchAction","target":{"@type":"EntryPoint","urlTemplate":"https:\/\/www.altominho.tv\/site\/?s={search_term_string}"},"query-input":{"@type":"PropertyValueSpecification","valueRequired":true,"valueName":"search_term_string"}}],"inLanguage":"pt-PT"},{"@type":"Person","@id":"https:\/\/www.altominho.tv\/site\/#\/schema\/person\/4e536851627d7914baf3dac752b6af22","name":"Altominho.tv","image":{"@type":"ImageObject","inLanguage":"pt-PT","@id":"https:\/\/www.altominho.tv\/site\/wp-content\/uploads\/2019\/11\/Logo_Avatar_2-150x150.jpg","url":"https:\/\/www.altominho.tv\/site\/wp-content\/uploads\/2019\/11\/Logo_Avatar_2-150x150.jpg","contentUrl":"https:\/\/www.altominho.tv\/site\/wp-content\/uploads\/2019\/11\/Logo_Avatar_2-150x150.jpg","caption":"Altominho.tv"},"url":"https:\/\/www.altominho.tv\/site\/author\/altominhotv-tecnico\/"}]}},"_links":{"self":[{"href":"https:\/\/www.altominho.tv\/site\/wp-json\/wp\/v2\/posts\/107946","targetHints":{"allow":["GET"]}}],"collection":[{"href":"https:\/\/www.altominho.tv\/site\/wp-json\/wp\/v2\/posts"}],"about":[{"href":"https:\/\/www.altominho.tv\/site\/wp-json\/wp\/v2\/types\/post"}],"author":[{"embeddable":true,"href":"https:\/\/www.altominho.tv\/site\/wp-json\/wp\/v2\/users\/1"}],"replies":[{"embeddable":true,"href":"https:\/\/www.altominho.tv\/site\/wp-json\/wp\/v2\/comments?post=107946"}],"version-history":[{"count":1,"href":"https:\/\/www.altominho.tv\/site\/wp-json\/wp\/v2\/posts\/107946\/revisions"}],"predecessor-version":[{"id":107947,"href":"https:\/\/www.altominho.tv\/site\/wp-json\/wp\/v2\/posts\/107946\/revisions\/107947"}],"wp:featuredmedia":[{"embeddable":true,"href":"https:\/\/www.altominho.tv\/site\/wp-json\/wp\/v2\/media\/90220"}],"wp:attachment":[{"href":"https:\/\/www.altominho.tv\/site\/wp-json\/wp\/v2\/media?parent=107946"}],"wp:term":[{"taxonomy":"category","embeddable":true,"href":"https:\/\/www.altominho.tv\/site\/wp-json\/wp\/v2\/categories?post=107946"},{"taxonomy":"post_tag","embeddable":true,"href":"https:\/\/www.altominho.tv\/site\/wp-json\/wp\/v2\/tags?post=107946"}],"curies":[{"name":"wp","href":"https:\/\/api.w.org\/{rel}","templated":true}]}}