{"id":107945,"date":"2024-06-13T10:17:28","date_gmt":"2024-06-13T09:17:28","guid":{"rendered":"https:\/\/www.altominho.tv\/site\/?p=107945"},"modified":"2024-06-13T10:17:31","modified_gmt":"2024-06-13T09:17:31","slug":"viana-do-castelo-orquestra-musica-cultura","status":"publish","type":"post","link":"https:\/\/www.altominho.tv\/site\/2024\/06\/13\/viana-do-castelo-orquestra-musica-cultura\/","title":{"rendered":"Orquestra de sopros apresenta \u00faltimo concerto do ano letivo de escola art\u00edstica"},"content":{"rendered":"\n<p>A orquestra de sopros da Escola Profissional Art\u00edstica do Alto Minho (ARTEAM) vai apresentar, na pr\u00f3xima segunda-feira, \u00e0s 18h30, no teatro municipal S\u00e1 de Miranda, em Viana do Castelo, o \u00faltimo concerto do ano letivo.<\/p>\n\n\n\n<p>Em comunicado enviado \u00e0s reda\u00e7\u00f5es, a ARTEAM adianta que o concerto ter\u00e1 dire\u00e7\u00e3o do maestro Diogo Costa.<\/p>\n\n\n\n<p>Os bilhetes est\u00e3o dispon\u00edveis na bilheteira do teatro municipal S\u00e1 de Miranda.<\/p>\n","protected":false},"excerpt":{"rendered":"<p>A orquestra de sopros da Escola Profissional Art\u00edstica do Alto Minho (ARTEAM) vai apresentar, na pr\u00f3xima segunda-feira, \u00e0s 18h30, no teatro municipal S\u00e1 de Miranda, em Viana do Castelo, o \u00faltimo concerto do ano letivo. Em comunicado enviado \u00e0s reda\u00e7\u00f5es, a ARTEAM adianta que o concerto ter\u00e1 dire\u00e7\u00e3o do maestro Diogo Costa. Os bilhetes est\u00e3o [&hellip;]<\/p>\n","protected":false},"author":16,"featured_media":107948,"comment_status":"closed","ping_status":"closed","sticky":false,"template":"","format":"standard","meta":{"_exactmetrics_skip_tracking":false,"_exactmetrics_sitenote_active":false,"_exactmetrics_sitenote_note":"","_exactmetrics_sitenote_category":0,"footnotes":""},"categories":[14],"tags":[19],"class_list":["post-107945","post","type-post","status-publish","format-standard","has-post-thumbnail","hentry","category-viana-do-castelo","tag-cultura"],"yoast_head":"<!-- This site is optimized with the Yoast SEO Premium plugin v27.4 (Yoast SEO v27.4) - https:\/\/yoast.com\/product\/yoast-seo-premium-wordpress\/ -->\n<title>Orquestra de sopros apresenta \u00faltimo concerto do ano letivo de escola art\u00edstica<\/title>\n<meta name=\"description\" content=\"A orquestra de sopros vai apresentar o \u00faltimo concerto do ano letivo da escola art\u00edstica.\" \/>\n<meta name=\"robots\" content=\"index, follow, max-snippet:-1, max-image-preview:large, max-video-preview:-1\" \/>\n<link rel=\"canonical\" href=\"https:\/\/www.altominho.tv\/site\/2024\/06\/13\/viana-do-castelo-orquestra-musica-cultura\/\" \/>\n<meta property=\"og:locale\" content=\"pt_PT\" \/>\n<meta property=\"og:type\" content=\"article\" \/>\n<meta property=\"og:title\" content=\"Orquestra de sopros apresenta \u00faltimo concerto do ano letivo de escola art\u00edstica\" \/>\n<meta property=\"og:description\" content=\"A orquestra de sopros vai apresentar o \u00faltimo concerto do ano letivo da escola art\u00edstica.\" \/>\n<meta property=\"og:url\" content=\"https:\/\/www.altominho.tv\/site\/2024\/06\/13\/viana-do-castelo-orquestra-musica-cultura\/\" \/>\n<meta property=\"og:site_name\" content=\"Altominho.tv\" \/>\n<meta property=\"article:publisher\" content=\"https:\/\/www.facebook.com\/altominhotv\" \/>\n<meta property=\"article:published_time\" content=\"2024-06-13T09:17:28+00:00\" \/>\n<meta property=\"article:modified_time\" content=\"2024-06-13T09:17:31+00:00\" \/>\n<meta property=\"og:image\" content=\"https:\/\/www.altominho.tv\/site\/wp-content\/uploads\/2024\/06\/CONCERTO-arteam-scaled-1.jpg\" \/>\n\t<meta property=\"og:image:width\" content=\"2560\" \/>\n\t<meta property=\"og:image:height\" content=\"1279\" \/>\n\t<meta property=\"og:image:type\" content=\"image\/jpeg\" \/>\n<meta name=\"author\" content=\"Andreia Cunha | Lusa\" \/>\n<meta name=\"twitter:card\" content=\"summary_large_image\" \/>\n<meta name=\"twitter:creator\" content=\"@altominhoTV\" \/>\n<meta name=\"twitter:site\" content=\"@altominhoTV\" \/>\n<meta name=\"twitter:label1\" content=\"Escrito por\" \/>\n\t<meta name=\"twitter:data1\" content=\"Andreia Cunha | Lusa\" \/>\n\t<meta name=\"twitter:label2\" content=\"Tempo estimado de leitura\" \/>\n\t<meta name=\"twitter:data2\" content=\"1 minuto\" \/>\n<script type=\"application\/ld+json\" class=\"yoast-schema-graph\">{\"@context\":\"https:\\\/\\\/schema.org\",\"@graph\":[{\"@type\":\"Article\",\"@id\":\"https:\\\/\\\/www.altominho.tv\\\/site\\\/2024\\\/06\\\/13\\\/viana-do-castelo-orquestra-musica-cultura\\\/#article\",\"isPartOf\":{\"@id\":\"https:\\\/\\\/www.altominho.tv\\\/site\\\/2024\\\/06\\\/13\\\/viana-do-castelo-orquestra-musica-cultura\\\/\"},\"author\":{\"name\":\"Andreia Cunha | Lusa\",\"@id\":\"https:\\\/\\\/www.altominho.tv\\\/site\\\/#\\\/schema\\\/person\\\/dbaf181c01b51ff40c9f461a905d321e\"},\"headline\":\"Orquestra de sopros apresenta \u00faltimo concerto do ano letivo de escola art\u00edstica\",\"datePublished\":\"2024-06-13T09:17:28+00:00\",\"dateModified\":\"2024-06-13T09:17:31+00:00\",\"mainEntityOfPage\":{\"@id\":\"https:\\\/\\\/www.altominho.tv\\\/site\\\/2024\\\/06\\\/13\\\/viana-do-castelo-orquestra-musica-cultura\\\/\"},\"wordCount\":83,\"image\":{\"@id\":\"https:\\\/\\\/www.altominho.tv\\\/site\\\/2024\\\/06\\\/13\\\/viana-do-castelo-orquestra-musica-cultura\\\/#primaryimage\"},\"thumbnailUrl\":\"https:\\\/\\\/www.altominho.tv\\\/site\\\/wp-content\\\/uploads\\\/2024\\\/06\\\/CONCERTO-arteam-scaled-1.jpg\",\"keywords\":[\"Cultura\"],\"articleSection\":[\"Viana do Castelo\"],\"inLanguage\":\"pt-PT\",\"copyrightYear\":\"2024\",\"copyrightHolder\":{\"@id\":\"https:\\\/\\\/www.altominho.tv\\\/site\\\/#organization\"}},{\"@type\":\"WebPage\",\"@id\":\"https:\\\/\\\/www.altominho.tv\\\/site\\\/2024\\\/06\\\/13\\\/viana-do-castelo-orquestra-musica-cultura\\\/\",\"url\":\"https:\\\/\\\/www.altominho.tv\\\/site\\\/2024\\\/06\\\/13\\\/viana-do-castelo-orquestra-musica-cultura\\\/\",\"name\":\"Orquestra de sopros apresenta \u00faltimo concerto do ano letivo de escola art\u00edstica\",\"isPartOf\":{\"@id\":\"https:\\\/\\\/www.altominho.tv\\\/site\\\/#website\"},\"primaryImageOfPage\":{\"@id\":\"https:\\\/\\\/www.altominho.tv\\\/site\\\/2024\\\/06\\\/13\\\/viana-do-castelo-orquestra-musica-cultura\\\/#primaryimage\"},\"image\":{\"@id\":\"https:\\\/\\\/www.altominho.tv\\\/site\\\/2024\\\/06\\\/13\\\/viana-do-castelo-orquestra-musica-cultura\\\/#primaryimage\"},\"thumbnailUrl\":\"https:\\\/\\\/www.altominho.tv\\\/site\\\/wp-content\\\/uploads\\\/2024\\\/06\\\/CONCERTO-arteam-scaled-1.jpg\",\"datePublished\":\"2024-06-13T09:17:28+00:00\",\"dateModified\":\"2024-06-13T09:17:31+00:00\",\"author\":{\"@id\":\"https:\\\/\\\/www.altominho.tv\\\/site\\\/#\\\/schema\\\/person\\\/dbaf181c01b51ff40c9f461a905d321e\"},\"description\":\"A orquestra de sopros vai apresentar o \u00faltimo concerto do ano letivo da escola art\u00edstica.\",\"breadcrumb\":{\"@id\":\"https:\\\/\\\/www.altominho.tv\\\/site\\\/2024\\\/06\\\/13\\\/viana-do-castelo-orquestra-musica-cultura\\\/#breadcrumb\"},\"inLanguage\":\"pt-PT\",\"potentialAction\":[{\"@type\":\"ReadAction\",\"target\":[\"https:\\\/\\\/www.altominho.tv\\\/site\\\/2024\\\/06\\\/13\\\/viana-do-castelo-orquestra-musica-cultura\\\/\"]}]},{\"@type\":\"ImageObject\",\"inLanguage\":\"pt-PT\",\"@id\":\"https:\\\/\\\/www.altominho.tv\\\/site\\\/2024\\\/06\\\/13\\\/viana-do-castelo-orquestra-musica-cultura\\\/#primaryimage\",\"url\":\"https:\\\/\\\/www.altominho.tv\\\/site\\\/wp-content\\\/uploads\\\/2024\\\/06\\\/CONCERTO-arteam-scaled-1.jpg\",\"contentUrl\":\"https:\\\/\\\/www.altominho.tv\\\/site\\\/wp-content\\\/uploads\\\/2024\\\/06\\\/CONCERTO-arteam-scaled-1.jpg\",\"width\":2560,\"height\":1279},{\"@type\":\"BreadcrumbList\",\"@id\":\"https:\\\/\\\/www.altominho.tv\\\/site\\\/2024\\\/06\\\/13\\\/viana-do-castelo-orquestra-musica-cultura\\\/#breadcrumb\",\"itemListElement\":[{\"@type\":\"ListItem\",\"position\":1,\"name\":\"In\u00edcio\",\"item\":\"https:\\\/\\\/www.altominho.tv\\\/site\\\/\"},{\"@type\":\"ListItem\",\"position\":2,\"name\":\"Orquestra de sopros apresenta \u00faltimo concerto do ano letivo de escola art\u00edstica\"}]},{\"@type\":\"WebSite\",\"@id\":\"https:\\\/\\\/www.altominho.tv\\\/site\\\/#website\",\"url\":\"https:\\\/\\\/www.altominho.tv\\\/site\\\/\",\"name\":\"Altominho.tv\",\"description\":\"A sua regi\u00e3o \u00e0 dist\u00e2ncia de um clique...\",\"potentialAction\":[{\"@type\":\"SearchAction\",\"target\":{\"@type\":\"EntryPoint\",\"urlTemplate\":\"https:\\\/\\\/www.altominho.tv\\\/site\\\/?s={search_term_string}\"},\"query-input\":{\"@type\":\"PropertyValueSpecification\",\"valueRequired\":true,\"valueName\":\"search_term_string\"}}],\"inLanguage\":\"pt-PT\"},{\"@type\":\"Person\",\"@id\":\"https:\\\/\\\/www.altominho.tv\\\/site\\\/#\\\/schema\\\/person\\\/dbaf181c01b51ff40c9f461a905d321e\",\"name\":\"Andreia Cunha | Lusa\",\"image\":{\"@type\":\"ImageObject\",\"inLanguage\":\"pt-PT\",\"@id\":\"https:\\\/\\\/www.altominho.tv\\\/site\\\/wp-content\\\/uploads\\\/2017\\\/11\\\/Andreia_Cunha-1-150x150.jpg\",\"url\":\"https:\\\/\\\/www.altominho.tv\\\/site\\\/wp-content\\\/uploads\\\/2017\\\/11\\\/Andreia_Cunha-1-150x150.jpg\",\"contentUrl\":\"https:\\\/\\\/www.altominho.tv\\\/site\\\/wp-content\\\/uploads\\\/2017\\\/11\\\/Andreia_Cunha-1-150x150.jpg\",\"caption\":\"Andreia Cunha | Lusa\"},\"sameAs\":[\"https:\\\/\\\/www.altominho.tv\\\/site\"],\"url\":\"https:\\\/\\\/www.altominho.tv\\\/site\\\/author\\\/andreiacunhalusa\\\/\"}]}<\/script>\n<!-- \/ Yoast SEO Premium plugin. -->","yoast_head_json":{"title":"Orquestra de sopros apresenta \u00faltimo concerto do ano letivo de escola art\u00edstica","description":"A orquestra de sopros vai apresentar o \u00faltimo concerto do ano letivo da escola art\u00edstica.","robots":{"index":"index","follow":"follow","max-snippet":"max-snippet:-1","max-image-preview":"max-image-preview:large","max-video-preview":"max-video-preview:-1"},"canonical":"https:\/\/www.altominho.tv\/site\/2024\/06\/13\/viana-do-castelo-orquestra-musica-cultura\/","og_locale":"pt_PT","og_type":"article","og_title":"Orquestra de sopros apresenta \u00faltimo concerto do ano letivo de escola art\u00edstica","og_description":"A orquestra de sopros vai apresentar o \u00faltimo concerto do ano letivo da escola art\u00edstica.","og_url":"https:\/\/www.altominho.tv\/site\/2024\/06\/13\/viana-do-castelo-orquestra-musica-cultura\/","og_site_name":"Altominho.tv","article_publisher":"https:\/\/www.facebook.com\/altominhotv","article_published_time":"2024-06-13T09:17:28+00:00","article_modified_time":"2024-06-13T09:17:31+00:00","og_image":[{"width":2560,"height":1279,"url":"https:\/\/www.altominho.tv\/site\/wp-content\/uploads\/2024\/06\/CONCERTO-arteam-scaled-1.jpg","type":"image\/jpeg"}],"author":"Andreia Cunha | Lusa","twitter_card":"summary_large_image","twitter_creator":"@altominhoTV","twitter_site":"@altominhoTV","twitter_misc":{"Escrito por":"Andreia Cunha | Lusa","Tempo estimado de leitura":"1 minuto"},"schema":{"@context":"https:\/\/schema.org","@graph":[{"@type":"Article","@id":"https:\/\/www.altominho.tv\/site\/2024\/06\/13\/viana-do-castelo-orquestra-musica-cultura\/#article","isPartOf":{"@id":"https:\/\/www.altominho.tv\/site\/2024\/06\/13\/viana-do-castelo-orquestra-musica-cultura\/"},"author":{"name":"Andreia Cunha | Lusa","@id":"https:\/\/www.altominho.tv\/site\/#\/schema\/person\/dbaf181c01b51ff40c9f461a905d321e"},"headline":"Orquestra de sopros apresenta \u00faltimo concerto do ano letivo de escola art\u00edstica","datePublished":"2024-06-13T09:17:28+00:00","dateModified":"2024-06-13T09:17:31+00:00","mainEntityOfPage":{"@id":"https:\/\/www.altominho.tv\/site\/2024\/06\/13\/viana-do-castelo-orquestra-musica-cultura\/"},"wordCount":83,"image":{"@id":"https:\/\/www.altominho.tv\/site\/2024\/06\/13\/viana-do-castelo-orquestra-musica-cultura\/#primaryimage"},"thumbnailUrl":"https:\/\/www.altominho.tv\/site\/wp-content\/uploads\/2024\/06\/CONCERTO-arteam-scaled-1.jpg","keywords":["Cultura"],"articleSection":["Viana do Castelo"],"inLanguage":"pt-PT","copyrightYear":"2024","copyrightHolder":{"@id":"https:\/\/www.altominho.tv\/site\/#organization"}},{"@type":"WebPage","@id":"https:\/\/www.altominho.tv\/site\/2024\/06\/13\/viana-do-castelo-orquestra-musica-cultura\/","url":"https:\/\/www.altominho.tv\/site\/2024\/06\/13\/viana-do-castelo-orquestra-musica-cultura\/","name":"Orquestra de sopros apresenta \u00faltimo concerto do ano letivo de escola art\u00edstica","isPartOf":{"@id":"https:\/\/www.altominho.tv\/site\/#website"},"primaryImageOfPage":{"@id":"https:\/\/www.altominho.tv\/site\/2024\/06\/13\/viana-do-castelo-orquestra-musica-cultura\/#primaryimage"},"image":{"@id":"https:\/\/www.altominho.tv\/site\/2024\/06\/13\/viana-do-castelo-orquestra-musica-cultura\/#primaryimage"},"thumbnailUrl":"https:\/\/www.altominho.tv\/site\/wp-content\/uploads\/2024\/06\/CONCERTO-arteam-scaled-1.jpg","datePublished":"2024-06-13T09:17:28+00:00","dateModified":"2024-06-13T09:17:31+00:00","author":{"@id":"https:\/\/www.altominho.tv\/site\/#\/schema\/person\/dbaf181c01b51ff40c9f461a905d321e"},"description":"A orquestra de sopros vai apresentar o \u00faltimo concerto do ano letivo da escola art\u00edstica.","breadcrumb":{"@id":"https:\/\/www.altominho.tv\/site\/2024\/06\/13\/viana-do-castelo-orquestra-musica-cultura\/#breadcrumb"},"inLanguage":"pt-PT","potentialAction":[{"@type":"ReadAction","target":["https:\/\/www.altominho.tv\/site\/2024\/06\/13\/viana-do-castelo-orquestra-musica-cultura\/"]}]},{"@type":"ImageObject","inLanguage":"pt-PT","@id":"https:\/\/www.altominho.tv\/site\/2024\/06\/13\/viana-do-castelo-orquestra-musica-cultura\/#primaryimage","url":"https:\/\/www.altominho.tv\/site\/wp-content\/uploads\/2024\/06\/CONCERTO-arteam-scaled-1.jpg","contentUrl":"https:\/\/www.altominho.tv\/site\/wp-content\/uploads\/2024\/06\/CONCERTO-arteam-scaled-1.jpg","width":2560,"height":1279},{"@type":"BreadcrumbList","@id":"https:\/\/www.altominho.tv\/site\/2024\/06\/13\/viana-do-castelo-orquestra-musica-cultura\/#breadcrumb","itemListElement":[{"@type":"ListItem","position":1,"name":"In\u00edcio","item":"https:\/\/www.altominho.tv\/site\/"},{"@type":"ListItem","position":2,"name":"Orquestra de sopros apresenta \u00faltimo concerto do ano letivo de escola art\u00edstica"}]},{"@type":"WebSite","@id":"https:\/\/www.altominho.tv\/site\/#website","url":"https:\/\/www.altominho.tv\/site\/","name":"Altominho.tv","description":"A sua regi\u00e3o \u00e0 dist\u00e2ncia de um clique...","potentialAction":[{"@type":"SearchAction","target":{"@type":"EntryPoint","urlTemplate":"https:\/\/www.altominho.tv\/site\/?s={search_term_string}"},"query-input":{"@type":"PropertyValueSpecification","valueRequired":true,"valueName":"search_term_string"}}],"inLanguage":"pt-PT"},{"@type":"Person","@id":"https:\/\/www.altominho.tv\/site\/#\/schema\/person\/dbaf181c01b51ff40c9f461a905d321e","name":"Andreia Cunha | Lusa","image":{"@type":"ImageObject","inLanguage":"pt-PT","@id":"https:\/\/www.altominho.tv\/site\/wp-content\/uploads\/2017\/11\/Andreia_Cunha-1-150x150.jpg","url":"https:\/\/www.altominho.tv\/site\/wp-content\/uploads\/2017\/11\/Andreia_Cunha-1-150x150.jpg","contentUrl":"https:\/\/www.altominho.tv\/site\/wp-content\/uploads\/2017\/11\/Andreia_Cunha-1-150x150.jpg","caption":"Andreia Cunha | Lusa"},"sameAs":["https:\/\/www.altominho.tv\/site"],"url":"https:\/\/www.altominho.tv\/site\/author\/andreiacunhalusa\/"}]}},"_links":{"self":[{"href":"https:\/\/www.altominho.tv\/site\/wp-json\/wp\/v2\/posts\/107945","targetHints":{"allow":["GET"]}}],"collection":[{"href":"https:\/\/www.altominho.tv\/site\/wp-json\/wp\/v2\/posts"}],"about":[{"href":"https:\/\/www.altominho.tv\/site\/wp-json\/wp\/v2\/types\/post"}],"author":[{"embeddable":true,"href":"https:\/\/www.altominho.tv\/site\/wp-json\/wp\/v2\/users\/16"}],"replies":[{"embeddable":true,"href":"https:\/\/www.altominho.tv\/site\/wp-json\/wp\/v2\/comments?post=107945"}],"version-history":[{"count":1,"href":"https:\/\/www.altominho.tv\/site\/wp-json\/wp\/v2\/posts\/107945\/revisions"}],"predecessor-version":[{"id":107949,"href":"https:\/\/www.altominho.tv\/site\/wp-json\/wp\/v2\/posts\/107945\/revisions\/107949"}],"wp:featuredmedia":[{"embeddable":true,"href":"https:\/\/www.altominho.tv\/site\/wp-json\/wp\/v2\/media\/107948"}],"wp:attachment":[{"href":"https:\/\/www.altominho.tv\/site\/wp-json\/wp\/v2\/media?parent=107945"}],"wp:term":[{"taxonomy":"category","embeddable":true,"href":"https:\/\/www.altominho.tv\/site\/wp-json\/wp\/v2\/categories?post=107945"},{"taxonomy":"post_tag","embeddable":true,"href":"https:\/\/www.altominho.tv\/site\/wp-json\/wp\/v2\/tags?post=107945"}],"curies":[{"name":"wp","href":"https:\/\/api.w.org\/{rel}","templated":true}]}}