{"id":107905,"date":"2024-06-12T11:14:44","date_gmt":"2024-06-12T10:14:44","guid":{"rendered":"https:\/\/www.altominho.tv\/site\/?p=107905"},"modified":"2024-06-12T11:14:48","modified_gmt":"2024-06-12T10:14:48","slug":"valenca-vai-ser-palco-para-exposicao-transfronteirica-de-vinhos","status":"publish","type":"post","link":"https:\/\/www.altominho.tv\/site\/2024\/06\/12\/valenca-vai-ser-palco-para-exposicao-transfronteirica-de-vinhos\/","title":{"rendered":"Valen\u00e7a vai ser palco para exposi\u00e7\u00e3o transfronteiri\u00e7a de vinhos"},"content":{"rendered":"\n<p>Valen\u00e7a vai ser o palco para a exposi\u00e7\u00e3o transfronteiri\u00e7a de vinhos \u201cVinhos do Atl\u00e2ntico \u2013 Exposi\u00e7\u00e3o do Noroeste\u201d,&nbsp;no fim de semana de 14 e 15 de junho, na Coroada \u2013 Fortaleza.<\/p>\n\n\n\n<p>Vinhos conceituados de Valen\u00e7a, de todo o Minho e da Galiza marcam encontro nesta primeira edi\u00e7\u00e3o deste evento que pretende ser diferenciador na mostra, prova, experi\u00eancia e compra de vinhos do Noroeste da Pen\u00ednsula Ib\u00e9rica.  Estar\u00e3o vinhos genu\u00ednos, a sabedoria ancestral, aqueles que representam o terroir, a autenticidade e a diversidade das Rias Baixas e dos Vinhos verdes do Minho. A gastronomia da regi\u00e3o, tamb\u00e9m, marcar\u00e1 presen\u00e7a no evento com uma ampla oferta de paladares com tradi\u00e7\u00e3o e inova\u00e7\u00e3o.<\/p>\n\n\n\n<p>Aos vinhos junta-se uma programa\u00e7\u00e3o cultural rica e diversificada com cartaz musical ecl\u00e9tico sob a \u00e9gide de m\u00fasicas do mundo. Esta mostra v\u00ednica, com vinhos, produtores, en\u00f3logos, cr\u00edticos, revistas da especialidade, proporcionar\u00e1, ainda, uma Gala, na qual ter\u00e1 lugar a apresenta\u00e7\u00e3o das refer\u00eancias v\u00ednicas designadas por um conselho de provadores, como Embaixadores dos Vinhos do Atl\u00e2ntico.<\/p>\n\n\n\n<p>No \u00e2mbito do evento, o Passaporte Vinhos do Atl\u00e2ntico vai proporcionar experi\u00eancias v\u00ednicas seguindo uma visita guiada \u00e0 Fortaleza, com paragens e provas de vinhos em locais refer\u00eancia e emblem\u00e1ticos do centro hist\u00f3rico valenciano. Esta iniciativa decorrer\u00e1 s\u00e1bado, 15 de junho, entre as 16h e as 18h30, com in\u00edcio no Arquivo Municipal. A participa\u00e7\u00e3o \u00e9 gratuita, estando sujeita a inscri\u00e7\u00e3o pr\u00e9via, no formul\u00e1rio online:&nbsp;<a href=\"https:\/\/forms.gle\/9PvoKZnpYd5WBBuXA\" target=\"_blank\" rel=\"noreferrer noopener\">https:\/\/forms.gle\/9PvoKZnpYd5WBBuXA<\/a>.<\/p>\n\n\n\n<p>O evento estar\u00e1 aberto ao p\u00fablico, com entrada gratuita, no fim de semana de 14 e 15 de junho, das 19h \u00e0s 24h<\/p>\n\n\n\n<p>A anima\u00e7\u00e3o musical decorrer\u00e1 entre as 21h15 e as 24h00 com duas bandas por noite, dos g\u00e9neros Blues, Soul, Rythm &amp; Blues e M\u00fasicas dos Mundo.<\/p>\n\n\n\n<p>14 de junho \u2013 sexta feira<\/p>\n\n\n\n<p>21h15 Ana Cris \u2013 PT (M\u00fasicas do Mundo)<\/p>\n\n\n\n<p>22h30 Lene Soul Band \u2013 IT (Soul)<\/p>\n\n\n\n<p>15 de junho \u2013 s\u00e1bado<\/p>\n\n\n\n<p>21h15 Jay Doe &amp; Blues Preachers \u2013 ES (Blues)<\/p>\n\n\n\n<p>22h30 Wax &amp; Boogie \u2013 Rhythm &amp; Blues Projects \u2013 ES (Quarteto R&amp;B)<\/p>\n","protected":false},"excerpt":{"rendered":"<p>Valen\u00e7a vai ser o palco para a exposi\u00e7\u00e3o transfronteiri\u00e7a de vinhos \u201cVinhos do Atl\u00e2ntico \u2013 Exposi\u00e7\u00e3o do Noroeste\u201d,&nbsp;no fim de semana de 14 e 15 de junho, na Coroada \u2013 Fortaleza. Vinhos conceituados de Valen\u00e7a, de todo o Minho e da Galiza marcam encontro nesta primeira edi\u00e7\u00e3o deste evento que pretende ser diferenciador na mostra, [&hellip;]<\/p>\n","protected":false},"author":1,"featured_media":107906,"comment_status":"closed","ping_status":"closed","sticky":false,"template":"","format":"standard","meta":{"_exactmetrics_skip_tracking":false,"_exactmetrics_sitenote_active":false,"_exactmetrics_sitenote_note":"","_exactmetrics_sitenote_category":0,"footnotes":""},"categories":[13],"tags":[19,27],"class_list":["post-107905","post","type-post","status-publish","format-standard","has-post-thumbnail","hentry","category-valenca","tag-cultura","tag-sociedade"],"yoast_head":"<!-- This site is optimized with the Yoast SEO Premium plugin v27.5 (Yoast SEO v27.5) - https:\/\/yoast.com\/product\/yoast-seo-premium-wordpress\/ -->\n<title>Valen\u00e7a vai ser palco para exposi\u00e7\u00e3o transfronteiri\u00e7a de vinhos<\/title>\n<meta name=\"robots\" content=\"index, follow, max-snippet:-1, max-image-preview:large, max-video-preview:-1\" \/>\n<link rel=\"canonical\" href=\"https:\/\/www.altominho.tv\/site\/2024\/06\/12\/valenca-vai-ser-palco-para-exposicao-transfronteirica-de-vinhos\/\" \/>\n<meta property=\"og:locale\" content=\"pt_PT\" \/>\n<meta property=\"og:type\" content=\"article\" \/>\n<meta property=\"og:title\" content=\"Valen\u00e7a vai ser palco para exposi\u00e7\u00e3o transfronteiri\u00e7a de vinhos\" \/>\n<meta property=\"og:description\" content=\"Valen\u00e7a vai ser o palco para a exposi\u00e7\u00e3o transfronteiri\u00e7a de vinhos \u201cVinhos do Atl\u00e2ntico \u2013 Exposi\u00e7\u00e3o do Noroeste\u201d,&nbsp;no fim de semana de 14 e 15 de junho, na Coroada \u2013 Fortaleza. Vinhos conceituados de Valen\u00e7a, de todo o Minho e da Galiza marcam encontro nesta primeira edi\u00e7\u00e3o deste evento que pretende ser diferenciador na mostra, [&hellip;]\" \/>\n<meta property=\"og:url\" content=\"https:\/\/www.altominho.tv\/site\/2024\/06\/12\/valenca-vai-ser-palco-para-exposicao-transfronteirica-de-vinhos\/\" \/>\n<meta property=\"og:site_name\" content=\"Altominho.tv\" \/>\n<meta property=\"article:publisher\" content=\"https:\/\/www.facebook.com\/altominhotv\" \/>\n<meta property=\"article:published_time\" content=\"2024-06-12T10:14:44+00:00\" \/>\n<meta property=\"article:modified_time\" content=\"2024-06-12T10:14:48+00:00\" \/>\n<meta property=\"og:image\" content=\"https:\/\/www.altominho.tv\/site\/wp-content\/uploads\/2024\/06\/Vinhos-valenca-.jpg\" \/>\n\t<meta property=\"og:image:width\" content=\"1920\" \/>\n\t<meta property=\"og:image:height\" content=\"1080\" \/>\n\t<meta property=\"og:image:type\" content=\"image\/jpeg\" \/>\n<meta name=\"author\" content=\"Altominho.tv\" \/>\n<meta name=\"twitter:card\" content=\"summary_large_image\" \/>\n<meta name=\"twitter:creator\" content=\"@altominhoTV\" \/>\n<meta name=\"twitter:site\" content=\"@altominhoTV\" \/>\n<meta name=\"twitter:label1\" content=\"Escrito por\" \/>\n\t<meta name=\"twitter:data1\" content=\"Altominho.tv\" \/>\n\t<meta name=\"twitter:label2\" content=\"Tempo estimado de leitura\" \/>\n\t<meta name=\"twitter:data2\" content=\"2 minutos\" \/>\n<script type=\"application\/ld+json\" class=\"yoast-schema-graph\">{\"@context\":\"https:\\\/\\\/schema.org\",\"@graph\":[{\"@type\":\"Article\",\"@id\":\"https:\\\/\\\/www.altominho.tv\\\/site\\\/2024\\\/06\\\/12\\\/valenca-vai-ser-palco-para-exposicao-transfronteirica-de-vinhos\\\/#article\",\"isPartOf\":{\"@id\":\"https:\\\/\\\/www.altominho.tv\\\/site\\\/2024\\\/06\\\/12\\\/valenca-vai-ser-palco-para-exposicao-transfronteirica-de-vinhos\\\/\"},\"author\":{\"name\":\"Altominho.tv\",\"@id\":\"https:\\\/\\\/www.altominho.tv\\\/site\\\/#\\\/schema\\\/person\\\/4e536851627d7914baf3dac752b6af22\"},\"headline\":\"Valen\u00e7a vai ser palco para exposi\u00e7\u00e3o transfronteiri\u00e7a de vinhos\",\"datePublished\":\"2024-06-12T10:14:44+00:00\",\"dateModified\":\"2024-06-12T10:14:48+00:00\",\"mainEntityOfPage\":{\"@id\":\"https:\\\/\\\/www.altominho.tv\\\/site\\\/2024\\\/06\\\/12\\\/valenca-vai-ser-palco-para-exposicao-transfronteirica-de-vinhos\\\/\"},\"wordCount\":376,\"image\":{\"@id\":\"https:\\\/\\\/www.altominho.tv\\\/site\\\/2024\\\/06\\\/12\\\/valenca-vai-ser-palco-para-exposicao-transfronteirica-de-vinhos\\\/#primaryimage\"},\"thumbnailUrl\":\"https:\\\/\\\/www.altominho.tv\\\/site\\\/wp-content\\\/uploads\\\/2024\\\/06\\\/Vinhos-valenca-.jpg\",\"keywords\":[\"Cultura\",\"Sociedade\"],\"articleSection\":[\"Valen\u00e7a\"],\"inLanguage\":\"pt-PT\",\"copyrightYear\":\"2024\",\"copyrightHolder\":{\"@id\":\"https:\\\/\\\/www.altominho.tv\\\/site\\\/#organization\"}},{\"@type\":\"WebPage\",\"@id\":\"https:\\\/\\\/www.altominho.tv\\\/site\\\/2024\\\/06\\\/12\\\/valenca-vai-ser-palco-para-exposicao-transfronteirica-de-vinhos\\\/\",\"url\":\"https:\\\/\\\/www.altominho.tv\\\/site\\\/2024\\\/06\\\/12\\\/valenca-vai-ser-palco-para-exposicao-transfronteirica-de-vinhos\\\/\",\"name\":\"Valen\u00e7a vai ser palco para exposi\u00e7\u00e3o transfronteiri\u00e7a de vinhos\",\"isPartOf\":{\"@id\":\"https:\\\/\\\/www.altominho.tv\\\/site\\\/#website\"},\"primaryImageOfPage\":{\"@id\":\"https:\\\/\\\/www.altominho.tv\\\/site\\\/2024\\\/06\\\/12\\\/valenca-vai-ser-palco-para-exposicao-transfronteirica-de-vinhos\\\/#primaryimage\"},\"image\":{\"@id\":\"https:\\\/\\\/www.altominho.tv\\\/site\\\/2024\\\/06\\\/12\\\/valenca-vai-ser-palco-para-exposicao-transfronteirica-de-vinhos\\\/#primaryimage\"},\"thumbnailUrl\":\"https:\\\/\\\/www.altominho.tv\\\/site\\\/wp-content\\\/uploads\\\/2024\\\/06\\\/Vinhos-valenca-.jpg\",\"datePublished\":\"2024-06-12T10:14:44+00:00\",\"dateModified\":\"2024-06-12T10:14:48+00:00\",\"author\":{\"@id\":\"https:\\\/\\\/www.altominho.tv\\\/site\\\/#\\\/schema\\\/person\\\/4e536851627d7914baf3dac752b6af22\"},\"breadcrumb\":{\"@id\":\"https:\\\/\\\/www.altominho.tv\\\/site\\\/2024\\\/06\\\/12\\\/valenca-vai-ser-palco-para-exposicao-transfronteirica-de-vinhos\\\/#breadcrumb\"},\"inLanguage\":\"pt-PT\",\"potentialAction\":[{\"@type\":\"ReadAction\",\"target\":[\"https:\\\/\\\/www.altominho.tv\\\/site\\\/2024\\\/06\\\/12\\\/valenca-vai-ser-palco-para-exposicao-transfronteirica-de-vinhos\\\/\"]}]},{\"@type\":\"ImageObject\",\"inLanguage\":\"pt-PT\",\"@id\":\"https:\\\/\\\/www.altominho.tv\\\/site\\\/2024\\\/06\\\/12\\\/valenca-vai-ser-palco-para-exposicao-transfronteirica-de-vinhos\\\/#primaryimage\",\"url\":\"https:\\\/\\\/www.altominho.tv\\\/site\\\/wp-content\\\/uploads\\\/2024\\\/06\\\/Vinhos-valenca-.jpg\",\"contentUrl\":\"https:\\\/\\\/www.altominho.tv\\\/site\\\/wp-content\\\/uploads\\\/2024\\\/06\\\/Vinhos-valenca-.jpg\",\"width\":1920,\"height\":1080},{\"@type\":\"BreadcrumbList\",\"@id\":\"https:\\\/\\\/www.altominho.tv\\\/site\\\/2024\\\/06\\\/12\\\/valenca-vai-ser-palco-para-exposicao-transfronteirica-de-vinhos\\\/#breadcrumb\",\"itemListElement\":[{\"@type\":\"ListItem\",\"position\":1,\"name\":\"In\u00edcio\",\"item\":\"https:\\\/\\\/www.altominho.tv\\\/site\\\/\"},{\"@type\":\"ListItem\",\"position\":2,\"name\":\"Valen\u00e7a vai ser palco para exposi\u00e7\u00e3o transfronteiri\u00e7a de vinhos\"}]},{\"@type\":\"WebSite\",\"@id\":\"https:\\\/\\\/www.altominho.tv\\\/site\\\/#website\",\"url\":\"https:\\\/\\\/www.altominho.tv\\\/site\\\/\",\"name\":\"Altominho.tv\",\"description\":\"A sua regi\u00e3o \u00e0 dist\u00e2ncia de um clique...\",\"potentialAction\":[{\"@type\":\"SearchAction\",\"target\":{\"@type\":\"EntryPoint\",\"urlTemplate\":\"https:\\\/\\\/www.altominho.tv\\\/site\\\/?s={search_term_string}\"},\"query-input\":{\"@type\":\"PropertyValueSpecification\",\"valueRequired\":true,\"valueName\":\"search_term_string\"}}],\"inLanguage\":\"pt-PT\"},{\"@type\":\"Person\",\"@id\":\"https:\\\/\\\/www.altominho.tv\\\/site\\\/#\\\/schema\\\/person\\\/4e536851627d7914baf3dac752b6af22\",\"name\":\"Altominho.tv\",\"image\":{\"@type\":\"ImageObject\",\"inLanguage\":\"pt-PT\",\"@id\":\"https:\\\/\\\/www.altominho.tv\\\/site\\\/wp-content\\\/uploads\\\/2019\\\/11\\\/Logo_Avatar_2-150x150.jpg\",\"url\":\"https:\\\/\\\/www.altominho.tv\\\/site\\\/wp-content\\\/uploads\\\/2019\\\/11\\\/Logo_Avatar_2-150x150.jpg\",\"contentUrl\":\"https:\\\/\\\/www.altominho.tv\\\/site\\\/wp-content\\\/uploads\\\/2019\\\/11\\\/Logo_Avatar_2-150x150.jpg\",\"caption\":\"Altominho.tv\"},\"url\":\"https:\\\/\\\/www.altominho.tv\\\/site\\\/author\\\/altominhotv-tecnico\\\/\"}]}<\/script>\n<!-- \/ Yoast SEO Premium plugin. -->","yoast_head_json":{"title":"Valen\u00e7a vai ser palco para exposi\u00e7\u00e3o transfronteiri\u00e7a de vinhos","robots":{"index":"index","follow":"follow","max-snippet":"max-snippet:-1","max-image-preview":"max-image-preview:large","max-video-preview":"max-video-preview:-1"},"canonical":"https:\/\/www.altominho.tv\/site\/2024\/06\/12\/valenca-vai-ser-palco-para-exposicao-transfronteirica-de-vinhos\/","og_locale":"pt_PT","og_type":"article","og_title":"Valen\u00e7a vai ser palco para exposi\u00e7\u00e3o transfronteiri\u00e7a de vinhos","og_description":"Valen\u00e7a vai ser o palco para a exposi\u00e7\u00e3o transfronteiri\u00e7a de vinhos \u201cVinhos do Atl\u00e2ntico \u2013 Exposi\u00e7\u00e3o do Noroeste\u201d,&nbsp;no fim de semana de 14 e 15 de junho, na Coroada \u2013 Fortaleza. Vinhos conceituados de Valen\u00e7a, de todo o Minho e da Galiza marcam encontro nesta primeira edi\u00e7\u00e3o deste evento que pretende ser diferenciador na mostra, [&hellip;]","og_url":"https:\/\/www.altominho.tv\/site\/2024\/06\/12\/valenca-vai-ser-palco-para-exposicao-transfronteirica-de-vinhos\/","og_site_name":"Altominho.tv","article_publisher":"https:\/\/www.facebook.com\/altominhotv","article_published_time":"2024-06-12T10:14:44+00:00","article_modified_time":"2024-06-12T10:14:48+00:00","og_image":[{"width":1920,"height":1080,"url":"https:\/\/www.altominho.tv\/site\/wp-content\/uploads\/2024\/06\/Vinhos-valenca-.jpg","type":"image\/jpeg"}],"author":"Altominho.tv","twitter_card":"summary_large_image","twitter_creator":"@altominhoTV","twitter_site":"@altominhoTV","twitter_misc":{"Escrito por":"Altominho.tv","Tempo estimado de leitura":"2 minutos"},"schema":{"@context":"https:\/\/schema.org","@graph":[{"@type":"Article","@id":"https:\/\/www.altominho.tv\/site\/2024\/06\/12\/valenca-vai-ser-palco-para-exposicao-transfronteirica-de-vinhos\/#article","isPartOf":{"@id":"https:\/\/www.altominho.tv\/site\/2024\/06\/12\/valenca-vai-ser-palco-para-exposicao-transfronteirica-de-vinhos\/"},"author":{"name":"Altominho.tv","@id":"https:\/\/www.altominho.tv\/site\/#\/schema\/person\/4e536851627d7914baf3dac752b6af22"},"headline":"Valen\u00e7a vai ser palco para exposi\u00e7\u00e3o transfronteiri\u00e7a de vinhos","datePublished":"2024-06-12T10:14:44+00:00","dateModified":"2024-06-12T10:14:48+00:00","mainEntityOfPage":{"@id":"https:\/\/www.altominho.tv\/site\/2024\/06\/12\/valenca-vai-ser-palco-para-exposicao-transfronteirica-de-vinhos\/"},"wordCount":376,"image":{"@id":"https:\/\/www.altominho.tv\/site\/2024\/06\/12\/valenca-vai-ser-palco-para-exposicao-transfronteirica-de-vinhos\/#primaryimage"},"thumbnailUrl":"https:\/\/www.altominho.tv\/site\/wp-content\/uploads\/2024\/06\/Vinhos-valenca-.jpg","keywords":["Cultura","Sociedade"],"articleSection":["Valen\u00e7a"],"inLanguage":"pt-PT","copyrightYear":"2024","copyrightHolder":{"@id":"https:\/\/www.altominho.tv\/site\/#organization"}},{"@type":"WebPage","@id":"https:\/\/www.altominho.tv\/site\/2024\/06\/12\/valenca-vai-ser-palco-para-exposicao-transfronteirica-de-vinhos\/","url":"https:\/\/www.altominho.tv\/site\/2024\/06\/12\/valenca-vai-ser-palco-para-exposicao-transfronteirica-de-vinhos\/","name":"Valen\u00e7a vai ser palco para exposi\u00e7\u00e3o transfronteiri\u00e7a de vinhos","isPartOf":{"@id":"https:\/\/www.altominho.tv\/site\/#website"},"primaryImageOfPage":{"@id":"https:\/\/www.altominho.tv\/site\/2024\/06\/12\/valenca-vai-ser-palco-para-exposicao-transfronteirica-de-vinhos\/#primaryimage"},"image":{"@id":"https:\/\/www.altominho.tv\/site\/2024\/06\/12\/valenca-vai-ser-palco-para-exposicao-transfronteirica-de-vinhos\/#primaryimage"},"thumbnailUrl":"https:\/\/www.altominho.tv\/site\/wp-content\/uploads\/2024\/06\/Vinhos-valenca-.jpg","datePublished":"2024-06-12T10:14:44+00:00","dateModified":"2024-06-12T10:14:48+00:00","author":{"@id":"https:\/\/www.altominho.tv\/site\/#\/schema\/person\/4e536851627d7914baf3dac752b6af22"},"breadcrumb":{"@id":"https:\/\/www.altominho.tv\/site\/2024\/06\/12\/valenca-vai-ser-palco-para-exposicao-transfronteirica-de-vinhos\/#breadcrumb"},"inLanguage":"pt-PT","potentialAction":[{"@type":"ReadAction","target":["https:\/\/www.altominho.tv\/site\/2024\/06\/12\/valenca-vai-ser-palco-para-exposicao-transfronteirica-de-vinhos\/"]}]},{"@type":"ImageObject","inLanguage":"pt-PT","@id":"https:\/\/www.altominho.tv\/site\/2024\/06\/12\/valenca-vai-ser-palco-para-exposicao-transfronteirica-de-vinhos\/#primaryimage","url":"https:\/\/www.altominho.tv\/site\/wp-content\/uploads\/2024\/06\/Vinhos-valenca-.jpg","contentUrl":"https:\/\/www.altominho.tv\/site\/wp-content\/uploads\/2024\/06\/Vinhos-valenca-.jpg","width":1920,"height":1080},{"@type":"BreadcrumbList","@id":"https:\/\/www.altominho.tv\/site\/2024\/06\/12\/valenca-vai-ser-palco-para-exposicao-transfronteirica-de-vinhos\/#breadcrumb","itemListElement":[{"@type":"ListItem","position":1,"name":"In\u00edcio","item":"https:\/\/www.altominho.tv\/site\/"},{"@type":"ListItem","position":2,"name":"Valen\u00e7a vai ser palco para exposi\u00e7\u00e3o transfronteiri\u00e7a de vinhos"}]},{"@type":"WebSite","@id":"https:\/\/www.altominho.tv\/site\/#website","url":"https:\/\/www.altominho.tv\/site\/","name":"Altominho.tv","description":"A sua regi\u00e3o \u00e0 dist\u00e2ncia de um clique...","potentialAction":[{"@type":"SearchAction","target":{"@type":"EntryPoint","urlTemplate":"https:\/\/www.altominho.tv\/site\/?s={search_term_string}"},"query-input":{"@type":"PropertyValueSpecification","valueRequired":true,"valueName":"search_term_string"}}],"inLanguage":"pt-PT"},{"@type":"Person","@id":"https:\/\/www.altominho.tv\/site\/#\/schema\/person\/4e536851627d7914baf3dac752b6af22","name":"Altominho.tv","image":{"@type":"ImageObject","inLanguage":"pt-PT","@id":"https:\/\/www.altominho.tv\/site\/wp-content\/uploads\/2019\/11\/Logo_Avatar_2-150x150.jpg","url":"https:\/\/www.altominho.tv\/site\/wp-content\/uploads\/2019\/11\/Logo_Avatar_2-150x150.jpg","contentUrl":"https:\/\/www.altominho.tv\/site\/wp-content\/uploads\/2019\/11\/Logo_Avatar_2-150x150.jpg","caption":"Altominho.tv"},"url":"https:\/\/www.altominho.tv\/site\/author\/altominhotv-tecnico\/"}]}},"_links":{"self":[{"href":"https:\/\/www.altominho.tv\/site\/wp-json\/wp\/v2\/posts\/107905","targetHints":{"allow":["GET"]}}],"collection":[{"href":"https:\/\/www.altominho.tv\/site\/wp-json\/wp\/v2\/posts"}],"about":[{"href":"https:\/\/www.altominho.tv\/site\/wp-json\/wp\/v2\/types\/post"}],"author":[{"embeddable":true,"href":"https:\/\/www.altominho.tv\/site\/wp-json\/wp\/v2\/users\/1"}],"replies":[{"embeddable":true,"href":"https:\/\/www.altominho.tv\/site\/wp-json\/wp\/v2\/comments?post=107905"}],"version-history":[{"count":1,"href":"https:\/\/www.altominho.tv\/site\/wp-json\/wp\/v2\/posts\/107905\/revisions"}],"predecessor-version":[{"id":107907,"href":"https:\/\/www.altominho.tv\/site\/wp-json\/wp\/v2\/posts\/107905\/revisions\/107907"}],"wp:featuredmedia":[{"embeddable":true,"href":"https:\/\/www.altominho.tv\/site\/wp-json\/wp\/v2\/media\/107906"}],"wp:attachment":[{"href":"https:\/\/www.altominho.tv\/site\/wp-json\/wp\/v2\/media?parent=107905"}],"wp:term":[{"taxonomy":"category","embeddable":true,"href":"https:\/\/www.altominho.tv\/site\/wp-json\/wp\/v2\/categories?post=107905"},{"taxonomy":"post_tag","embeddable":true,"href":"https:\/\/www.altominho.tv\/site\/wp-json\/wp\/v2\/tags?post=107905"}],"curies":[{"name":"wp","href":"https:\/\/api.w.org\/{rel}","templated":true}]}}