{"id":107892,"date":"2024-06-11T16:04:36","date_gmt":"2024-06-11T15:04:36","guid":{"rendered":"https:\/\/www.altominho.tv\/site\/?p=107892"},"modified":"2024-06-11T16:04:39","modified_gmt":"2024-06-11T15:04:39","slug":"rampa-do-monte-do-faro-regressa-a-22-e-23-de-junho","status":"publish","type":"post","link":"https:\/\/www.altominho.tv\/site\/2024\/06\/11\/rampa-do-monte-do-faro-regressa-a-22-e-23-de-junho\/","title":{"rendered":"Rampa do Monte do Faro regressa a 22 e 23 de junho"},"content":{"rendered":"<div class=\"gmail_default\">A Rampa do Monte do Faro Valen\u00e7a regressa este ano, nos dias 22 e 23 de junho, com cinco s\u00e9ries e uma especial noturna.<\/p>\n<p>&#8220;Durante estes dois dias Valen\u00e7a ser\u00e1 a capital dos cl\u00e1ssicos e desportivos. Esta \u00e9 uma oportunidade \u00fanica para ver e ouvir as \u201cm\u00e1quinas\u201d a subir o Monte do Faro. Depois do sucesso das \u00faltimas edi\u00e7\u00f5es, Valen\u00e7a quer consolidar e refor\u00e7ar a import\u00e2ncia deste evento para a cidade, atraindo um n\u00famero de m\u00e1quinas j\u00e1 raras de se ver nas estradas e que se v\u00e3o dividir pelas cinco s\u00e9ries&#8221;, refere a autarquia.<\/p>\n<p>51 anos depois da m\u00edtica prova de 1973 e 58 da primeira edi\u00e7\u00e3o de 1966, Valen\u00e7a aposta nesta emblem\u00e1tica prova em formato revival.<\/p>\n<p>Espera-se, com grande expectativa, o regresso de cl\u00e1ssicos como o Alfa Romeo 2.000 Berlina, o Toyota Celica GT Four, Datsun 240 Z, Citroen AX Gti, o Lancia Delta HF Integrale, o MG B, Lotus Elan, Morgan e tantos outros.<\/p><\/div>\n<div><\/div>\n<div class=\"gmail_default\">A Rampa Monte do Faro n\u00e3o tem car\u00e1cter competitivo, nem ser\u00e1 cronometrada.<\/p>\n<p>O evento \u00e9 uma organiza\u00e7\u00e3o do VMC &#8211; Viana Motor Clube em parceria com a C\u00e2mara Municipal de Valen\u00e7a no \u00e2mbito do calend\u00e1rio anual da Eurocidade Tui.Valen\u00e7a e ter\u00e1, ainda, a colabora\u00e7\u00e3o da Guarda Nacional Republicana, Bombeiros Volunt\u00e1rios de Valen\u00e7a, entre outras entidades e o patroc\u00ednio do meio empresarial local e regional.<\/p><\/div>\n","protected":false},"excerpt":{"rendered":"<p>A Rampa do Monte do Faro Valen\u00e7a regressa este ano, nos dias 22 e 23 de junho, com cinco s\u00e9ries e uma especial noturna. &#8220;Durante estes dois dias Valen\u00e7a ser\u00e1 a capital dos cl\u00e1ssicos e desportivos. Esta \u00e9 uma oportunidade \u00fanica para ver e ouvir as \u201cm\u00e1quinas\u201d a subir o Monte do Faro. Depois do [&hellip;]<\/p>\n","protected":false},"author":1,"featured_media":107893,"comment_status":"closed","ping_status":"closed","sticky":false,"template":"","format":"standard","meta":{"_exactmetrics_skip_tracking":false,"_exactmetrics_sitenote_active":false,"_exactmetrics_sitenote_note":"","_exactmetrics_sitenote_category":0,"footnotes":""},"categories":[13],"tags":[24],"class_list":["post-107892","post","type-post","status-publish","format-standard","has-post-thumbnail","hentry","category-valenca","tag-lazer"],"yoast_head":"<!-- This site is optimized with the Yoast SEO Premium plugin v27.5 (Yoast SEO v27.5) - https:\/\/yoast.com\/product\/yoast-seo-premium-wordpress\/ -->\n<title>Rampa do Monte do Faro regressa a 22 e 23 de junho<\/title>\n<meta name=\"description\" content=\"A Rampa do Monte do Faro Valen\u00e7a regressa este ano, nos dias 22 e 23 de junho, com cinco s\u00e9ries e uma especial noturna.\" \/>\n<meta name=\"robots\" content=\"index, follow, max-snippet:-1, max-image-preview:large, max-video-preview:-1\" \/>\n<link rel=\"canonical\" href=\"https:\/\/www.altominho.tv\/site\/2024\/06\/11\/rampa-do-monte-do-faro-regressa-a-22-e-23-de-junho\/\" \/>\n<meta property=\"og:locale\" content=\"pt_PT\" \/>\n<meta property=\"og:type\" content=\"article\" \/>\n<meta property=\"og:title\" content=\"Rampa do Monte do Faro regressa a 22 e 23 de junho\" \/>\n<meta property=\"og:description\" content=\"A Rampa do Monte do Faro Valen\u00e7a regressa este ano, nos dias 22 e 23 de junho, com cinco s\u00e9ries e uma especial noturna.\" \/>\n<meta property=\"og:url\" content=\"https:\/\/www.altominho.tv\/site\/2024\/06\/11\/rampa-do-monte-do-faro-regressa-a-22-e-23-de-junho\/\" \/>\n<meta property=\"og:site_name\" content=\"Altominho.tv\" \/>\n<meta property=\"article:publisher\" content=\"https:\/\/www.facebook.com\/altominhotv\" \/>\n<meta property=\"article:published_time\" content=\"2024-06-11T15:04:36+00:00\" \/>\n<meta property=\"article:modified_time\" content=\"2024-06-11T15:04:39+00:00\" \/>\n<meta property=\"og:image\" content=\"https:\/\/www.altominho.tv\/site\/wp-content\/uploads\/2024\/06\/rampa-monte-faro.jpg\" \/>\n\t<meta property=\"og:image:width\" content=\"1265\" \/>\n\t<meta property=\"og:image:height\" content=\"711\" \/>\n\t<meta property=\"og:image:type\" content=\"image\/jpeg\" \/>\n<meta name=\"author\" content=\"Altominho.tv\" \/>\n<meta name=\"twitter:card\" content=\"summary_large_image\" \/>\n<meta name=\"twitter:creator\" content=\"@altominhoTV\" \/>\n<meta name=\"twitter:site\" content=\"@altominhoTV\" \/>\n<meta name=\"twitter:label1\" content=\"Escrito por\" \/>\n\t<meta name=\"twitter:data1\" content=\"Altominho.tv\" \/>\n\t<meta name=\"twitter:label2\" content=\"Tempo estimado de leitura\" \/>\n\t<meta name=\"twitter:data2\" content=\"2 minutos\" \/>\n<script type=\"application\/ld+json\" class=\"yoast-schema-graph\">{\"@context\":\"https:\\\/\\\/schema.org\",\"@graph\":[{\"@type\":\"Article\",\"@id\":\"https:\\\/\\\/www.altominho.tv\\\/site\\\/2024\\\/06\\\/11\\\/rampa-do-monte-do-faro-regressa-a-22-e-23-de-junho\\\/#article\",\"isPartOf\":{\"@id\":\"https:\\\/\\\/www.altominho.tv\\\/site\\\/2024\\\/06\\\/11\\\/rampa-do-monte-do-faro-regressa-a-22-e-23-de-junho\\\/\"},\"author\":{\"name\":\"Altominho.tv\",\"@id\":\"https:\\\/\\\/www.altominho.tv\\\/site\\\/#\\\/schema\\\/person\\\/4e536851627d7914baf3dac752b6af22\"},\"headline\":\"Rampa do Monte do Faro regressa a 22 e 23 de junho\",\"datePublished\":\"2024-06-11T15:04:36+00:00\",\"dateModified\":\"2024-06-11T15:04:39+00:00\",\"mainEntityOfPage\":{\"@id\":\"https:\\\/\\\/www.altominho.tv\\\/site\\\/2024\\\/06\\\/11\\\/rampa-do-monte-do-faro-regressa-a-22-e-23-de-junho\\\/\"},\"wordCount\":250,\"image\":{\"@id\":\"https:\\\/\\\/www.altominho.tv\\\/site\\\/2024\\\/06\\\/11\\\/rampa-do-monte-do-faro-regressa-a-22-e-23-de-junho\\\/#primaryimage\"},\"thumbnailUrl\":\"https:\\\/\\\/www.altominho.tv\\\/site\\\/wp-content\\\/uploads\\\/2024\\\/06\\\/rampa-monte-faro.jpg\",\"keywords\":[\"Lazer\"],\"articleSection\":[\"Valen\u00e7a\"],\"inLanguage\":\"pt-PT\",\"copyrightYear\":\"2024\",\"copyrightHolder\":{\"@id\":\"https:\\\/\\\/www.altominho.tv\\\/site\\\/#organization\"}},{\"@type\":\"WebPage\",\"@id\":\"https:\\\/\\\/www.altominho.tv\\\/site\\\/2024\\\/06\\\/11\\\/rampa-do-monte-do-faro-regressa-a-22-e-23-de-junho\\\/\",\"url\":\"https:\\\/\\\/www.altominho.tv\\\/site\\\/2024\\\/06\\\/11\\\/rampa-do-monte-do-faro-regressa-a-22-e-23-de-junho\\\/\",\"name\":\"Rampa do Monte do Faro regressa a 22 e 23 de junho\",\"isPartOf\":{\"@id\":\"https:\\\/\\\/www.altominho.tv\\\/site\\\/#website\"},\"primaryImageOfPage\":{\"@id\":\"https:\\\/\\\/www.altominho.tv\\\/site\\\/2024\\\/06\\\/11\\\/rampa-do-monte-do-faro-regressa-a-22-e-23-de-junho\\\/#primaryimage\"},\"image\":{\"@id\":\"https:\\\/\\\/www.altominho.tv\\\/site\\\/2024\\\/06\\\/11\\\/rampa-do-monte-do-faro-regressa-a-22-e-23-de-junho\\\/#primaryimage\"},\"thumbnailUrl\":\"https:\\\/\\\/www.altominho.tv\\\/site\\\/wp-content\\\/uploads\\\/2024\\\/06\\\/rampa-monte-faro.jpg\",\"datePublished\":\"2024-06-11T15:04:36+00:00\",\"dateModified\":\"2024-06-11T15:04:39+00:00\",\"author\":{\"@id\":\"https:\\\/\\\/www.altominho.tv\\\/site\\\/#\\\/schema\\\/person\\\/4e536851627d7914baf3dac752b6af22\"},\"description\":\"A Rampa do Monte do Faro Valen\u00e7a regressa este ano, nos dias 22 e 23 de junho, com cinco s\u00e9ries e uma especial noturna.\",\"breadcrumb\":{\"@id\":\"https:\\\/\\\/www.altominho.tv\\\/site\\\/2024\\\/06\\\/11\\\/rampa-do-monte-do-faro-regressa-a-22-e-23-de-junho\\\/#breadcrumb\"},\"inLanguage\":\"pt-PT\",\"potentialAction\":[{\"@type\":\"ReadAction\",\"target\":[\"https:\\\/\\\/www.altominho.tv\\\/site\\\/2024\\\/06\\\/11\\\/rampa-do-monte-do-faro-regressa-a-22-e-23-de-junho\\\/\"]}]},{\"@type\":\"ImageObject\",\"inLanguage\":\"pt-PT\",\"@id\":\"https:\\\/\\\/www.altominho.tv\\\/site\\\/2024\\\/06\\\/11\\\/rampa-do-monte-do-faro-regressa-a-22-e-23-de-junho\\\/#primaryimage\",\"url\":\"https:\\\/\\\/www.altominho.tv\\\/site\\\/wp-content\\\/uploads\\\/2024\\\/06\\\/rampa-monte-faro.jpg\",\"contentUrl\":\"https:\\\/\\\/www.altominho.tv\\\/site\\\/wp-content\\\/uploads\\\/2024\\\/06\\\/rampa-monte-faro.jpg\",\"width\":1265,\"height\":711},{\"@type\":\"BreadcrumbList\",\"@id\":\"https:\\\/\\\/www.altominho.tv\\\/site\\\/2024\\\/06\\\/11\\\/rampa-do-monte-do-faro-regressa-a-22-e-23-de-junho\\\/#breadcrumb\",\"itemListElement\":[{\"@type\":\"ListItem\",\"position\":1,\"name\":\"In\u00edcio\",\"item\":\"https:\\\/\\\/www.altominho.tv\\\/site\\\/\"},{\"@type\":\"ListItem\",\"position\":2,\"name\":\"Rampa do Monte do Faro regressa a 22 e 23 de junho\"}]},{\"@type\":\"WebSite\",\"@id\":\"https:\\\/\\\/www.altominho.tv\\\/site\\\/#website\",\"url\":\"https:\\\/\\\/www.altominho.tv\\\/site\\\/\",\"name\":\"Altominho.tv\",\"description\":\"A sua regi\u00e3o \u00e0 dist\u00e2ncia de um clique...\",\"potentialAction\":[{\"@type\":\"SearchAction\",\"target\":{\"@type\":\"EntryPoint\",\"urlTemplate\":\"https:\\\/\\\/www.altominho.tv\\\/site\\\/?s={search_term_string}\"},\"query-input\":{\"@type\":\"PropertyValueSpecification\",\"valueRequired\":true,\"valueName\":\"search_term_string\"}}],\"inLanguage\":\"pt-PT\"},{\"@type\":\"Person\",\"@id\":\"https:\\\/\\\/www.altominho.tv\\\/site\\\/#\\\/schema\\\/person\\\/4e536851627d7914baf3dac752b6af22\",\"name\":\"Altominho.tv\",\"image\":{\"@type\":\"ImageObject\",\"inLanguage\":\"pt-PT\",\"@id\":\"https:\\\/\\\/www.altominho.tv\\\/site\\\/wp-content\\\/uploads\\\/2019\\\/11\\\/Logo_Avatar_2-150x150.jpg\",\"url\":\"https:\\\/\\\/www.altominho.tv\\\/site\\\/wp-content\\\/uploads\\\/2019\\\/11\\\/Logo_Avatar_2-150x150.jpg\",\"contentUrl\":\"https:\\\/\\\/www.altominho.tv\\\/site\\\/wp-content\\\/uploads\\\/2019\\\/11\\\/Logo_Avatar_2-150x150.jpg\",\"caption\":\"Altominho.tv\"},\"url\":\"https:\\\/\\\/www.altominho.tv\\\/site\\\/author\\\/altominhotv-tecnico\\\/\"}]}<\/script>\n<!-- \/ Yoast SEO Premium plugin. -->","yoast_head_json":{"title":"Rampa do Monte do Faro regressa a 22 e 23 de junho","description":"A Rampa do Monte do Faro Valen\u00e7a regressa este ano, nos dias 22 e 23 de junho, com cinco s\u00e9ries e uma especial noturna.","robots":{"index":"index","follow":"follow","max-snippet":"max-snippet:-1","max-image-preview":"max-image-preview:large","max-video-preview":"max-video-preview:-1"},"canonical":"https:\/\/www.altominho.tv\/site\/2024\/06\/11\/rampa-do-monte-do-faro-regressa-a-22-e-23-de-junho\/","og_locale":"pt_PT","og_type":"article","og_title":"Rampa do Monte do Faro regressa a 22 e 23 de junho","og_description":"A Rampa do Monte do Faro Valen\u00e7a regressa este ano, nos dias 22 e 23 de junho, com cinco s\u00e9ries e uma especial noturna.","og_url":"https:\/\/www.altominho.tv\/site\/2024\/06\/11\/rampa-do-monte-do-faro-regressa-a-22-e-23-de-junho\/","og_site_name":"Altominho.tv","article_publisher":"https:\/\/www.facebook.com\/altominhotv","article_published_time":"2024-06-11T15:04:36+00:00","article_modified_time":"2024-06-11T15:04:39+00:00","og_image":[{"width":1265,"height":711,"url":"https:\/\/www.altominho.tv\/site\/wp-content\/uploads\/2024\/06\/rampa-monte-faro.jpg","type":"image\/jpeg"}],"author":"Altominho.tv","twitter_card":"summary_large_image","twitter_creator":"@altominhoTV","twitter_site":"@altominhoTV","twitter_misc":{"Escrito por":"Altominho.tv","Tempo estimado de leitura":"2 minutos"},"schema":{"@context":"https:\/\/schema.org","@graph":[{"@type":"Article","@id":"https:\/\/www.altominho.tv\/site\/2024\/06\/11\/rampa-do-monte-do-faro-regressa-a-22-e-23-de-junho\/#article","isPartOf":{"@id":"https:\/\/www.altominho.tv\/site\/2024\/06\/11\/rampa-do-monte-do-faro-regressa-a-22-e-23-de-junho\/"},"author":{"name":"Altominho.tv","@id":"https:\/\/www.altominho.tv\/site\/#\/schema\/person\/4e536851627d7914baf3dac752b6af22"},"headline":"Rampa do Monte do Faro regressa a 22 e 23 de junho","datePublished":"2024-06-11T15:04:36+00:00","dateModified":"2024-06-11T15:04:39+00:00","mainEntityOfPage":{"@id":"https:\/\/www.altominho.tv\/site\/2024\/06\/11\/rampa-do-monte-do-faro-regressa-a-22-e-23-de-junho\/"},"wordCount":250,"image":{"@id":"https:\/\/www.altominho.tv\/site\/2024\/06\/11\/rampa-do-monte-do-faro-regressa-a-22-e-23-de-junho\/#primaryimage"},"thumbnailUrl":"https:\/\/www.altominho.tv\/site\/wp-content\/uploads\/2024\/06\/rampa-monte-faro.jpg","keywords":["Lazer"],"articleSection":["Valen\u00e7a"],"inLanguage":"pt-PT","copyrightYear":"2024","copyrightHolder":{"@id":"https:\/\/www.altominho.tv\/site\/#organization"}},{"@type":"WebPage","@id":"https:\/\/www.altominho.tv\/site\/2024\/06\/11\/rampa-do-monte-do-faro-regressa-a-22-e-23-de-junho\/","url":"https:\/\/www.altominho.tv\/site\/2024\/06\/11\/rampa-do-monte-do-faro-regressa-a-22-e-23-de-junho\/","name":"Rampa do Monte do Faro regressa a 22 e 23 de junho","isPartOf":{"@id":"https:\/\/www.altominho.tv\/site\/#website"},"primaryImageOfPage":{"@id":"https:\/\/www.altominho.tv\/site\/2024\/06\/11\/rampa-do-monte-do-faro-regressa-a-22-e-23-de-junho\/#primaryimage"},"image":{"@id":"https:\/\/www.altominho.tv\/site\/2024\/06\/11\/rampa-do-monte-do-faro-regressa-a-22-e-23-de-junho\/#primaryimage"},"thumbnailUrl":"https:\/\/www.altominho.tv\/site\/wp-content\/uploads\/2024\/06\/rampa-monte-faro.jpg","datePublished":"2024-06-11T15:04:36+00:00","dateModified":"2024-06-11T15:04:39+00:00","author":{"@id":"https:\/\/www.altominho.tv\/site\/#\/schema\/person\/4e536851627d7914baf3dac752b6af22"},"description":"A Rampa do Monte do Faro Valen\u00e7a regressa este ano, nos dias 22 e 23 de junho, com cinco s\u00e9ries e uma especial noturna.","breadcrumb":{"@id":"https:\/\/www.altominho.tv\/site\/2024\/06\/11\/rampa-do-monte-do-faro-regressa-a-22-e-23-de-junho\/#breadcrumb"},"inLanguage":"pt-PT","potentialAction":[{"@type":"ReadAction","target":["https:\/\/www.altominho.tv\/site\/2024\/06\/11\/rampa-do-monte-do-faro-regressa-a-22-e-23-de-junho\/"]}]},{"@type":"ImageObject","inLanguage":"pt-PT","@id":"https:\/\/www.altominho.tv\/site\/2024\/06\/11\/rampa-do-monte-do-faro-regressa-a-22-e-23-de-junho\/#primaryimage","url":"https:\/\/www.altominho.tv\/site\/wp-content\/uploads\/2024\/06\/rampa-monte-faro.jpg","contentUrl":"https:\/\/www.altominho.tv\/site\/wp-content\/uploads\/2024\/06\/rampa-monte-faro.jpg","width":1265,"height":711},{"@type":"BreadcrumbList","@id":"https:\/\/www.altominho.tv\/site\/2024\/06\/11\/rampa-do-monte-do-faro-regressa-a-22-e-23-de-junho\/#breadcrumb","itemListElement":[{"@type":"ListItem","position":1,"name":"In\u00edcio","item":"https:\/\/www.altominho.tv\/site\/"},{"@type":"ListItem","position":2,"name":"Rampa do Monte do Faro regressa a 22 e 23 de junho"}]},{"@type":"WebSite","@id":"https:\/\/www.altominho.tv\/site\/#website","url":"https:\/\/www.altominho.tv\/site\/","name":"Altominho.tv","description":"A sua regi\u00e3o \u00e0 dist\u00e2ncia de um clique...","potentialAction":[{"@type":"SearchAction","target":{"@type":"EntryPoint","urlTemplate":"https:\/\/www.altominho.tv\/site\/?s={search_term_string}"},"query-input":{"@type":"PropertyValueSpecification","valueRequired":true,"valueName":"search_term_string"}}],"inLanguage":"pt-PT"},{"@type":"Person","@id":"https:\/\/www.altominho.tv\/site\/#\/schema\/person\/4e536851627d7914baf3dac752b6af22","name":"Altominho.tv","image":{"@type":"ImageObject","inLanguage":"pt-PT","@id":"https:\/\/www.altominho.tv\/site\/wp-content\/uploads\/2019\/11\/Logo_Avatar_2-150x150.jpg","url":"https:\/\/www.altominho.tv\/site\/wp-content\/uploads\/2019\/11\/Logo_Avatar_2-150x150.jpg","contentUrl":"https:\/\/www.altominho.tv\/site\/wp-content\/uploads\/2019\/11\/Logo_Avatar_2-150x150.jpg","caption":"Altominho.tv"},"url":"https:\/\/www.altominho.tv\/site\/author\/altominhotv-tecnico\/"}]}},"_links":{"self":[{"href":"https:\/\/www.altominho.tv\/site\/wp-json\/wp\/v2\/posts\/107892","targetHints":{"allow":["GET"]}}],"collection":[{"href":"https:\/\/www.altominho.tv\/site\/wp-json\/wp\/v2\/posts"}],"about":[{"href":"https:\/\/www.altominho.tv\/site\/wp-json\/wp\/v2\/types\/post"}],"author":[{"embeddable":true,"href":"https:\/\/www.altominho.tv\/site\/wp-json\/wp\/v2\/users\/1"}],"replies":[{"embeddable":true,"href":"https:\/\/www.altominho.tv\/site\/wp-json\/wp\/v2\/comments?post=107892"}],"version-history":[{"count":1,"href":"https:\/\/www.altominho.tv\/site\/wp-json\/wp\/v2\/posts\/107892\/revisions"}],"predecessor-version":[{"id":107894,"href":"https:\/\/www.altominho.tv\/site\/wp-json\/wp\/v2\/posts\/107892\/revisions\/107894"}],"wp:featuredmedia":[{"embeddable":true,"href":"https:\/\/www.altominho.tv\/site\/wp-json\/wp\/v2\/media\/107893"}],"wp:attachment":[{"href":"https:\/\/www.altominho.tv\/site\/wp-json\/wp\/v2\/media?parent=107892"}],"wp:term":[{"taxonomy":"category","embeddable":true,"href":"https:\/\/www.altominho.tv\/site\/wp-json\/wp\/v2\/categories?post=107892"},{"taxonomy":"post_tag","embeddable":true,"href":"https:\/\/www.altominho.tv\/site\/wp-json\/wp\/v2\/tags?post=107892"}],"curies":[{"name":"wp","href":"https:\/\/api.w.org\/{rel}","templated":true}]}}