{"id":107751,"date":"2024-06-07T10:33:37","date_gmt":"2024-06-07T09:33:37","guid":{"rendered":"https:\/\/www.altominho.tv\/site\/?p=107751"},"modified":"2024-06-07T10:33:39","modified_gmt":"2024-06-07T09:33:39","slug":"moledo-no-top-5-dos-destinos-mais-procurados-para-este-verao","status":"publish","type":"post","link":"https:\/\/www.altominho.tv\/site\/2024\/06\/07\/moledo-no-top-5-dos-destinos-mais-procurados-para-este-verao\/","title":{"rendered":"Moledo no \u00b4top 5` dos destinos mais procurados para este ver\u00e3o"},"content":{"rendered":"<p class=\"p1\">Moledo, no concelho de Caminha, integra o \u201ctop 5\u201d dos destinos procurados nas pesquisas realizadas atrav\u00e9s da Airbnb, para este ver\u00e3o. A plataforma divulgou h\u00e1 dias um ranking de prefer\u00eancias e pesquisas, tendo conclu\u00eddo que os destinos \u00e0 beira-mar e as viagens em fam\u00edlia ou em grupo s\u00e3o a tend\u00eancia para o ver\u00e3o na Airbnb, em Portugal.<\/p>\n<p class=\"p1\">O lugar mais pesquisado \u00e9 Concei\u00e7\u00e3o de Tavira (Faro), seguindo-se Cascais (Lisboa), Peniche (Leiria), Nazar\u00e9 (Leiria) e em quinto lugar surge Moledo (Caminha\/Viana do Castelo).<\/p>\n<p class=\"p1\">A Airbnb \u00e9 um servi\u00e7o internacional online, para as pessoas anunciarem, descobrirem e reservarem acomoda\u00e7\u00f5es e meios de hospedagem. A seguir a Moledo surgem ainda locais emblem\u00e1ticos, como a Zambujeira do Mar (Beja), Vila Nova de Milfontes (Beja), Olhos de \u00c1gua (Faro), Porto Santo (Madeira) e Cabanas (Faro).<\/p>\n<p class=\"p1\">Para o Presidente da C\u00e2mara de Caminha, Rui Lages, \u201ceste \u00e9 mais um indicador que demonstra a consolida\u00e7\u00e3o de Moledo e do concelho como destinos tur\u00edsticos cada vez mais apreciados e com grande visibilidade. N\u00e3o podemos ficar indiferentes a estas informa\u00e7\u00f5es, que valorizamos sobretudo pela independ\u00eancia, e que nos d\u00e3o alento para continuar a trabalhar\u201d.<\/p>\n<p class=\"p1\">Rui Lages recorda que as praias do concelho t\u00eam vindo a ser referenciadas pela sua qualidade, enquanto destinos de excel\u00eancia, em sites, estudos e media \u2013 \u201c\u00e9 ineg\u00e1vel, \u00e9 uma evid\u00eancia\u201d.<\/p>\n","protected":false},"excerpt":{"rendered":"<p>Moledo, no concelho de Caminha, integra o \u201ctop 5\u201d dos destinos procurados nas pesquisas realizadas atrav\u00e9s da Airbnb, para este ver\u00e3o. A plataforma divulgou h\u00e1 dias um ranking de prefer\u00eancias e pesquisas, tendo conclu\u00eddo que os destinos \u00e0 beira-mar e as viagens em fam\u00edlia ou em grupo s\u00e3o a tend\u00eancia para o ver\u00e3o na Airbnb, [&hellip;]<\/p>\n","protected":false},"author":1,"featured_media":107752,"comment_status":"closed","ping_status":"closed","sticky":false,"template":"","format":"standard","meta":{"_exactmetrics_skip_tracking":false,"_exactmetrics_sitenote_active":false,"_exactmetrics_sitenote_note":"","_exactmetrics_sitenote_category":0,"footnotes":""},"categories":[7],"tags":[56329],"class_list":["post-107751","post","type-post","status-publish","format-standard","has-post-thumbnail","hentry","category-caminha","tag-turismo"],"yoast_head":"<!-- This site is optimized with the Yoast SEO Premium plugin v27.5 (Yoast SEO v27.5) - https:\/\/yoast.com\/product\/yoast-seo-premium-wordpress\/ -->\n<title>Moledo no \u00b4top 5` dos destinos mais procurados para este ver\u00e3o<\/title>\n<meta name=\"description\" content=\"Moledo, no concelho de Caminha, integra o \u201ctop 5\u201d dos destinos procurados nas pesquisas realizadas atrav\u00e9s da Airbnb, para este ver\u00e3o. A plataforma divulgou h\u00e1 dias um ranking de prefer\u00eancias e pesquisas, tendo conclu\u00eddo que os destinos \u00e0 beira-mar e as viagens em fam\u00edlia ou em grupo s\u00e3o a tend\u00eancia para o ver\u00e3o na Airbnb, em Portugal.\" \/>\n<meta name=\"robots\" content=\"index, follow, max-snippet:-1, max-image-preview:large, max-video-preview:-1\" \/>\n<link rel=\"canonical\" href=\"https:\/\/www.altominho.tv\/site\/2024\/06\/07\/moledo-no-top-5-dos-destinos-mais-procurados-para-este-verao\/\" \/>\n<meta property=\"og:locale\" content=\"pt_PT\" \/>\n<meta property=\"og:type\" content=\"article\" \/>\n<meta property=\"og:title\" content=\"Moledo no \u00b4top 5` dos destinos mais procurados para este ver\u00e3o\" \/>\n<meta property=\"og:description\" content=\"Moledo, no concelho de Caminha, integra o \u201ctop 5\u201d dos destinos procurados nas pesquisas realizadas atrav\u00e9s da Airbnb, para este ver\u00e3o. A plataforma divulgou h\u00e1 dias um ranking de prefer\u00eancias e pesquisas, tendo conclu\u00eddo que os destinos \u00e0 beira-mar e as viagens em fam\u00edlia ou em grupo s\u00e3o a tend\u00eancia para o ver\u00e3o na Airbnb, em Portugal.\" \/>\n<meta property=\"og:url\" content=\"https:\/\/www.altominho.tv\/site\/2024\/06\/07\/moledo-no-top-5-dos-destinos-mais-procurados-para-este-verao\/\" \/>\n<meta property=\"og:site_name\" content=\"Altominho.tv\" \/>\n<meta property=\"article:publisher\" content=\"https:\/\/www.facebook.com\/altominhotv\" \/>\n<meta property=\"article:published_time\" content=\"2024-06-07T09:33:37+00:00\" \/>\n<meta property=\"article:modified_time\" content=\"2024-06-07T09:33:39+00:00\" \/>\n<meta property=\"og:image\" content=\"https:\/\/www.altominho.tv\/site\/wp-content\/uploads\/2024\/06\/moledo.jpg\" \/>\n\t<meta property=\"og:image:width\" content=\"2000\" \/>\n\t<meta property=\"og:image:height\" content=\"1125\" \/>\n\t<meta property=\"og:image:type\" content=\"image\/jpeg\" \/>\n<meta name=\"author\" content=\"Altominho.tv\" \/>\n<meta name=\"twitter:card\" content=\"summary_large_image\" \/>\n<meta name=\"twitter:creator\" content=\"@altominhoTV\" \/>\n<meta name=\"twitter:site\" content=\"@altominhoTV\" \/>\n<meta name=\"twitter:label1\" content=\"Escrito por\" \/>\n\t<meta name=\"twitter:data1\" content=\"Altominho.tv\" \/>\n\t<meta name=\"twitter:label2\" content=\"Tempo estimado de leitura\" \/>\n\t<meta name=\"twitter:data2\" content=\"2 minutos\" \/>\n<script type=\"application\/ld+json\" class=\"yoast-schema-graph\">{\"@context\":\"https:\\\/\\\/schema.org\",\"@graph\":[{\"@type\":\"Article\",\"@id\":\"https:\\\/\\\/www.altominho.tv\\\/site\\\/2024\\\/06\\\/07\\\/moledo-no-top-5-dos-destinos-mais-procurados-para-este-verao\\\/#article\",\"isPartOf\":{\"@id\":\"https:\\\/\\\/www.altominho.tv\\\/site\\\/2024\\\/06\\\/07\\\/moledo-no-top-5-dos-destinos-mais-procurados-para-este-verao\\\/\"},\"author\":{\"name\":\"Altominho.tv\",\"@id\":\"https:\\\/\\\/www.altominho.tv\\\/site\\\/#\\\/schema\\\/person\\\/4e536851627d7914baf3dac752b6af22\"},\"headline\":\"Moledo no \u00b4top 5` dos destinos mais procurados para este ver\u00e3o\",\"datePublished\":\"2024-06-07T09:33:37+00:00\",\"dateModified\":\"2024-06-07T09:33:39+00:00\",\"mainEntityOfPage\":{\"@id\":\"https:\\\/\\\/www.altominho.tv\\\/site\\\/2024\\\/06\\\/07\\\/moledo-no-top-5-dos-destinos-mais-procurados-para-este-verao\\\/\"},\"wordCount\":243,\"image\":{\"@id\":\"https:\\\/\\\/www.altominho.tv\\\/site\\\/2024\\\/06\\\/07\\\/moledo-no-top-5-dos-destinos-mais-procurados-para-este-verao\\\/#primaryimage\"},\"thumbnailUrl\":\"https:\\\/\\\/www.altominho.tv\\\/site\\\/wp-content\\\/uploads\\\/2024\\\/06\\\/moledo.jpg\",\"keywords\":[\"Turismo\"],\"articleSection\":[\"Caminha\"],\"inLanguage\":\"pt-PT\",\"copyrightYear\":\"2024\",\"copyrightHolder\":{\"@id\":\"https:\\\/\\\/www.altominho.tv\\\/site\\\/#organization\"}},{\"@type\":\"WebPage\",\"@id\":\"https:\\\/\\\/www.altominho.tv\\\/site\\\/2024\\\/06\\\/07\\\/moledo-no-top-5-dos-destinos-mais-procurados-para-este-verao\\\/\",\"url\":\"https:\\\/\\\/www.altominho.tv\\\/site\\\/2024\\\/06\\\/07\\\/moledo-no-top-5-dos-destinos-mais-procurados-para-este-verao\\\/\",\"name\":\"Moledo no \u00b4top 5` dos destinos mais procurados para este ver\u00e3o\",\"isPartOf\":{\"@id\":\"https:\\\/\\\/www.altominho.tv\\\/site\\\/#website\"},\"primaryImageOfPage\":{\"@id\":\"https:\\\/\\\/www.altominho.tv\\\/site\\\/2024\\\/06\\\/07\\\/moledo-no-top-5-dos-destinos-mais-procurados-para-este-verao\\\/#primaryimage\"},\"image\":{\"@id\":\"https:\\\/\\\/www.altominho.tv\\\/site\\\/2024\\\/06\\\/07\\\/moledo-no-top-5-dos-destinos-mais-procurados-para-este-verao\\\/#primaryimage\"},\"thumbnailUrl\":\"https:\\\/\\\/www.altominho.tv\\\/site\\\/wp-content\\\/uploads\\\/2024\\\/06\\\/moledo.jpg\",\"datePublished\":\"2024-06-07T09:33:37+00:00\",\"dateModified\":\"2024-06-07T09:33:39+00:00\",\"author\":{\"@id\":\"https:\\\/\\\/www.altominho.tv\\\/site\\\/#\\\/schema\\\/person\\\/4e536851627d7914baf3dac752b6af22\"},\"description\":\"Moledo, no concelho de Caminha, integra o \u201ctop 5\u201d dos destinos procurados nas pesquisas realizadas atrav\u00e9s da Airbnb, para este ver\u00e3o. A plataforma divulgou h\u00e1 dias um ranking de prefer\u00eancias e pesquisas, tendo conclu\u00eddo que os destinos \u00e0 beira-mar e as viagens em fam\u00edlia ou em grupo s\u00e3o a tend\u00eancia para o ver\u00e3o na Airbnb, em Portugal.\",\"breadcrumb\":{\"@id\":\"https:\\\/\\\/www.altominho.tv\\\/site\\\/2024\\\/06\\\/07\\\/moledo-no-top-5-dos-destinos-mais-procurados-para-este-verao\\\/#breadcrumb\"},\"inLanguage\":\"pt-PT\",\"potentialAction\":[{\"@type\":\"ReadAction\",\"target\":[\"https:\\\/\\\/www.altominho.tv\\\/site\\\/2024\\\/06\\\/07\\\/moledo-no-top-5-dos-destinos-mais-procurados-para-este-verao\\\/\"]}]},{\"@type\":\"ImageObject\",\"inLanguage\":\"pt-PT\",\"@id\":\"https:\\\/\\\/www.altominho.tv\\\/site\\\/2024\\\/06\\\/07\\\/moledo-no-top-5-dos-destinos-mais-procurados-para-este-verao\\\/#primaryimage\",\"url\":\"https:\\\/\\\/www.altominho.tv\\\/site\\\/wp-content\\\/uploads\\\/2024\\\/06\\\/moledo.jpg\",\"contentUrl\":\"https:\\\/\\\/www.altominho.tv\\\/site\\\/wp-content\\\/uploads\\\/2024\\\/06\\\/moledo.jpg\",\"width\":2000,\"height\":1125},{\"@type\":\"BreadcrumbList\",\"@id\":\"https:\\\/\\\/www.altominho.tv\\\/site\\\/2024\\\/06\\\/07\\\/moledo-no-top-5-dos-destinos-mais-procurados-para-este-verao\\\/#breadcrumb\",\"itemListElement\":[{\"@type\":\"ListItem\",\"position\":1,\"name\":\"In\u00edcio\",\"item\":\"https:\\\/\\\/www.altominho.tv\\\/site\\\/\"},{\"@type\":\"ListItem\",\"position\":2,\"name\":\"Moledo no \u00b4top 5` dos destinos mais procurados para este ver\u00e3o\"}]},{\"@type\":\"WebSite\",\"@id\":\"https:\\\/\\\/www.altominho.tv\\\/site\\\/#website\",\"url\":\"https:\\\/\\\/www.altominho.tv\\\/site\\\/\",\"name\":\"Altominho.tv\",\"description\":\"A sua regi\u00e3o \u00e0 dist\u00e2ncia de um clique...\",\"potentialAction\":[{\"@type\":\"SearchAction\",\"target\":{\"@type\":\"EntryPoint\",\"urlTemplate\":\"https:\\\/\\\/www.altominho.tv\\\/site\\\/?s={search_term_string}\"},\"query-input\":{\"@type\":\"PropertyValueSpecification\",\"valueRequired\":true,\"valueName\":\"search_term_string\"}}],\"inLanguage\":\"pt-PT\"},{\"@type\":\"Person\",\"@id\":\"https:\\\/\\\/www.altominho.tv\\\/site\\\/#\\\/schema\\\/person\\\/4e536851627d7914baf3dac752b6af22\",\"name\":\"Altominho.tv\",\"image\":{\"@type\":\"ImageObject\",\"inLanguage\":\"pt-PT\",\"@id\":\"https:\\\/\\\/www.altominho.tv\\\/site\\\/wp-content\\\/uploads\\\/2019\\\/11\\\/Logo_Avatar_2-150x150.jpg\",\"url\":\"https:\\\/\\\/www.altominho.tv\\\/site\\\/wp-content\\\/uploads\\\/2019\\\/11\\\/Logo_Avatar_2-150x150.jpg\",\"contentUrl\":\"https:\\\/\\\/www.altominho.tv\\\/site\\\/wp-content\\\/uploads\\\/2019\\\/11\\\/Logo_Avatar_2-150x150.jpg\",\"caption\":\"Altominho.tv\"},\"url\":\"https:\\\/\\\/www.altominho.tv\\\/site\\\/author\\\/altominhotv-tecnico\\\/\"}]}<\/script>\n<!-- \/ Yoast SEO Premium plugin. -->","yoast_head_json":{"title":"Moledo no \u00b4top 5` dos destinos mais procurados para este ver\u00e3o","description":"Moledo, no concelho de Caminha, integra o \u201ctop 5\u201d dos destinos procurados nas pesquisas realizadas atrav\u00e9s da Airbnb, para este ver\u00e3o. A plataforma divulgou h\u00e1 dias um ranking de prefer\u00eancias e pesquisas, tendo conclu\u00eddo que os destinos \u00e0 beira-mar e as viagens em fam\u00edlia ou em grupo s\u00e3o a tend\u00eancia para o ver\u00e3o na Airbnb, em Portugal.","robots":{"index":"index","follow":"follow","max-snippet":"max-snippet:-1","max-image-preview":"max-image-preview:large","max-video-preview":"max-video-preview:-1"},"canonical":"https:\/\/www.altominho.tv\/site\/2024\/06\/07\/moledo-no-top-5-dos-destinos-mais-procurados-para-este-verao\/","og_locale":"pt_PT","og_type":"article","og_title":"Moledo no \u00b4top 5` dos destinos mais procurados para este ver\u00e3o","og_description":"Moledo, no concelho de Caminha, integra o \u201ctop 5\u201d dos destinos procurados nas pesquisas realizadas atrav\u00e9s da Airbnb, para este ver\u00e3o. A plataforma divulgou h\u00e1 dias um ranking de prefer\u00eancias e pesquisas, tendo conclu\u00eddo que os destinos \u00e0 beira-mar e as viagens em fam\u00edlia ou em grupo s\u00e3o a tend\u00eancia para o ver\u00e3o na Airbnb, em Portugal.","og_url":"https:\/\/www.altominho.tv\/site\/2024\/06\/07\/moledo-no-top-5-dos-destinos-mais-procurados-para-este-verao\/","og_site_name":"Altominho.tv","article_publisher":"https:\/\/www.facebook.com\/altominhotv","article_published_time":"2024-06-07T09:33:37+00:00","article_modified_time":"2024-06-07T09:33:39+00:00","og_image":[{"width":2000,"height":1125,"url":"https:\/\/www.altominho.tv\/site\/wp-content\/uploads\/2024\/06\/moledo.jpg","type":"image\/jpeg"}],"author":"Altominho.tv","twitter_card":"summary_large_image","twitter_creator":"@altominhoTV","twitter_site":"@altominhoTV","twitter_misc":{"Escrito por":"Altominho.tv","Tempo estimado de leitura":"2 minutos"},"schema":{"@context":"https:\/\/schema.org","@graph":[{"@type":"Article","@id":"https:\/\/www.altominho.tv\/site\/2024\/06\/07\/moledo-no-top-5-dos-destinos-mais-procurados-para-este-verao\/#article","isPartOf":{"@id":"https:\/\/www.altominho.tv\/site\/2024\/06\/07\/moledo-no-top-5-dos-destinos-mais-procurados-para-este-verao\/"},"author":{"name":"Altominho.tv","@id":"https:\/\/www.altominho.tv\/site\/#\/schema\/person\/4e536851627d7914baf3dac752b6af22"},"headline":"Moledo no \u00b4top 5` dos destinos mais procurados para este ver\u00e3o","datePublished":"2024-06-07T09:33:37+00:00","dateModified":"2024-06-07T09:33:39+00:00","mainEntityOfPage":{"@id":"https:\/\/www.altominho.tv\/site\/2024\/06\/07\/moledo-no-top-5-dos-destinos-mais-procurados-para-este-verao\/"},"wordCount":243,"image":{"@id":"https:\/\/www.altominho.tv\/site\/2024\/06\/07\/moledo-no-top-5-dos-destinos-mais-procurados-para-este-verao\/#primaryimage"},"thumbnailUrl":"https:\/\/www.altominho.tv\/site\/wp-content\/uploads\/2024\/06\/moledo.jpg","keywords":["Turismo"],"articleSection":["Caminha"],"inLanguage":"pt-PT","copyrightYear":"2024","copyrightHolder":{"@id":"https:\/\/www.altominho.tv\/site\/#organization"}},{"@type":"WebPage","@id":"https:\/\/www.altominho.tv\/site\/2024\/06\/07\/moledo-no-top-5-dos-destinos-mais-procurados-para-este-verao\/","url":"https:\/\/www.altominho.tv\/site\/2024\/06\/07\/moledo-no-top-5-dos-destinos-mais-procurados-para-este-verao\/","name":"Moledo no \u00b4top 5` dos destinos mais procurados para este ver\u00e3o","isPartOf":{"@id":"https:\/\/www.altominho.tv\/site\/#website"},"primaryImageOfPage":{"@id":"https:\/\/www.altominho.tv\/site\/2024\/06\/07\/moledo-no-top-5-dos-destinos-mais-procurados-para-este-verao\/#primaryimage"},"image":{"@id":"https:\/\/www.altominho.tv\/site\/2024\/06\/07\/moledo-no-top-5-dos-destinos-mais-procurados-para-este-verao\/#primaryimage"},"thumbnailUrl":"https:\/\/www.altominho.tv\/site\/wp-content\/uploads\/2024\/06\/moledo.jpg","datePublished":"2024-06-07T09:33:37+00:00","dateModified":"2024-06-07T09:33:39+00:00","author":{"@id":"https:\/\/www.altominho.tv\/site\/#\/schema\/person\/4e536851627d7914baf3dac752b6af22"},"description":"Moledo, no concelho de Caminha, integra o \u201ctop 5\u201d dos destinos procurados nas pesquisas realizadas atrav\u00e9s da Airbnb, para este ver\u00e3o. A plataforma divulgou h\u00e1 dias um ranking de prefer\u00eancias e pesquisas, tendo conclu\u00eddo que os destinos \u00e0 beira-mar e as viagens em fam\u00edlia ou em grupo s\u00e3o a tend\u00eancia para o ver\u00e3o na Airbnb, em Portugal.","breadcrumb":{"@id":"https:\/\/www.altominho.tv\/site\/2024\/06\/07\/moledo-no-top-5-dos-destinos-mais-procurados-para-este-verao\/#breadcrumb"},"inLanguage":"pt-PT","potentialAction":[{"@type":"ReadAction","target":["https:\/\/www.altominho.tv\/site\/2024\/06\/07\/moledo-no-top-5-dos-destinos-mais-procurados-para-este-verao\/"]}]},{"@type":"ImageObject","inLanguage":"pt-PT","@id":"https:\/\/www.altominho.tv\/site\/2024\/06\/07\/moledo-no-top-5-dos-destinos-mais-procurados-para-este-verao\/#primaryimage","url":"https:\/\/www.altominho.tv\/site\/wp-content\/uploads\/2024\/06\/moledo.jpg","contentUrl":"https:\/\/www.altominho.tv\/site\/wp-content\/uploads\/2024\/06\/moledo.jpg","width":2000,"height":1125},{"@type":"BreadcrumbList","@id":"https:\/\/www.altominho.tv\/site\/2024\/06\/07\/moledo-no-top-5-dos-destinos-mais-procurados-para-este-verao\/#breadcrumb","itemListElement":[{"@type":"ListItem","position":1,"name":"In\u00edcio","item":"https:\/\/www.altominho.tv\/site\/"},{"@type":"ListItem","position":2,"name":"Moledo no \u00b4top 5` dos destinos mais procurados para este ver\u00e3o"}]},{"@type":"WebSite","@id":"https:\/\/www.altominho.tv\/site\/#website","url":"https:\/\/www.altominho.tv\/site\/","name":"Altominho.tv","description":"A sua regi\u00e3o \u00e0 dist\u00e2ncia de um clique...","potentialAction":[{"@type":"SearchAction","target":{"@type":"EntryPoint","urlTemplate":"https:\/\/www.altominho.tv\/site\/?s={search_term_string}"},"query-input":{"@type":"PropertyValueSpecification","valueRequired":true,"valueName":"search_term_string"}}],"inLanguage":"pt-PT"},{"@type":"Person","@id":"https:\/\/www.altominho.tv\/site\/#\/schema\/person\/4e536851627d7914baf3dac752b6af22","name":"Altominho.tv","image":{"@type":"ImageObject","inLanguage":"pt-PT","@id":"https:\/\/www.altominho.tv\/site\/wp-content\/uploads\/2019\/11\/Logo_Avatar_2-150x150.jpg","url":"https:\/\/www.altominho.tv\/site\/wp-content\/uploads\/2019\/11\/Logo_Avatar_2-150x150.jpg","contentUrl":"https:\/\/www.altominho.tv\/site\/wp-content\/uploads\/2019\/11\/Logo_Avatar_2-150x150.jpg","caption":"Altominho.tv"},"url":"https:\/\/www.altominho.tv\/site\/author\/altominhotv-tecnico\/"}]}},"_links":{"self":[{"href":"https:\/\/www.altominho.tv\/site\/wp-json\/wp\/v2\/posts\/107751","targetHints":{"allow":["GET"]}}],"collection":[{"href":"https:\/\/www.altominho.tv\/site\/wp-json\/wp\/v2\/posts"}],"about":[{"href":"https:\/\/www.altominho.tv\/site\/wp-json\/wp\/v2\/types\/post"}],"author":[{"embeddable":true,"href":"https:\/\/www.altominho.tv\/site\/wp-json\/wp\/v2\/users\/1"}],"replies":[{"embeddable":true,"href":"https:\/\/www.altominho.tv\/site\/wp-json\/wp\/v2\/comments?post=107751"}],"version-history":[{"count":1,"href":"https:\/\/www.altominho.tv\/site\/wp-json\/wp\/v2\/posts\/107751\/revisions"}],"predecessor-version":[{"id":107753,"href":"https:\/\/www.altominho.tv\/site\/wp-json\/wp\/v2\/posts\/107751\/revisions\/107753"}],"wp:featuredmedia":[{"embeddable":true,"href":"https:\/\/www.altominho.tv\/site\/wp-json\/wp\/v2\/media\/107752"}],"wp:attachment":[{"href":"https:\/\/www.altominho.tv\/site\/wp-json\/wp\/v2\/media?parent=107751"}],"wp:term":[{"taxonomy":"category","embeddable":true,"href":"https:\/\/www.altominho.tv\/site\/wp-json\/wp\/v2\/categories?post=107751"},{"taxonomy":"post_tag","embeddable":true,"href":"https:\/\/www.altominho.tv\/site\/wp-json\/wp\/v2\/tags?post=107751"}],"curies":[{"name":"wp","href":"https:\/\/api.w.org\/{rel}","templated":true}]}}