{"id":107596,"date":"2024-06-01T09:22:06","date_gmt":"2024-06-01T08:22:06","guid":{"rendered":"https:\/\/www.altominho.tv\/site\/?p=107596"},"modified":"2024-06-01T09:22:08","modified_gmt":"2024-06-01T08:22:08","slug":"greve-de-10-dias-nos-portos-em-junho-suspensa-depois-de-negociacoes","status":"publish","type":"post","link":"https:\/\/www.altominho.tv\/site\/2024\/06\/01\/greve-de-10-dias-nos-portos-em-junho-suspensa-depois-de-negociacoes\/","title":{"rendered":"Greve de 10 dias nos portos em junho suspensa depois de negocia\u00e7\u00f5es"},"content":{"rendered":"<p>A greve marcada para os portos em junho, durante dez dias, foi suspensa, na sequ\u00eancia de conversa\u00e7\u00f5es entre o Sindicato Nacional dos Trabalhadores das Administra\u00e7\u00f5es Portu\u00e1rias (SNTAP) e o Governo, segundo um comunicado.<\/p>\n<p>Na nota, divulgada pelo Minist\u00e9rio das Infraestruturas e Habita\u00e7\u00e3o, l\u00ea-se que \u201cna sequ\u00eancia das conversa\u00e7\u00f5es que decorrem\u201d entre a tutela, \u201cas administra\u00e7\u00f5es portu\u00e1rias e o Sindicato Nacional dos Trabalhadores das Administra\u00e7\u00f5es Portu\u00e1rias, foi poss\u00edvel chegar a um entendimento sobre o Acordo Coletivo de Trabalho e sobre mat\u00e9rias salariais definidas em portaria conjunta do Minist\u00e9rio das Finan\u00e7as e do Minist\u00e9rio das Infraestruturas e Habita\u00e7\u00e3o\u201d.<\/p>\n<p>\u201cComo resultado\u201d, indicou, \u201co SNTAP comunicou formalmente a suspens\u00e3o do pr\u00e9-aviso de greve emitido em 17 de maio de 2024, que abrangia dez dias alternados do m\u00eas de junho e que teria forte impacto negativo na economia nacional\u201d.<\/p>\n<p>O SNTAP tinha convocado 10 dias de greve, em junho, nos portos do continente e das ilhas, por aumentos salariais este ano.<\/p>\n<p>De acordo com o pr\u00e9-aviso de greve, a convocat\u00f3ria abrangia os trabalhadores dos portos do Douro, Leix\u00f5es e Viana do Castelo, Aveiro, Figueira da Foz, Lisboa, Set\u00fabal, Sines e Algarve, A\u00e7ores, Madeira e da CLT (incluindo quer os trabalhadores da Administra\u00e7\u00e3o dos Portos de Sines e do Algarve que ali desempenham fun\u00e7\u00f5es, quer os trabalhadores do quadro da empresa).<\/p>\n<p>Segundo o sindicato, em causa est\u00e1 a aus\u00eancia de resposta das administra\u00e7\u00f5es \u00e0 proposta de valoriza\u00e7\u00e3o remunerat\u00f3ria para 2024 apresentada h\u00e1 mais de meio ano e o bloqueio do processo de revis\u00e3o do Acordo de Empresa em vigor.<\/p>\n<p>O SNTAP acusava ainda as administra\u00e7\u00f5es dos portos de &#8220;reiterada atitude de hostilidade&#8221; relativamente \u00e0 estrutura que representa os trabalhadores, que se reflete, por exemplo, &#8220;na aus\u00eancia de resposta a pedido de reuni\u00e3o&#8221;.<\/p>\n","protected":false},"excerpt":{"rendered":"<p>A greve marcada para os portos em junho, durante dez dias, foi suspensa, na sequ\u00eancia de conversa\u00e7\u00f5es entre o Sindicato Nacional dos Trabalhadores das Administra\u00e7\u00f5es Portu\u00e1rias (SNTAP) e o Governo, segundo um comunicado. Na nota, divulgada pelo Minist\u00e9rio das Infraestruturas e Habita\u00e7\u00e3o, l\u00ea-se que \u201cna sequ\u00eancia das conversa\u00e7\u00f5es que decorrem\u201d entre a tutela, \u201cas administra\u00e7\u00f5es [&hellip;]<\/p>\n","protected":false},"author":13,"featured_media":92273,"comment_status":"closed","ping_status":"closed","sticky":false,"template":"","format":"standard","meta":{"_exactmetrics_skip_tracking":false,"_exactmetrics_sitenote_active":false,"_exactmetrics_sitenote_note":"","_exactmetrics_sitenote_category":0,"footnotes":""},"categories":[14],"tags":[56326],"class_list":["post-107596","post","type-post","status-publish","format-standard","has-post-thumbnail","hentry","category-viana-do-castelo","tag-politica"],"yoast_head":"<!-- This site is optimized with the Yoast SEO Premium plugin v27.4 (Yoast SEO v27.4) - https:\/\/yoast.com\/product\/yoast-seo-premium-wordpress\/ -->\n<title>Greve de 10 dias nos portos em junho suspensa depois de negocia\u00e7\u00f5es<\/title>\n<meta name=\"robots\" content=\"index, follow, max-snippet:-1, max-image-preview:large, max-video-preview:-1\" \/>\n<link rel=\"canonical\" href=\"https:\/\/www.altominho.tv\/site\/2024\/06\/01\/greve-de-10-dias-nos-portos-em-junho-suspensa-depois-de-negociacoes\/\" \/>\n<meta property=\"og:locale\" content=\"pt_PT\" \/>\n<meta property=\"og:type\" content=\"article\" \/>\n<meta property=\"og:title\" content=\"Greve de 10 dias nos portos em junho suspensa depois de negocia\u00e7\u00f5es\" \/>\n<meta property=\"og:description\" content=\"A greve marcada para os portos em junho, durante dez dias, foi suspensa, na sequ\u00eancia de conversa\u00e7\u00f5es entre o Sindicato Nacional dos Trabalhadores das Administra\u00e7\u00f5es Portu\u00e1rias (SNTAP) e o Governo, segundo um comunicado. Na nota, divulgada pelo Minist\u00e9rio das Infraestruturas e Habita\u00e7\u00e3o, l\u00ea-se que \u201cna sequ\u00eancia das conversa\u00e7\u00f5es que decorrem\u201d entre a tutela, \u201cas administra\u00e7\u00f5es [&hellip;]\" \/>\n<meta property=\"og:url\" content=\"https:\/\/www.altominho.tv\/site\/2024\/06\/01\/greve-de-10-dias-nos-portos-em-junho-suspensa-depois-de-negociacoes\/\" \/>\n<meta property=\"og:site_name\" content=\"Altominho.tv\" \/>\n<meta property=\"article:publisher\" content=\"https:\/\/www.facebook.com\/altominhotv\" \/>\n<meta property=\"article:published_time\" content=\"2024-06-01T08:22:06+00:00\" \/>\n<meta property=\"article:modified_time\" content=\"2024-06-01T08:22:08+00:00\" \/>\n<meta property=\"og:image\" content=\"https:\/\/www.altominho.tv\/site\/wp-content\/uploads\/2023\/05\/Estaleiros-Viana.png\" \/>\n\t<meta property=\"og:image:width\" content=\"1138\" \/>\n\t<meta property=\"og:image:height\" content=\"605\" \/>\n\t<meta property=\"og:image:type\" content=\"image\/png\" \/>\n<meta name=\"author\" content=\"Lusa\" \/>\n<meta name=\"twitter:card\" content=\"summary_large_image\" \/>\n<meta name=\"twitter:creator\" content=\"@altominhoTV\" \/>\n<meta name=\"twitter:site\" content=\"@altominhoTV\" \/>\n<meta name=\"twitter:label1\" content=\"Escrito por\" \/>\n\t<meta name=\"twitter:data1\" content=\"Lusa\" \/>\n\t<meta name=\"twitter:label2\" content=\"Tempo estimado de leitura\" \/>\n\t<meta name=\"twitter:data2\" content=\"2 minutos\" \/>\n<script type=\"application\/ld+json\" class=\"yoast-schema-graph\">{\"@context\":\"https:\\\/\\\/schema.org\",\"@graph\":[{\"@type\":\"Article\",\"@id\":\"https:\\\/\\\/www.altominho.tv\\\/site\\\/2024\\\/06\\\/01\\\/greve-de-10-dias-nos-portos-em-junho-suspensa-depois-de-negociacoes\\\/#article\",\"isPartOf\":{\"@id\":\"https:\\\/\\\/www.altominho.tv\\\/site\\\/2024\\\/06\\\/01\\\/greve-de-10-dias-nos-portos-em-junho-suspensa-depois-de-negociacoes\\\/\"},\"author\":{\"name\":\"Lusa\",\"@id\":\"https:\\\/\\\/www.altominho.tv\\\/site\\\/#\\\/schema\\\/person\\\/63f693da3e1899361cbe955c46f3232e\"},\"headline\":\"Greve de 10 dias nos portos em junho suspensa depois de negocia\u00e7\u00f5es\",\"datePublished\":\"2024-06-01T08:22:06+00:00\",\"dateModified\":\"2024-06-01T08:22:08+00:00\",\"mainEntityOfPage\":{\"@id\":\"https:\\\/\\\/www.altominho.tv\\\/site\\\/2024\\\/06\\\/01\\\/greve-de-10-dias-nos-portos-em-junho-suspensa-depois-de-negociacoes\\\/\"},\"wordCount\":329,\"image\":{\"@id\":\"https:\\\/\\\/www.altominho.tv\\\/site\\\/2024\\\/06\\\/01\\\/greve-de-10-dias-nos-portos-em-junho-suspensa-depois-de-negociacoes\\\/#primaryimage\"},\"thumbnailUrl\":\"https:\\\/\\\/www.altominho.tv\\\/site\\\/wp-content\\\/uploads\\\/2023\\\/05\\\/Estaleiros-Viana.png\",\"keywords\":[\"Pol\u00edtica\"],\"articleSection\":[\"Viana do Castelo\"],\"inLanguage\":\"pt-PT\",\"copyrightYear\":\"2024\",\"copyrightHolder\":{\"@id\":\"https:\\\/\\\/www.altominho.tv\\\/site\\\/#organization\"}},{\"@type\":\"WebPage\",\"@id\":\"https:\\\/\\\/www.altominho.tv\\\/site\\\/2024\\\/06\\\/01\\\/greve-de-10-dias-nos-portos-em-junho-suspensa-depois-de-negociacoes\\\/\",\"url\":\"https:\\\/\\\/www.altominho.tv\\\/site\\\/2024\\\/06\\\/01\\\/greve-de-10-dias-nos-portos-em-junho-suspensa-depois-de-negociacoes\\\/\",\"name\":\"Greve de 10 dias nos portos em junho suspensa depois de negocia\u00e7\u00f5es\",\"isPartOf\":{\"@id\":\"https:\\\/\\\/www.altominho.tv\\\/site\\\/#website\"},\"primaryImageOfPage\":{\"@id\":\"https:\\\/\\\/www.altominho.tv\\\/site\\\/2024\\\/06\\\/01\\\/greve-de-10-dias-nos-portos-em-junho-suspensa-depois-de-negociacoes\\\/#primaryimage\"},\"image\":{\"@id\":\"https:\\\/\\\/www.altominho.tv\\\/site\\\/2024\\\/06\\\/01\\\/greve-de-10-dias-nos-portos-em-junho-suspensa-depois-de-negociacoes\\\/#primaryimage\"},\"thumbnailUrl\":\"https:\\\/\\\/www.altominho.tv\\\/site\\\/wp-content\\\/uploads\\\/2023\\\/05\\\/Estaleiros-Viana.png\",\"datePublished\":\"2024-06-01T08:22:06+00:00\",\"dateModified\":\"2024-06-01T08:22:08+00:00\",\"author\":{\"@id\":\"https:\\\/\\\/www.altominho.tv\\\/site\\\/#\\\/schema\\\/person\\\/63f693da3e1899361cbe955c46f3232e\"},\"breadcrumb\":{\"@id\":\"https:\\\/\\\/www.altominho.tv\\\/site\\\/2024\\\/06\\\/01\\\/greve-de-10-dias-nos-portos-em-junho-suspensa-depois-de-negociacoes\\\/#breadcrumb\"},\"inLanguage\":\"pt-PT\",\"potentialAction\":[{\"@type\":\"ReadAction\",\"target\":[\"https:\\\/\\\/www.altominho.tv\\\/site\\\/2024\\\/06\\\/01\\\/greve-de-10-dias-nos-portos-em-junho-suspensa-depois-de-negociacoes\\\/\"]}]},{\"@type\":\"ImageObject\",\"inLanguage\":\"pt-PT\",\"@id\":\"https:\\\/\\\/www.altominho.tv\\\/site\\\/2024\\\/06\\\/01\\\/greve-de-10-dias-nos-portos-em-junho-suspensa-depois-de-negociacoes\\\/#primaryimage\",\"url\":\"https:\\\/\\\/www.altominho.tv\\\/site\\\/wp-content\\\/uploads\\\/2023\\\/05\\\/Estaleiros-Viana.png\",\"contentUrl\":\"https:\\\/\\\/www.altominho.tv\\\/site\\\/wp-content\\\/uploads\\\/2023\\\/05\\\/Estaleiros-Viana.png\",\"width\":1138,\"height\":605},{\"@type\":\"BreadcrumbList\",\"@id\":\"https:\\\/\\\/www.altominho.tv\\\/site\\\/2024\\\/06\\\/01\\\/greve-de-10-dias-nos-portos-em-junho-suspensa-depois-de-negociacoes\\\/#breadcrumb\",\"itemListElement\":[{\"@type\":\"ListItem\",\"position\":1,\"name\":\"In\u00edcio\",\"item\":\"https:\\\/\\\/www.altominho.tv\\\/site\\\/\"},{\"@type\":\"ListItem\",\"position\":2,\"name\":\"Greve de 10 dias nos portos em junho suspensa depois de negocia\u00e7\u00f5es\"}]},{\"@type\":\"WebSite\",\"@id\":\"https:\\\/\\\/www.altominho.tv\\\/site\\\/#website\",\"url\":\"https:\\\/\\\/www.altominho.tv\\\/site\\\/\",\"name\":\"Altominho.tv\",\"description\":\"A sua regi\u00e3o \u00e0 dist\u00e2ncia de um clique...\",\"potentialAction\":[{\"@type\":\"SearchAction\",\"target\":{\"@type\":\"EntryPoint\",\"urlTemplate\":\"https:\\\/\\\/www.altominho.tv\\\/site\\\/?s={search_term_string}\"},\"query-input\":{\"@type\":\"PropertyValueSpecification\",\"valueRequired\":true,\"valueName\":\"search_term_string\"}}],\"inLanguage\":\"pt-PT\"},{\"@type\":\"Person\",\"@id\":\"https:\\\/\\\/www.altominho.tv\\\/site\\\/#\\\/schema\\\/person\\\/63f693da3e1899361cbe955c46f3232e\",\"name\":\"Lusa\",\"image\":{\"@type\":\"ImageObject\",\"inLanguage\":\"pt-PT\",\"@id\":\"https:\\\/\\\/www.altominho.tv\\\/site\\\/wp-content\\\/uploads\\\/2019\\\/08\\\/LUSA_Logo.gif\",\"url\":\"https:\\\/\\\/www.altominho.tv\\\/site\\\/wp-content\\\/uploads\\\/2019\\\/08\\\/LUSA_Logo.gif\",\"contentUrl\":\"https:\\\/\\\/www.altominho.tv\\\/site\\\/wp-content\\\/uploads\\\/2019\\\/08\\\/LUSA_Logo.gif\",\"caption\":\"Lusa\"},\"sameAs\":[\"http:\\\/\\\/\\\/\\\/www.altominho.tv\\\/site\"],\"url\":\"https:\\\/\\\/www.altominho.tv\\\/site\\\/author\\\/lusa\\\/\"}]}<\/script>\n<!-- \/ Yoast SEO Premium plugin. -->","yoast_head_json":{"title":"Greve de 10 dias nos portos em junho suspensa depois de negocia\u00e7\u00f5es","robots":{"index":"index","follow":"follow","max-snippet":"max-snippet:-1","max-image-preview":"max-image-preview:large","max-video-preview":"max-video-preview:-1"},"canonical":"https:\/\/www.altominho.tv\/site\/2024\/06\/01\/greve-de-10-dias-nos-portos-em-junho-suspensa-depois-de-negociacoes\/","og_locale":"pt_PT","og_type":"article","og_title":"Greve de 10 dias nos portos em junho suspensa depois de negocia\u00e7\u00f5es","og_description":"A greve marcada para os portos em junho, durante dez dias, foi suspensa, na sequ\u00eancia de conversa\u00e7\u00f5es entre o Sindicato Nacional dos Trabalhadores das Administra\u00e7\u00f5es Portu\u00e1rias (SNTAP) e o Governo, segundo um comunicado. Na nota, divulgada pelo Minist\u00e9rio das Infraestruturas e Habita\u00e7\u00e3o, l\u00ea-se que \u201cna sequ\u00eancia das conversa\u00e7\u00f5es que decorrem\u201d entre a tutela, \u201cas administra\u00e7\u00f5es [&hellip;]","og_url":"https:\/\/www.altominho.tv\/site\/2024\/06\/01\/greve-de-10-dias-nos-portos-em-junho-suspensa-depois-de-negociacoes\/","og_site_name":"Altominho.tv","article_publisher":"https:\/\/www.facebook.com\/altominhotv","article_published_time":"2024-06-01T08:22:06+00:00","article_modified_time":"2024-06-01T08:22:08+00:00","og_image":[{"width":1138,"height":605,"url":"https:\/\/www.altominho.tv\/site\/wp-content\/uploads\/2023\/05\/Estaleiros-Viana.png","type":"image\/png"}],"author":"Lusa","twitter_card":"summary_large_image","twitter_creator":"@altominhoTV","twitter_site":"@altominhoTV","twitter_misc":{"Escrito por":"Lusa","Tempo estimado de leitura":"2 minutos"},"schema":{"@context":"https:\/\/schema.org","@graph":[{"@type":"Article","@id":"https:\/\/www.altominho.tv\/site\/2024\/06\/01\/greve-de-10-dias-nos-portos-em-junho-suspensa-depois-de-negociacoes\/#article","isPartOf":{"@id":"https:\/\/www.altominho.tv\/site\/2024\/06\/01\/greve-de-10-dias-nos-portos-em-junho-suspensa-depois-de-negociacoes\/"},"author":{"name":"Lusa","@id":"https:\/\/www.altominho.tv\/site\/#\/schema\/person\/63f693da3e1899361cbe955c46f3232e"},"headline":"Greve de 10 dias nos portos em junho suspensa depois de negocia\u00e7\u00f5es","datePublished":"2024-06-01T08:22:06+00:00","dateModified":"2024-06-01T08:22:08+00:00","mainEntityOfPage":{"@id":"https:\/\/www.altominho.tv\/site\/2024\/06\/01\/greve-de-10-dias-nos-portos-em-junho-suspensa-depois-de-negociacoes\/"},"wordCount":329,"image":{"@id":"https:\/\/www.altominho.tv\/site\/2024\/06\/01\/greve-de-10-dias-nos-portos-em-junho-suspensa-depois-de-negociacoes\/#primaryimage"},"thumbnailUrl":"https:\/\/www.altominho.tv\/site\/wp-content\/uploads\/2023\/05\/Estaleiros-Viana.png","keywords":["Pol\u00edtica"],"articleSection":["Viana do Castelo"],"inLanguage":"pt-PT","copyrightYear":"2024","copyrightHolder":{"@id":"https:\/\/www.altominho.tv\/site\/#organization"}},{"@type":"WebPage","@id":"https:\/\/www.altominho.tv\/site\/2024\/06\/01\/greve-de-10-dias-nos-portos-em-junho-suspensa-depois-de-negociacoes\/","url":"https:\/\/www.altominho.tv\/site\/2024\/06\/01\/greve-de-10-dias-nos-portos-em-junho-suspensa-depois-de-negociacoes\/","name":"Greve de 10 dias nos portos em junho suspensa depois de negocia\u00e7\u00f5es","isPartOf":{"@id":"https:\/\/www.altominho.tv\/site\/#website"},"primaryImageOfPage":{"@id":"https:\/\/www.altominho.tv\/site\/2024\/06\/01\/greve-de-10-dias-nos-portos-em-junho-suspensa-depois-de-negociacoes\/#primaryimage"},"image":{"@id":"https:\/\/www.altominho.tv\/site\/2024\/06\/01\/greve-de-10-dias-nos-portos-em-junho-suspensa-depois-de-negociacoes\/#primaryimage"},"thumbnailUrl":"https:\/\/www.altominho.tv\/site\/wp-content\/uploads\/2023\/05\/Estaleiros-Viana.png","datePublished":"2024-06-01T08:22:06+00:00","dateModified":"2024-06-01T08:22:08+00:00","author":{"@id":"https:\/\/www.altominho.tv\/site\/#\/schema\/person\/63f693da3e1899361cbe955c46f3232e"},"breadcrumb":{"@id":"https:\/\/www.altominho.tv\/site\/2024\/06\/01\/greve-de-10-dias-nos-portos-em-junho-suspensa-depois-de-negociacoes\/#breadcrumb"},"inLanguage":"pt-PT","potentialAction":[{"@type":"ReadAction","target":["https:\/\/www.altominho.tv\/site\/2024\/06\/01\/greve-de-10-dias-nos-portos-em-junho-suspensa-depois-de-negociacoes\/"]}]},{"@type":"ImageObject","inLanguage":"pt-PT","@id":"https:\/\/www.altominho.tv\/site\/2024\/06\/01\/greve-de-10-dias-nos-portos-em-junho-suspensa-depois-de-negociacoes\/#primaryimage","url":"https:\/\/www.altominho.tv\/site\/wp-content\/uploads\/2023\/05\/Estaleiros-Viana.png","contentUrl":"https:\/\/www.altominho.tv\/site\/wp-content\/uploads\/2023\/05\/Estaleiros-Viana.png","width":1138,"height":605},{"@type":"BreadcrumbList","@id":"https:\/\/www.altominho.tv\/site\/2024\/06\/01\/greve-de-10-dias-nos-portos-em-junho-suspensa-depois-de-negociacoes\/#breadcrumb","itemListElement":[{"@type":"ListItem","position":1,"name":"In\u00edcio","item":"https:\/\/www.altominho.tv\/site\/"},{"@type":"ListItem","position":2,"name":"Greve de 10 dias nos portos em junho suspensa depois de negocia\u00e7\u00f5es"}]},{"@type":"WebSite","@id":"https:\/\/www.altominho.tv\/site\/#website","url":"https:\/\/www.altominho.tv\/site\/","name":"Altominho.tv","description":"A sua regi\u00e3o \u00e0 dist\u00e2ncia de um clique...","potentialAction":[{"@type":"SearchAction","target":{"@type":"EntryPoint","urlTemplate":"https:\/\/www.altominho.tv\/site\/?s={search_term_string}"},"query-input":{"@type":"PropertyValueSpecification","valueRequired":true,"valueName":"search_term_string"}}],"inLanguage":"pt-PT"},{"@type":"Person","@id":"https:\/\/www.altominho.tv\/site\/#\/schema\/person\/63f693da3e1899361cbe955c46f3232e","name":"Lusa","image":{"@type":"ImageObject","inLanguage":"pt-PT","@id":"https:\/\/www.altominho.tv\/site\/wp-content\/uploads\/2019\/08\/LUSA_Logo.gif","url":"https:\/\/www.altominho.tv\/site\/wp-content\/uploads\/2019\/08\/LUSA_Logo.gif","contentUrl":"https:\/\/www.altominho.tv\/site\/wp-content\/uploads\/2019\/08\/LUSA_Logo.gif","caption":"Lusa"},"sameAs":["http:\/\/\/\/www.altominho.tv\/site"],"url":"https:\/\/www.altominho.tv\/site\/author\/lusa\/"}]}},"_links":{"self":[{"href":"https:\/\/www.altominho.tv\/site\/wp-json\/wp\/v2\/posts\/107596","targetHints":{"allow":["GET"]}}],"collection":[{"href":"https:\/\/www.altominho.tv\/site\/wp-json\/wp\/v2\/posts"}],"about":[{"href":"https:\/\/www.altominho.tv\/site\/wp-json\/wp\/v2\/types\/post"}],"author":[{"embeddable":true,"href":"https:\/\/www.altominho.tv\/site\/wp-json\/wp\/v2\/users\/13"}],"replies":[{"embeddable":true,"href":"https:\/\/www.altominho.tv\/site\/wp-json\/wp\/v2\/comments?post=107596"}],"version-history":[{"count":1,"href":"https:\/\/www.altominho.tv\/site\/wp-json\/wp\/v2\/posts\/107596\/revisions"}],"predecessor-version":[{"id":107597,"href":"https:\/\/www.altominho.tv\/site\/wp-json\/wp\/v2\/posts\/107596\/revisions\/107597"}],"wp:featuredmedia":[{"embeddable":true,"href":"https:\/\/www.altominho.tv\/site\/wp-json\/wp\/v2\/media\/92273"}],"wp:attachment":[{"href":"https:\/\/www.altominho.tv\/site\/wp-json\/wp\/v2\/media?parent=107596"}],"wp:term":[{"taxonomy":"category","embeddable":true,"href":"https:\/\/www.altominho.tv\/site\/wp-json\/wp\/v2\/categories?post=107596"},{"taxonomy":"post_tag","embeddable":true,"href":"https:\/\/www.altominho.tv\/site\/wp-json\/wp\/v2\/tags?post=107596"}],"curies":[{"name":"wp","href":"https:\/\/api.w.org\/{rel}","templated":true}]}}