{"id":107514,"date":"2024-05-27T15:45:23","date_gmt":"2024-05-27T14:45:23","guid":{"rendered":"https:\/\/www.altominho.tv\/site\/?p=107514"},"modified":"2024-05-27T15:45:25","modified_gmt":"2024-05-27T14:45:25","slug":"jovem-detido-em-flagrante","status":"publish","type":"post","link":"https:\/\/www.altominho.tv\/site\/2024\/05\/27\/jovem-detido-em-flagrante\/","title":{"rendered":"Jovem detido em flagrante delito por tr\u00e1fico de droga"},"content":{"rendered":"<p>A GNR deteve, em flagrante delito, em Arcos de Valdevez, um jovem de 19 anos por tr\u00e1fico de droga, tendo apreendido mais de 102 doses de haxixe, revelou aquela for\u00e7a policial.<\/p>\n<p>Segundo o Comando Territorial da GNR de Viana do Castelo, a deten\u00e7\u00e3o resultou de uma a\u00e7\u00e3o de fiscaliza\u00e7\u00e3o de uma viatura, tendo verificado que \u201co condutor demonstrava um comportamento suspeito\u201d, tendo procedido a \u201cuma revista pessoal e encontrado estupefacientes\u201d.<\/p>\n<p>Foi ainda \u201cefetuada uma busca sum\u00e1ria ao ve\u00edculo, que resultou na apreens\u00e3o de 102 doses de haxixe, uma balan\u00e7a de precis\u00e3o e um telem\u00f3vel.<\/p>\n<p>O suspeito foi detido e os factos comunicados ao Tribunal Judicial de Arcos de Valdevez.<\/p>\n","protected":false},"excerpt":{"rendered":"<p>A GNR deteve, em flagrante delito, em Arcos de Valdevez, um jovem de 19 anos por tr\u00e1fico de droga, tendo apreendido mais de 102 doses de haxixe, revelou aquela for\u00e7a policial. Segundo o Comando Territorial da GNR de Viana do Castelo, a deten\u00e7\u00e3o resultou de uma a\u00e7\u00e3o de fiscaliza\u00e7\u00e3o de uma viatura, tendo verificado que [&hellip;]<\/p>\n","protected":false},"author":13,"featured_media":94476,"comment_status":"closed","ping_status":"closed","sticky":false,"template":"","format":"standard","meta":{"_exactmetrics_skip_tracking":false,"footnotes":""},"categories":[2],"tags":[27],"class_list":["post-107514","post","type-post","status-publish","format-standard","has-post-thumbnail","hentry","category-arcos-de-valdevez","tag-sociedade"],"yoast_head":"<!-- This site is optimized with the Yoast SEO Premium plugin v28.3 (Yoast SEO v28.3) - https:\/\/yoast.com\/product\/yoast-seo-premium-wordpress\/ -->\n<title>Jovem detido em flagrante delito por tr\u00e1fico de droga<\/title>\n<meta name=\"description\" content=\"A deten\u00e7\u00e3o resultou de uma a\u00e7\u00e3o de fiscaliza\u00e7\u00e3o de uma viatura, tendo verificado que \u201co condutor demonstrava um comportamento suspeito\u201d.\" \/>\n<meta name=\"robots\" content=\"index, follow, max-snippet:-1, max-image-preview:large, max-video-preview:-1\" \/>\n<link rel=\"canonical\" href=\"https:\/\/www.altominho.tv\/site\/2024\/05\/27\/jovem-detido-em-flagrante\/\" \/>\n<meta property=\"og:locale\" content=\"pt_PT\" \/>\n<meta property=\"og:type\" content=\"article\" \/>\n<meta property=\"og:title\" content=\"Jovem detido em flagrante delito por tr\u00e1fico de droga\" \/>\n<meta property=\"og:description\" content=\"A deten\u00e7\u00e3o resultou de uma a\u00e7\u00e3o de fiscaliza\u00e7\u00e3o de uma viatura, tendo verificado que \u201co condutor demonstrava um comportamento suspeito\u201d.\" \/>\n<meta property=\"og:url\" content=\"https:\/\/www.altominho.tv\/site\/2024\/05\/27\/jovem-detido-em-flagrante\/\" \/>\n<meta property=\"og:site_name\" content=\"Altominho.tv\" \/>\n<meta property=\"article:publisher\" content=\"https:\/\/www.facebook.com\/altominhotv\" \/>\n<meta property=\"article:published_time\" content=\"2024-05-27T14:45:23+00:00\" \/>\n<meta property=\"article:modified_time\" content=\"2024-05-27T14:45:25+00:00\" \/>\n<meta property=\"og:image\" content=\"https:\/\/www.altominho.tv\/site\/wp-content\/uploads\/2023\/07\/GNR-2-e1708447534579.jpeg\" \/>\n\t<meta property=\"og:image:width\" content=\"712\" \/>\n\t<meta property=\"og:image:height\" content=\"401\" \/>\n\t<meta property=\"og:image:type\" content=\"image\/jpeg\" \/>\n<meta name=\"author\" content=\"Lusa\" \/>\n<meta name=\"twitter:card\" content=\"summary_large_image\" \/>\n<meta name=\"twitter:creator\" content=\"@altominhoTV\" \/>\n<meta name=\"twitter:site\" content=\"@altominhoTV\" \/>\n<meta name=\"twitter:label1\" content=\"Escrito por\" \/>\n\t<meta name=\"twitter:data1\" content=\"Lusa\" \/>\n\t<meta name=\"twitter:label2\" content=\"Tempo estimado de leitura\" \/>\n\t<meta name=\"twitter:data2\" content=\"1 minuto\" \/>\n<script type=\"application\/ld+json\" class=\"yoast-schema-graph\">{\"@context\":\"https:\\\/\\\/schema.org\",\"@graph\":[{\"@type\":\"Article\",\"@id\":\"https:\\\/\\\/www.altominho.tv\\\/site\\\/2024\\\/05\\\/27\\\/jovem-detido-em-flagrante\\\/#article\",\"isPartOf\":{\"@id\":\"https:\\\/\\\/www.altominho.tv\\\/site\\\/2024\\\/05\\\/27\\\/jovem-detido-em-flagrante\\\/\"},\"author\":{\"name\":\"Lusa\",\"@id\":\"https:\\\/\\\/www.altominho.tv\\\/site\\\/#\\\/schema\\\/person\\\/63f693da3e1899361cbe955c46f3232e\"},\"headline\":\"Jovem detido em flagrante delito por tr\u00e1fico de droga\",\"datePublished\":\"2024-05-27T14:45:23+00:00\",\"dateModified\":\"2024-05-27T14:45:25+00:00\",\"mainEntityOfPage\":{\"@id\":\"https:\\\/\\\/www.altominho.tv\\\/site\\\/2024\\\/05\\\/27\\\/jovem-detido-em-flagrante\\\/\"},\"wordCount\":127,\"image\":{\"@id\":\"https:\\\/\\\/www.altominho.tv\\\/site\\\/2024\\\/05\\\/27\\\/jovem-detido-em-flagrante\\\/#primaryimage\"},\"thumbnailUrl\":\"https:\\\/\\\/www.altominho.tv\\\/site\\\/wp-content\\\/uploads\\\/2023\\\/07\\\/GNR-2-e1708447534579.jpeg\",\"keywords\":[\"Sociedade\"],\"articleSection\":[\"Arcos de Valdevez\"],\"inLanguage\":\"pt-PT\",\"copyrightYear\":\"2024\",\"copyrightHolder\":{\"@id\":\"https:\\\/\\\/www.altominho.tv\\\/site\\\/#organization\"}},{\"@type\":\"WebPage\",\"@id\":\"https:\\\/\\\/www.altominho.tv\\\/site\\\/2024\\\/05\\\/27\\\/jovem-detido-em-flagrante\\\/\",\"url\":\"https:\\\/\\\/www.altominho.tv\\\/site\\\/2024\\\/05\\\/27\\\/jovem-detido-em-flagrante\\\/\",\"name\":\"Jovem detido em flagrante delito por tr\u00e1fico de droga\",\"isPartOf\":{\"@id\":\"https:\\\/\\\/www.altominho.tv\\\/site\\\/#website\"},\"primaryImageOfPage\":{\"@id\":\"https:\\\/\\\/www.altominho.tv\\\/site\\\/2024\\\/05\\\/27\\\/jovem-detido-em-flagrante\\\/#primaryimage\"},\"image\":{\"@id\":\"https:\\\/\\\/www.altominho.tv\\\/site\\\/2024\\\/05\\\/27\\\/jovem-detido-em-flagrante\\\/#primaryimage\"},\"thumbnailUrl\":\"https:\\\/\\\/www.altominho.tv\\\/site\\\/wp-content\\\/uploads\\\/2023\\\/07\\\/GNR-2-e1708447534579.jpeg\",\"datePublished\":\"2024-05-27T14:45:23+00:00\",\"dateModified\":\"2024-05-27T14:45:25+00:00\",\"author\":{\"@id\":\"https:\\\/\\\/www.altominho.tv\\\/site\\\/#\\\/schema\\\/person\\\/63f693da3e1899361cbe955c46f3232e\"},\"description\":\"A deten\u00e7\u00e3o resultou de uma a\u00e7\u00e3o de fiscaliza\u00e7\u00e3o de uma viatura, tendo verificado que \u201co condutor demonstrava um comportamento suspeito\u201d.\",\"breadcrumb\":{\"@id\":\"https:\\\/\\\/www.altominho.tv\\\/site\\\/2024\\\/05\\\/27\\\/jovem-detido-em-flagrante\\\/#breadcrumb\"},\"inLanguage\":\"pt-PT\",\"potentialAction\":[{\"@type\":\"ReadAction\",\"target\":[\"https:\\\/\\\/www.altominho.tv\\\/site\\\/2024\\\/05\\\/27\\\/jovem-detido-em-flagrante\\\/\"]}]},{\"@type\":\"ImageObject\",\"inLanguage\":\"pt-PT\",\"@id\":\"https:\\\/\\\/www.altominho.tv\\\/site\\\/2024\\\/05\\\/27\\\/jovem-detido-em-flagrante\\\/#primaryimage\",\"url\":\"https:\\\/\\\/www.altominho.tv\\\/site\\\/wp-content\\\/uploads\\\/2023\\\/07\\\/GNR-2-e1708447534579.jpeg\",\"contentUrl\":\"https:\\\/\\\/www.altominho.tv\\\/site\\\/wp-content\\\/uploads\\\/2023\\\/07\\\/GNR-2-e1708447534579.jpeg\",\"width\":712,\"height\":401},{\"@type\":\"BreadcrumbList\",\"@id\":\"https:\\\/\\\/www.altominho.tv\\\/site\\\/2024\\\/05\\\/27\\\/jovem-detido-em-flagrante\\\/#breadcrumb\",\"itemListElement\":[{\"@type\":\"ListItem\",\"position\":1,\"name\":\"In\u00edcio\",\"item\":\"https:\\\/\\\/www.altominho.tv\\\/site\\\/\"},{\"@type\":\"ListItem\",\"position\":2,\"name\":\"Jovem detido em flagrante delito por tr\u00e1fico de droga\"}]},{\"@type\":\"WebSite\",\"@id\":\"https:\\\/\\\/www.altominho.tv\\\/site\\\/#website\",\"url\":\"https:\\\/\\\/www.altominho.tv\\\/site\\\/\",\"name\":\"Altominho.tv\",\"description\":\"A sua regi\u00e3o \u00e0 dist\u00e2ncia de um clique...\",\"potentialAction\":[{\"@type\":\"SearchAction\",\"target\":{\"@type\":\"EntryPoint\",\"urlTemplate\":\"https:\\\/\\\/www.altominho.tv\\\/site\\\/?s={search_term_string}\"},\"query-input\":{\"@type\":\"PropertyValueSpecification\",\"valueRequired\":true,\"valueName\":\"search_term_string\"}}],\"inLanguage\":\"pt-PT\"},{\"@type\":\"Person\",\"@id\":\"https:\\\/\\\/www.altominho.tv\\\/site\\\/#\\\/schema\\\/person\\\/63f693da3e1899361cbe955c46f3232e\",\"name\":\"Lusa\",\"image\":{\"@type\":\"ImageObject\",\"inLanguage\":\"pt-PT\",\"@id\":\"https:\\\/\\\/www.altominho.tv\\\/site\\\/wp-content\\\/uploads\\\/2019\\\/08\\\/LUSA_Logo.gif\",\"url\":\"https:\\\/\\\/www.altominho.tv\\\/site\\\/wp-content\\\/uploads\\\/2019\\\/08\\\/LUSA_Logo.gif\",\"contentUrl\":\"https:\\\/\\\/www.altominho.tv\\\/site\\\/wp-content\\\/uploads\\\/2019\\\/08\\\/LUSA_Logo.gif\",\"caption\":\"Lusa\"},\"sameAs\":[\"http:\\\/\\\/\\\/\\\/www.altominho.tv\\\/site\"],\"url\":\"https:\\\/\\\/www.altominho.tv\\\/site\\\/author\\\/lusa\\\/\"}]}<\/script>\n<!-- \/ Yoast SEO Premium plugin. -->","yoast_head_json":{"title":"Jovem detido em flagrante delito por tr\u00e1fico de droga","description":"A deten\u00e7\u00e3o resultou de uma a\u00e7\u00e3o de fiscaliza\u00e7\u00e3o de uma viatura, tendo verificado que \u201co condutor demonstrava um comportamento suspeito\u201d.","robots":{"index":"index","follow":"follow","max-snippet":"max-snippet:-1","max-image-preview":"max-image-preview:large","max-video-preview":"max-video-preview:-1"},"canonical":"https:\/\/www.altominho.tv\/site\/2024\/05\/27\/jovem-detido-em-flagrante\/","og_locale":"pt_PT","og_type":"article","og_title":"Jovem detido em flagrante delito por tr\u00e1fico de droga","og_description":"A deten\u00e7\u00e3o resultou de uma a\u00e7\u00e3o de fiscaliza\u00e7\u00e3o de uma viatura, tendo verificado que \u201co condutor demonstrava um comportamento suspeito\u201d.","og_url":"https:\/\/www.altominho.tv\/site\/2024\/05\/27\/jovem-detido-em-flagrante\/","og_site_name":"Altominho.tv","article_publisher":"https:\/\/www.facebook.com\/altominhotv","article_published_time":"2024-05-27T14:45:23+00:00","article_modified_time":"2024-05-27T14:45:25+00:00","og_image":[{"width":712,"height":401,"url":"https:\/\/www.altominho.tv\/site\/wp-content\/uploads\/2023\/07\/GNR-2-e1708447534579.jpeg","type":"image\/jpeg"}],"author":"Lusa","twitter_card":"summary_large_image","twitter_creator":"@altominhoTV","twitter_site":"@altominhoTV","twitter_misc":{"Escrito por":"Lusa","Tempo estimado de leitura":"1 minuto"},"schema":{"@context":"https:\/\/schema.org","@graph":[{"@type":"Article","@id":"https:\/\/www.altominho.tv\/site\/2024\/05\/27\/jovem-detido-em-flagrante\/#article","isPartOf":{"@id":"https:\/\/www.altominho.tv\/site\/2024\/05\/27\/jovem-detido-em-flagrante\/"},"author":{"name":"Lusa","@id":"https:\/\/www.altominho.tv\/site\/#\/schema\/person\/63f693da3e1899361cbe955c46f3232e"},"headline":"Jovem detido em flagrante delito por tr\u00e1fico de droga","datePublished":"2024-05-27T14:45:23+00:00","dateModified":"2024-05-27T14:45:25+00:00","mainEntityOfPage":{"@id":"https:\/\/www.altominho.tv\/site\/2024\/05\/27\/jovem-detido-em-flagrante\/"},"wordCount":127,"image":{"@id":"https:\/\/www.altominho.tv\/site\/2024\/05\/27\/jovem-detido-em-flagrante\/#primaryimage"},"thumbnailUrl":"https:\/\/www.altominho.tv\/site\/wp-content\/uploads\/2023\/07\/GNR-2-e1708447534579.jpeg","keywords":["Sociedade"],"articleSection":["Arcos de Valdevez"],"inLanguage":"pt-PT","copyrightYear":"2024","copyrightHolder":{"@id":"https:\/\/www.altominho.tv\/site\/#organization"}},{"@type":"WebPage","@id":"https:\/\/www.altominho.tv\/site\/2024\/05\/27\/jovem-detido-em-flagrante\/","url":"https:\/\/www.altominho.tv\/site\/2024\/05\/27\/jovem-detido-em-flagrante\/","name":"Jovem detido em flagrante delito por tr\u00e1fico de droga","isPartOf":{"@id":"https:\/\/www.altominho.tv\/site\/#website"},"primaryImageOfPage":{"@id":"https:\/\/www.altominho.tv\/site\/2024\/05\/27\/jovem-detido-em-flagrante\/#primaryimage"},"image":{"@id":"https:\/\/www.altominho.tv\/site\/2024\/05\/27\/jovem-detido-em-flagrante\/#primaryimage"},"thumbnailUrl":"https:\/\/www.altominho.tv\/site\/wp-content\/uploads\/2023\/07\/GNR-2-e1708447534579.jpeg","datePublished":"2024-05-27T14:45:23+00:00","dateModified":"2024-05-27T14:45:25+00:00","author":{"@id":"https:\/\/www.altominho.tv\/site\/#\/schema\/person\/63f693da3e1899361cbe955c46f3232e"},"description":"A deten\u00e7\u00e3o resultou de uma a\u00e7\u00e3o de fiscaliza\u00e7\u00e3o de uma viatura, tendo verificado que \u201co condutor demonstrava um comportamento suspeito\u201d.","breadcrumb":{"@id":"https:\/\/www.altominho.tv\/site\/2024\/05\/27\/jovem-detido-em-flagrante\/#breadcrumb"},"inLanguage":"pt-PT","potentialAction":[{"@type":"ReadAction","target":["https:\/\/www.altominho.tv\/site\/2024\/05\/27\/jovem-detido-em-flagrante\/"]}]},{"@type":"ImageObject","inLanguage":"pt-PT","@id":"https:\/\/www.altominho.tv\/site\/2024\/05\/27\/jovem-detido-em-flagrante\/#primaryimage","url":"https:\/\/www.altominho.tv\/site\/wp-content\/uploads\/2023\/07\/GNR-2-e1708447534579.jpeg","contentUrl":"https:\/\/www.altominho.tv\/site\/wp-content\/uploads\/2023\/07\/GNR-2-e1708447534579.jpeg","width":712,"height":401},{"@type":"BreadcrumbList","@id":"https:\/\/www.altominho.tv\/site\/2024\/05\/27\/jovem-detido-em-flagrante\/#breadcrumb","itemListElement":[{"@type":"ListItem","position":1,"name":"In\u00edcio","item":"https:\/\/www.altominho.tv\/site\/"},{"@type":"ListItem","position":2,"name":"Jovem detido em flagrante delito por tr\u00e1fico de droga"}]},{"@type":"WebSite","@id":"https:\/\/www.altominho.tv\/site\/#website","url":"https:\/\/www.altominho.tv\/site\/","name":"Altominho.tv","description":"A sua regi\u00e3o \u00e0 dist\u00e2ncia de um clique...","potentialAction":[{"@type":"SearchAction","target":{"@type":"EntryPoint","urlTemplate":"https:\/\/www.altominho.tv\/site\/?s={search_term_string}"},"query-input":{"@type":"PropertyValueSpecification","valueRequired":true,"valueName":"search_term_string"}}],"inLanguage":"pt-PT"},{"@type":"Person","@id":"https:\/\/www.altominho.tv\/site\/#\/schema\/person\/63f693da3e1899361cbe955c46f3232e","name":"Lusa","image":{"@type":"ImageObject","inLanguage":"pt-PT","@id":"https:\/\/www.altominho.tv\/site\/wp-content\/uploads\/2019\/08\/LUSA_Logo.gif","url":"https:\/\/www.altominho.tv\/site\/wp-content\/uploads\/2019\/08\/LUSA_Logo.gif","contentUrl":"https:\/\/www.altominho.tv\/site\/wp-content\/uploads\/2019\/08\/LUSA_Logo.gif","caption":"Lusa"},"sameAs":["http:\/\/\/\/www.altominho.tv\/site"],"url":"https:\/\/www.altominho.tv\/site\/author\/lusa\/"}]}},"_links":{"self":[{"href":"https:\/\/www.altominho.tv\/site\/wp-json\/wp\/v2\/posts\/107514","targetHints":{"allow":["GET"]}}],"collection":[{"href":"https:\/\/www.altominho.tv\/site\/wp-json\/wp\/v2\/posts"}],"about":[{"href":"https:\/\/www.altominho.tv\/site\/wp-json\/wp\/v2\/types\/post"}],"author":[{"embeddable":true,"href":"https:\/\/www.altominho.tv\/site\/wp-json\/wp\/v2\/users\/13"}],"replies":[{"embeddable":true,"href":"https:\/\/www.altominho.tv\/site\/wp-json\/wp\/v2\/comments?post=107514"}],"version-history":[{"count":1,"href":"https:\/\/www.altominho.tv\/site\/wp-json\/wp\/v2\/posts\/107514\/revisions"}],"predecessor-version":[{"id":107515,"href":"https:\/\/www.altominho.tv\/site\/wp-json\/wp\/v2\/posts\/107514\/revisions\/107515"}],"wp:featuredmedia":[{"embeddable":true,"href":"https:\/\/www.altominho.tv\/site\/wp-json\/wp\/v2\/media\/94476"}],"wp:attachment":[{"href":"https:\/\/www.altominho.tv\/site\/wp-json\/wp\/v2\/media?parent=107514"}],"wp:term":[{"taxonomy":"category","embeddable":true,"href":"https:\/\/www.altominho.tv\/site\/wp-json\/wp\/v2\/categories?post=107514"},{"taxonomy":"post_tag","embeddable":true,"href":"https:\/\/www.altominho.tv\/site\/wp-json\/wp\/v2\/tags?post=107514"}],"curies":[{"name":"wp","href":"https:\/\/api.w.org\/{rel}","templated":true}]}}