{"id":107458,"date":"2024-05-24T11:12:08","date_gmt":"2024-05-24T10:12:08","guid":{"rendered":"https:\/\/www.altominho.tv\/site\/?p=107458"},"modified":"2024-05-24T11:12:11","modified_gmt":"2024-05-24T10:12:11","slug":"ponte-da-barca-empresas","status":"publish","type":"post","link":"https:\/\/www.altominho.tv\/site\/2024\/05\/24\/ponte-da-barca-empresas\/","title":{"rendered":"Abertura do segundo Procedimento para Aliena\u00e7\u00e3o de Lotes de Terreno no Parque Empresarial do Rodo"},"content":{"rendered":"\n<p>A C\u00e2mara Municipal de Ponte da Barca deu hoje nota que j\u00e1 se encontra aberto o segundo processo de candidaturas para aliena\u00e7\u00e3o de lotes de terreno destinados \u00e0 instala\u00e7\u00e3o de unidades empresariais no Parque Empresarial Il da \u00c1rea Empresarial do Rodo.<\/p>\n\n\n\n<p>&#8220;Os lotes t\u00eam como finalidade a instala\u00e7\u00e3o de unidades destinadas a atividades industriais, armazenagem, log\u00edstica, bem como atividades de com\u00e9rcio e servi\u00e7os, com as carater\u00edsticas compat\u00edveis com a l\u00f3gica de funcionamento desta \u00e1rea&#8221;, disse a autarquia.<\/p>\n\n\n\n<p>Os interessados &#8220;dever\u00e3o apresentar proposta mediante formaliza\u00e7\u00e3o de ficha de candidatura submetida em formul\u00e1rio pr\u00f3prio dispon\u00edvel no site da autarquia atrav\u00e9s do link: <a href=\"https:\/\/www.cmpb.pt\/noticia.php?id=2549 \">https:\/\/www.cmpb.pt\/noticia.php?id=2549 <\/a>, at\u00e9 ao dia 22 de junho, onde se encontra dispon\u00edvel tamb\u00e9m o Edital, Regulamento e Procedimento para Aliena\u00e7\u00e3o de Lote&#8221;.<\/p>\n\n\n\n<figure class=\"wp-block-image size-full\"><img loading=\"lazy\" decoding=\"async\" width=\"1000\" height=\"622\" src=\"https:\/\/www.altominho.tv\/site\/wp-content\/uploads\/2024\/05\/PER__novo02.jpg\" alt=\"\" class=\"wp-image-107459\" srcset=\"https:\/\/www.altominho.tv\/site\/wp-content\/uploads\/2024\/05\/PER__novo02.jpg 1000w, https:\/\/www.altominho.tv\/site\/wp-content\/uploads\/2024\/05\/PER__novo02-696x433.jpg 696w, https:\/\/www.altominho.tv\/site\/wp-content\/uploads\/2024\/05\/PER__novo02-768x478.jpg 768w, https:\/\/www.altominho.tv\/site\/wp-content\/uploads\/2024\/05\/PER__novo02-370x230.jpg 370w, https:\/\/www.altominho.tv\/site\/wp-content\/uploads\/2024\/05\/PER__novo02-270x168.jpg 270w, https:\/\/www.altominho.tv\/site\/wp-content\/uploads\/2024\/05\/PER__novo02-570x355.jpg 570w, https:\/\/www.altominho.tv\/site\/wp-content\/uploads\/2024\/05\/PER__novo02-740x460.jpg 740w\" sizes=\"auto, (max-width: 1000px) 100vw, 1000px\" \/><\/figure>\n","protected":false},"excerpt":{"rendered":"<p>A C\u00e2mara Municipal de Ponte da Barca deu hoje nota que j\u00e1 se encontra aberto o segundo processo de candidaturas para aliena\u00e7\u00e3o de lotes de terreno destinados \u00e0 instala\u00e7\u00e3o de unidades empresariais no Parque Empresarial Il da \u00c1rea Empresarial do Rodo. &#8220;Os lotes t\u00eam como finalidade a instala\u00e7\u00e3o de unidades destinadas a atividades industriais, armazenagem, [&hellip;]<\/p>\n","protected":false},"author":7,"featured_media":107460,"comment_status":"closed","ping_status":"closed","sticky":false,"template":"","format":"standard","meta":{"_exactmetrics_skip_tracking":false,"_exactmetrics_sitenote_active":false,"_exactmetrics_sitenote_note":"","_exactmetrics_sitenote_category":0,"footnotes":""},"categories":[11],"tags":[21],"class_list":["post-107458","post","type-post","status-publish","format-standard","has-post-thumbnail","hentry","category-ponte-da-barca","tag-economia"],"yoast_head":"<!-- This site is optimized with the Yoast SEO Premium plugin v27.5 (Yoast SEO v27.5) - https:\/\/yoast.com\/product\/yoast-seo-premium-wordpress\/ -->\n<title>Abertura do segundo Procedimento para Aliena\u00e7\u00e3o de Lotes de Terreno no Parque Empresarial do Rodo<\/title>\n<meta name=\"description\" content=\"Abertura do segundo Procedimento para Aliena\u00e7\u00e3o de Lotes de Terreno no Parque Empresarial do Rodo, em Ponte da Barca,\" \/>\n<meta name=\"robots\" content=\"index, follow, max-snippet:-1, max-image-preview:large, max-video-preview:-1\" \/>\n<link rel=\"canonical\" href=\"https:\/\/www.altominho.tv\/site\/2024\/05\/24\/ponte-da-barca-empresas\/\" \/>\n<meta property=\"og:locale\" content=\"pt_PT\" \/>\n<meta property=\"og:type\" content=\"article\" \/>\n<meta property=\"og:title\" content=\"Abertura do segundo Procedimento para Aliena\u00e7\u00e3o de Lotes de Terreno no Parque Empresarial do Rodo\" \/>\n<meta property=\"og:description\" content=\"Abertura do segundo Procedimento para Aliena\u00e7\u00e3o de Lotes de Terreno no Parque Empresarial do Rodo, em Ponte da Barca,\" \/>\n<meta property=\"og:url\" content=\"https:\/\/www.altominho.tv\/site\/2024\/05\/24\/ponte-da-barca-empresas\/\" \/>\n<meta property=\"og:site_name\" content=\"Altominho.tv\" \/>\n<meta property=\"article:publisher\" content=\"https:\/\/www.facebook.com\/altominhotv\" \/>\n<meta property=\"article:published_time\" content=\"2024-05-24T10:12:08+00:00\" \/>\n<meta property=\"article:modified_time\" content=\"2024-05-24T10:12:11+00:00\" \/>\n<meta property=\"og:image\" content=\"https:\/\/www.altominho.tv\/site\/wp-content\/uploads\/2024\/05\/parque-empresarial-rodo-ponte-da-barca.jpg\" \/>\n\t<meta property=\"og:image:width\" content=\"1200\" \/>\n\t<meta property=\"og:image:height\" content=\"630\" \/>\n\t<meta property=\"og:image:type\" content=\"image\/jpeg\" \/>\n<meta name=\"author\" content=\"Andreia Cunha\" \/>\n<meta name=\"twitter:card\" content=\"summary_large_image\" \/>\n<meta name=\"twitter:creator\" content=\"@altominhoTV\" \/>\n<meta name=\"twitter:site\" content=\"@altominhoTV\" \/>\n<meta name=\"twitter:label1\" content=\"Escrito por\" \/>\n\t<meta name=\"twitter:data1\" content=\"Andreia Cunha\" \/>\n\t<meta name=\"twitter:label2\" content=\"Tempo estimado de leitura\" \/>\n\t<meta name=\"twitter:data2\" content=\"2 minutos\" \/>\n<script type=\"application\/ld+json\" class=\"yoast-schema-graph\">{\"@context\":\"https:\\\/\\\/schema.org\",\"@graph\":[{\"@type\":\"Article\",\"@id\":\"https:\\\/\\\/www.altominho.tv\\\/site\\\/2024\\\/05\\\/24\\\/ponte-da-barca-empresas\\\/#article\",\"isPartOf\":{\"@id\":\"https:\\\/\\\/www.altominho.tv\\\/site\\\/2024\\\/05\\\/24\\\/ponte-da-barca-empresas\\\/\"},\"author\":{\"name\":\"Andreia Cunha\",\"@id\":\"https:\\\/\\\/www.altominho.tv\\\/site\\\/#\\\/schema\\\/person\\\/a0e4ef6d041f98ca284393d8f1d97153\"},\"headline\":\"Abertura do segundo Procedimento para Aliena\u00e7\u00e3o de Lotes de Terreno no Parque Empresarial do Rodo\",\"datePublished\":\"2024-05-24T10:12:08+00:00\",\"dateModified\":\"2024-05-24T10:12:11+00:00\",\"mainEntityOfPage\":{\"@id\":\"https:\\\/\\\/www.altominho.tv\\\/site\\\/2024\\\/05\\\/24\\\/ponte-da-barca-empresas\\\/\"},\"wordCount\":161,\"image\":{\"@id\":\"https:\\\/\\\/www.altominho.tv\\\/site\\\/2024\\\/05\\\/24\\\/ponte-da-barca-empresas\\\/#primaryimage\"},\"thumbnailUrl\":\"https:\\\/\\\/www.altominho.tv\\\/site\\\/wp-content\\\/uploads\\\/2024\\\/05\\\/parque-empresarial-rodo-ponte-da-barca.jpg\",\"keywords\":[\"Economia\"],\"articleSection\":[\"Ponte da Barca\"],\"inLanguage\":\"pt-PT\",\"copyrightYear\":\"2024\",\"copyrightHolder\":{\"@id\":\"https:\\\/\\\/www.altominho.tv\\\/site\\\/#organization\"}},{\"@type\":\"WebPage\",\"@id\":\"https:\\\/\\\/www.altominho.tv\\\/site\\\/2024\\\/05\\\/24\\\/ponte-da-barca-empresas\\\/\",\"url\":\"https:\\\/\\\/www.altominho.tv\\\/site\\\/2024\\\/05\\\/24\\\/ponte-da-barca-empresas\\\/\",\"name\":\"Abertura do segundo Procedimento para Aliena\u00e7\u00e3o de Lotes de Terreno no Parque Empresarial do Rodo\",\"isPartOf\":{\"@id\":\"https:\\\/\\\/www.altominho.tv\\\/site\\\/#website\"},\"primaryImageOfPage\":{\"@id\":\"https:\\\/\\\/www.altominho.tv\\\/site\\\/2024\\\/05\\\/24\\\/ponte-da-barca-empresas\\\/#primaryimage\"},\"image\":{\"@id\":\"https:\\\/\\\/www.altominho.tv\\\/site\\\/2024\\\/05\\\/24\\\/ponte-da-barca-empresas\\\/#primaryimage\"},\"thumbnailUrl\":\"https:\\\/\\\/www.altominho.tv\\\/site\\\/wp-content\\\/uploads\\\/2024\\\/05\\\/parque-empresarial-rodo-ponte-da-barca.jpg\",\"datePublished\":\"2024-05-24T10:12:08+00:00\",\"dateModified\":\"2024-05-24T10:12:11+00:00\",\"author\":{\"@id\":\"https:\\\/\\\/www.altominho.tv\\\/site\\\/#\\\/schema\\\/person\\\/a0e4ef6d041f98ca284393d8f1d97153\"},\"description\":\"Abertura do segundo Procedimento para Aliena\u00e7\u00e3o de Lotes de Terreno no Parque Empresarial do Rodo, em Ponte da Barca,\",\"breadcrumb\":{\"@id\":\"https:\\\/\\\/www.altominho.tv\\\/site\\\/2024\\\/05\\\/24\\\/ponte-da-barca-empresas\\\/#breadcrumb\"},\"inLanguage\":\"pt-PT\",\"potentialAction\":[{\"@type\":\"ReadAction\",\"target\":[\"https:\\\/\\\/www.altominho.tv\\\/site\\\/2024\\\/05\\\/24\\\/ponte-da-barca-empresas\\\/\"]}]},{\"@type\":\"ImageObject\",\"inLanguage\":\"pt-PT\",\"@id\":\"https:\\\/\\\/www.altominho.tv\\\/site\\\/2024\\\/05\\\/24\\\/ponte-da-barca-empresas\\\/#primaryimage\",\"url\":\"https:\\\/\\\/www.altominho.tv\\\/site\\\/wp-content\\\/uploads\\\/2024\\\/05\\\/parque-empresarial-rodo-ponte-da-barca.jpg\",\"contentUrl\":\"https:\\\/\\\/www.altominho.tv\\\/site\\\/wp-content\\\/uploads\\\/2024\\\/05\\\/parque-empresarial-rodo-ponte-da-barca.jpg\",\"width\":1200,\"height\":630},{\"@type\":\"BreadcrumbList\",\"@id\":\"https:\\\/\\\/www.altominho.tv\\\/site\\\/2024\\\/05\\\/24\\\/ponte-da-barca-empresas\\\/#breadcrumb\",\"itemListElement\":[{\"@type\":\"ListItem\",\"position\":1,\"name\":\"In\u00edcio\",\"item\":\"https:\\\/\\\/www.altominho.tv\\\/site\\\/\"},{\"@type\":\"ListItem\",\"position\":2,\"name\":\"Abertura do segundo Procedimento para Aliena\u00e7\u00e3o de Lotes de Terreno no Parque Empresarial do Rodo\"}]},{\"@type\":\"WebSite\",\"@id\":\"https:\\\/\\\/www.altominho.tv\\\/site\\\/#website\",\"url\":\"https:\\\/\\\/www.altominho.tv\\\/site\\\/\",\"name\":\"Altominho.tv\",\"description\":\"A sua regi\u00e3o \u00e0 dist\u00e2ncia de um clique...\",\"potentialAction\":[{\"@type\":\"SearchAction\",\"target\":{\"@type\":\"EntryPoint\",\"urlTemplate\":\"https:\\\/\\\/www.altominho.tv\\\/site\\\/?s={search_term_string}\"},\"query-input\":{\"@type\":\"PropertyValueSpecification\",\"valueRequired\":true,\"valueName\":\"search_term_string\"}}],\"inLanguage\":\"pt-PT\"},{\"@type\":\"Person\",\"@id\":\"https:\\\/\\\/www.altominho.tv\\\/site\\\/#\\\/schema\\\/person\\\/a0e4ef6d041f98ca284393d8f1d97153\",\"name\":\"Andreia Cunha\",\"image\":{\"@type\":\"ImageObject\",\"inLanguage\":\"pt-PT\",\"@id\":\"https:\\\/\\\/www.altominho.tv\\\/site\\\/wp-content\\\/uploads\\\/2017\\\/11\\\/Andreia_Cunha-1-150x150.jpg\",\"url\":\"https:\\\/\\\/www.altominho.tv\\\/site\\\/wp-content\\\/uploads\\\/2017\\\/11\\\/Andreia_Cunha-1-150x150.jpg\",\"contentUrl\":\"https:\\\/\\\/www.altominho.tv\\\/site\\\/wp-content\\\/uploads\\\/2017\\\/11\\\/Andreia_Cunha-1-150x150.jpg\",\"caption\":\"Andreia Cunha\"},\"url\":\"https:\\\/\\\/www.altominho.tv\\\/site\\\/author\\\/andreiacunha\\\/\"}]}<\/script>\n<!-- \/ Yoast SEO Premium plugin. -->","yoast_head_json":{"title":"Abertura do segundo Procedimento para Aliena\u00e7\u00e3o de Lotes de Terreno no Parque Empresarial do Rodo","description":"Abertura do segundo Procedimento para Aliena\u00e7\u00e3o de Lotes de Terreno no Parque Empresarial do Rodo, em Ponte da Barca,","robots":{"index":"index","follow":"follow","max-snippet":"max-snippet:-1","max-image-preview":"max-image-preview:large","max-video-preview":"max-video-preview:-1"},"canonical":"https:\/\/www.altominho.tv\/site\/2024\/05\/24\/ponte-da-barca-empresas\/","og_locale":"pt_PT","og_type":"article","og_title":"Abertura do segundo Procedimento para Aliena\u00e7\u00e3o de Lotes de Terreno no Parque Empresarial do Rodo","og_description":"Abertura do segundo Procedimento para Aliena\u00e7\u00e3o de Lotes de Terreno no Parque Empresarial do Rodo, em Ponte da Barca,","og_url":"https:\/\/www.altominho.tv\/site\/2024\/05\/24\/ponte-da-barca-empresas\/","og_site_name":"Altominho.tv","article_publisher":"https:\/\/www.facebook.com\/altominhotv","article_published_time":"2024-05-24T10:12:08+00:00","article_modified_time":"2024-05-24T10:12:11+00:00","og_image":[{"width":1200,"height":630,"url":"https:\/\/www.altominho.tv\/site\/wp-content\/uploads\/2024\/05\/parque-empresarial-rodo-ponte-da-barca.jpg","type":"image\/jpeg"}],"author":"Andreia Cunha","twitter_card":"summary_large_image","twitter_creator":"@altominhoTV","twitter_site":"@altominhoTV","twitter_misc":{"Escrito por":"Andreia Cunha","Tempo estimado de leitura":"2 minutos"},"schema":{"@context":"https:\/\/schema.org","@graph":[{"@type":"Article","@id":"https:\/\/www.altominho.tv\/site\/2024\/05\/24\/ponte-da-barca-empresas\/#article","isPartOf":{"@id":"https:\/\/www.altominho.tv\/site\/2024\/05\/24\/ponte-da-barca-empresas\/"},"author":{"name":"Andreia Cunha","@id":"https:\/\/www.altominho.tv\/site\/#\/schema\/person\/a0e4ef6d041f98ca284393d8f1d97153"},"headline":"Abertura do segundo Procedimento para Aliena\u00e7\u00e3o de Lotes de Terreno no Parque Empresarial do Rodo","datePublished":"2024-05-24T10:12:08+00:00","dateModified":"2024-05-24T10:12:11+00:00","mainEntityOfPage":{"@id":"https:\/\/www.altominho.tv\/site\/2024\/05\/24\/ponte-da-barca-empresas\/"},"wordCount":161,"image":{"@id":"https:\/\/www.altominho.tv\/site\/2024\/05\/24\/ponte-da-barca-empresas\/#primaryimage"},"thumbnailUrl":"https:\/\/www.altominho.tv\/site\/wp-content\/uploads\/2024\/05\/parque-empresarial-rodo-ponte-da-barca.jpg","keywords":["Economia"],"articleSection":["Ponte da Barca"],"inLanguage":"pt-PT","copyrightYear":"2024","copyrightHolder":{"@id":"https:\/\/www.altominho.tv\/site\/#organization"}},{"@type":"WebPage","@id":"https:\/\/www.altominho.tv\/site\/2024\/05\/24\/ponte-da-barca-empresas\/","url":"https:\/\/www.altominho.tv\/site\/2024\/05\/24\/ponte-da-barca-empresas\/","name":"Abertura do segundo Procedimento para Aliena\u00e7\u00e3o de Lotes de Terreno no Parque Empresarial do Rodo","isPartOf":{"@id":"https:\/\/www.altominho.tv\/site\/#website"},"primaryImageOfPage":{"@id":"https:\/\/www.altominho.tv\/site\/2024\/05\/24\/ponte-da-barca-empresas\/#primaryimage"},"image":{"@id":"https:\/\/www.altominho.tv\/site\/2024\/05\/24\/ponte-da-barca-empresas\/#primaryimage"},"thumbnailUrl":"https:\/\/www.altominho.tv\/site\/wp-content\/uploads\/2024\/05\/parque-empresarial-rodo-ponte-da-barca.jpg","datePublished":"2024-05-24T10:12:08+00:00","dateModified":"2024-05-24T10:12:11+00:00","author":{"@id":"https:\/\/www.altominho.tv\/site\/#\/schema\/person\/a0e4ef6d041f98ca284393d8f1d97153"},"description":"Abertura do segundo Procedimento para Aliena\u00e7\u00e3o de Lotes de Terreno no Parque Empresarial do Rodo, em Ponte da Barca,","breadcrumb":{"@id":"https:\/\/www.altominho.tv\/site\/2024\/05\/24\/ponte-da-barca-empresas\/#breadcrumb"},"inLanguage":"pt-PT","potentialAction":[{"@type":"ReadAction","target":["https:\/\/www.altominho.tv\/site\/2024\/05\/24\/ponte-da-barca-empresas\/"]}]},{"@type":"ImageObject","inLanguage":"pt-PT","@id":"https:\/\/www.altominho.tv\/site\/2024\/05\/24\/ponte-da-barca-empresas\/#primaryimage","url":"https:\/\/www.altominho.tv\/site\/wp-content\/uploads\/2024\/05\/parque-empresarial-rodo-ponte-da-barca.jpg","contentUrl":"https:\/\/www.altominho.tv\/site\/wp-content\/uploads\/2024\/05\/parque-empresarial-rodo-ponte-da-barca.jpg","width":1200,"height":630},{"@type":"BreadcrumbList","@id":"https:\/\/www.altominho.tv\/site\/2024\/05\/24\/ponte-da-barca-empresas\/#breadcrumb","itemListElement":[{"@type":"ListItem","position":1,"name":"In\u00edcio","item":"https:\/\/www.altominho.tv\/site\/"},{"@type":"ListItem","position":2,"name":"Abertura do segundo Procedimento para Aliena\u00e7\u00e3o de Lotes de Terreno no Parque Empresarial do Rodo"}]},{"@type":"WebSite","@id":"https:\/\/www.altominho.tv\/site\/#website","url":"https:\/\/www.altominho.tv\/site\/","name":"Altominho.tv","description":"A sua regi\u00e3o \u00e0 dist\u00e2ncia de um clique...","potentialAction":[{"@type":"SearchAction","target":{"@type":"EntryPoint","urlTemplate":"https:\/\/www.altominho.tv\/site\/?s={search_term_string}"},"query-input":{"@type":"PropertyValueSpecification","valueRequired":true,"valueName":"search_term_string"}}],"inLanguage":"pt-PT"},{"@type":"Person","@id":"https:\/\/www.altominho.tv\/site\/#\/schema\/person\/a0e4ef6d041f98ca284393d8f1d97153","name":"Andreia Cunha","image":{"@type":"ImageObject","inLanguage":"pt-PT","@id":"https:\/\/www.altominho.tv\/site\/wp-content\/uploads\/2017\/11\/Andreia_Cunha-1-150x150.jpg","url":"https:\/\/www.altominho.tv\/site\/wp-content\/uploads\/2017\/11\/Andreia_Cunha-1-150x150.jpg","contentUrl":"https:\/\/www.altominho.tv\/site\/wp-content\/uploads\/2017\/11\/Andreia_Cunha-1-150x150.jpg","caption":"Andreia Cunha"},"url":"https:\/\/www.altominho.tv\/site\/author\/andreiacunha\/"}]}},"_links":{"self":[{"href":"https:\/\/www.altominho.tv\/site\/wp-json\/wp\/v2\/posts\/107458","targetHints":{"allow":["GET"]}}],"collection":[{"href":"https:\/\/www.altominho.tv\/site\/wp-json\/wp\/v2\/posts"}],"about":[{"href":"https:\/\/www.altominho.tv\/site\/wp-json\/wp\/v2\/types\/post"}],"author":[{"embeddable":true,"href":"https:\/\/www.altominho.tv\/site\/wp-json\/wp\/v2\/users\/7"}],"replies":[{"embeddable":true,"href":"https:\/\/www.altominho.tv\/site\/wp-json\/wp\/v2\/comments?post=107458"}],"version-history":[{"count":1,"href":"https:\/\/www.altominho.tv\/site\/wp-json\/wp\/v2\/posts\/107458\/revisions"}],"predecessor-version":[{"id":107461,"href":"https:\/\/www.altominho.tv\/site\/wp-json\/wp\/v2\/posts\/107458\/revisions\/107461"}],"wp:featuredmedia":[{"embeddable":true,"href":"https:\/\/www.altominho.tv\/site\/wp-json\/wp\/v2\/media\/107460"}],"wp:attachment":[{"href":"https:\/\/www.altominho.tv\/site\/wp-json\/wp\/v2\/media?parent=107458"}],"wp:term":[{"taxonomy":"category","embeddable":true,"href":"https:\/\/www.altominho.tv\/site\/wp-json\/wp\/v2\/categories?post=107458"},{"taxonomy":"post_tag","embeddable":true,"href":"https:\/\/www.altominho.tv\/site\/wp-json\/wp\/v2\/tags?post=107458"}],"curies":[{"name":"wp","href":"https:\/\/api.w.org\/{rel}","templated":true}]}}