{"id":107279,"date":"2024-05-18T17:17:03","date_gmt":"2024-05-18T16:17:03","guid":{"rendered":"https:\/\/www.altominho.tv\/site\/?p=107279"},"modified":"2024-05-18T17:17:06","modified_gmt":"2024-05-18T16:17:06","slug":"navio-gil-eannes-recebe-a-bordo-palestra-da-escola-nautica-infante-d-henrique","status":"publish","type":"post","link":"https:\/\/www.altominho.tv\/site\/2024\/05\/18\/navio-gil-eannes-recebe-a-bordo-palestra-da-escola-nautica-infante-d-henrique\/","title":{"rendered":"Navio Gil Eannes recebe a bordo palestra da Escola N\u00e1utica Infante D. Henrique"},"content":{"rendered":"\n<p>No pr\u00f3ximo dia 24 de maio, quinta-feira, pelas 15h00 a Escola N\u00e1utica Infante D. Henrique, em Lisboa, realizar\u00e1 uma palestra a bordo do Navio Gil Eannes, com o objetivo de divulgar a forma\u00e7\u00e3o e as sa\u00eddas profissionais que os cursos da Escola N\u00e1utica proporcionam aos variados n\u00edveis de ensino.<\/p>\n\n\n\n<p>Tamb\u00e9m, pelas 10h00 do dia 24, ter\u00e1 lugar uma palestra na Escola de Monserrate com o intuito de divulgar as ofertas formativas da Escola N\u00e1utica aos alunos do ensino secund\u00e1rio, sobretudo 11\u00ba e 12\u00ba anos, pelo que o convite se estende a todas as escolas do concelho de Viana do Castelo.<\/p>\n\n\n\n<p>Realizada pela Escola N\u00e1utica Infante D. Henrique em parceria com o Clube de Oficiais da Marinha Mercante, a palestra tem como objetivo dar a conhecer a ENIDH como uma institui\u00e7\u00e3o de ensino superior em Portugal que ministra cursos superiores para carreiras mar\u00edtimas, bem como outros cursos que abrangem todas as atividades relevantes para o transporte mar\u00edtimo. Deste modo, para al\u00e9m dos alunos do ensino secund\u00e1rio, est\u00e3o tamb\u00e9m convidados a participar todos os interessados.<\/p>\n\n\n\n<p>O Navio encontra-se aberto para visitas todos os dias das 09h30 \u00e0s 18h00.<\/p>\n","protected":false},"excerpt":{"rendered":"<p>No pr\u00f3ximo dia 24 de maio, quinta-feira, pelas 15h00 a Escola N\u00e1utica Infante D. Henrique, em Lisboa, realizar\u00e1 uma palestra a bordo do Navio Gil Eannes, com o objetivo de divulgar a forma\u00e7\u00e3o e as sa\u00eddas profissionais que os cursos da Escola N\u00e1utica proporcionam aos variados n\u00edveis de ensino. Tamb\u00e9m, pelas 10h00 do dia 24, [&hellip;]<\/p>\n","protected":false},"author":1,"featured_media":107280,"comment_status":"closed","ping_status":"closed","sticky":false,"template":"","format":"standard","meta":{"_exactmetrics_skip_tracking":false,"_exactmetrics_sitenote_active":false,"_exactmetrics_sitenote_note":"","_exactmetrics_sitenote_category":0,"footnotes":""},"categories":[14],"tags":[27],"class_list":["post-107279","post","type-post","status-publish","format-standard","has-post-thumbnail","hentry","category-viana-do-castelo","tag-sociedade"],"yoast_head":"<!-- This site is optimized with the Yoast SEO Premium plugin v27.4 (Yoast SEO v27.4) - https:\/\/yoast.com\/product\/yoast-seo-premium-wordpress\/ -->\n<title>Navio Gil Eannes recebe a bordo palestra da Escola N\u00e1utica Infante D. Henrique<\/title>\n<meta name=\"robots\" content=\"index, follow, max-snippet:-1, max-image-preview:large, max-video-preview:-1\" \/>\n<link rel=\"canonical\" href=\"https:\/\/www.altominho.tv\/site\/2024\/05\/18\/navio-gil-eannes-recebe-a-bordo-palestra-da-escola-nautica-infante-d-henrique\/\" \/>\n<meta property=\"og:locale\" content=\"pt_PT\" \/>\n<meta property=\"og:type\" content=\"article\" \/>\n<meta property=\"og:title\" content=\"Navio Gil Eannes recebe a bordo palestra da Escola N\u00e1utica Infante D. Henrique\" \/>\n<meta property=\"og:description\" content=\"No pr\u00f3ximo dia 24 de maio, quinta-feira, pelas 15h00 a Escola N\u00e1utica Infante D. Henrique, em Lisboa, realizar\u00e1 uma palestra a bordo do Navio Gil Eannes, com o objetivo de divulgar a forma\u00e7\u00e3o e as sa\u00eddas profissionais que os cursos da Escola N\u00e1utica proporcionam aos variados n\u00edveis de ensino. Tamb\u00e9m, pelas 10h00 do dia 24, [&hellip;]\" \/>\n<meta property=\"og:url\" content=\"https:\/\/www.altominho.tv\/site\/2024\/05\/18\/navio-gil-eannes-recebe-a-bordo-palestra-da-escola-nautica-infante-d-henrique\/\" \/>\n<meta property=\"og:site_name\" content=\"Altominho.tv\" \/>\n<meta property=\"article:publisher\" content=\"https:\/\/www.facebook.com\/altominhotv\" \/>\n<meta property=\"article:published_time\" content=\"2024-05-18T16:17:03+00:00\" \/>\n<meta property=\"article:modified_time\" content=\"2024-05-18T16:17:06+00:00\" \/>\n<meta property=\"og:image\" content=\"https:\/\/www.altominho.tv\/site\/wp-content\/uploads\/2024\/05\/GIL-Eannes-Rui-Carvalho.jpg\" \/>\n\t<meta property=\"og:image:width\" content=\"1529\" \/>\n\t<meta property=\"og:image:height\" content=\"800\" \/>\n\t<meta property=\"og:image:type\" content=\"image\/jpeg\" \/>\n<meta name=\"author\" content=\"Altominho.tv\" \/>\n<meta name=\"twitter:card\" content=\"summary_large_image\" \/>\n<meta name=\"twitter:creator\" content=\"@altominhoTV\" \/>\n<meta name=\"twitter:site\" content=\"@altominhoTV\" \/>\n<meta name=\"twitter:label1\" content=\"Escrito por\" \/>\n\t<meta name=\"twitter:data1\" content=\"Altominho.tv\" \/>\n\t<meta name=\"twitter:label2\" content=\"Tempo estimado de leitura\" \/>\n\t<meta name=\"twitter:data2\" content=\"2 minutos\" \/>\n<script type=\"application\/ld+json\" class=\"yoast-schema-graph\">{\"@context\":\"https:\\\/\\\/schema.org\",\"@graph\":[{\"@type\":\"Article\",\"@id\":\"https:\\\/\\\/www.altominho.tv\\\/site\\\/2024\\\/05\\\/18\\\/navio-gil-eannes-recebe-a-bordo-palestra-da-escola-nautica-infante-d-henrique\\\/#article\",\"isPartOf\":{\"@id\":\"https:\\\/\\\/www.altominho.tv\\\/site\\\/2024\\\/05\\\/18\\\/navio-gil-eannes-recebe-a-bordo-palestra-da-escola-nautica-infante-d-henrique\\\/\"},\"author\":{\"name\":\"Altominho.tv\",\"@id\":\"https:\\\/\\\/www.altominho.tv\\\/site\\\/#\\\/schema\\\/person\\\/4e536851627d7914baf3dac752b6af22\"},\"headline\":\"Navio Gil Eannes recebe a bordo palestra da Escola N\u00e1utica Infante D. Henrique\",\"datePublished\":\"2024-05-18T16:17:03+00:00\",\"dateModified\":\"2024-05-18T16:17:06+00:00\",\"mainEntityOfPage\":{\"@id\":\"https:\\\/\\\/www.altominho.tv\\\/site\\\/2024\\\/05\\\/18\\\/navio-gil-eannes-recebe-a-bordo-palestra-da-escola-nautica-infante-d-henrique\\\/\"},\"wordCount\":213,\"image\":{\"@id\":\"https:\\\/\\\/www.altominho.tv\\\/site\\\/2024\\\/05\\\/18\\\/navio-gil-eannes-recebe-a-bordo-palestra-da-escola-nautica-infante-d-henrique\\\/#primaryimage\"},\"thumbnailUrl\":\"https:\\\/\\\/www.altominho.tv\\\/site\\\/wp-content\\\/uploads\\\/2024\\\/05\\\/GIL-Eannes-Rui-Carvalho.jpg\",\"keywords\":[\"Sociedade\"],\"articleSection\":[\"Viana do Castelo\"],\"inLanguage\":\"pt-PT\",\"copyrightYear\":\"2024\",\"copyrightHolder\":{\"@id\":\"https:\\\/\\\/www.altominho.tv\\\/site\\\/#organization\"}},{\"@type\":\"WebPage\",\"@id\":\"https:\\\/\\\/www.altominho.tv\\\/site\\\/2024\\\/05\\\/18\\\/navio-gil-eannes-recebe-a-bordo-palestra-da-escola-nautica-infante-d-henrique\\\/\",\"url\":\"https:\\\/\\\/www.altominho.tv\\\/site\\\/2024\\\/05\\\/18\\\/navio-gil-eannes-recebe-a-bordo-palestra-da-escola-nautica-infante-d-henrique\\\/\",\"name\":\"Navio Gil Eannes recebe a bordo palestra da Escola N\u00e1utica Infante D. Henrique\",\"isPartOf\":{\"@id\":\"https:\\\/\\\/www.altominho.tv\\\/site\\\/#website\"},\"primaryImageOfPage\":{\"@id\":\"https:\\\/\\\/www.altominho.tv\\\/site\\\/2024\\\/05\\\/18\\\/navio-gil-eannes-recebe-a-bordo-palestra-da-escola-nautica-infante-d-henrique\\\/#primaryimage\"},\"image\":{\"@id\":\"https:\\\/\\\/www.altominho.tv\\\/site\\\/2024\\\/05\\\/18\\\/navio-gil-eannes-recebe-a-bordo-palestra-da-escola-nautica-infante-d-henrique\\\/#primaryimage\"},\"thumbnailUrl\":\"https:\\\/\\\/www.altominho.tv\\\/site\\\/wp-content\\\/uploads\\\/2024\\\/05\\\/GIL-Eannes-Rui-Carvalho.jpg\",\"datePublished\":\"2024-05-18T16:17:03+00:00\",\"dateModified\":\"2024-05-18T16:17:06+00:00\",\"author\":{\"@id\":\"https:\\\/\\\/www.altominho.tv\\\/site\\\/#\\\/schema\\\/person\\\/4e536851627d7914baf3dac752b6af22\"},\"breadcrumb\":{\"@id\":\"https:\\\/\\\/www.altominho.tv\\\/site\\\/2024\\\/05\\\/18\\\/navio-gil-eannes-recebe-a-bordo-palestra-da-escola-nautica-infante-d-henrique\\\/#breadcrumb\"},\"inLanguage\":\"pt-PT\",\"potentialAction\":[{\"@type\":\"ReadAction\",\"target\":[\"https:\\\/\\\/www.altominho.tv\\\/site\\\/2024\\\/05\\\/18\\\/navio-gil-eannes-recebe-a-bordo-palestra-da-escola-nautica-infante-d-henrique\\\/\"]}]},{\"@type\":\"ImageObject\",\"inLanguage\":\"pt-PT\",\"@id\":\"https:\\\/\\\/www.altominho.tv\\\/site\\\/2024\\\/05\\\/18\\\/navio-gil-eannes-recebe-a-bordo-palestra-da-escola-nautica-infante-d-henrique\\\/#primaryimage\",\"url\":\"https:\\\/\\\/www.altominho.tv\\\/site\\\/wp-content\\\/uploads\\\/2024\\\/05\\\/GIL-Eannes-Rui-Carvalho.jpg\",\"contentUrl\":\"https:\\\/\\\/www.altominho.tv\\\/site\\\/wp-content\\\/uploads\\\/2024\\\/05\\\/GIL-Eannes-Rui-Carvalho.jpg\",\"width\":1529,\"height\":800},{\"@type\":\"BreadcrumbList\",\"@id\":\"https:\\\/\\\/www.altominho.tv\\\/site\\\/2024\\\/05\\\/18\\\/navio-gil-eannes-recebe-a-bordo-palestra-da-escola-nautica-infante-d-henrique\\\/#breadcrumb\",\"itemListElement\":[{\"@type\":\"ListItem\",\"position\":1,\"name\":\"In\u00edcio\",\"item\":\"https:\\\/\\\/www.altominho.tv\\\/site\\\/\"},{\"@type\":\"ListItem\",\"position\":2,\"name\":\"Navio Gil Eannes recebe a bordo palestra da Escola N\u00e1utica Infante D. Henrique\"}]},{\"@type\":\"WebSite\",\"@id\":\"https:\\\/\\\/www.altominho.tv\\\/site\\\/#website\",\"url\":\"https:\\\/\\\/www.altominho.tv\\\/site\\\/\",\"name\":\"Altominho.tv\",\"description\":\"A sua regi\u00e3o \u00e0 dist\u00e2ncia de um clique...\",\"potentialAction\":[{\"@type\":\"SearchAction\",\"target\":{\"@type\":\"EntryPoint\",\"urlTemplate\":\"https:\\\/\\\/www.altominho.tv\\\/site\\\/?s={search_term_string}\"},\"query-input\":{\"@type\":\"PropertyValueSpecification\",\"valueRequired\":true,\"valueName\":\"search_term_string\"}}],\"inLanguage\":\"pt-PT\"},{\"@type\":\"Person\",\"@id\":\"https:\\\/\\\/www.altominho.tv\\\/site\\\/#\\\/schema\\\/person\\\/4e536851627d7914baf3dac752b6af22\",\"name\":\"Altominho.tv\",\"image\":{\"@type\":\"ImageObject\",\"inLanguage\":\"pt-PT\",\"@id\":\"https:\\\/\\\/www.altominho.tv\\\/site\\\/wp-content\\\/uploads\\\/2019\\\/11\\\/Logo_Avatar_2-150x150.jpg\",\"url\":\"https:\\\/\\\/www.altominho.tv\\\/site\\\/wp-content\\\/uploads\\\/2019\\\/11\\\/Logo_Avatar_2-150x150.jpg\",\"contentUrl\":\"https:\\\/\\\/www.altominho.tv\\\/site\\\/wp-content\\\/uploads\\\/2019\\\/11\\\/Logo_Avatar_2-150x150.jpg\",\"caption\":\"Altominho.tv\"},\"url\":\"https:\\\/\\\/www.altominho.tv\\\/site\\\/author\\\/altominhotv-tecnico\\\/\"}]}<\/script>\n<!-- \/ Yoast SEO Premium plugin. -->","yoast_head_json":{"title":"Navio Gil Eannes recebe a bordo palestra da Escola N\u00e1utica Infante D. Henrique","robots":{"index":"index","follow":"follow","max-snippet":"max-snippet:-1","max-image-preview":"max-image-preview:large","max-video-preview":"max-video-preview:-1"},"canonical":"https:\/\/www.altominho.tv\/site\/2024\/05\/18\/navio-gil-eannes-recebe-a-bordo-palestra-da-escola-nautica-infante-d-henrique\/","og_locale":"pt_PT","og_type":"article","og_title":"Navio Gil Eannes recebe a bordo palestra da Escola N\u00e1utica Infante D. Henrique","og_description":"No pr\u00f3ximo dia 24 de maio, quinta-feira, pelas 15h00 a Escola N\u00e1utica Infante D. Henrique, em Lisboa, realizar\u00e1 uma palestra a bordo do Navio Gil Eannes, com o objetivo de divulgar a forma\u00e7\u00e3o e as sa\u00eddas profissionais que os cursos da Escola N\u00e1utica proporcionam aos variados n\u00edveis de ensino. Tamb\u00e9m, pelas 10h00 do dia 24, [&hellip;]","og_url":"https:\/\/www.altominho.tv\/site\/2024\/05\/18\/navio-gil-eannes-recebe-a-bordo-palestra-da-escola-nautica-infante-d-henrique\/","og_site_name":"Altominho.tv","article_publisher":"https:\/\/www.facebook.com\/altominhotv","article_published_time":"2024-05-18T16:17:03+00:00","article_modified_time":"2024-05-18T16:17:06+00:00","og_image":[{"width":1529,"height":800,"url":"https:\/\/www.altominho.tv\/site\/wp-content\/uploads\/2024\/05\/GIL-Eannes-Rui-Carvalho.jpg","type":"image\/jpeg"}],"author":"Altominho.tv","twitter_card":"summary_large_image","twitter_creator":"@altominhoTV","twitter_site":"@altominhoTV","twitter_misc":{"Escrito por":"Altominho.tv","Tempo estimado de leitura":"2 minutos"},"schema":{"@context":"https:\/\/schema.org","@graph":[{"@type":"Article","@id":"https:\/\/www.altominho.tv\/site\/2024\/05\/18\/navio-gil-eannes-recebe-a-bordo-palestra-da-escola-nautica-infante-d-henrique\/#article","isPartOf":{"@id":"https:\/\/www.altominho.tv\/site\/2024\/05\/18\/navio-gil-eannes-recebe-a-bordo-palestra-da-escola-nautica-infante-d-henrique\/"},"author":{"name":"Altominho.tv","@id":"https:\/\/www.altominho.tv\/site\/#\/schema\/person\/4e536851627d7914baf3dac752b6af22"},"headline":"Navio Gil Eannes recebe a bordo palestra da Escola N\u00e1utica Infante D. Henrique","datePublished":"2024-05-18T16:17:03+00:00","dateModified":"2024-05-18T16:17:06+00:00","mainEntityOfPage":{"@id":"https:\/\/www.altominho.tv\/site\/2024\/05\/18\/navio-gil-eannes-recebe-a-bordo-palestra-da-escola-nautica-infante-d-henrique\/"},"wordCount":213,"image":{"@id":"https:\/\/www.altominho.tv\/site\/2024\/05\/18\/navio-gil-eannes-recebe-a-bordo-palestra-da-escola-nautica-infante-d-henrique\/#primaryimage"},"thumbnailUrl":"https:\/\/www.altominho.tv\/site\/wp-content\/uploads\/2024\/05\/GIL-Eannes-Rui-Carvalho.jpg","keywords":["Sociedade"],"articleSection":["Viana do Castelo"],"inLanguage":"pt-PT","copyrightYear":"2024","copyrightHolder":{"@id":"https:\/\/www.altominho.tv\/site\/#organization"}},{"@type":"WebPage","@id":"https:\/\/www.altominho.tv\/site\/2024\/05\/18\/navio-gil-eannes-recebe-a-bordo-palestra-da-escola-nautica-infante-d-henrique\/","url":"https:\/\/www.altominho.tv\/site\/2024\/05\/18\/navio-gil-eannes-recebe-a-bordo-palestra-da-escola-nautica-infante-d-henrique\/","name":"Navio Gil Eannes recebe a bordo palestra da Escola N\u00e1utica Infante D. Henrique","isPartOf":{"@id":"https:\/\/www.altominho.tv\/site\/#website"},"primaryImageOfPage":{"@id":"https:\/\/www.altominho.tv\/site\/2024\/05\/18\/navio-gil-eannes-recebe-a-bordo-palestra-da-escola-nautica-infante-d-henrique\/#primaryimage"},"image":{"@id":"https:\/\/www.altominho.tv\/site\/2024\/05\/18\/navio-gil-eannes-recebe-a-bordo-palestra-da-escola-nautica-infante-d-henrique\/#primaryimage"},"thumbnailUrl":"https:\/\/www.altominho.tv\/site\/wp-content\/uploads\/2024\/05\/GIL-Eannes-Rui-Carvalho.jpg","datePublished":"2024-05-18T16:17:03+00:00","dateModified":"2024-05-18T16:17:06+00:00","author":{"@id":"https:\/\/www.altominho.tv\/site\/#\/schema\/person\/4e536851627d7914baf3dac752b6af22"},"breadcrumb":{"@id":"https:\/\/www.altominho.tv\/site\/2024\/05\/18\/navio-gil-eannes-recebe-a-bordo-palestra-da-escola-nautica-infante-d-henrique\/#breadcrumb"},"inLanguage":"pt-PT","potentialAction":[{"@type":"ReadAction","target":["https:\/\/www.altominho.tv\/site\/2024\/05\/18\/navio-gil-eannes-recebe-a-bordo-palestra-da-escola-nautica-infante-d-henrique\/"]}]},{"@type":"ImageObject","inLanguage":"pt-PT","@id":"https:\/\/www.altominho.tv\/site\/2024\/05\/18\/navio-gil-eannes-recebe-a-bordo-palestra-da-escola-nautica-infante-d-henrique\/#primaryimage","url":"https:\/\/www.altominho.tv\/site\/wp-content\/uploads\/2024\/05\/GIL-Eannes-Rui-Carvalho.jpg","contentUrl":"https:\/\/www.altominho.tv\/site\/wp-content\/uploads\/2024\/05\/GIL-Eannes-Rui-Carvalho.jpg","width":1529,"height":800},{"@type":"BreadcrumbList","@id":"https:\/\/www.altominho.tv\/site\/2024\/05\/18\/navio-gil-eannes-recebe-a-bordo-palestra-da-escola-nautica-infante-d-henrique\/#breadcrumb","itemListElement":[{"@type":"ListItem","position":1,"name":"In\u00edcio","item":"https:\/\/www.altominho.tv\/site\/"},{"@type":"ListItem","position":2,"name":"Navio Gil Eannes recebe a bordo palestra da Escola N\u00e1utica Infante D. Henrique"}]},{"@type":"WebSite","@id":"https:\/\/www.altominho.tv\/site\/#website","url":"https:\/\/www.altominho.tv\/site\/","name":"Altominho.tv","description":"A sua regi\u00e3o \u00e0 dist\u00e2ncia de um clique...","potentialAction":[{"@type":"SearchAction","target":{"@type":"EntryPoint","urlTemplate":"https:\/\/www.altominho.tv\/site\/?s={search_term_string}"},"query-input":{"@type":"PropertyValueSpecification","valueRequired":true,"valueName":"search_term_string"}}],"inLanguage":"pt-PT"},{"@type":"Person","@id":"https:\/\/www.altominho.tv\/site\/#\/schema\/person\/4e536851627d7914baf3dac752b6af22","name":"Altominho.tv","image":{"@type":"ImageObject","inLanguage":"pt-PT","@id":"https:\/\/www.altominho.tv\/site\/wp-content\/uploads\/2019\/11\/Logo_Avatar_2-150x150.jpg","url":"https:\/\/www.altominho.tv\/site\/wp-content\/uploads\/2019\/11\/Logo_Avatar_2-150x150.jpg","contentUrl":"https:\/\/www.altominho.tv\/site\/wp-content\/uploads\/2019\/11\/Logo_Avatar_2-150x150.jpg","caption":"Altominho.tv"},"url":"https:\/\/www.altominho.tv\/site\/author\/altominhotv-tecnico\/"}]}},"_links":{"self":[{"href":"https:\/\/www.altominho.tv\/site\/wp-json\/wp\/v2\/posts\/107279","targetHints":{"allow":["GET"]}}],"collection":[{"href":"https:\/\/www.altominho.tv\/site\/wp-json\/wp\/v2\/posts"}],"about":[{"href":"https:\/\/www.altominho.tv\/site\/wp-json\/wp\/v2\/types\/post"}],"author":[{"embeddable":true,"href":"https:\/\/www.altominho.tv\/site\/wp-json\/wp\/v2\/users\/1"}],"replies":[{"embeddable":true,"href":"https:\/\/www.altominho.tv\/site\/wp-json\/wp\/v2\/comments?post=107279"}],"version-history":[{"count":1,"href":"https:\/\/www.altominho.tv\/site\/wp-json\/wp\/v2\/posts\/107279\/revisions"}],"predecessor-version":[{"id":107281,"href":"https:\/\/www.altominho.tv\/site\/wp-json\/wp\/v2\/posts\/107279\/revisions\/107281"}],"wp:featuredmedia":[{"embeddable":true,"href":"https:\/\/www.altominho.tv\/site\/wp-json\/wp\/v2\/media\/107280"}],"wp:attachment":[{"href":"https:\/\/www.altominho.tv\/site\/wp-json\/wp\/v2\/media?parent=107279"}],"wp:term":[{"taxonomy":"category","embeddable":true,"href":"https:\/\/www.altominho.tv\/site\/wp-json\/wp\/v2\/categories?post=107279"},{"taxonomy":"post_tag","embeddable":true,"href":"https:\/\/www.altominho.tv\/site\/wp-json\/wp\/v2\/tags?post=107279"}],"curies":[{"name":"wp","href":"https:\/\/api.w.org\/{rel}","templated":true}]}}