{"id":107243,"date":"2024-05-17T09:51:28","date_gmt":"2024-05-17T08:51:28","guid":{"rendered":"https:\/\/www.altominho.tv\/site\/?p=107243"},"modified":"2024-05-17T09:51:31","modified_gmt":"2024-05-17T08:51:31","slug":"desporto-slalom","status":"publish","type":"post","link":"https:\/\/www.altominho.tv\/site\/2024\/05\/17\/desporto-slalom\/","title":{"rendered":"Lucas Jacob convocado para disputar o Campeonato da Europa de Slalom e de Kayak Cross em Tacen, Eslov\u00e9nia pela sele\u00e7\u00e3o nacional"},"content":{"rendered":"\n<p>Os Jogos Ol\u00edmpicos v\u00e3o receber pela primeira vez tr\u00eas especialidades da canoagem: as j\u00e1 cl\u00e1ssicas regatas em Linha e o Slalom, e pela primeira vez o Kayak Cross.<\/p>\n\n\n\n<p>A DKC de Viana, deu hoje nota que &#8220;apesar de n\u00e3o possuir material adequado para esta nova especialidade, por falta de meios financeiros, j\u00e1 tem tido algumas incurs\u00f5es com Lucas Jacob e Alexis Esperan\u00e7a no Kayak Cross ao servi\u00e7o da sele\u00e7\u00e3o Nacional, com bons resultados&#8221;.\u00a0<\/p>\n\n\n\n<p>Lucas Jacob, atleta de Alto Rendimento deste clube vianense na especialidade de slalom e campe\u00e3o nacional absoluto de slalom\/2024 em kayak monolugar, vai representar Portugal no Campeonato da Europa de Slalom e no Campeonato da Europa de Kayak Cross durante o m\u00eas de maio, na companhia de Frederico Alvarenga e de Jos\u00e9 Cunha.<\/p>\n\n\n\n<p>O Campeonato da Europa decorre em Tacen, Eslov\u00e9nia, &#8220;com os olhos postos nos Jogos Ol\u00edmpicos de Los Angeles&#8221;.\u00a0<\/p>\n","protected":false},"excerpt":{"rendered":"<p>Os Jogos Ol\u00edmpicos v\u00e3o receber pela primeira vez tr\u00eas especialidades da canoagem: as j\u00e1 cl\u00e1ssicas regatas em Linha e o Slalom, e pela primeira vez o Kayak Cross. A DKC de Viana, deu hoje nota que &#8220;apesar de n\u00e3o possuir material adequado para esta nova especialidade, por falta de meios financeiros, j\u00e1 tem tido algumas [&hellip;]<\/p>\n","protected":false},"author":7,"featured_media":107244,"comment_status":"closed","ping_status":"closed","sticky":false,"template":"","format":"standard","meta":{"_exactmetrics_skip_tracking":false,"_exactmetrics_sitenote_active":false,"_exactmetrics_sitenote_note":"","_exactmetrics_sitenote_category":0,"footnotes":""},"categories":[14],"tags":[20],"class_list":["post-107243","post","type-post","status-publish","format-standard","has-post-thumbnail","hentry","category-viana-do-castelo","tag-desporto"],"yoast_head":"<!-- This site is optimized with the Yoast SEO Premium plugin v27.5 (Yoast SEO v27.5) - https:\/\/yoast.com\/product\/yoast-seo-premium-wordpress\/ -->\n<title>Lucas Jacob convocado para disputar o Campeonato da Europa de Slalom e de Kayak Cross em Tacen, Eslov\u00e9nia pela sele\u00e7\u00e3o nacional<\/title>\n<meta name=\"description\" content=\"Lucas Jacob foi convocado para disputar o Campeonato da Europa de Slalom e de Kayak Cross em Tacen, Eslov\u00e9nia pela Sele\u00e7\u00e3o Nacional.\" \/>\n<meta name=\"robots\" content=\"index, follow, max-snippet:-1, max-image-preview:large, max-video-preview:-1\" \/>\n<link rel=\"canonical\" href=\"https:\/\/www.altominho.tv\/site\/2024\/05\/17\/desporto-slalom\/\" \/>\n<meta property=\"og:locale\" content=\"pt_PT\" \/>\n<meta property=\"og:type\" content=\"article\" \/>\n<meta property=\"og:title\" content=\"Lucas Jacob convocado para disputar o Campeonato da Europa de Slalom e de Kayak Cross em Tacen, Eslov\u00e9nia pela sele\u00e7\u00e3o nacional\" \/>\n<meta property=\"og:description\" content=\"Lucas Jacob foi convocado para disputar o Campeonato da Europa de Slalom e de Kayak Cross em Tacen, Eslov\u00e9nia pela Sele\u00e7\u00e3o Nacional.\" \/>\n<meta property=\"og:url\" content=\"https:\/\/www.altominho.tv\/site\/2024\/05\/17\/desporto-slalom\/\" \/>\n<meta property=\"og:site_name\" content=\"Altominho.tv\" \/>\n<meta property=\"article:publisher\" content=\"https:\/\/www.facebook.com\/altominhotv\" \/>\n<meta property=\"article:published_time\" content=\"2024-05-17T08:51:28+00:00\" \/>\n<meta property=\"article:modified_time\" content=\"2024-05-17T08:51:31+00:00\" \/>\n<meta property=\"og:image\" content=\"https:\/\/www.altominho.tv\/site\/wp-content\/uploads\/2024\/05\/8B0EE5F9-7086-46C3-9F66-2F8B95CBEFEF.jpeg\" \/>\n\t<meta property=\"og:image:width\" content=\"1600\" \/>\n\t<meta property=\"og:image:height\" content=\"1066\" \/>\n\t<meta property=\"og:image:type\" content=\"image\/jpeg\" \/>\n<meta name=\"author\" content=\"Andreia Cunha\" \/>\n<meta name=\"twitter:card\" content=\"summary_large_image\" \/>\n<meta name=\"twitter:creator\" content=\"@altominhoTV\" \/>\n<meta name=\"twitter:site\" content=\"@altominhoTV\" \/>\n<meta name=\"twitter:label1\" content=\"Escrito por\" \/>\n\t<meta name=\"twitter:data1\" content=\"Andreia Cunha\" \/>\n\t<meta name=\"twitter:label2\" content=\"Tempo estimado de leitura\" \/>\n\t<meta name=\"twitter:data2\" content=\"1 minuto\" \/>\n<script type=\"application\/ld+json\" class=\"yoast-schema-graph\">{\"@context\":\"https:\\\/\\\/schema.org\",\"@graph\":[{\"@type\":\"Article\",\"@id\":\"https:\\\/\\\/www.altominho.tv\\\/site\\\/2024\\\/05\\\/17\\\/desporto-slalom\\\/#article\",\"isPartOf\":{\"@id\":\"https:\\\/\\\/www.altominho.tv\\\/site\\\/2024\\\/05\\\/17\\\/desporto-slalom\\\/\"},\"author\":{\"name\":\"Andreia Cunha\",\"@id\":\"https:\\\/\\\/www.altominho.tv\\\/site\\\/#\\\/schema\\\/person\\\/a0e4ef6d041f98ca284393d8f1d97153\"},\"headline\":\"Lucas Jacob convocado para disputar o Campeonato da Europa de Slalom e de Kayak Cross em Tacen, Eslov\u00e9nia pela sele\u00e7\u00e3o nacional\",\"datePublished\":\"2024-05-17T08:51:28+00:00\",\"dateModified\":\"2024-05-17T08:51:31+00:00\",\"mainEntityOfPage\":{\"@id\":\"https:\\\/\\\/www.altominho.tv\\\/site\\\/2024\\\/05\\\/17\\\/desporto-slalom\\\/\"},\"wordCount\":180,\"image\":{\"@id\":\"https:\\\/\\\/www.altominho.tv\\\/site\\\/2024\\\/05\\\/17\\\/desporto-slalom\\\/#primaryimage\"},\"thumbnailUrl\":\"https:\\\/\\\/www.altominho.tv\\\/site\\\/wp-content\\\/uploads\\\/2024\\\/05\\\/8B0EE5F9-7086-46C3-9F66-2F8B95CBEFEF.jpeg\",\"keywords\":[\"Desporto\"],\"articleSection\":[\"Viana do Castelo\"],\"inLanguage\":\"pt-PT\",\"copyrightYear\":\"2024\",\"copyrightHolder\":{\"@id\":\"https:\\\/\\\/www.altominho.tv\\\/site\\\/#organization\"}},{\"@type\":\"WebPage\",\"@id\":\"https:\\\/\\\/www.altominho.tv\\\/site\\\/2024\\\/05\\\/17\\\/desporto-slalom\\\/\",\"url\":\"https:\\\/\\\/www.altominho.tv\\\/site\\\/2024\\\/05\\\/17\\\/desporto-slalom\\\/\",\"name\":\"Lucas Jacob convocado para disputar o Campeonato da Europa de Slalom e de Kayak Cross em Tacen, Eslov\u00e9nia pela sele\u00e7\u00e3o nacional\",\"isPartOf\":{\"@id\":\"https:\\\/\\\/www.altominho.tv\\\/site\\\/#website\"},\"primaryImageOfPage\":{\"@id\":\"https:\\\/\\\/www.altominho.tv\\\/site\\\/2024\\\/05\\\/17\\\/desporto-slalom\\\/#primaryimage\"},\"image\":{\"@id\":\"https:\\\/\\\/www.altominho.tv\\\/site\\\/2024\\\/05\\\/17\\\/desporto-slalom\\\/#primaryimage\"},\"thumbnailUrl\":\"https:\\\/\\\/www.altominho.tv\\\/site\\\/wp-content\\\/uploads\\\/2024\\\/05\\\/8B0EE5F9-7086-46C3-9F66-2F8B95CBEFEF.jpeg\",\"datePublished\":\"2024-05-17T08:51:28+00:00\",\"dateModified\":\"2024-05-17T08:51:31+00:00\",\"author\":{\"@id\":\"https:\\\/\\\/www.altominho.tv\\\/site\\\/#\\\/schema\\\/person\\\/a0e4ef6d041f98ca284393d8f1d97153\"},\"description\":\"Lucas Jacob foi convocado para disputar o Campeonato da Europa de Slalom e de Kayak Cross em Tacen, Eslov\u00e9nia pela Sele\u00e7\u00e3o Nacional.\",\"breadcrumb\":{\"@id\":\"https:\\\/\\\/www.altominho.tv\\\/site\\\/2024\\\/05\\\/17\\\/desporto-slalom\\\/#breadcrumb\"},\"inLanguage\":\"pt-PT\",\"potentialAction\":[{\"@type\":\"ReadAction\",\"target\":[\"https:\\\/\\\/www.altominho.tv\\\/site\\\/2024\\\/05\\\/17\\\/desporto-slalom\\\/\"]}]},{\"@type\":\"ImageObject\",\"inLanguage\":\"pt-PT\",\"@id\":\"https:\\\/\\\/www.altominho.tv\\\/site\\\/2024\\\/05\\\/17\\\/desporto-slalom\\\/#primaryimage\",\"url\":\"https:\\\/\\\/www.altominho.tv\\\/site\\\/wp-content\\\/uploads\\\/2024\\\/05\\\/8B0EE5F9-7086-46C3-9F66-2F8B95CBEFEF.jpeg\",\"contentUrl\":\"https:\\\/\\\/www.altominho.tv\\\/site\\\/wp-content\\\/uploads\\\/2024\\\/05\\\/8B0EE5F9-7086-46C3-9F66-2F8B95CBEFEF.jpeg\",\"width\":1600,\"height\":1066},{\"@type\":\"BreadcrumbList\",\"@id\":\"https:\\\/\\\/www.altominho.tv\\\/site\\\/2024\\\/05\\\/17\\\/desporto-slalom\\\/#breadcrumb\",\"itemListElement\":[{\"@type\":\"ListItem\",\"position\":1,\"name\":\"In\u00edcio\",\"item\":\"https:\\\/\\\/www.altominho.tv\\\/site\\\/\"},{\"@type\":\"ListItem\",\"position\":2,\"name\":\"Lucas Jacob convocado para disputar o Campeonato da Europa de Slalom e de Kayak Cross em Tacen, Eslov\u00e9nia pela sele\u00e7\u00e3o nacional\"}]},{\"@type\":\"WebSite\",\"@id\":\"https:\\\/\\\/www.altominho.tv\\\/site\\\/#website\",\"url\":\"https:\\\/\\\/www.altominho.tv\\\/site\\\/\",\"name\":\"Altominho.tv\",\"description\":\"A sua regi\u00e3o \u00e0 dist\u00e2ncia de um clique...\",\"potentialAction\":[{\"@type\":\"SearchAction\",\"target\":{\"@type\":\"EntryPoint\",\"urlTemplate\":\"https:\\\/\\\/www.altominho.tv\\\/site\\\/?s={search_term_string}\"},\"query-input\":{\"@type\":\"PropertyValueSpecification\",\"valueRequired\":true,\"valueName\":\"search_term_string\"}}],\"inLanguage\":\"pt-PT\"},{\"@type\":\"Person\",\"@id\":\"https:\\\/\\\/www.altominho.tv\\\/site\\\/#\\\/schema\\\/person\\\/a0e4ef6d041f98ca284393d8f1d97153\",\"name\":\"Andreia Cunha\",\"image\":{\"@type\":\"ImageObject\",\"inLanguage\":\"pt-PT\",\"@id\":\"https:\\\/\\\/www.altominho.tv\\\/site\\\/wp-content\\\/uploads\\\/2017\\\/11\\\/Andreia_Cunha-1-150x150.jpg\",\"url\":\"https:\\\/\\\/www.altominho.tv\\\/site\\\/wp-content\\\/uploads\\\/2017\\\/11\\\/Andreia_Cunha-1-150x150.jpg\",\"contentUrl\":\"https:\\\/\\\/www.altominho.tv\\\/site\\\/wp-content\\\/uploads\\\/2017\\\/11\\\/Andreia_Cunha-1-150x150.jpg\",\"caption\":\"Andreia Cunha\"},\"url\":\"https:\\\/\\\/www.altominho.tv\\\/site\\\/author\\\/andreiacunha\\\/\"}]}<\/script>\n<!-- \/ Yoast SEO Premium plugin. -->","yoast_head_json":{"title":"Lucas Jacob convocado para disputar o Campeonato da Europa de Slalom e de Kayak Cross em Tacen, Eslov\u00e9nia pela sele\u00e7\u00e3o nacional","description":"Lucas Jacob foi convocado para disputar o Campeonato da Europa de Slalom e de Kayak Cross em Tacen, Eslov\u00e9nia pela Sele\u00e7\u00e3o Nacional.","robots":{"index":"index","follow":"follow","max-snippet":"max-snippet:-1","max-image-preview":"max-image-preview:large","max-video-preview":"max-video-preview:-1"},"canonical":"https:\/\/www.altominho.tv\/site\/2024\/05\/17\/desporto-slalom\/","og_locale":"pt_PT","og_type":"article","og_title":"Lucas Jacob convocado para disputar o Campeonato da Europa de Slalom e de Kayak Cross em Tacen, Eslov\u00e9nia pela sele\u00e7\u00e3o nacional","og_description":"Lucas Jacob foi convocado para disputar o Campeonato da Europa de Slalom e de Kayak Cross em Tacen, Eslov\u00e9nia pela Sele\u00e7\u00e3o Nacional.","og_url":"https:\/\/www.altominho.tv\/site\/2024\/05\/17\/desporto-slalom\/","og_site_name":"Altominho.tv","article_publisher":"https:\/\/www.facebook.com\/altominhotv","article_published_time":"2024-05-17T08:51:28+00:00","article_modified_time":"2024-05-17T08:51:31+00:00","og_image":[{"width":1600,"height":1066,"url":"https:\/\/www.altominho.tv\/site\/wp-content\/uploads\/2024\/05\/8B0EE5F9-7086-46C3-9F66-2F8B95CBEFEF.jpeg","type":"image\/jpeg"}],"author":"Andreia Cunha","twitter_card":"summary_large_image","twitter_creator":"@altominhoTV","twitter_site":"@altominhoTV","twitter_misc":{"Escrito por":"Andreia Cunha","Tempo estimado de leitura":"1 minuto"},"schema":{"@context":"https:\/\/schema.org","@graph":[{"@type":"Article","@id":"https:\/\/www.altominho.tv\/site\/2024\/05\/17\/desporto-slalom\/#article","isPartOf":{"@id":"https:\/\/www.altominho.tv\/site\/2024\/05\/17\/desporto-slalom\/"},"author":{"name":"Andreia Cunha","@id":"https:\/\/www.altominho.tv\/site\/#\/schema\/person\/a0e4ef6d041f98ca284393d8f1d97153"},"headline":"Lucas Jacob convocado para disputar o Campeonato da Europa de Slalom e de Kayak Cross em Tacen, Eslov\u00e9nia pela sele\u00e7\u00e3o nacional","datePublished":"2024-05-17T08:51:28+00:00","dateModified":"2024-05-17T08:51:31+00:00","mainEntityOfPage":{"@id":"https:\/\/www.altominho.tv\/site\/2024\/05\/17\/desporto-slalom\/"},"wordCount":180,"image":{"@id":"https:\/\/www.altominho.tv\/site\/2024\/05\/17\/desporto-slalom\/#primaryimage"},"thumbnailUrl":"https:\/\/www.altominho.tv\/site\/wp-content\/uploads\/2024\/05\/8B0EE5F9-7086-46C3-9F66-2F8B95CBEFEF.jpeg","keywords":["Desporto"],"articleSection":["Viana do Castelo"],"inLanguage":"pt-PT","copyrightYear":"2024","copyrightHolder":{"@id":"https:\/\/www.altominho.tv\/site\/#organization"}},{"@type":"WebPage","@id":"https:\/\/www.altominho.tv\/site\/2024\/05\/17\/desporto-slalom\/","url":"https:\/\/www.altominho.tv\/site\/2024\/05\/17\/desporto-slalom\/","name":"Lucas Jacob convocado para disputar o Campeonato da Europa de Slalom e de Kayak Cross em Tacen, Eslov\u00e9nia pela sele\u00e7\u00e3o nacional","isPartOf":{"@id":"https:\/\/www.altominho.tv\/site\/#website"},"primaryImageOfPage":{"@id":"https:\/\/www.altominho.tv\/site\/2024\/05\/17\/desporto-slalom\/#primaryimage"},"image":{"@id":"https:\/\/www.altominho.tv\/site\/2024\/05\/17\/desporto-slalom\/#primaryimage"},"thumbnailUrl":"https:\/\/www.altominho.tv\/site\/wp-content\/uploads\/2024\/05\/8B0EE5F9-7086-46C3-9F66-2F8B95CBEFEF.jpeg","datePublished":"2024-05-17T08:51:28+00:00","dateModified":"2024-05-17T08:51:31+00:00","author":{"@id":"https:\/\/www.altominho.tv\/site\/#\/schema\/person\/a0e4ef6d041f98ca284393d8f1d97153"},"description":"Lucas Jacob foi convocado para disputar o Campeonato da Europa de Slalom e de Kayak Cross em Tacen, Eslov\u00e9nia pela Sele\u00e7\u00e3o Nacional.","breadcrumb":{"@id":"https:\/\/www.altominho.tv\/site\/2024\/05\/17\/desporto-slalom\/#breadcrumb"},"inLanguage":"pt-PT","potentialAction":[{"@type":"ReadAction","target":["https:\/\/www.altominho.tv\/site\/2024\/05\/17\/desporto-slalom\/"]}]},{"@type":"ImageObject","inLanguage":"pt-PT","@id":"https:\/\/www.altominho.tv\/site\/2024\/05\/17\/desporto-slalom\/#primaryimage","url":"https:\/\/www.altominho.tv\/site\/wp-content\/uploads\/2024\/05\/8B0EE5F9-7086-46C3-9F66-2F8B95CBEFEF.jpeg","contentUrl":"https:\/\/www.altominho.tv\/site\/wp-content\/uploads\/2024\/05\/8B0EE5F9-7086-46C3-9F66-2F8B95CBEFEF.jpeg","width":1600,"height":1066},{"@type":"BreadcrumbList","@id":"https:\/\/www.altominho.tv\/site\/2024\/05\/17\/desporto-slalom\/#breadcrumb","itemListElement":[{"@type":"ListItem","position":1,"name":"In\u00edcio","item":"https:\/\/www.altominho.tv\/site\/"},{"@type":"ListItem","position":2,"name":"Lucas Jacob convocado para disputar o Campeonato da Europa de Slalom e de Kayak Cross em Tacen, Eslov\u00e9nia pela sele\u00e7\u00e3o nacional"}]},{"@type":"WebSite","@id":"https:\/\/www.altominho.tv\/site\/#website","url":"https:\/\/www.altominho.tv\/site\/","name":"Altominho.tv","description":"A sua regi\u00e3o \u00e0 dist\u00e2ncia de um clique...","potentialAction":[{"@type":"SearchAction","target":{"@type":"EntryPoint","urlTemplate":"https:\/\/www.altominho.tv\/site\/?s={search_term_string}"},"query-input":{"@type":"PropertyValueSpecification","valueRequired":true,"valueName":"search_term_string"}}],"inLanguage":"pt-PT"},{"@type":"Person","@id":"https:\/\/www.altominho.tv\/site\/#\/schema\/person\/a0e4ef6d041f98ca284393d8f1d97153","name":"Andreia Cunha","image":{"@type":"ImageObject","inLanguage":"pt-PT","@id":"https:\/\/www.altominho.tv\/site\/wp-content\/uploads\/2017\/11\/Andreia_Cunha-1-150x150.jpg","url":"https:\/\/www.altominho.tv\/site\/wp-content\/uploads\/2017\/11\/Andreia_Cunha-1-150x150.jpg","contentUrl":"https:\/\/www.altominho.tv\/site\/wp-content\/uploads\/2017\/11\/Andreia_Cunha-1-150x150.jpg","caption":"Andreia Cunha"},"url":"https:\/\/www.altominho.tv\/site\/author\/andreiacunha\/"}]}},"_links":{"self":[{"href":"https:\/\/www.altominho.tv\/site\/wp-json\/wp\/v2\/posts\/107243","targetHints":{"allow":["GET"]}}],"collection":[{"href":"https:\/\/www.altominho.tv\/site\/wp-json\/wp\/v2\/posts"}],"about":[{"href":"https:\/\/www.altominho.tv\/site\/wp-json\/wp\/v2\/types\/post"}],"author":[{"embeddable":true,"href":"https:\/\/www.altominho.tv\/site\/wp-json\/wp\/v2\/users\/7"}],"replies":[{"embeddable":true,"href":"https:\/\/www.altominho.tv\/site\/wp-json\/wp\/v2\/comments?post=107243"}],"version-history":[{"count":1,"href":"https:\/\/www.altominho.tv\/site\/wp-json\/wp\/v2\/posts\/107243\/revisions"}],"predecessor-version":[{"id":107245,"href":"https:\/\/www.altominho.tv\/site\/wp-json\/wp\/v2\/posts\/107243\/revisions\/107245"}],"wp:featuredmedia":[{"embeddable":true,"href":"https:\/\/www.altominho.tv\/site\/wp-json\/wp\/v2\/media\/107244"}],"wp:attachment":[{"href":"https:\/\/www.altominho.tv\/site\/wp-json\/wp\/v2\/media?parent=107243"}],"wp:term":[{"taxonomy":"category","embeddable":true,"href":"https:\/\/www.altominho.tv\/site\/wp-json\/wp\/v2\/categories?post=107243"},{"taxonomy":"post_tag","embeddable":true,"href":"https:\/\/www.altominho.tv\/site\/wp-json\/wp\/v2\/tags?post=107243"}],"curies":[{"name":"wp","href":"https:\/\/api.w.org\/{rel}","templated":true}]}}