{"id":107131,"date":"2024-05-12T17:27:38","date_gmt":"2024-05-12T16:27:38","guid":{"rendered":"https:\/\/www.altominho.tv\/site\/?p=107131"},"modified":"2024-05-12T17:27:40","modified_gmt":"2024-05-12T16:27:40","slug":"fernando-pimenta-conquista-ouro-na-taca-do-mundo-de-canoagem","status":"publish","type":"post","link":"https:\/\/www.altominho.tv\/site\/2024\/05\/12\/fernando-pimenta-conquista-ouro-na-taca-do-mundo-de-canoagem\/","title":{"rendered":"Fernando Pimenta conquista Ouro na Ta\u00e7a do Mundo de canoagem"},"content":{"rendered":"<p>O cano\u00edsta Fernando Pimenta fechou, este domingo, com uma medalha de ouro a participa\u00e7\u00e3o portuguesa na Ta\u00e7a do Mundo de canoagem de velocidade em Szeged, na Hungria, ao vencer a prova de K1 5.000.<\/p>\n<div class=\"item-2 item-2-10 item-even CT-html\">\n<p>O limiano cumpriu a prova em 21.50,83 minutos, superando por &#8216;longos&#8217; 21,68 segundos o dinamarqu\u00eas Thorbjorn Rask segundo classificado, e por 23,21 o sueco Joakim Lindberg, terceiro, numa final direta em que Jo\u00e3o Ribeiro acabou por n\u00e3o participar.<\/p>\n<\/div>\n<div class=\"item-3 item-3-10 item-odd CT-html\">\n<p>O mais medalhado dos cano\u00edstas lusos saiu, assim, de Szeged, como o protagonista da comitiva nacional, pois\u00a0j\u00e1 tinha arrebatado a prata em K2 500 misto, ao lado de Teresa Portela, e o bronze em K1 1.000.<\/p>\n<\/div>\n<div class=\"item-4 item-4-10 item-even CT-html\">\n<p>Pimenta, tricampe\u00e3o mundial e medalha de bronze nos Jogos Ol\u00edmpicos T\u00f3quio2020 em K1 1.000, completou a final em 3.25,48 minutos, perdendo para os dois anfitri\u00f5es, o vencedor Balint Kopasz, que gastou 3.24,19, e Adam Varga, segundo, em 3.25,40.<\/p>\n<\/div>\n","protected":false},"excerpt":{"rendered":"<p>O cano\u00edsta Fernando Pimenta fechou, este domingo, com uma medalha de ouro a participa\u00e7\u00e3o portuguesa na Ta\u00e7a do Mundo de canoagem de velocidade em Szeged, na Hungria, ao vencer a prova de K1 5.000. O limiano cumpriu a prova em 21.50,83 minutos, superando por &#8216;longos&#8217; 21,68 segundos o dinamarqu\u00eas Thorbjorn Rask segundo classificado, e por [&hellip;]<\/p>\n","protected":false},"author":1,"featured_media":95819,"comment_status":"closed","ping_status":"closed","sticky":false,"template":"","format":"standard","meta":{"_exactmetrics_skip_tracking":false,"_exactmetrics_sitenote_active":false,"_exactmetrics_sitenote_note":"","_exactmetrics_sitenote_category":0,"footnotes":""},"categories":[12],"tags":[20],"class_list":["post-107131","post","type-post","status-publish","format-standard","has-post-thumbnail","hentry","category-ponte-de-lima","tag-desporto"],"yoast_head":"<!-- This site is optimized with the Yoast SEO Premium plugin v27.5 (Yoast SEO v27.5) - https:\/\/yoast.com\/product\/yoast-seo-premium-wordpress\/ -->\n<title>Fernando Pimenta conquista Ouro na Ta\u00e7a do Mundo de canoagem<\/title>\n<meta name=\"description\" content=\"O cano\u00edsta Fernando Pimenta fechou, este domingo, com uma medalha de ouro a participa\u00e7\u00e3o portuguesa na Ta\u00e7a do Mundo de canoagem de velocidade em Szeged, na Hungria, ao vencer a prova de K1 5.000.\" \/>\n<meta name=\"robots\" content=\"index, follow, max-snippet:-1, max-image-preview:large, max-video-preview:-1\" \/>\n<link rel=\"canonical\" href=\"https:\/\/www.altominho.tv\/site\/2024\/05\/12\/fernando-pimenta-conquista-ouro-na-taca-do-mundo-de-canoagem\/\" \/>\n<meta property=\"og:locale\" content=\"pt_PT\" \/>\n<meta property=\"og:type\" content=\"article\" \/>\n<meta property=\"og:title\" content=\"Fernando Pimenta conquista Ouro na Ta\u00e7a do Mundo de canoagem\" \/>\n<meta property=\"og:description\" content=\"O cano\u00edsta Fernando Pimenta fechou, este domingo, com uma medalha de ouro a participa\u00e7\u00e3o portuguesa na Ta\u00e7a do Mundo de canoagem de velocidade em Szeged, na Hungria, ao vencer a prova de K1 5.000.\" \/>\n<meta property=\"og:url\" content=\"https:\/\/www.altominho.tv\/site\/2024\/05\/12\/fernando-pimenta-conquista-ouro-na-taca-do-mundo-de-canoagem\/\" \/>\n<meta property=\"og:site_name\" content=\"Altominho.tv\" \/>\n<meta property=\"article:publisher\" content=\"https:\/\/www.facebook.com\/altominhotv\" \/>\n<meta property=\"article:published_time\" content=\"2024-05-12T16:27:38+00:00\" \/>\n<meta property=\"article:modified_time\" content=\"2024-05-12T16:27:40+00:00\" \/>\n<meta property=\"og:image\" content=\"https:\/\/www.altominho.tv\/site\/wp-content\/uploads\/2023\/08\/Fernando_Pimenta_K1_5000.jpeg\" \/>\n\t<meta property=\"og:image:width\" content=\"1280\" \/>\n\t<meta property=\"og:image:height\" content=\"720\" \/>\n\t<meta property=\"og:image:type\" content=\"image\/jpeg\" \/>\n<meta name=\"author\" content=\"Altominho.tv\" \/>\n<meta name=\"twitter:card\" content=\"summary_large_image\" \/>\n<meta name=\"twitter:creator\" content=\"@altominhoTV\" \/>\n<meta name=\"twitter:site\" content=\"@altominhoTV\" \/>\n<meta name=\"twitter:label1\" content=\"Escrito por\" \/>\n\t<meta name=\"twitter:data1\" content=\"Altominho.tv\" \/>\n\t<meta name=\"twitter:label2\" content=\"Tempo estimado de leitura\" \/>\n\t<meta name=\"twitter:data2\" content=\"2 minutos\" \/>\n<script type=\"application\/ld+json\" class=\"yoast-schema-graph\">{\"@context\":\"https:\\\/\\\/schema.org\",\"@graph\":[{\"@type\":\"Article\",\"@id\":\"https:\\\/\\\/www.altominho.tv\\\/site\\\/2024\\\/05\\\/12\\\/fernando-pimenta-conquista-ouro-na-taca-do-mundo-de-canoagem\\\/#article\",\"isPartOf\":{\"@id\":\"https:\\\/\\\/www.altominho.tv\\\/site\\\/2024\\\/05\\\/12\\\/fernando-pimenta-conquista-ouro-na-taca-do-mundo-de-canoagem\\\/\"},\"author\":{\"name\":\"Altominho.tv\",\"@id\":\"https:\\\/\\\/www.altominho.tv\\\/site\\\/#\\\/schema\\\/person\\\/4e536851627d7914baf3dac752b6af22\"},\"headline\":\"Fernando Pimenta conquista Ouro na Ta\u00e7a do Mundo de canoagem\",\"datePublished\":\"2024-05-12T16:27:38+00:00\",\"dateModified\":\"2024-05-12T16:27:40+00:00\",\"mainEntityOfPage\":{\"@id\":\"https:\\\/\\\/www.altominho.tv\\\/site\\\/2024\\\/05\\\/12\\\/fernando-pimenta-conquista-ouro-na-taca-do-mundo-de-canoagem\\\/\"},\"wordCount\":159,\"image\":{\"@id\":\"https:\\\/\\\/www.altominho.tv\\\/site\\\/2024\\\/05\\\/12\\\/fernando-pimenta-conquista-ouro-na-taca-do-mundo-de-canoagem\\\/#primaryimage\"},\"thumbnailUrl\":\"https:\\\/\\\/www.altominho.tv\\\/site\\\/wp-content\\\/uploads\\\/2023\\\/08\\\/Fernando_Pimenta_K1_5000.jpeg\",\"keywords\":[\"Desporto\"],\"articleSection\":[\"Ponte de Lima\"],\"inLanguage\":\"pt-PT\",\"copyrightYear\":\"2024\",\"copyrightHolder\":{\"@id\":\"https:\\\/\\\/www.altominho.tv\\\/site\\\/#organization\"}},{\"@type\":\"WebPage\",\"@id\":\"https:\\\/\\\/www.altominho.tv\\\/site\\\/2024\\\/05\\\/12\\\/fernando-pimenta-conquista-ouro-na-taca-do-mundo-de-canoagem\\\/\",\"url\":\"https:\\\/\\\/www.altominho.tv\\\/site\\\/2024\\\/05\\\/12\\\/fernando-pimenta-conquista-ouro-na-taca-do-mundo-de-canoagem\\\/\",\"name\":\"Fernando Pimenta conquista Ouro na Ta\u00e7a do Mundo de canoagem\",\"isPartOf\":{\"@id\":\"https:\\\/\\\/www.altominho.tv\\\/site\\\/#website\"},\"primaryImageOfPage\":{\"@id\":\"https:\\\/\\\/www.altominho.tv\\\/site\\\/2024\\\/05\\\/12\\\/fernando-pimenta-conquista-ouro-na-taca-do-mundo-de-canoagem\\\/#primaryimage\"},\"image\":{\"@id\":\"https:\\\/\\\/www.altominho.tv\\\/site\\\/2024\\\/05\\\/12\\\/fernando-pimenta-conquista-ouro-na-taca-do-mundo-de-canoagem\\\/#primaryimage\"},\"thumbnailUrl\":\"https:\\\/\\\/www.altominho.tv\\\/site\\\/wp-content\\\/uploads\\\/2023\\\/08\\\/Fernando_Pimenta_K1_5000.jpeg\",\"datePublished\":\"2024-05-12T16:27:38+00:00\",\"dateModified\":\"2024-05-12T16:27:40+00:00\",\"author\":{\"@id\":\"https:\\\/\\\/www.altominho.tv\\\/site\\\/#\\\/schema\\\/person\\\/4e536851627d7914baf3dac752b6af22\"},\"description\":\"O cano\u00edsta Fernando Pimenta fechou, este domingo, com uma medalha de ouro a participa\u00e7\u00e3o portuguesa na Ta\u00e7a do Mundo de canoagem de velocidade em Szeged, na Hungria, ao vencer a prova de K1 5.000.\",\"breadcrumb\":{\"@id\":\"https:\\\/\\\/www.altominho.tv\\\/site\\\/2024\\\/05\\\/12\\\/fernando-pimenta-conquista-ouro-na-taca-do-mundo-de-canoagem\\\/#breadcrumb\"},\"inLanguage\":\"pt-PT\",\"potentialAction\":[{\"@type\":\"ReadAction\",\"target\":[\"https:\\\/\\\/www.altominho.tv\\\/site\\\/2024\\\/05\\\/12\\\/fernando-pimenta-conquista-ouro-na-taca-do-mundo-de-canoagem\\\/\"]}]},{\"@type\":\"ImageObject\",\"inLanguage\":\"pt-PT\",\"@id\":\"https:\\\/\\\/www.altominho.tv\\\/site\\\/2024\\\/05\\\/12\\\/fernando-pimenta-conquista-ouro-na-taca-do-mundo-de-canoagem\\\/#primaryimage\",\"url\":\"https:\\\/\\\/www.altominho.tv\\\/site\\\/wp-content\\\/uploads\\\/2023\\\/08\\\/Fernando_Pimenta_K1_5000.jpeg\",\"contentUrl\":\"https:\\\/\\\/www.altominho.tv\\\/site\\\/wp-content\\\/uploads\\\/2023\\\/08\\\/Fernando_Pimenta_K1_5000.jpeg\",\"width\":1280,\"height\":720},{\"@type\":\"BreadcrumbList\",\"@id\":\"https:\\\/\\\/www.altominho.tv\\\/site\\\/2024\\\/05\\\/12\\\/fernando-pimenta-conquista-ouro-na-taca-do-mundo-de-canoagem\\\/#breadcrumb\",\"itemListElement\":[{\"@type\":\"ListItem\",\"position\":1,\"name\":\"In\u00edcio\",\"item\":\"https:\\\/\\\/www.altominho.tv\\\/site\\\/\"},{\"@type\":\"ListItem\",\"position\":2,\"name\":\"Fernando Pimenta conquista Ouro na Ta\u00e7a do Mundo de canoagem\"}]},{\"@type\":\"WebSite\",\"@id\":\"https:\\\/\\\/www.altominho.tv\\\/site\\\/#website\",\"url\":\"https:\\\/\\\/www.altominho.tv\\\/site\\\/\",\"name\":\"Altominho.tv\",\"description\":\"A sua regi\u00e3o \u00e0 dist\u00e2ncia de um clique...\",\"potentialAction\":[{\"@type\":\"SearchAction\",\"target\":{\"@type\":\"EntryPoint\",\"urlTemplate\":\"https:\\\/\\\/www.altominho.tv\\\/site\\\/?s={search_term_string}\"},\"query-input\":{\"@type\":\"PropertyValueSpecification\",\"valueRequired\":true,\"valueName\":\"search_term_string\"}}],\"inLanguage\":\"pt-PT\"},{\"@type\":\"Person\",\"@id\":\"https:\\\/\\\/www.altominho.tv\\\/site\\\/#\\\/schema\\\/person\\\/4e536851627d7914baf3dac752b6af22\",\"name\":\"Altominho.tv\",\"image\":{\"@type\":\"ImageObject\",\"inLanguage\":\"pt-PT\",\"@id\":\"https:\\\/\\\/www.altominho.tv\\\/site\\\/wp-content\\\/uploads\\\/2019\\\/11\\\/Logo_Avatar_2-150x150.jpg\",\"url\":\"https:\\\/\\\/www.altominho.tv\\\/site\\\/wp-content\\\/uploads\\\/2019\\\/11\\\/Logo_Avatar_2-150x150.jpg\",\"contentUrl\":\"https:\\\/\\\/www.altominho.tv\\\/site\\\/wp-content\\\/uploads\\\/2019\\\/11\\\/Logo_Avatar_2-150x150.jpg\",\"caption\":\"Altominho.tv\"},\"url\":\"https:\\\/\\\/www.altominho.tv\\\/site\\\/author\\\/altominhotv-tecnico\\\/\"}]}<\/script>\n<!-- \/ Yoast SEO Premium plugin. -->","yoast_head_json":{"title":"Fernando Pimenta conquista Ouro na Ta\u00e7a do Mundo de canoagem","description":"O cano\u00edsta Fernando Pimenta fechou, este domingo, com uma medalha de ouro a participa\u00e7\u00e3o portuguesa na Ta\u00e7a do Mundo de canoagem de velocidade em Szeged, na Hungria, ao vencer a prova de K1 5.000.","robots":{"index":"index","follow":"follow","max-snippet":"max-snippet:-1","max-image-preview":"max-image-preview:large","max-video-preview":"max-video-preview:-1"},"canonical":"https:\/\/www.altominho.tv\/site\/2024\/05\/12\/fernando-pimenta-conquista-ouro-na-taca-do-mundo-de-canoagem\/","og_locale":"pt_PT","og_type":"article","og_title":"Fernando Pimenta conquista Ouro na Ta\u00e7a do Mundo de canoagem","og_description":"O cano\u00edsta Fernando Pimenta fechou, este domingo, com uma medalha de ouro a participa\u00e7\u00e3o portuguesa na Ta\u00e7a do Mundo de canoagem de velocidade em Szeged, na Hungria, ao vencer a prova de K1 5.000.","og_url":"https:\/\/www.altominho.tv\/site\/2024\/05\/12\/fernando-pimenta-conquista-ouro-na-taca-do-mundo-de-canoagem\/","og_site_name":"Altominho.tv","article_publisher":"https:\/\/www.facebook.com\/altominhotv","article_published_time":"2024-05-12T16:27:38+00:00","article_modified_time":"2024-05-12T16:27:40+00:00","og_image":[{"width":1280,"height":720,"url":"https:\/\/www.altominho.tv\/site\/wp-content\/uploads\/2023\/08\/Fernando_Pimenta_K1_5000.jpeg","type":"image\/jpeg"}],"author":"Altominho.tv","twitter_card":"summary_large_image","twitter_creator":"@altominhoTV","twitter_site":"@altominhoTV","twitter_misc":{"Escrito por":"Altominho.tv","Tempo estimado de leitura":"2 minutos"},"schema":{"@context":"https:\/\/schema.org","@graph":[{"@type":"Article","@id":"https:\/\/www.altominho.tv\/site\/2024\/05\/12\/fernando-pimenta-conquista-ouro-na-taca-do-mundo-de-canoagem\/#article","isPartOf":{"@id":"https:\/\/www.altominho.tv\/site\/2024\/05\/12\/fernando-pimenta-conquista-ouro-na-taca-do-mundo-de-canoagem\/"},"author":{"name":"Altominho.tv","@id":"https:\/\/www.altominho.tv\/site\/#\/schema\/person\/4e536851627d7914baf3dac752b6af22"},"headline":"Fernando Pimenta conquista Ouro na Ta\u00e7a do Mundo de canoagem","datePublished":"2024-05-12T16:27:38+00:00","dateModified":"2024-05-12T16:27:40+00:00","mainEntityOfPage":{"@id":"https:\/\/www.altominho.tv\/site\/2024\/05\/12\/fernando-pimenta-conquista-ouro-na-taca-do-mundo-de-canoagem\/"},"wordCount":159,"image":{"@id":"https:\/\/www.altominho.tv\/site\/2024\/05\/12\/fernando-pimenta-conquista-ouro-na-taca-do-mundo-de-canoagem\/#primaryimage"},"thumbnailUrl":"https:\/\/www.altominho.tv\/site\/wp-content\/uploads\/2023\/08\/Fernando_Pimenta_K1_5000.jpeg","keywords":["Desporto"],"articleSection":["Ponte de Lima"],"inLanguage":"pt-PT","copyrightYear":"2024","copyrightHolder":{"@id":"https:\/\/www.altominho.tv\/site\/#organization"}},{"@type":"WebPage","@id":"https:\/\/www.altominho.tv\/site\/2024\/05\/12\/fernando-pimenta-conquista-ouro-na-taca-do-mundo-de-canoagem\/","url":"https:\/\/www.altominho.tv\/site\/2024\/05\/12\/fernando-pimenta-conquista-ouro-na-taca-do-mundo-de-canoagem\/","name":"Fernando Pimenta conquista Ouro na Ta\u00e7a do Mundo de canoagem","isPartOf":{"@id":"https:\/\/www.altominho.tv\/site\/#website"},"primaryImageOfPage":{"@id":"https:\/\/www.altominho.tv\/site\/2024\/05\/12\/fernando-pimenta-conquista-ouro-na-taca-do-mundo-de-canoagem\/#primaryimage"},"image":{"@id":"https:\/\/www.altominho.tv\/site\/2024\/05\/12\/fernando-pimenta-conquista-ouro-na-taca-do-mundo-de-canoagem\/#primaryimage"},"thumbnailUrl":"https:\/\/www.altominho.tv\/site\/wp-content\/uploads\/2023\/08\/Fernando_Pimenta_K1_5000.jpeg","datePublished":"2024-05-12T16:27:38+00:00","dateModified":"2024-05-12T16:27:40+00:00","author":{"@id":"https:\/\/www.altominho.tv\/site\/#\/schema\/person\/4e536851627d7914baf3dac752b6af22"},"description":"O cano\u00edsta Fernando Pimenta fechou, este domingo, com uma medalha de ouro a participa\u00e7\u00e3o portuguesa na Ta\u00e7a do Mundo de canoagem de velocidade em Szeged, na Hungria, ao vencer a prova de K1 5.000.","breadcrumb":{"@id":"https:\/\/www.altominho.tv\/site\/2024\/05\/12\/fernando-pimenta-conquista-ouro-na-taca-do-mundo-de-canoagem\/#breadcrumb"},"inLanguage":"pt-PT","potentialAction":[{"@type":"ReadAction","target":["https:\/\/www.altominho.tv\/site\/2024\/05\/12\/fernando-pimenta-conquista-ouro-na-taca-do-mundo-de-canoagem\/"]}]},{"@type":"ImageObject","inLanguage":"pt-PT","@id":"https:\/\/www.altominho.tv\/site\/2024\/05\/12\/fernando-pimenta-conquista-ouro-na-taca-do-mundo-de-canoagem\/#primaryimage","url":"https:\/\/www.altominho.tv\/site\/wp-content\/uploads\/2023\/08\/Fernando_Pimenta_K1_5000.jpeg","contentUrl":"https:\/\/www.altominho.tv\/site\/wp-content\/uploads\/2023\/08\/Fernando_Pimenta_K1_5000.jpeg","width":1280,"height":720},{"@type":"BreadcrumbList","@id":"https:\/\/www.altominho.tv\/site\/2024\/05\/12\/fernando-pimenta-conquista-ouro-na-taca-do-mundo-de-canoagem\/#breadcrumb","itemListElement":[{"@type":"ListItem","position":1,"name":"In\u00edcio","item":"https:\/\/www.altominho.tv\/site\/"},{"@type":"ListItem","position":2,"name":"Fernando Pimenta conquista Ouro na Ta\u00e7a do Mundo de canoagem"}]},{"@type":"WebSite","@id":"https:\/\/www.altominho.tv\/site\/#website","url":"https:\/\/www.altominho.tv\/site\/","name":"Altominho.tv","description":"A sua regi\u00e3o \u00e0 dist\u00e2ncia de um clique...","potentialAction":[{"@type":"SearchAction","target":{"@type":"EntryPoint","urlTemplate":"https:\/\/www.altominho.tv\/site\/?s={search_term_string}"},"query-input":{"@type":"PropertyValueSpecification","valueRequired":true,"valueName":"search_term_string"}}],"inLanguage":"pt-PT"},{"@type":"Person","@id":"https:\/\/www.altominho.tv\/site\/#\/schema\/person\/4e536851627d7914baf3dac752b6af22","name":"Altominho.tv","image":{"@type":"ImageObject","inLanguage":"pt-PT","@id":"https:\/\/www.altominho.tv\/site\/wp-content\/uploads\/2019\/11\/Logo_Avatar_2-150x150.jpg","url":"https:\/\/www.altominho.tv\/site\/wp-content\/uploads\/2019\/11\/Logo_Avatar_2-150x150.jpg","contentUrl":"https:\/\/www.altominho.tv\/site\/wp-content\/uploads\/2019\/11\/Logo_Avatar_2-150x150.jpg","caption":"Altominho.tv"},"url":"https:\/\/www.altominho.tv\/site\/author\/altominhotv-tecnico\/"}]}},"_links":{"self":[{"href":"https:\/\/www.altominho.tv\/site\/wp-json\/wp\/v2\/posts\/107131","targetHints":{"allow":["GET"]}}],"collection":[{"href":"https:\/\/www.altominho.tv\/site\/wp-json\/wp\/v2\/posts"}],"about":[{"href":"https:\/\/www.altominho.tv\/site\/wp-json\/wp\/v2\/types\/post"}],"author":[{"embeddable":true,"href":"https:\/\/www.altominho.tv\/site\/wp-json\/wp\/v2\/users\/1"}],"replies":[{"embeddable":true,"href":"https:\/\/www.altominho.tv\/site\/wp-json\/wp\/v2\/comments?post=107131"}],"version-history":[{"count":1,"href":"https:\/\/www.altominho.tv\/site\/wp-json\/wp\/v2\/posts\/107131\/revisions"}],"predecessor-version":[{"id":107132,"href":"https:\/\/www.altominho.tv\/site\/wp-json\/wp\/v2\/posts\/107131\/revisions\/107132"}],"wp:featuredmedia":[{"embeddable":true,"href":"https:\/\/www.altominho.tv\/site\/wp-json\/wp\/v2\/media\/95819"}],"wp:attachment":[{"href":"https:\/\/www.altominho.tv\/site\/wp-json\/wp\/v2\/media?parent=107131"}],"wp:term":[{"taxonomy":"category","embeddable":true,"href":"https:\/\/www.altominho.tv\/site\/wp-json\/wp\/v2\/categories?post=107131"},{"taxonomy":"post_tag","embeddable":true,"href":"https:\/\/www.altominho.tv\/site\/wp-json\/wp\/v2\/tags?post=107131"}],"curies":[{"name":"wp","href":"https:\/\/api.w.org\/{rel}","templated":true}]}}