{"id":106909,"date":"2024-05-06T17:44:24","date_gmt":"2024-05-06T16:44:24","guid":{"rendered":"https:\/\/www.altominho.tv\/site\/?p=106909"},"modified":"2024-05-06T17:44:26","modified_gmt":"2024-05-06T16:44:26","slug":"ponte-de-lima-leitura","status":"publish","type":"post","link":"https:\/\/www.altominho.tv\/site\/2024\/05\/06\/ponte-de-lima-leitura\/","title":{"rendered":"Apurados os vencedores do Concurso Concelhio de Leitura de Ponte de Lima"},"content":{"rendered":"\n<p>Na quinta-feira, dia 2 de maio, a Biblioteca Municipal de Ponte de Lima foi palco de mais uma edi\u00e7\u00e3o do Concurso Concelhio de Leitura.<\/p>\n\n\n\n<p>Esta \u00e9 uma iniciativa conjunta do Munic\u00edpio de Ponte de Lima e dos Agrupamentos de Escolas do concelho, que visa a promo\u00e7\u00e3o e est\u00edmulo do h\u00e1bito e do prazer de ler.<\/p>\n\n\n\n<p>A primeira fase, a n\u00edvel escolar, foi desenvolvida pelas v\u00e1rias bibliotecas escolares do concelho e apurou os finalistas dos quatro ciclos de ensino (1\u00ba, 2\u00ba, 3\u00ba e secund\u00e1rio) para a fase final na Biblioteca Municipal, abrangendo alunos do 3.\u00ba e 4\u00ba anos do 1\u00ba ciclo at\u00e9 aos alunos do ensino secund\u00e1rio.<\/p>\n\n\n\n<p>Os jovens leitores, num total de 27 participantes, foram desafiados a demonstrar as suas compet\u00eancias liter\u00e1rias atrav\u00e9s da realiza\u00e7\u00e3o de uma prova oral de leitura de excertos, justificando a sua escolha baseada numa argumenta\u00e7\u00e3o clara e coerente.<\/p>\n\n\n\n<p>Ao j\u00fari desta prova coube a &#8220;desafiante tarefa&#8221; de avaliar a leitura expressiva e a fundamenta\u00e7\u00e3o que distinguiu os vencedores.<\/p>\n\n\n\n<p>Foram jurados Fernando Pereira \u2013 Diretor do Jornal Alto Minho; Andreia Cunha \u2013 Jornalista da Alto Minho TV; S\u00e1 Lima \u2013 Diretor da R\u00e1dios Ondas do Lima, Fernando Hil\u00e1rio \u2013 Presidente da Associa\u00e7\u00e3o de Escritores, Jornalistas e Produtores Culturais de Ponte de Lima e Ana Carneiro \u2013 Coordenadora da Biblioteca Municipal de Ponte de Lima.<\/p>\n\n\n\n<p>Ao p\u00f3dio subiram os alunos vencedores do concurso, nomeadamente:<\/p>\n\n\n\n<p><strong>1\u00ba ciclo:<\/strong>&nbsp;Mariana Gomes, do Agrupamento de Escolas de Freixo;<\/p>\n\n\n\n<p><strong>2\u00ba ciclo:<\/strong>&nbsp;Constan\u00e7a Lima Ferreira, do Agrupamento de Escolas de Arcozelo;<\/p>\n\n\n\n<p><strong>3\u00ba ciclo:<\/strong>&nbsp;Maria Francisca Ara\u00fajo, do Agrupamento de Escolas de Ponte de Lima \u2013 Correlh\u00e3;<\/p>\n\n\n\n<p><strong>Ensino Secund\u00e1rio:<\/strong>&nbsp;Mariana Concei\u00e7\u00e3o Soares Guerra, do Agrupamento de Escolas de Ponte de Lima \u2013 Escola Secund\u00e1ria<\/p>\n\n\n\n<p>&#8220;Todos participaram entusiasticamente, de forma empenhada e dedicada, demonstrando o seu apre\u00e7o pelos livros e pela leitura&#8221;, deu nota a autarquia.<\/p>\n\n\n\n<p>Todos foram gratificados com certificados de participa\u00e7\u00e3o e de vencedores e estes \u00faltimos tamb\u00e9m com os respetivos pr\u00e9mios.<\/p>\n","protected":false},"excerpt":{"rendered":"<p>Na quinta-feira, dia 2 de maio, a Biblioteca Municipal de Ponte de Lima foi palco de mais uma edi\u00e7\u00e3o do Concurso Concelhio de Leitura. Esta \u00e9 uma iniciativa conjunta do Munic\u00edpio de Ponte de Lima e dos Agrupamentos de Escolas do concelho, que visa a promo\u00e7\u00e3o e est\u00edmulo do h\u00e1bito e do prazer de ler. [&hellip;]<\/p>\n","protected":false},"author":1,"featured_media":106910,"comment_status":"closed","ping_status":"closed","sticky":false,"template":"","format":"standard","meta":{"_exactmetrics_skip_tracking":false,"_exactmetrics_sitenote_active":false,"_exactmetrics_sitenote_note":"","_exactmetrics_sitenote_category":0,"footnotes":""},"categories":[12],"tags":[22],"class_list":["post-106909","post","type-post","status-publish","format-standard","has-post-thumbnail","hentry","category-ponte-de-lima","tag-educacao"],"yoast_head":"<!-- This site is optimized with the Yoast SEO Premium plugin v27.5 (Yoast SEO v27.5) - https:\/\/yoast.com\/product\/yoast-seo-premium-wordpress\/ -->\n<title>Apurados os vencedores do Concurso Concelhio de Leitura de Ponte de Lima<\/title>\n<meta name=\"description\" content=\"J\u00e1 foram apurados os vencedores do Concurso Concelhio de Leitura de Ponte de Lima.\" \/>\n<meta name=\"robots\" content=\"index, follow, max-snippet:-1, max-image-preview:large, max-video-preview:-1\" \/>\n<link rel=\"canonical\" href=\"https:\/\/www.altominho.tv\/site\/2024\/05\/06\/ponte-de-lima-leitura\/\" \/>\n<meta property=\"og:locale\" content=\"pt_PT\" \/>\n<meta property=\"og:type\" content=\"article\" \/>\n<meta property=\"og:title\" content=\"Apurados os vencedores do Concurso Concelhio de Leitura de Ponte de Lima\" \/>\n<meta property=\"og:description\" content=\"J\u00e1 foram apurados os vencedores do Concurso Concelhio de Leitura de Ponte de Lima.\" \/>\n<meta property=\"og:url\" content=\"https:\/\/www.altominho.tv\/site\/2024\/05\/06\/ponte-de-lima-leitura\/\" \/>\n<meta property=\"og:site_name\" content=\"Altominho.tv\" \/>\n<meta property=\"article:publisher\" content=\"https:\/\/www.facebook.com\/altominhotv\" \/>\n<meta property=\"article:published_time\" content=\"2024-05-06T16:44:24+00:00\" \/>\n<meta property=\"article:modified_time\" content=\"2024-05-06T16:44:26+00:00\" \/>\n<meta property=\"og:image\" content=\"https:\/\/www.altominho.tv\/site\/wp-content\/uploads\/2024\/05\/concurso-leitura.jpeg\" \/>\n\t<meta property=\"og:image:width\" content=\"1024\" \/>\n\t<meta property=\"og:image:height\" content=\"768\" \/>\n\t<meta property=\"og:image:type\" content=\"image\/jpeg\" \/>\n<meta name=\"author\" content=\"Altominho.tv\" \/>\n<meta name=\"twitter:card\" content=\"summary_large_image\" \/>\n<meta name=\"twitter:creator\" content=\"@altominhoTV\" \/>\n<meta name=\"twitter:site\" content=\"@altominhoTV\" \/>\n<meta name=\"twitter:label1\" content=\"Escrito por\" \/>\n\t<meta name=\"twitter:data1\" content=\"Altominho.tv\" \/>\n\t<meta name=\"twitter:label2\" content=\"Tempo estimado de leitura\" \/>\n\t<meta name=\"twitter:data2\" content=\"2 minutos\" \/>\n<script type=\"application\/ld+json\" class=\"yoast-schema-graph\">{\"@context\":\"https:\\\/\\\/schema.org\",\"@graph\":[{\"@type\":\"Article\",\"@id\":\"https:\\\/\\\/www.altominho.tv\\\/site\\\/2024\\\/05\\\/06\\\/ponte-de-lima-leitura\\\/#article\",\"isPartOf\":{\"@id\":\"https:\\\/\\\/www.altominho.tv\\\/site\\\/2024\\\/05\\\/06\\\/ponte-de-lima-leitura\\\/\"},\"author\":{\"name\":\"Altominho.tv\",\"@id\":\"https:\\\/\\\/www.altominho.tv\\\/site\\\/#\\\/schema\\\/person\\\/4e536851627d7914baf3dac752b6af22\"},\"headline\":\"Apurados os vencedores do Concurso Concelhio de Leitura de Ponte de Lima\",\"datePublished\":\"2024-05-06T16:44:24+00:00\",\"dateModified\":\"2024-05-06T16:44:26+00:00\",\"mainEntityOfPage\":{\"@id\":\"https:\\\/\\\/www.altominho.tv\\\/site\\\/2024\\\/05\\\/06\\\/ponte-de-lima-leitura\\\/\"},\"wordCount\":345,\"image\":{\"@id\":\"https:\\\/\\\/www.altominho.tv\\\/site\\\/2024\\\/05\\\/06\\\/ponte-de-lima-leitura\\\/#primaryimage\"},\"thumbnailUrl\":\"https:\\\/\\\/www.altominho.tv\\\/site\\\/wp-content\\\/uploads\\\/2024\\\/05\\\/concurso-leitura.jpeg\",\"keywords\":[\"Educa\u00e7\u00e3o\"],\"articleSection\":[\"Ponte de Lima\"],\"inLanguage\":\"pt-PT\",\"copyrightYear\":\"2024\",\"copyrightHolder\":{\"@id\":\"https:\\\/\\\/www.altominho.tv\\\/site\\\/#organization\"}},{\"@type\":\"WebPage\",\"@id\":\"https:\\\/\\\/www.altominho.tv\\\/site\\\/2024\\\/05\\\/06\\\/ponte-de-lima-leitura\\\/\",\"url\":\"https:\\\/\\\/www.altominho.tv\\\/site\\\/2024\\\/05\\\/06\\\/ponte-de-lima-leitura\\\/\",\"name\":\"Apurados os vencedores do Concurso Concelhio de Leitura de Ponte de Lima\",\"isPartOf\":{\"@id\":\"https:\\\/\\\/www.altominho.tv\\\/site\\\/#website\"},\"primaryImageOfPage\":{\"@id\":\"https:\\\/\\\/www.altominho.tv\\\/site\\\/2024\\\/05\\\/06\\\/ponte-de-lima-leitura\\\/#primaryimage\"},\"image\":{\"@id\":\"https:\\\/\\\/www.altominho.tv\\\/site\\\/2024\\\/05\\\/06\\\/ponte-de-lima-leitura\\\/#primaryimage\"},\"thumbnailUrl\":\"https:\\\/\\\/www.altominho.tv\\\/site\\\/wp-content\\\/uploads\\\/2024\\\/05\\\/concurso-leitura.jpeg\",\"datePublished\":\"2024-05-06T16:44:24+00:00\",\"dateModified\":\"2024-05-06T16:44:26+00:00\",\"author\":{\"@id\":\"https:\\\/\\\/www.altominho.tv\\\/site\\\/#\\\/schema\\\/person\\\/4e536851627d7914baf3dac752b6af22\"},\"description\":\"J\u00e1 foram apurados os vencedores do Concurso Concelhio de Leitura de Ponte de Lima.\",\"breadcrumb\":{\"@id\":\"https:\\\/\\\/www.altominho.tv\\\/site\\\/2024\\\/05\\\/06\\\/ponte-de-lima-leitura\\\/#breadcrumb\"},\"inLanguage\":\"pt-PT\",\"potentialAction\":[{\"@type\":\"ReadAction\",\"target\":[\"https:\\\/\\\/www.altominho.tv\\\/site\\\/2024\\\/05\\\/06\\\/ponte-de-lima-leitura\\\/\"]}]},{\"@type\":\"ImageObject\",\"inLanguage\":\"pt-PT\",\"@id\":\"https:\\\/\\\/www.altominho.tv\\\/site\\\/2024\\\/05\\\/06\\\/ponte-de-lima-leitura\\\/#primaryimage\",\"url\":\"https:\\\/\\\/www.altominho.tv\\\/site\\\/wp-content\\\/uploads\\\/2024\\\/05\\\/concurso-leitura.jpeg\",\"contentUrl\":\"https:\\\/\\\/www.altominho.tv\\\/site\\\/wp-content\\\/uploads\\\/2024\\\/05\\\/concurso-leitura.jpeg\",\"width\":1024,\"height\":768},{\"@type\":\"BreadcrumbList\",\"@id\":\"https:\\\/\\\/www.altominho.tv\\\/site\\\/2024\\\/05\\\/06\\\/ponte-de-lima-leitura\\\/#breadcrumb\",\"itemListElement\":[{\"@type\":\"ListItem\",\"position\":1,\"name\":\"In\u00edcio\",\"item\":\"https:\\\/\\\/www.altominho.tv\\\/site\\\/\"},{\"@type\":\"ListItem\",\"position\":2,\"name\":\"Apurados os vencedores do Concurso Concelhio de Leitura de Ponte de Lima\"}]},{\"@type\":\"WebSite\",\"@id\":\"https:\\\/\\\/www.altominho.tv\\\/site\\\/#website\",\"url\":\"https:\\\/\\\/www.altominho.tv\\\/site\\\/\",\"name\":\"Altominho.tv\",\"description\":\"A sua regi\u00e3o \u00e0 dist\u00e2ncia de um clique...\",\"potentialAction\":[{\"@type\":\"SearchAction\",\"target\":{\"@type\":\"EntryPoint\",\"urlTemplate\":\"https:\\\/\\\/www.altominho.tv\\\/site\\\/?s={search_term_string}\"},\"query-input\":{\"@type\":\"PropertyValueSpecification\",\"valueRequired\":true,\"valueName\":\"search_term_string\"}}],\"inLanguage\":\"pt-PT\"},{\"@type\":\"Person\",\"@id\":\"https:\\\/\\\/www.altominho.tv\\\/site\\\/#\\\/schema\\\/person\\\/4e536851627d7914baf3dac752b6af22\",\"name\":\"Altominho.tv\",\"image\":{\"@type\":\"ImageObject\",\"inLanguage\":\"pt-PT\",\"@id\":\"https:\\\/\\\/www.altominho.tv\\\/site\\\/wp-content\\\/uploads\\\/2019\\\/11\\\/Logo_Avatar_2-150x150.jpg\",\"url\":\"https:\\\/\\\/www.altominho.tv\\\/site\\\/wp-content\\\/uploads\\\/2019\\\/11\\\/Logo_Avatar_2-150x150.jpg\",\"contentUrl\":\"https:\\\/\\\/www.altominho.tv\\\/site\\\/wp-content\\\/uploads\\\/2019\\\/11\\\/Logo_Avatar_2-150x150.jpg\",\"caption\":\"Altominho.tv\"},\"url\":\"https:\\\/\\\/www.altominho.tv\\\/site\\\/author\\\/altominhotv-tecnico\\\/\"}]}<\/script>\n<!-- \/ Yoast SEO Premium plugin. -->","yoast_head_json":{"title":"Apurados os vencedores do Concurso Concelhio de Leitura de Ponte de Lima","description":"J\u00e1 foram apurados os vencedores do Concurso Concelhio de Leitura de Ponte de Lima.","robots":{"index":"index","follow":"follow","max-snippet":"max-snippet:-1","max-image-preview":"max-image-preview:large","max-video-preview":"max-video-preview:-1"},"canonical":"https:\/\/www.altominho.tv\/site\/2024\/05\/06\/ponte-de-lima-leitura\/","og_locale":"pt_PT","og_type":"article","og_title":"Apurados os vencedores do Concurso Concelhio de Leitura de Ponte de Lima","og_description":"J\u00e1 foram apurados os vencedores do Concurso Concelhio de Leitura de Ponte de Lima.","og_url":"https:\/\/www.altominho.tv\/site\/2024\/05\/06\/ponte-de-lima-leitura\/","og_site_name":"Altominho.tv","article_publisher":"https:\/\/www.facebook.com\/altominhotv","article_published_time":"2024-05-06T16:44:24+00:00","article_modified_time":"2024-05-06T16:44:26+00:00","og_image":[{"width":1024,"height":768,"url":"https:\/\/www.altominho.tv\/site\/wp-content\/uploads\/2024\/05\/concurso-leitura.jpeg","type":"image\/jpeg"}],"author":"Altominho.tv","twitter_card":"summary_large_image","twitter_creator":"@altominhoTV","twitter_site":"@altominhoTV","twitter_misc":{"Escrito por":"Altominho.tv","Tempo estimado de leitura":"2 minutos"},"schema":{"@context":"https:\/\/schema.org","@graph":[{"@type":"Article","@id":"https:\/\/www.altominho.tv\/site\/2024\/05\/06\/ponte-de-lima-leitura\/#article","isPartOf":{"@id":"https:\/\/www.altominho.tv\/site\/2024\/05\/06\/ponte-de-lima-leitura\/"},"author":{"name":"Altominho.tv","@id":"https:\/\/www.altominho.tv\/site\/#\/schema\/person\/4e536851627d7914baf3dac752b6af22"},"headline":"Apurados os vencedores do Concurso Concelhio de Leitura de Ponte de Lima","datePublished":"2024-05-06T16:44:24+00:00","dateModified":"2024-05-06T16:44:26+00:00","mainEntityOfPage":{"@id":"https:\/\/www.altominho.tv\/site\/2024\/05\/06\/ponte-de-lima-leitura\/"},"wordCount":345,"image":{"@id":"https:\/\/www.altominho.tv\/site\/2024\/05\/06\/ponte-de-lima-leitura\/#primaryimage"},"thumbnailUrl":"https:\/\/www.altominho.tv\/site\/wp-content\/uploads\/2024\/05\/concurso-leitura.jpeg","keywords":["Educa\u00e7\u00e3o"],"articleSection":["Ponte de Lima"],"inLanguage":"pt-PT","copyrightYear":"2024","copyrightHolder":{"@id":"https:\/\/www.altominho.tv\/site\/#organization"}},{"@type":"WebPage","@id":"https:\/\/www.altominho.tv\/site\/2024\/05\/06\/ponte-de-lima-leitura\/","url":"https:\/\/www.altominho.tv\/site\/2024\/05\/06\/ponte-de-lima-leitura\/","name":"Apurados os vencedores do Concurso Concelhio de Leitura de Ponte de Lima","isPartOf":{"@id":"https:\/\/www.altominho.tv\/site\/#website"},"primaryImageOfPage":{"@id":"https:\/\/www.altominho.tv\/site\/2024\/05\/06\/ponte-de-lima-leitura\/#primaryimage"},"image":{"@id":"https:\/\/www.altominho.tv\/site\/2024\/05\/06\/ponte-de-lima-leitura\/#primaryimage"},"thumbnailUrl":"https:\/\/www.altominho.tv\/site\/wp-content\/uploads\/2024\/05\/concurso-leitura.jpeg","datePublished":"2024-05-06T16:44:24+00:00","dateModified":"2024-05-06T16:44:26+00:00","author":{"@id":"https:\/\/www.altominho.tv\/site\/#\/schema\/person\/4e536851627d7914baf3dac752b6af22"},"description":"J\u00e1 foram apurados os vencedores do Concurso Concelhio de Leitura de Ponte de Lima.","breadcrumb":{"@id":"https:\/\/www.altominho.tv\/site\/2024\/05\/06\/ponte-de-lima-leitura\/#breadcrumb"},"inLanguage":"pt-PT","potentialAction":[{"@type":"ReadAction","target":["https:\/\/www.altominho.tv\/site\/2024\/05\/06\/ponte-de-lima-leitura\/"]}]},{"@type":"ImageObject","inLanguage":"pt-PT","@id":"https:\/\/www.altominho.tv\/site\/2024\/05\/06\/ponte-de-lima-leitura\/#primaryimage","url":"https:\/\/www.altominho.tv\/site\/wp-content\/uploads\/2024\/05\/concurso-leitura.jpeg","contentUrl":"https:\/\/www.altominho.tv\/site\/wp-content\/uploads\/2024\/05\/concurso-leitura.jpeg","width":1024,"height":768},{"@type":"BreadcrumbList","@id":"https:\/\/www.altominho.tv\/site\/2024\/05\/06\/ponte-de-lima-leitura\/#breadcrumb","itemListElement":[{"@type":"ListItem","position":1,"name":"In\u00edcio","item":"https:\/\/www.altominho.tv\/site\/"},{"@type":"ListItem","position":2,"name":"Apurados os vencedores do Concurso Concelhio de Leitura de Ponte de Lima"}]},{"@type":"WebSite","@id":"https:\/\/www.altominho.tv\/site\/#website","url":"https:\/\/www.altominho.tv\/site\/","name":"Altominho.tv","description":"A sua regi\u00e3o \u00e0 dist\u00e2ncia de um clique...","potentialAction":[{"@type":"SearchAction","target":{"@type":"EntryPoint","urlTemplate":"https:\/\/www.altominho.tv\/site\/?s={search_term_string}"},"query-input":{"@type":"PropertyValueSpecification","valueRequired":true,"valueName":"search_term_string"}}],"inLanguage":"pt-PT"},{"@type":"Person","@id":"https:\/\/www.altominho.tv\/site\/#\/schema\/person\/4e536851627d7914baf3dac752b6af22","name":"Altominho.tv","image":{"@type":"ImageObject","inLanguage":"pt-PT","@id":"https:\/\/www.altominho.tv\/site\/wp-content\/uploads\/2019\/11\/Logo_Avatar_2-150x150.jpg","url":"https:\/\/www.altominho.tv\/site\/wp-content\/uploads\/2019\/11\/Logo_Avatar_2-150x150.jpg","contentUrl":"https:\/\/www.altominho.tv\/site\/wp-content\/uploads\/2019\/11\/Logo_Avatar_2-150x150.jpg","caption":"Altominho.tv"},"url":"https:\/\/www.altominho.tv\/site\/author\/altominhotv-tecnico\/"}]}},"_links":{"self":[{"href":"https:\/\/www.altominho.tv\/site\/wp-json\/wp\/v2\/posts\/106909","targetHints":{"allow":["GET"]}}],"collection":[{"href":"https:\/\/www.altominho.tv\/site\/wp-json\/wp\/v2\/posts"}],"about":[{"href":"https:\/\/www.altominho.tv\/site\/wp-json\/wp\/v2\/types\/post"}],"author":[{"embeddable":true,"href":"https:\/\/www.altominho.tv\/site\/wp-json\/wp\/v2\/users\/1"}],"replies":[{"embeddable":true,"href":"https:\/\/www.altominho.tv\/site\/wp-json\/wp\/v2\/comments?post=106909"}],"version-history":[{"count":1,"href":"https:\/\/www.altominho.tv\/site\/wp-json\/wp\/v2\/posts\/106909\/revisions"}],"predecessor-version":[{"id":106911,"href":"https:\/\/www.altominho.tv\/site\/wp-json\/wp\/v2\/posts\/106909\/revisions\/106911"}],"wp:featuredmedia":[{"embeddable":true,"href":"https:\/\/www.altominho.tv\/site\/wp-json\/wp\/v2\/media\/106910"}],"wp:attachment":[{"href":"https:\/\/www.altominho.tv\/site\/wp-json\/wp\/v2\/media?parent=106909"}],"wp:term":[{"taxonomy":"category","embeddable":true,"href":"https:\/\/www.altominho.tv\/site\/wp-json\/wp\/v2\/categories?post=106909"},{"taxonomy":"post_tag","embeddable":true,"href":"https:\/\/www.altominho.tv\/site\/wp-json\/wp\/v2\/tags?post=106909"}],"curies":[{"name":"wp","href":"https:\/\/api.w.org\/{rel}","templated":true}]}}