{"id":106884,"date":"2024-05-06T11:06:20","date_gmt":"2024-05-06T10:06:20","guid":{"rendered":"https:\/\/www.altominho.tv\/site\/?p=106884"},"modified":"2024-05-06T11:08:29","modified_gmt":"2024-05-06T10:08:29","slug":"prazo-para-transformar-casa-do-outeiro-em-pousada-rural-termina-em-junho","status":"publish","type":"post","link":"https:\/\/www.altominho.tv\/site\/2024\/05\/06\/prazo-para-transformar-casa-do-outeiro-em-pousada-rural-termina-em-junho\/","title":{"rendered":"Prazo para transformar Casa do Outeiro em pousada rural termina em junho"},"content":{"rendered":"<p>O presidente da C\u00e2mara de Paredes de Coura disse hoje que a transforma\u00e7\u00e3o de um solar setecentista em pousada rural, por investidores brasileiros, tem de come\u00e7ar at\u00e9 final de junho. Em causa est\u00e1 a Casa do Outeiro, um solar setecentista enquadrado em meio rural na freguesia de Agualonga, em Paredes de Coura.<\/p>\n<p>Concessionado, em novembro de 2021, por 50 anos ao abrigo do programa Revive.<br \/>\nEm declara\u00e7\u00f5es \u00e0 ag\u00eancia Lusa, V\u00edtor Paulo Pereira disse esperar que a transforma\u00e7\u00e3o do im\u00f3vel \u201carranque no devido tempo\u201d, garantindo que em termos burocr\u00e1ticos o projeto est\u00e1 conclu\u00eddo.<\/p>\n<p>\u201cSe n\u00e3o arrancar at\u00e9 final de junho, ou se arranja outro investidor, ou teremos de fazer nova hasta p\u00fablica\u201d, explicou o autarca socialista.<\/p>\n<p>Em nota enviada \u00e0 imprensa, em 2021, a C\u00e2mara de Parede de Coura explicou que a concess\u00e3o previa o pagamento, pelo investidor, de uma renda m\u00ednima anual de 13.800 euros (1.150 euros mensais).<\/p>\n<p>A Casa do Outeiro \u201cintegra um conjunto not\u00e1vel de solares de Paredes de Coura, que na regi\u00e3o s\u00e3o preferencialmente denominados Casas Grandes\u201d.<\/p>\n<p>O im\u00f3vel \u201cteve a fun\u00e7\u00e3o agr\u00edcola como atividade predominante, face \u00e0 extens\u00e3o dos dois espigueiros existentes no terreno fronteiro \u00e0 casa\u201d.<\/p>\n<p>A \u201cpropriedade possui uma \u00e1rea total de 10.443,30 metros quadrados e uma \u00e1rea edificada de 2.353,54 metros quadrados, a que acresce ainda uma \u00e1rea de poss\u00edvel amplia\u00e7\u00e3o.<\/p>\n<p>Com \u201cum amplo corpo de constru\u00e7\u00e3o de diferentes \u00e9pocas, a arquitetura da Casa do Outeiro vagueia pelo maneirismo, pelo barroco, e numa fase mais tardia, pelas linhas simples e direitas de finais do s\u00e9culo XIX\u201d.<\/p>\n<p>Em junho de 2020, a C\u00e2mara de Paredes de Coura procedeu \u00e0 altera\u00e7\u00e3o ao Plano Diretor Municipal (PDM) para &#8220;alargar&#8221; o uso do solar setecentista, permitindo a sua recupera\u00e7\u00e3o para fins tur\u00edsticos, atrav\u00e9s do programa Revive.<\/p>\n<p>O solar \u201c\u00e9 uma constru\u00e7\u00e3o de tipologia seiscentista, ladeada de capela, e que combina modelos de ra\u00edzes erudita e popular, em que sobressaem os cunhais, cimalhas, molduras e ornamentos em granito&#8221;.<\/p>\n<p>O programa de reabilita\u00e7\u00e3o e valoriza\u00e7\u00e3o de patrim\u00f3nio do Estado (Revive Patrim\u00f3nio e Revive Natureza) \u00e9 uma iniciativa conjunta dos minist\u00e9rios da Economia, da Cultura e das Finan\u00e7as, e &#8220;pretende recuperar im\u00f3veis que se encontrem devolutos ou em mau estado de conserva\u00e7\u00e3o, que n\u00e3o tenham potencial para serem adaptados para fins de habita\u00e7\u00e3o, permitindo que neles se desenvolvam projetos tur\u00edsticos com recurso a investimento p\u00fablico e privado&#8221;.<\/p>\n","protected":false},"excerpt":{"rendered":"<p>O presidente da C\u00e2mara de Paredes de Coura disse hoje que a transforma\u00e7\u00e3o de um solar setecentista em pousada rural, por investidores brasileiros, tem de come\u00e7ar at\u00e9 final de junho. Em causa est\u00e1 a Casa do Outeiro, um solar setecentista enquadrado em meio rural na freguesia de Agualonga, em Paredes de Coura. Concessionado, em novembro [&hellip;]<\/p>\n","protected":false},"author":13,"featured_media":106885,"comment_status":"closed","ping_status":"closed","sticky":false,"template":"","format":"standard","meta":{"_exactmetrics_skip_tracking":false,"_exactmetrics_sitenote_active":false,"_exactmetrics_sitenote_note":"","_exactmetrics_sitenote_category":0,"footnotes":""},"categories":[10],"tags":[27],"class_list":["post-106884","post","type-post","status-publish","format-standard","has-post-thumbnail","hentry","category-paredes-de-coura","tag-sociedade"],"yoast_head":"<!-- This site is optimized with the Yoast SEO Premium plugin v27.4 (Yoast SEO v27.4) - https:\/\/yoast.com\/product\/yoast-seo-premium-wordpress\/ -->\n<title>Prazo para transformar Casa do Outeiro em pousada rural termina em junho<\/title>\n<meta name=\"description\" content=\"O presidente da C\u00e2mara de Paredes de Coura disse hoje que a transforma\u00e7\u00e3o de um solar setecentista em pousada rural, por investidores brasileiros, tem de come\u00e7ar at\u00e9 final de junho. Em causa est\u00e1 a Casa do Outeiro, um solar setecentista enquadrado em meio rural na freguesia de Agualonga, em Paredes de Coura.\" \/>\n<meta name=\"robots\" content=\"index, follow, max-snippet:-1, max-image-preview:large, max-video-preview:-1\" \/>\n<link rel=\"canonical\" href=\"https:\/\/www.altominho.tv\/site\/2024\/05\/06\/prazo-para-transformar-casa-do-outeiro-em-pousada-rural-termina-em-junho\/\" \/>\n<meta property=\"og:locale\" content=\"pt_PT\" \/>\n<meta property=\"og:type\" content=\"article\" \/>\n<meta property=\"og:title\" content=\"Prazo para transformar Casa do Outeiro em pousada rural termina em junho\" \/>\n<meta property=\"og:description\" content=\"O presidente da C\u00e2mara de Paredes de Coura disse hoje que a transforma\u00e7\u00e3o de um solar setecentista em pousada rural, por investidores brasileiros, tem de come\u00e7ar at\u00e9 final de junho. Em causa est\u00e1 a Casa do Outeiro, um solar setecentista enquadrado em meio rural na freguesia de Agualonga, em Paredes de Coura.\" \/>\n<meta property=\"og:url\" content=\"https:\/\/www.altominho.tv\/site\/2024\/05\/06\/prazo-para-transformar-casa-do-outeiro-em-pousada-rural-termina-em-junho\/\" \/>\n<meta property=\"og:site_name\" content=\"Altominho.tv\" \/>\n<meta property=\"article:publisher\" content=\"https:\/\/www.facebook.com\/altominhotv\" \/>\n<meta property=\"article:published_time\" content=\"2024-05-06T10:06:20+00:00\" \/>\n<meta property=\"article:modified_time\" content=\"2024-05-06T10:08:29+00:00\" \/>\n<meta property=\"og:image\" content=\"https:\/\/www.altominho.tv\/site\/wp-content\/uploads\/2024\/05\/casa-do-outeiro.jpg\" \/>\n\t<meta property=\"og:image:width\" content=\"2000\" \/>\n\t<meta property=\"og:image:height\" content=\"1125\" \/>\n\t<meta property=\"og:image:type\" content=\"image\/jpeg\" \/>\n<meta name=\"author\" content=\"Lusa\" \/>\n<meta name=\"twitter:card\" content=\"summary_large_image\" \/>\n<meta name=\"twitter:creator\" content=\"@altominhoTV\" \/>\n<meta name=\"twitter:site\" content=\"@altominhoTV\" \/>\n<meta name=\"twitter:label1\" content=\"Escrito por\" \/>\n\t<meta name=\"twitter:data1\" content=\"Lusa\" \/>\n\t<meta name=\"twitter:label2\" content=\"Tempo estimado de leitura\" \/>\n\t<meta name=\"twitter:data2\" content=\"3 minutos\" \/>\n<script type=\"application\/ld+json\" class=\"yoast-schema-graph\">{\"@context\":\"https:\\\/\\\/schema.org\",\"@graph\":[{\"@type\":\"Article\",\"@id\":\"https:\\\/\\\/www.altominho.tv\\\/site\\\/2024\\\/05\\\/06\\\/prazo-para-transformar-casa-do-outeiro-em-pousada-rural-termina-em-junho\\\/#article\",\"isPartOf\":{\"@id\":\"https:\\\/\\\/www.altominho.tv\\\/site\\\/2024\\\/05\\\/06\\\/prazo-para-transformar-casa-do-outeiro-em-pousada-rural-termina-em-junho\\\/\"},\"author\":{\"name\":\"Lusa\",\"@id\":\"https:\\\/\\\/www.altominho.tv\\\/site\\\/#\\\/schema\\\/person\\\/63f693da3e1899361cbe955c46f3232e\"},\"headline\":\"Prazo para transformar Casa do Outeiro em pousada rural termina em junho\",\"datePublished\":\"2024-05-06T10:06:20+00:00\",\"dateModified\":\"2024-05-06T10:08:29+00:00\",\"mainEntityOfPage\":{\"@id\":\"https:\\\/\\\/www.altominho.tv\\\/site\\\/2024\\\/05\\\/06\\\/prazo-para-transformar-casa-do-outeiro-em-pousada-rural-termina-em-junho\\\/\"},\"wordCount\":430,\"image\":{\"@id\":\"https:\\\/\\\/www.altominho.tv\\\/site\\\/2024\\\/05\\\/06\\\/prazo-para-transformar-casa-do-outeiro-em-pousada-rural-termina-em-junho\\\/#primaryimage\"},\"thumbnailUrl\":\"https:\\\/\\\/www.altominho.tv\\\/site\\\/wp-content\\\/uploads\\\/2024\\\/05\\\/casa-do-outeiro.jpg\",\"keywords\":[\"Sociedade\"],\"articleSection\":[\"Paredes de Coura\"],\"inLanguage\":\"pt-PT\",\"copyrightYear\":\"2024\",\"copyrightHolder\":{\"@id\":\"https:\\\/\\\/www.altominho.tv\\\/site\\\/#organization\"}},{\"@type\":\"WebPage\",\"@id\":\"https:\\\/\\\/www.altominho.tv\\\/site\\\/2024\\\/05\\\/06\\\/prazo-para-transformar-casa-do-outeiro-em-pousada-rural-termina-em-junho\\\/\",\"url\":\"https:\\\/\\\/www.altominho.tv\\\/site\\\/2024\\\/05\\\/06\\\/prazo-para-transformar-casa-do-outeiro-em-pousada-rural-termina-em-junho\\\/\",\"name\":\"Prazo para transformar Casa do Outeiro em pousada rural termina em junho\",\"isPartOf\":{\"@id\":\"https:\\\/\\\/www.altominho.tv\\\/site\\\/#website\"},\"primaryImageOfPage\":{\"@id\":\"https:\\\/\\\/www.altominho.tv\\\/site\\\/2024\\\/05\\\/06\\\/prazo-para-transformar-casa-do-outeiro-em-pousada-rural-termina-em-junho\\\/#primaryimage\"},\"image\":{\"@id\":\"https:\\\/\\\/www.altominho.tv\\\/site\\\/2024\\\/05\\\/06\\\/prazo-para-transformar-casa-do-outeiro-em-pousada-rural-termina-em-junho\\\/#primaryimage\"},\"thumbnailUrl\":\"https:\\\/\\\/www.altominho.tv\\\/site\\\/wp-content\\\/uploads\\\/2024\\\/05\\\/casa-do-outeiro.jpg\",\"datePublished\":\"2024-05-06T10:06:20+00:00\",\"dateModified\":\"2024-05-06T10:08:29+00:00\",\"author\":{\"@id\":\"https:\\\/\\\/www.altominho.tv\\\/site\\\/#\\\/schema\\\/person\\\/63f693da3e1899361cbe955c46f3232e\"},\"description\":\"O presidente da C\u00e2mara de Paredes de Coura disse hoje que a transforma\u00e7\u00e3o de um solar setecentista em pousada rural, por investidores brasileiros, tem de come\u00e7ar at\u00e9 final de junho. Em causa est\u00e1 a Casa do Outeiro, um solar setecentista enquadrado em meio rural na freguesia de Agualonga, em Paredes de Coura.\",\"breadcrumb\":{\"@id\":\"https:\\\/\\\/www.altominho.tv\\\/site\\\/2024\\\/05\\\/06\\\/prazo-para-transformar-casa-do-outeiro-em-pousada-rural-termina-em-junho\\\/#breadcrumb\"},\"inLanguage\":\"pt-PT\",\"potentialAction\":[{\"@type\":\"ReadAction\",\"target\":[\"https:\\\/\\\/www.altominho.tv\\\/site\\\/2024\\\/05\\\/06\\\/prazo-para-transformar-casa-do-outeiro-em-pousada-rural-termina-em-junho\\\/\"]}]},{\"@type\":\"ImageObject\",\"inLanguage\":\"pt-PT\",\"@id\":\"https:\\\/\\\/www.altominho.tv\\\/site\\\/2024\\\/05\\\/06\\\/prazo-para-transformar-casa-do-outeiro-em-pousada-rural-termina-em-junho\\\/#primaryimage\",\"url\":\"https:\\\/\\\/www.altominho.tv\\\/site\\\/wp-content\\\/uploads\\\/2024\\\/05\\\/casa-do-outeiro.jpg\",\"contentUrl\":\"https:\\\/\\\/www.altominho.tv\\\/site\\\/wp-content\\\/uploads\\\/2024\\\/05\\\/casa-do-outeiro.jpg\",\"width\":2000,\"height\":1125},{\"@type\":\"BreadcrumbList\",\"@id\":\"https:\\\/\\\/www.altominho.tv\\\/site\\\/2024\\\/05\\\/06\\\/prazo-para-transformar-casa-do-outeiro-em-pousada-rural-termina-em-junho\\\/#breadcrumb\",\"itemListElement\":[{\"@type\":\"ListItem\",\"position\":1,\"name\":\"In\u00edcio\",\"item\":\"https:\\\/\\\/www.altominho.tv\\\/site\\\/\"},{\"@type\":\"ListItem\",\"position\":2,\"name\":\"Prazo para transformar Casa do Outeiro em pousada rural termina em junho\"}]},{\"@type\":\"WebSite\",\"@id\":\"https:\\\/\\\/www.altominho.tv\\\/site\\\/#website\",\"url\":\"https:\\\/\\\/www.altominho.tv\\\/site\\\/\",\"name\":\"Altominho.tv\",\"description\":\"A sua regi\u00e3o \u00e0 dist\u00e2ncia de um clique...\",\"potentialAction\":[{\"@type\":\"SearchAction\",\"target\":{\"@type\":\"EntryPoint\",\"urlTemplate\":\"https:\\\/\\\/www.altominho.tv\\\/site\\\/?s={search_term_string}\"},\"query-input\":{\"@type\":\"PropertyValueSpecification\",\"valueRequired\":true,\"valueName\":\"search_term_string\"}}],\"inLanguage\":\"pt-PT\"},{\"@type\":\"Person\",\"@id\":\"https:\\\/\\\/www.altominho.tv\\\/site\\\/#\\\/schema\\\/person\\\/63f693da3e1899361cbe955c46f3232e\",\"name\":\"Lusa\",\"image\":{\"@type\":\"ImageObject\",\"inLanguage\":\"pt-PT\",\"@id\":\"https:\\\/\\\/www.altominho.tv\\\/site\\\/wp-content\\\/uploads\\\/2019\\\/08\\\/LUSA_Logo.gif\",\"url\":\"https:\\\/\\\/www.altominho.tv\\\/site\\\/wp-content\\\/uploads\\\/2019\\\/08\\\/LUSA_Logo.gif\",\"contentUrl\":\"https:\\\/\\\/www.altominho.tv\\\/site\\\/wp-content\\\/uploads\\\/2019\\\/08\\\/LUSA_Logo.gif\",\"caption\":\"Lusa\"},\"sameAs\":[\"http:\\\/\\\/\\\/\\\/www.altominho.tv\\\/site\"],\"url\":\"https:\\\/\\\/www.altominho.tv\\\/site\\\/author\\\/lusa\\\/\"}]}<\/script>\n<!-- \/ Yoast SEO Premium plugin. -->","yoast_head_json":{"title":"Prazo para transformar Casa do Outeiro em pousada rural termina em junho","description":"O presidente da C\u00e2mara de Paredes de Coura disse hoje que a transforma\u00e7\u00e3o de um solar setecentista em pousada rural, por investidores brasileiros, tem de come\u00e7ar at\u00e9 final de junho. Em causa est\u00e1 a Casa do Outeiro, um solar setecentista enquadrado em meio rural na freguesia de Agualonga, em Paredes de Coura.","robots":{"index":"index","follow":"follow","max-snippet":"max-snippet:-1","max-image-preview":"max-image-preview:large","max-video-preview":"max-video-preview:-1"},"canonical":"https:\/\/www.altominho.tv\/site\/2024\/05\/06\/prazo-para-transformar-casa-do-outeiro-em-pousada-rural-termina-em-junho\/","og_locale":"pt_PT","og_type":"article","og_title":"Prazo para transformar Casa do Outeiro em pousada rural termina em junho","og_description":"O presidente da C\u00e2mara de Paredes de Coura disse hoje que a transforma\u00e7\u00e3o de um solar setecentista em pousada rural, por investidores brasileiros, tem de come\u00e7ar at\u00e9 final de junho. Em causa est\u00e1 a Casa do Outeiro, um solar setecentista enquadrado em meio rural na freguesia de Agualonga, em Paredes de Coura.","og_url":"https:\/\/www.altominho.tv\/site\/2024\/05\/06\/prazo-para-transformar-casa-do-outeiro-em-pousada-rural-termina-em-junho\/","og_site_name":"Altominho.tv","article_publisher":"https:\/\/www.facebook.com\/altominhotv","article_published_time":"2024-05-06T10:06:20+00:00","article_modified_time":"2024-05-06T10:08:29+00:00","og_image":[{"width":2000,"height":1125,"url":"https:\/\/www.altominho.tv\/site\/wp-content\/uploads\/2024\/05\/casa-do-outeiro.jpg","type":"image\/jpeg"}],"author":"Lusa","twitter_card":"summary_large_image","twitter_creator":"@altominhoTV","twitter_site":"@altominhoTV","twitter_misc":{"Escrito por":"Lusa","Tempo estimado de leitura":"3 minutos"},"schema":{"@context":"https:\/\/schema.org","@graph":[{"@type":"Article","@id":"https:\/\/www.altominho.tv\/site\/2024\/05\/06\/prazo-para-transformar-casa-do-outeiro-em-pousada-rural-termina-em-junho\/#article","isPartOf":{"@id":"https:\/\/www.altominho.tv\/site\/2024\/05\/06\/prazo-para-transformar-casa-do-outeiro-em-pousada-rural-termina-em-junho\/"},"author":{"name":"Lusa","@id":"https:\/\/www.altominho.tv\/site\/#\/schema\/person\/63f693da3e1899361cbe955c46f3232e"},"headline":"Prazo para transformar Casa do Outeiro em pousada rural termina em junho","datePublished":"2024-05-06T10:06:20+00:00","dateModified":"2024-05-06T10:08:29+00:00","mainEntityOfPage":{"@id":"https:\/\/www.altominho.tv\/site\/2024\/05\/06\/prazo-para-transformar-casa-do-outeiro-em-pousada-rural-termina-em-junho\/"},"wordCount":430,"image":{"@id":"https:\/\/www.altominho.tv\/site\/2024\/05\/06\/prazo-para-transformar-casa-do-outeiro-em-pousada-rural-termina-em-junho\/#primaryimage"},"thumbnailUrl":"https:\/\/www.altominho.tv\/site\/wp-content\/uploads\/2024\/05\/casa-do-outeiro.jpg","keywords":["Sociedade"],"articleSection":["Paredes de Coura"],"inLanguage":"pt-PT","copyrightYear":"2024","copyrightHolder":{"@id":"https:\/\/www.altominho.tv\/site\/#organization"}},{"@type":"WebPage","@id":"https:\/\/www.altominho.tv\/site\/2024\/05\/06\/prazo-para-transformar-casa-do-outeiro-em-pousada-rural-termina-em-junho\/","url":"https:\/\/www.altominho.tv\/site\/2024\/05\/06\/prazo-para-transformar-casa-do-outeiro-em-pousada-rural-termina-em-junho\/","name":"Prazo para transformar Casa do Outeiro em pousada rural termina em junho","isPartOf":{"@id":"https:\/\/www.altominho.tv\/site\/#website"},"primaryImageOfPage":{"@id":"https:\/\/www.altominho.tv\/site\/2024\/05\/06\/prazo-para-transformar-casa-do-outeiro-em-pousada-rural-termina-em-junho\/#primaryimage"},"image":{"@id":"https:\/\/www.altominho.tv\/site\/2024\/05\/06\/prazo-para-transformar-casa-do-outeiro-em-pousada-rural-termina-em-junho\/#primaryimage"},"thumbnailUrl":"https:\/\/www.altominho.tv\/site\/wp-content\/uploads\/2024\/05\/casa-do-outeiro.jpg","datePublished":"2024-05-06T10:06:20+00:00","dateModified":"2024-05-06T10:08:29+00:00","author":{"@id":"https:\/\/www.altominho.tv\/site\/#\/schema\/person\/63f693da3e1899361cbe955c46f3232e"},"description":"O presidente da C\u00e2mara de Paredes de Coura disse hoje que a transforma\u00e7\u00e3o de um solar setecentista em pousada rural, por investidores brasileiros, tem de come\u00e7ar at\u00e9 final de junho. Em causa est\u00e1 a Casa do Outeiro, um solar setecentista enquadrado em meio rural na freguesia de Agualonga, em Paredes de Coura.","breadcrumb":{"@id":"https:\/\/www.altominho.tv\/site\/2024\/05\/06\/prazo-para-transformar-casa-do-outeiro-em-pousada-rural-termina-em-junho\/#breadcrumb"},"inLanguage":"pt-PT","potentialAction":[{"@type":"ReadAction","target":["https:\/\/www.altominho.tv\/site\/2024\/05\/06\/prazo-para-transformar-casa-do-outeiro-em-pousada-rural-termina-em-junho\/"]}]},{"@type":"ImageObject","inLanguage":"pt-PT","@id":"https:\/\/www.altominho.tv\/site\/2024\/05\/06\/prazo-para-transformar-casa-do-outeiro-em-pousada-rural-termina-em-junho\/#primaryimage","url":"https:\/\/www.altominho.tv\/site\/wp-content\/uploads\/2024\/05\/casa-do-outeiro.jpg","contentUrl":"https:\/\/www.altominho.tv\/site\/wp-content\/uploads\/2024\/05\/casa-do-outeiro.jpg","width":2000,"height":1125},{"@type":"BreadcrumbList","@id":"https:\/\/www.altominho.tv\/site\/2024\/05\/06\/prazo-para-transformar-casa-do-outeiro-em-pousada-rural-termina-em-junho\/#breadcrumb","itemListElement":[{"@type":"ListItem","position":1,"name":"In\u00edcio","item":"https:\/\/www.altominho.tv\/site\/"},{"@type":"ListItem","position":2,"name":"Prazo para transformar Casa do Outeiro em pousada rural termina em junho"}]},{"@type":"WebSite","@id":"https:\/\/www.altominho.tv\/site\/#website","url":"https:\/\/www.altominho.tv\/site\/","name":"Altominho.tv","description":"A sua regi\u00e3o \u00e0 dist\u00e2ncia de um clique...","potentialAction":[{"@type":"SearchAction","target":{"@type":"EntryPoint","urlTemplate":"https:\/\/www.altominho.tv\/site\/?s={search_term_string}"},"query-input":{"@type":"PropertyValueSpecification","valueRequired":true,"valueName":"search_term_string"}}],"inLanguage":"pt-PT"},{"@type":"Person","@id":"https:\/\/www.altominho.tv\/site\/#\/schema\/person\/63f693da3e1899361cbe955c46f3232e","name":"Lusa","image":{"@type":"ImageObject","inLanguage":"pt-PT","@id":"https:\/\/www.altominho.tv\/site\/wp-content\/uploads\/2019\/08\/LUSA_Logo.gif","url":"https:\/\/www.altominho.tv\/site\/wp-content\/uploads\/2019\/08\/LUSA_Logo.gif","contentUrl":"https:\/\/www.altominho.tv\/site\/wp-content\/uploads\/2019\/08\/LUSA_Logo.gif","caption":"Lusa"},"sameAs":["http:\/\/\/\/www.altominho.tv\/site"],"url":"https:\/\/www.altominho.tv\/site\/author\/lusa\/"}]}},"_links":{"self":[{"href":"https:\/\/www.altominho.tv\/site\/wp-json\/wp\/v2\/posts\/106884","targetHints":{"allow":["GET"]}}],"collection":[{"href":"https:\/\/www.altominho.tv\/site\/wp-json\/wp\/v2\/posts"}],"about":[{"href":"https:\/\/www.altominho.tv\/site\/wp-json\/wp\/v2\/types\/post"}],"author":[{"embeddable":true,"href":"https:\/\/www.altominho.tv\/site\/wp-json\/wp\/v2\/users\/13"}],"replies":[{"embeddable":true,"href":"https:\/\/www.altominho.tv\/site\/wp-json\/wp\/v2\/comments?post=106884"}],"version-history":[{"count":2,"href":"https:\/\/www.altominho.tv\/site\/wp-json\/wp\/v2\/posts\/106884\/revisions"}],"predecessor-version":[{"id":106887,"href":"https:\/\/www.altominho.tv\/site\/wp-json\/wp\/v2\/posts\/106884\/revisions\/106887"}],"wp:featuredmedia":[{"embeddable":true,"href":"https:\/\/www.altominho.tv\/site\/wp-json\/wp\/v2\/media\/106885"}],"wp:attachment":[{"href":"https:\/\/www.altominho.tv\/site\/wp-json\/wp\/v2\/media?parent=106884"}],"wp:term":[{"taxonomy":"category","embeddable":true,"href":"https:\/\/www.altominho.tv\/site\/wp-json\/wp\/v2\/categories?post=106884"},{"taxonomy":"post_tag","embeddable":true,"href":"https:\/\/www.altominho.tv\/site\/wp-json\/wp\/v2\/tags?post=106884"}],"curies":[{"name":"wp","href":"https:\/\/api.w.org\/{rel}","templated":true}]}}