{"id":106871,"date":"2024-05-06T10:09:09","date_gmt":"2024-05-06T09:09:09","guid":{"rendered":"https:\/\/www.altominho.tv\/site\/?p=106871"},"modified":"2024-05-06T10:12:46","modified_gmt":"2024-05-06T09:12:46","slug":"projeto-de-hotel-falha-e-antigo-sanatorio-de-paredes-de-coura-volta-a-hasta-publica","status":"publish","type":"post","link":"https:\/\/www.altominho.tv\/site\/2024\/05\/06\/projeto-de-hotel-falha-e-antigo-sanatorio-de-paredes-de-coura-volta-a-hasta-publica\/","title":{"rendered":"Projeto de hotel falha e antigo sanat\u00f3rio de Paredes de Coura volta a hasta p\u00fablica"},"content":{"rendered":"<p>O presidente da C\u00e2mara de Paredes de Coura disse hoje que o projeto tur\u00edstico previsto para o antigo sanat\u00f3rio, vendido em hasta p\u00fablica em 2019, n\u00e3o vai avan\u00e7ar e que o im\u00f3vel vai ser novamente colocado no mercado.<\/p>\n<p>\u201cO projeto inicial de fazer um hotel moderno, bonito, que conseguisse conciliar o turismo, bem-estar com percursos na natureza, acabou por se esboroar. A propriedade do sanat\u00f3rio voltou, outra vez, \u00e0 ESTAMO [gestora de im\u00f3veis p\u00fablicos que, em 2023, assumiu as compet\u00eancias da Dire\u00e7\u00e3o-Geral do Tesouro e Finan\u00e7as (DGTF) no que diz respeito \u00e0 gest\u00e3o do patrim\u00f3nio imobili\u00e1rio p\u00fablico]\u201d, explicou V\u00edtor Paulo Pereira.<\/p>\n<p>Segundo o autarca socialista, a realiza\u00e7\u00e3o de uma nova hasta p\u00fablica j\u00e1 tinha sido analisada com o anterior governo PS, contactos que v\u00e3o ser iniciados com o novo executivo da AD.<\/p>\n<p>\u201cQueremos que a nova hasta p\u00fablica aconte\u00e7a o mais breve poss\u00edvel. Ainda este ano\u201d, referiu.<\/p>\n<p>Em 2019, o antigo sanat\u00f3rio foi vendido a um &#8220;investidor local, que pediu anonimato, por 582.490 euros&#8221; na primeira hasta p\u00fablica descentralizada para a venda de edif\u00edcios do Estado, que decorreu na C\u00e2mara Municipal de Paredes de Coura.<\/p>\n<p>\u201cO promotor perde esse sinal e o projeto volta \u00e0 estaca zero\u201d, disse o autarca.<\/p>\n<p>V\u00edtor Paulo Pereira explicou que o projeto inicial falhou porque os s\u00f3cios que compraram o im\u00f3vel em 2019 tinham ideias diferentes sobre a unidade hoteleira a instalar no antigo sanat\u00f3rio e devido ao impacto da pandemia de covid-19 no setor tur\u00edstico.<\/p>\n<p>As coisas [diferen\u00e7as entre os s\u00f3cios] at\u00e9 se resolveriam. Porque fal\u00e1mos no sentido de encontrar um ponto de concilia\u00e7\u00e3o. Entretanto a pandemia [covid-19] acabou por atrasar tudo. As pessoas ficaram mais cautelosas, com algum receio, o que aconteceu por toda a economia\u201d, especificou.<\/p>\n<p>Com a recupera\u00e7\u00e3o do setor do turismo em Portugal, V\u00edtor Paulo Pereira quer ver avan\u00e7ar a nova hasta p\u00fablica para que apare\u00e7am novos interessados que venham a \u201ccolmatar uma grande insufici\u00eancia\u201d do concelho.<\/p>\n<p>\u201cJ\u00e1 perdemos oportunidades de receber eventos nacionais e internacionais porque n\u00e3o h\u00e1 uma estrutura hoteleira que consiga dar resposta. Temos turismo de habita\u00e7\u00e3o, mas o turismo de habita\u00e7\u00e3o cria alguns problemas. Os padr\u00f5es e, os pre\u00e7os s\u00e3o diferentes\u201d, apontou.<\/p>\n<p>O antigo sanat\u00f3rio \u201cPresidente Carmona\u201d, inaugurado em 1934, foi reconvertido 70 anos depois em hospital psiqui\u00e1trico, quando chegou a ter em perman\u00eancia cerca de 60 pacientes.<\/p>\n<p>A desativa\u00e7\u00e3o do espa\u00e7o aconteceu em 2002, encontrando-se ao abandono. Em 2008, o ent\u00e3o Centro Hospitalar do Alto Minho (CHAM) e atual Unidade Local de Sa\u00fade do Alto Minho (ULSAM), propriet\u00e1rio do edif\u00edcio, anunciou a inten\u00e7\u00e3o de o vender, numa altura em que um grupo espanhol demonstrou interesse em transformar a \u00e1rea, com 140 hectares, num campo de golfe de montanha.<\/p>\n<p>O investimento deveria rondar os 50 milh\u00f5es de euros, mas a hip\u00f3tese nunca se concretizou, em parte &#8211; diz a C\u00e2mara &#8211; devido \u00e0 indefini\u00e7\u00e3o sobre a tutela do edif\u00edcio, processo que envolvia os minist\u00e9rios da Sa\u00fade e das Finan\u00e7as.<\/p>\n<p>Depois de ter sido assaltado v\u00e1rias vezes e local de cria\u00e7\u00e3o de animais, o ex-sanat\u00f3rio de Mozelos chegou a ser utilizado por grupos de jovens para a pr\u00e1tica de jogos de aventura e descoberta por entre o que ainda restava do antigo espa\u00e7o de tratamento de doentes.<\/p>\n","protected":false},"excerpt":{"rendered":"<p>O presidente da C\u00e2mara de Paredes de Coura disse hoje que o projeto tur\u00edstico previsto para o antigo sanat\u00f3rio, vendido em hasta p\u00fablica em 2019, n\u00e3o vai avan\u00e7ar e que o im\u00f3vel vai ser novamente colocado no mercado. \u201cO projeto inicial de fazer um hotel moderno, bonito, que conseguisse conciliar o turismo, bem-estar com percursos [&hellip;]<\/p>\n","protected":false},"author":13,"featured_media":106873,"comment_status":"closed","ping_status":"closed","sticky":false,"template":"","format":"standard","meta":{"_exactmetrics_skip_tracking":false,"_exactmetrics_sitenote_active":false,"_exactmetrics_sitenote_note":"","_exactmetrics_sitenote_category":0,"footnotes":""},"categories":[10],"tags":[27],"class_list":["post-106871","post","type-post","status-publish","format-standard","has-post-thumbnail","hentry","category-paredes-de-coura","tag-sociedade"],"yoast_head":"<!-- This site is optimized with the Yoast SEO Premium plugin v27.4 (Yoast SEO v27.4) - https:\/\/yoast.com\/product\/yoast-seo-premium-wordpress\/ -->\n<title>Projeto de hotel falha e antigo sanat\u00f3rio de Paredes de Coura volta a hasta p\u00fablica<\/title>\n<meta name=\"description\" content=\"O presidente da C\u00e2mara de Paredes de Coura disse hoje que o projeto tur\u00edstico previsto para o antigo sanat\u00f3rio, vendido em hasta p\u00fablica em 2019, n\u00e3o vai avan\u00e7ar e que o im\u00f3vel vai ser novamente colocado no mercado. \u00a0\" \/>\n<meta name=\"robots\" content=\"index, follow, max-snippet:-1, max-image-preview:large, max-video-preview:-1\" \/>\n<link rel=\"canonical\" href=\"https:\/\/www.altominho.tv\/site\/2024\/05\/06\/projeto-de-hotel-falha-e-antigo-sanatorio-de-paredes-de-coura-volta-a-hasta-publica\/\" \/>\n<meta property=\"og:locale\" content=\"pt_PT\" \/>\n<meta property=\"og:type\" content=\"article\" \/>\n<meta property=\"og:title\" content=\"Projeto de hotel falha e antigo sanat\u00f3rio de Paredes de Coura volta a hasta p\u00fablica\" \/>\n<meta property=\"og:description\" content=\"O presidente da C\u00e2mara de Paredes de Coura disse hoje que o projeto tur\u00edstico previsto para o antigo sanat\u00f3rio, vendido em hasta p\u00fablica em 2019, n\u00e3o vai avan\u00e7ar e que o im\u00f3vel vai ser novamente colocado no mercado. \u00a0\" \/>\n<meta property=\"og:url\" content=\"https:\/\/www.altominho.tv\/site\/2024\/05\/06\/projeto-de-hotel-falha-e-antigo-sanatorio-de-paredes-de-coura-volta-a-hasta-publica\/\" \/>\n<meta property=\"og:site_name\" content=\"Altominho.tv\" \/>\n<meta property=\"article:publisher\" content=\"https:\/\/www.facebook.com\/altominhotv\" \/>\n<meta property=\"article:published_time\" content=\"2024-05-06T09:09:09+00:00\" \/>\n<meta property=\"article:modified_time\" content=\"2024-05-06T09:12:46+00:00\" \/>\n<meta property=\"og:image\" content=\"https:\/\/www.altominho.tv\/site\/wp-content\/uploads\/2024\/05\/sanatorio.jpg\" \/>\n\t<meta property=\"og:image:width\" content=\"2000\" \/>\n\t<meta property=\"og:image:height\" content=\"1125\" \/>\n\t<meta property=\"og:image:type\" content=\"image\/jpeg\" \/>\n<meta name=\"author\" content=\"Lusa\" \/>\n<meta name=\"twitter:card\" content=\"summary_large_image\" \/>\n<meta name=\"twitter:creator\" content=\"@altominhoTV\" \/>\n<meta name=\"twitter:site\" content=\"@altominhoTV\" \/>\n<meta name=\"twitter:label1\" content=\"Escrito por\" \/>\n\t<meta name=\"twitter:data1\" content=\"Lusa\" \/>\n\t<meta name=\"twitter:label2\" content=\"Tempo estimado de leitura\" \/>\n\t<meta name=\"twitter:data2\" content=\"4 minutos\" \/>\n<script type=\"application\/ld+json\" class=\"yoast-schema-graph\">{\"@context\":\"https:\\\/\\\/schema.org\",\"@graph\":[{\"@type\":\"Article\",\"@id\":\"https:\\\/\\\/www.altominho.tv\\\/site\\\/2024\\\/05\\\/06\\\/projeto-de-hotel-falha-e-antigo-sanatorio-de-paredes-de-coura-volta-a-hasta-publica\\\/#article\",\"isPartOf\":{\"@id\":\"https:\\\/\\\/www.altominho.tv\\\/site\\\/2024\\\/05\\\/06\\\/projeto-de-hotel-falha-e-antigo-sanatorio-de-paredes-de-coura-volta-a-hasta-publica\\\/\"},\"author\":{\"name\":\"Lusa\",\"@id\":\"https:\\\/\\\/www.altominho.tv\\\/site\\\/#\\\/schema\\\/person\\\/63f693da3e1899361cbe955c46f3232e\"},\"headline\":\"Projeto de hotel falha e antigo sanat\u00f3rio de Paredes de Coura volta a hasta p\u00fablica\",\"datePublished\":\"2024-05-06T09:09:09+00:00\",\"dateModified\":\"2024-05-06T09:12:46+00:00\",\"mainEntityOfPage\":{\"@id\":\"https:\\\/\\\/www.altominho.tv\\\/site\\\/2024\\\/05\\\/06\\\/projeto-de-hotel-falha-e-antigo-sanatorio-de-paredes-de-coura-volta-a-hasta-publica\\\/\"},\"wordCount\":603,\"image\":{\"@id\":\"https:\\\/\\\/www.altominho.tv\\\/site\\\/2024\\\/05\\\/06\\\/projeto-de-hotel-falha-e-antigo-sanatorio-de-paredes-de-coura-volta-a-hasta-publica\\\/#primaryimage\"},\"thumbnailUrl\":\"https:\\\/\\\/www.altominho.tv\\\/site\\\/wp-content\\\/uploads\\\/2024\\\/05\\\/sanatorio.jpg\",\"keywords\":[\"Sociedade\"],\"articleSection\":[\"Paredes de Coura\"],\"inLanguage\":\"pt-PT\",\"copyrightYear\":\"2024\",\"copyrightHolder\":{\"@id\":\"https:\\\/\\\/www.altominho.tv\\\/site\\\/#organization\"}},{\"@type\":\"WebPage\",\"@id\":\"https:\\\/\\\/www.altominho.tv\\\/site\\\/2024\\\/05\\\/06\\\/projeto-de-hotel-falha-e-antigo-sanatorio-de-paredes-de-coura-volta-a-hasta-publica\\\/\",\"url\":\"https:\\\/\\\/www.altominho.tv\\\/site\\\/2024\\\/05\\\/06\\\/projeto-de-hotel-falha-e-antigo-sanatorio-de-paredes-de-coura-volta-a-hasta-publica\\\/\",\"name\":\"Projeto de hotel falha e antigo sanat\u00f3rio de Paredes de Coura volta a hasta p\u00fablica\",\"isPartOf\":{\"@id\":\"https:\\\/\\\/www.altominho.tv\\\/site\\\/#website\"},\"primaryImageOfPage\":{\"@id\":\"https:\\\/\\\/www.altominho.tv\\\/site\\\/2024\\\/05\\\/06\\\/projeto-de-hotel-falha-e-antigo-sanatorio-de-paredes-de-coura-volta-a-hasta-publica\\\/#primaryimage\"},\"image\":{\"@id\":\"https:\\\/\\\/www.altominho.tv\\\/site\\\/2024\\\/05\\\/06\\\/projeto-de-hotel-falha-e-antigo-sanatorio-de-paredes-de-coura-volta-a-hasta-publica\\\/#primaryimage\"},\"thumbnailUrl\":\"https:\\\/\\\/www.altominho.tv\\\/site\\\/wp-content\\\/uploads\\\/2024\\\/05\\\/sanatorio.jpg\",\"datePublished\":\"2024-05-06T09:09:09+00:00\",\"dateModified\":\"2024-05-06T09:12:46+00:00\",\"author\":{\"@id\":\"https:\\\/\\\/www.altominho.tv\\\/site\\\/#\\\/schema\\\/person\\\/63f693da3e1899361cbe955c46f3232e\"},\"description\":\"O presidente da C\u00e2mara de Paredes de Coura disse hoje que o projeto tur\u00edstico previsto para o antigo sanat\u00f3rio, vendido em hasta p\u00fablica em 2019, n\u00e3o vai avan\u00e7ar e que o im\u00f3vel vai ser novamente colocado no mercado. \u00a0\",\"breadcrumb\":{\"@id\":\"https:\\\/\\\/www.altominho.tv\\\/site\\\/2024\\\/05\\\/06\\\/projeto-de-hotel-falha-e-antigo-sanatorio-de-paredes-de-coura-volta-a-hasta-publica\\\/#breadcrumb\"},\"inLanguage\":\"pt-PT\",\"potentialAction\":[{\"@type\":\"ReadAction\",\"target\":[\"https:\\\/\\\/www.altominho.tv\\\/site\\\/2024\\\/05\\\/06\\\/projeto-de-hotel-falha-e-antigo-sanatorio-de-paredes-de-coura-volta-a-hasta-publica\\\/\"]}]},{\"@type\":\"ImageObject\",\"inLanguage\":\"pt-PT\",\"@id\":\"https:\\\/\\\/www.altominho.tv\\\/site\\\/2024\\\/05\\\/06\\\/projeto-de-hotel-falha-e-antigo-sanatorio-de-paredes-de-coura-volta-a-hasta-publica\\\/#primaryimage\",\"url\":\"https:\\\/\\\/www.altominho.tv\\\/site\\\/wp-content\\\/uploads\\\/2024\\\/05\\\/sanatorio.jpg\",\"contentUrl\":\"https:\\\/\\\/www.altominho.tv\\\/site\\\/wp-content\\\/uploads\\\/2024\\\/05\\\/sanatorio.jpg\",\"width\":2000,\"height\":1125},{\"@type\":\"BreadcrumbList\",\"@id\":\"https:\\\/\\\/www.altominho.tv\\\/site\\\/2024\\\/05\\\/06\\\/projeto-de-hotel-falha-e-antigo-sanatorio-de-paredes-de-coura-volta-a-hasta-publica\\\/#breadcrumb\",\"itemListElement\":[{\"@type\":\"ListItem\",\"position\":1,\"name\":\"In\u00edcio\",\"item\":\"https:\\\/\\\/www.altominho.tv\\\/site\\\/\"},{\"@type\":\"ListItem\",\"position\":2,\"name\":\"Projeto de hotel falha e antigo sanat\u00f3rio de Paredes de Coura volta a hasta p\u00fablica\"}]},{\"@type\":\"WebSite\",\"@id\":\"https:\\\/\\\/www.altominho.tv\\\/site\\\/#website\",\"url\":\"https:\\\/\\\/www.altominho.tv\\\/site\\\/\",\"name\":\"Altominho.tv\",\"description\":\"A sua regi\u00e3o \u00e0 dist\u00e2ncia de um clique...\",\"potentialAction\":[{\"@type\":\"SearchAction\",\"target\":{\"@type\":\"EntryPoint\",\"urlTemplate\":\"https:\\\/\\\/www.altominho.tv\\\/site\\\/?s={search_term_string}\"},\"query-input\":{\"@type\":\"PropertyValueSpecification\",\"valueRequired\":true,\"valueName\":\"search_term_string\"}}],\"inLanguage\":\"pt-PT\"},{\"@type\":\"Person\",\"@id\":\"https:\\\/\\\/www.altominho.tv\\\/site\\\/#\\\/schema\\\/person\\\/63f693da3e1899361cbe955c46f3232e\",\"name\":\"Lusa\",\"image\":{\"@type\":\"ImageObject\",\"inLanguage\":\"pt-PT\",\"@id\":\"https:\\\/\\\/www.altominho.tv\\\/site\\\/wp-content\\\/uploads\\\/2019\\\/08\\\/LUSA_Logo.gif\",\"url\":\"https:\\\/\\\/www.altominho.tv\\\/site\\\/wp-content\\\/uploads\\\/2019\\\/08\\\/LUSA_Logo.gif\",\"contentUrl\":\"https:\\\/\\\/www.altominho.tv\\\/site\\\/wp-content\\\/uploads\\\/2019\\\/08\\\/LUSA_Logo.gif\",\"caption\":\"Lusa\"},\"sameAs\":[\"http:\\\/\\\/\\\/\\\/www.altominho.tv\\\/site\"],\"url\":\"https:\\\/\\\/www.altominho.tv\\\/site\\\/author\\\/lusa\\\/\"}]}<\/script>\n<!-- \/ Yoast SEO Premium plugin. -->","yoast_head_json":{"title":"Projeto de hotel falha e antigo sanat\u00f3rio de Paredes de Coura volta a hasta p\u00fablica","description":"O presidente da C\u00e2mara de Paredes de Coura disse hoje que o projeto tur\u00edstico previsto para o antigo sanat\u00f3rio, vendido em hasta p\u00fablica em 2019, n\u00e3o vai avan\u00e7ar e que o im\u00f3vel vai ser novamente colocado no mercado. \u00a0","robots":{"index":"index","follow":"follow","max-snippet":"max-snippet:-1","max-image-preview":"max-image-preview:large","max-video-preview":"max-video-preview:-1"},"canonical":"https:\/\/www.altominho.tv\/site\/2024\/05\/06\/projeto-de-hotel-falha-e-antigo-sanatorio-de-paredes-de-coura-volta-a-hasta-publica\/","og_locale":"pt_PT","og_type":"article","og_title":"Projeto de hotel falha e antigo sanat\u00f3rio de Paredes de Coura volta a hasta p\u00fablica","og_description":"O presidente da C\u00e2mara de Paredes de Coura disse hoje que o projeto tur\u00edstico previsto para o antigo sanat\u00f3rio, vendido em hasta p\u00fablica em 2019, n\u00e3o vai avan\u00e7ar e que o im\u00f3vel vai ser novamente colocado no mercado. \u00a0","og_url":"https:\/\/www.altominho.tv\/site\/2024\/05\/06\/projeto-de-hotel-falha-e-antigo-sanatorio-de-paredes-de-coura-volta-a-hasta-publica\/","og_site_name":"Altominho.tv","article_publisher":"https:\/\/www.facebook.com\/altominhotv","article_published_time":"2024-05-06T09:09:09+00:00","article_modified_time":"2024-05-06T09:12:46+00:00","og_image":[{"width":2000,"height":1125,"url":"https:\/\/www.altominho.tv\/site\/wp-content\/uploads\/2024\/05\/sanatorio.jpg","type":"image\/jpeg"}],"author":"Lusa","twitter_card":"summary_large_image","twitter_creator":"@altominhoTV","twitter_site":"@altominhoTV","twitter_misc":{"Escrito por":"Lusa","Tempo estimado de leitura":"4 minutos"},"schema":{"@context":"https:\/\/schema.org","@graph":[{"@type":"Article","@id":"https:\/\/www.altominho.tv\/site\/2024\/05\/06\/projeto-de-hotel-falha-e-antigo-sanatorio-de-paredes-de-coura-volta-a-hasta-publica\/#article","isPartOf":{"@id":"https:\/\/www.altominho.tv\/site\/2024\/05\/06\/projeto-de-hotel-falha-e-antigo-sanatorio-de-paredes-de-coura-volta-a-hasta-publica\/"},"author":{"name":"Lusa","@id":"https:\/\/www.altominho.tv\/site\/#\/schema\/person\/63f693da3e1899361cbe955c46f3232e"},"headline":"Projeto de hotel falha e antigo sanat\u00f3rio de Paredes de Coura volta a hasta p\u00fablica","datePublished":"2024-05-06T09:09:09+00:00","dateModified":"2024-05-06T09:12:46+00:00","mainEntityOfPage":{"@id":"https:\/\/www.altominho.tv\/site\/2024\/05\/06\/projeto-de-hotel-falha-e-antigo-sanatorio-de-paredes-de-coura-volta-a-hasta-publica\/"},"wordCount":603,"image":{"@id":"https:\/\/www.altominho.tv\/site\/2024\/05\/06\/projeto-de-hotel-falha-e-antigo-sanatorio-de-paredes-de-coura-volta-a-hasta-publica\/#primaryimage"},"thumbnailUrl":"https:\/\/www.altominho.tv\/site\/wp-content\/uploads\/2024\/05\/sanatorio.jpg","keywords":["Sociedade"],"articleSection":["Paredes de Coura"],"inLanguage":"pt-PT","copyrightYear":"2024","copyrightHolder":{"@id":"https:\/\/www.altominho.tv\/site\/#organization"}},{"@type":"WebPage","@id":"https:\/\/www.altominho.tv\/site\/2024\/05\/06\/projeto-de-hotel-falha-e-antigo-sanatorio-de-paredes-de-coura-volta-a-hasta-publica\/","url":"https:\/\/www.altominho.tv\/site\/2024\/05\/06\/projeto-de-hotel-falha-e-antigo-sanatorio-de-paredes-de-coura-volta-a-hasta-publica\/","name":"Projeto de hotel falha e antigo sanat\u00f3rio de Paredes de Coura volta a hasta p\u00fablica","isPartOf":{"@id":"https:\/\/www.altominho.tv\/site\/#website"},"primaryImageOfPage":{"@id":"https:\/\/www.altominho.tv\/site\/2024\/05\/06\/projeto-de-hotel-falha-e-antigo-sanatorio-de-paredes-de-coura-volta-a-hasta-publica\/#primaryimage"},"image":{"@id":"https:\/\/www.altominho.tv\/site\/2024\/05\/06\/projeto-de-hotel-falha-e-antigo-sanatorio-de-paredes-de-coura-volta-a-hasta-publica\/#primaryimage"},"thumbnailUrl":"https:\/\/www.altominho.tv\/site\/wp-content\/uploads\/2024\/05\/sanatorio.jpg","datePublished":"2024-05-06T09:09:09+00:00","dateModified":"2024-05-06T09:12:46+00:00","author":{"@id":"https:\/\/www.altominho.tv\/site\/#\/schema\/person\/63f693da3e1899361cbe955c46f3232e"},"description":"O presidente da C\u00e2mara de Paredes de Coura disse hoje que o projeto tur\u00edstico previsto para o antigo sanat\u00f3rio, vendido em hasta p\u00fablica em 2019, n\u00e3o vai avan\u00e7ar e que o im\u00f3vel vai ser novamente colocado no mercado. \u00a0","breadcrumb":{"@id":"https:\/\/www.altominho.tv\/site\/2024\/05\/06\/projeto-de-hotel-falha-e-antigo-sanatorio-de-paredes-de-coura-volta-a-hasta-publica\/#breadcrumb"},"inLanguage":"pt-PT","potentialAction":[{"@type":"ReadAction","target":["https:\/\/www.altominho.tv\/site\/2024\/05\/06\/projeto-de-hotel-falha-e-antigo-sanatorio-de-paredes-de-coura-volta-a-hasta-publica\/"]}]},{"@type":"ImageObject","inLanguage":"pt-PT","@id":"https:\/\/www.altominho.tv\/site\/2024\/05\/06\/projeto-de-hotel-falha-e-antigo-sanatorio-de-paredes-de-coura-volta-a-hasta-publica\/#primaryimage","url":"https:\/\/www.altominho.tv\/site\/wp-content\/uploads\/2024\/05\/sanatorio.jpg","contentUrl":"https:\/\/www.altominho.tv\/site\/wp-content\/uploads\/2024\/05\/sanatorio.jpg","width":2000,"height":1125},{"@type":"BreadcrumbList","@id":"https:\/\/www.altominho.tv\/site\/2024\/05\/06\/projeto-de-hotel-falha-e-antigo-sanatorio-de-paredes-de-coura-volta-a-hasta-publica\/#breadcrumb","itemListElement":[{"@type":"ListItem","position":1,"name":"In\u00edcio","item":"https:\/\/www.altominho.tv\/site\/"},{"@type":"ListItem","position":2,"name":"Projeto de hotel falha e antigo sanat\u00f3rio de Paredes de Coura volta a hasta p\u00fablica"}]},{"@type":"WebSite","@id":"https:\/\/www.altominho.tv\/site\/#website","url":"https:\/\/www.altominho.tv\/site\/","name":"Altominho.tv","description":"A sua regi\u00e3o \u00e0 dist\u00e2ncia de um clique...","potentialAction":[{"@type":"SearchAction","target":{"@type":"EntryPoint","urlTemplate":"https:\/\/www.altominho.tv\/site\/?s={search_term_string}"},"query-input":{"@type":"PropertyValueSpecification","valueRequired":true,"valueName":"search_term_string"}}],"inLanguage":"pt-PT"},{"@type":"Person","@id":"https:\/\/www.altominho.tv\/site\/#\/schema\/person\/63f693da3e1899361cbe955c46f3232e","name":"Lusa","image":{"@type":"ImageObject","inLanguage":"pt-PT","@id":"https:\/\/www.altominho.tv\/site\/wp-content\/uploads\/2019\/08\/LUSA_Logo.gif","url":"https:\/\/www.altominho.tv\/site\/wp-content\/uploads\/2019\/08\/LUSA_Logo.gif","contentUrl":"https:\/\/www.altominho.tv\/site\/wp-content\/uploads\/2019\/08\/LUSA_Logo.gif","caption":"Lusa"},"sameAs":["http:\/\/\/\/www.altominho.tv\/site"],"url":"https:\/\/www.altominho.tv\/site\/author\/lusa\/"}]}},"_links":{"self":[{"href":"https:\/\/www.altominho.tv\/site\/wp-json\/wp\/v2\/posts\/106871","targetHints":{"allow":["GET"]}}],"collection":[{"href":"https:\/\/www.altominho.tv\/site\/wp-json\/wp\/v2\/posts"}],"about":[{"href":"https:\/\/www.altominho.tv\/site\/wp-json\/wp\/v2\/types\/post"}],"author":[{"embeddable":true,"href":"https:\/\/www.altominho.tv\/site\/wp-json\/wp\/v2\/users\/13"}],"replies":[{"embeddable":true,"href":"https:\/\/www.altominho.tv\/site\/wp-json\/wp\/v2\/comments?post=106871"}],"version-history":[{"count":1,"href":"https:\/\/www.altominho.tv\/site\/wp-json\/wp\/v2\/posts\/106871\/revisions"}],"predecessor-version":[{"id":106872,"href":"https:\/\/www.altominho.tv\/site\/wp-json\/wp\/v2\/posts\/106871\/revisions\/106872"}],"wp:featuredmedia":[{"embeddable":true,"href":"https:\/\/www.altominho.tv\/site\/wp-json\/wp\/v2\/media\/106873"}],"wp:attachment":[{"href":"https:\/\/www.altominho.tv\/site\/wp-json\/wp\/v2\/media?parent=106871"}],"wp:term":[{"taxonomy":"category","embeddable":true,"href":"https:\/\/www.altominho.tv\/site\/wp-json\/wp\/v2\/categories?post=106871"},{"taxonomy":"post_tag","embeddable":true,"href":"https:\/\/www.altominho.tv\/site\/wp-json\/wp\/v2\/tags?post=106871"}],"curies":[{"name":"wp","href":"https:\/\/api.w.org\/{rel}","templated":true}]}}