{"id":106845,"date":"2024-05-04T10:29:58","date_gmt":"2024-05-04T09:29:58","guid":{"rendered":"https:\/\/www.altominho.tv\/site\/?p=106845"},"modified":"2024-05-04T10:30:00","modified_gmt":"2024-05-04T09:30:00","slug":"paredes-de-coura-vai-ter-centro-tecnologico-de-17-me-em-2025","status":"publish","type":"post","link":"https:\/\/www.altominho.tv\/site\/2024\/05\/04\/paredes-de-coura-vai-ter-centro-tecnologico-de-17-me-em-2025\/","title":{"rendered":"Paredes de Coura vai ter centro tecnol\u00f3gico de 1,7 ME em 2025"},"content":{"rendered":"<p>O presidente da C\u00e2mara de Paredes de Coura apontou para o primeiro trimestre de 2025 a abertura de um centro tecnol\u00f3gico, num investimento de mais de 1,7 milh\u00f5es de euros, para incentivar a investiga\u00e7\u00e3o cient\u00edfica no concelho.<\/p>\n<p>Em declara\u00e7\u00f5es \u00e0 ag\u00eancia Lusa, \u00e0 margem do Festival Nacional de Rob\u00f3tica, a decorrer at\u00e9 domingo naquele concelho do distrito de Viana do Castelo, V\u00edtor Paulo Pereira, disse que em equipamentos tecnol\u00f3gicos v\u00e3o ser investidos 1,3 milh\u00f5es de euros.<\/p>\n<p>J\u00e1 a empreitada de reconvers\u00e3o de um antigo edif\u00edcio do Sporting Clube Courense, no centro da vila, est\u00e1 or\u00e7ada em 464 mil euros.<\/p>\n<p>A obra arrancar\u00e1 em junho e ter\u00e1 de estar finalizada at\u00e9 finais de setembro, meados de outubro. Ap\u00f3s essa fase o espa\u00e7o ser\u00e1 todo equipado, recriando \u201cuma f\u00e1brica escola\u201d.<\/p>\n<p>\u201cUma coisa \u00e9 ter laborat\u00f3rios na escola e, outra \u00e9 ter um pavilh\u00e3o que consiga criar o ambiente de uma f\u00e1brica. Vamos ter rob\u00f3tica, soldadura avan\u00e7ada, programa\u00e7\u00e3o inform\u00e1tica. No fundo, tudo o que est\u00e1 a acontecer no Festival Nacional de Rob\u00f3tica.<\/p>\n<p>O centro tecnol\u00f3gico servir\u00e1, sobretudo, os alunos EPRAMI &#8211; Escola Profissional do Alto Minho Interior, que ter\u00e3o um espa\u00e7o para aprender em contexto de trabalho\u201d, explicou o autarca socialista.<\/p>\n<p>Para V\u00edtor Paulo Pereira, o futuro centro tecnol\u00f3gico \u201cchamar novos alunos a Paredes de Coura, atra\u00eddos pelas propostas inovadoras que a EPRAMI apresenta\u201d.<\/p>\n<p>O projeto, financiado pelo Plano de Recupera\u00e7\u00e3o e Resili\u00eancia (PRR), vem ao encontro da aposta do munic\u00edpio na rob\u00f3tica, \u201cfazendo todo o sentido a realiza\u00e7\u00e3o, no concelho do festival nacional\u201d.<\/p>\n<p>\u201cEm Paredes de Coura h\u00e1 f\u00e1bricas altamente robotizadas, com tecnologia de ponta como \u00e9 o caso do grupo Kyaia, que tem investido na Ind\u00fastria 4.0\u201d, destacou.<\/p>\n<p>O autarca referiu que \u201cas pessoas t\u00eam muito medo da rob\u00f3tica porque acham que destr\u00f3i empregos, mas aumenta a competitividade das empresas e alivia os trabalhadores de tarefas mon\u00f3tonas, pesadas e perigosas\u201d.<\/p>\n<p>\u201cA aposta do grupo Kyaia na inova\u00e7\u00e3o tecnol\u00f3gica n\u00e3o causou despedimentos. Antes pelo contr\u00e1rio, h\u00e1 oportunidade de emprego\u201d, disse.<\/p>\n<p>Afonso Reis \u00e9 \u201cum exemplo\u201d de como a participa\u00e7\u00e3o no Festival Nacional de Rob\u00f3tica, onde, numa competi\u00e7\u00e3o chegou a vice-campe\u00e3o do mundo, pode mudou vidas.<\/p>\n<p>\u201cHoje tenho uma empresa que produz m\u00e1quinas industriais robotizadas para empresas dos setores autom\u00f3vel, metal\u00fargica, alimentar. O interesse pela rob\u00f3tica nasceu no festival, desenvolvi essa aptid\u00e3o e, \u00e9 essa mensagem que queremos transmitir aos jovens\u201d, afirmou o empres\u00e1rio que dedica um dia por semana para dar aulas de rob\u00f3tica aos alunos da EPRAMI.<\/p>\n<p>Natural de Paredes de Coura, Afonso Reis, de 37 anos, instalou a empresa h\u00e1 dois anos numa incubadora municipal, e al\u00e9m do mercado nacional j\u00e1 exporta parte da produ\u00e7\u00e3o.<\/p>\n<p>Formado em eletrotecnia, pelo Instituto Polit\u00e9cnico de Bragan\u00e7a, integra a organiza\u00e7\u00e3o do Festival Nacional de Rob\u00f3tica de Paredes de Coura onde espera \u201cestimular nas crian\u00e7as e jovens que, este ano, participam no festival de Paredes de Coura, o gosto pela rob\u00f3tica e pela eletr\u00f3nica\u201d.<\/p>\n","protected":false},"excerpt":{"rendered":"<p>O presidente da C\u00e2mara de Paredes de Coura apontou para o primeiro trimestre de 2025 a abertura de um centro tecnol\u00f3gico, num investimento de mais de 1,7 milh\u00f5es de euros, para incentivar a investiga\u00e7\u00e3o cient\u00edfica no concelho. Em declara\u00e7\u00f5es \u00e0 ag\u00eancia Lusa, \u00e0 margem do Festival Nacional de Rob\u00f3tica, a decorrer at\u00e9 domingo naquele concelho [&hellip;]<\/p>\n","protected":false},"author":13,"featured_media":106846,"comment_status":"closed","ping_status":"closed","sticky":false,"template":"","format":"standard","meta":{"_exactmetrics_skip_tracking":false,"_exactmetrics_sitenote_active":false,"_exactmetrics_sitenote_note":"","_exactmetrics_sitenote_category":0,"footnotes":""},"categories":[10],"tags":[21,22],"class_list":["post-106845","post","type-post","status-publish","format-standard","has-post-thumbnail","hentry","category-paredes-de-coura","tag-economia","tag-educacao"],"yoast_head":"<!-- This site is optimized with the Yoast SEO Premium plugin v27.4 (Yoast SEO v27.4) - https:\/\/yoast.com\/product\/yoast-seo-premium-wordpress\/ -->\n<title>Paredes de Coura vai ter centro tecnol\u00f3gico de 1,7 ME em 2025<\/title>\n<meta name=\"description\" content=\"Um investimento de mais de 1,7 milh\u00f5es de euros, para incentivar a investiga\u00e7\u00e3o cient\u00edfica no concelho.\" \/>\n<meta name=\"robots\" content=\"index, follow, max-snippet:-1, max-image-preview:large, max-video-preview:-1\" \/>\n<link rel=\"canonical\" href=\"https:\/\/www.altominho.tv\/site\/2024\/05\/04\/paredes-de-coura-vai-ter-centro-tecnologico-de-17-me-em-2025\/\" \/>\n<meta property=\"og:locale\" content=\"pt_PT\" \/>\n<meta property=\"og:type\" content=\"article\" \/>\n<meta property=\"og:title\" content=\"Paredes de Coura vai ter centro tecnol\u00f3gico de 1,7 ME em 2025\" \/>\n<meta property=\"og:description\" content=\"Um investimento de mais de 1,7 milh\u00f5es de euros, para incentivar a investiga\u00e7\u00e3o cient\u00edfica no concelho.\" \/>\n<meta property=\"og:url\" content=\"https:\/\/www.altominho.tv\/site\/2024\/05\/04\/paredes-de-coura-vai-ter-centro-tecnologico-de-17-me-em-2025\/\" \/>\n<meta property=\"og:site_name\" content=\"Altominho.tv\" \/>\n<meta property=\"article:publisher\" content=\"https:\/\/www.facebook.com\/altominhotv\" \/>\n<meta property=\"article:published_time\" content=\"2024-05-04T09:29:58+00:00\" \/>\n<meta property=\"article:modified_time\" content=\"2024-05-04T09:30:00+00:00\" \/>\n<meta property=\"og:image\" content=\"https:\/\/www.altominho.tv\/site\/wp-content\/uploads\/2024\/05\/Robotica-1.jpg\" \/>\n\t<meta property=\"og:image:width\" content=\"2560\" \/>\n\t<meta property=\"og:image:height\" content=\"1440\" \/>\n\t<meta property=\"og:image:type\" content=\"image\/jpeg\" \/>\n<meta name=\"author\" content=\"Lusa\" \/>\n<meta name=\"twitter:card\" content=\"summary_large_image\" \/>\n<meta name=\"twitter:creator\" content=\"@altominhoTV\" \/>\n<meta name=\"twitter:site\" content=\"@altominhoTV\" \/>\n<meta name=\"twitter:label1\" content=\"Escrito por\" \/>\n\t<meta name=\"twitter:data1\" content=\"Lusa\" \/>\n\t<meta name=\"twitter:label2\" content=\"Tempo estimado de leitura\" \/>\n\t<meta name=\"twitter:data2\" content=\"3 minutos\" \/>\n<script type=\"application\/ld+json\" class=\"yoast-schema-graph\">{\"@context\":\"https:\\\/\\\/schema.org\",\"@graph\":[{\"@type\":\"Article\",\"@id\":\"https:\\\/\\\/www.altominho.tv\\\/site\\\/2024\\\/05\\\/04\\\/paredes-de-coura-vai-ter-centro-tecnologico-de-17-me-em-2025\\\/#article\",\"isPartOf\":{\"@id\":\"https:\\\/\\\/www.altominho.tv\\\/site\\\/2024\\\/05\\\/04\\\/paredes-de-coura-vai-ter-centro-tecnologico-de-17-me-em-2025\\\/\"},\"author\":{\"name\":\"Lusa\",\"@id\":\"https:\\\/\\\/www.altominho.tv\\\/site\\\/#\\\/schema\\\/person\\\/63f693da3e1899361cbe955c46f3232e\"},\"headline\":\"Paredes de Coura vai ter centro tecnol\u00f3gico de 1,7 ME em 2025\",\"datePublished\":\"2024-05-04T09:29:58+00:00\",\"dateModified\":\"2024-05-04T09:30:00+00:00\",\"mainEntityOfPage\":{\"@id\":\"https:\\\/\\\/www.altominho.tv\\\/site\\\/2024\\\/05\\\/04\\\/paredes-de-coura-vai-ter-centro-tecnologico-de-17-me-em-2025\\\/\"},\"wordCount\":544,\"image\":{\"@id\":\"https:\\\/\\\/www.altominho.tv\\\/site\\\/2024\\\/05\\\/04\\\/paredes-de-coura-vai-ter-centro-tecnologico-de-17-me-em-2025\\\/#primaryimage\"},\"thumbnailUrl\":\"https:\\\/\\\/www.altominho.tv\\\/site\\\/wp-content\\\/uploads\\\/2024\\\/05\\\/Robotica-1.jpg\",\"keywords\":[\"Economia\",\"Educa\u00e7\u00e3o\"],\"articleSection\":[\"Paredes de Coura\"],\"inLanguage\":\"pt-PT\",\"copyrightYear\":\"2024\",\"copyrightHolder\":{\"@id\":\"https:\\\/\\\/www.altominho.tv\\\/site\\\/#organization\"}},{\"@type\":\"WebPage\",\"@id\":\"https:\\\/\\\/www.altominho.tv\\\/site\\\/2024\\\/05\\\/04\\\/paredes-de-coura-vai-ter-centro-tecnologico-de-17-me-em-2025\\\/\",\"url\":\"https:\\\/\\\/www.altominho.tv\\\/site\\\/2024\\\/05\\\/04\\\/paredes-de-coura-vai-ter-centro-tecnologico-de-17-me-em-2025\\\/\",\"name\":\"Paredes de Coura vai ter centro tecnol\u00f3gico de 1,7 ME em 2025\",\"isPartOf\":{\"@id\":\"https:\\\/\\\/www.altominho.tv\\\/site\\\/#website\"},\"primaryImageOfPage\":{\"@id\":\"https:\\\/\\\/www.altominho.tv\\\/site\\\/2024\\\/05\\\/04\\\/paredes-de-coura-vai-ter-centro-tecnologico-de-17-me-em-2025\\\/#primaryimage\"},\"image\":{\"@id\":\"https:\\\/\\\/www.altominho.tv\\\/site\\\/2024\\\/05\\\/04\\\/paredes-de-coura-vai-ter-centro-tecnologico-de-17-me-em-2025\\\/#primaryimage\"},\"thumbnailUrl\":\"https:\\\/\\\/www.altominho.tv\\\/site\\\/wp-content\\\/uploads\\\/2024\\\/05\\\/Robotica-1.jpg\",\"datePublished\":\"2024-05-04T09:29:58+00:00\",\"dateModified\":\"2024-05-04T09:30:00+00:00\",\"author\":{\"@id\":\"https:\\\/\\\/www.altominho.tv\\\/site\\\/#\\\/schema\\\/person\\\/63f693da3e1899361cbe955c46f3232e\"},\"description\":\"Um investimento de mais de 1,7 milh\u00f5es de euros, para incentivar a investiga\u00e7\u00e3o cient\u00edfica no concelho.\",\"breadcrumb\":{\"@id\":\"https:\\\/\\\/www.altominho.tv\\\/site\\\/2024\\\/05\\\/04\\\/paredes-de-coura-vai-ter-centro-tecnologico-de-17-me-em-2025\\\/#breadcrumb\"},\"inLanguage\":\"pt-PT\",\"potentialAction\":[{\"@type\":\"ReadAction\",\"target\":[\"https:\\\/\\\/www.altominho.tv\\\/site\\\/2024\\\/05\\\/04\\\/paredes-de-coura-vai-ter-centro-tecnologico-de-17-me-em-2025\\\/\"]}]},{\"@type\":\"ImageObject\",\"inLanguage\":\"pt-PT\",\"@id\":\"https:\\\/\\\/www.altominho.tv\\\/site\\\/2024\\\/05\\\/04\\\/paredes-de-coura-vai-ter-centro-tecnologico-de-17-me-em-2025\\\/#primaryimage\",\"url\":\"https:\\\/\\\/www.altominho.tv\\\/site\\\/wp-content\\\/uploads\\\/2024\\\/05\\\/Robotica-1.jpg\",\"contentUrl\":\"https:\\\/\\\/www.altominho.tv\\\/site\\\/wp-content\\\/uploads\\\/2024\\\/05\\\/Robotica-1.jpg\",\"width\":2560,\"height\":1440},{\"@type\":\"BreadcrumbList\",\"@id\":\"https:\\\/\\\/www.altominho.tv\\\/site\\\/2024\\\/05\\\/04\\\/paredes-de-coura-vai-ter-centro-tecnologico-de-17-me-em-2025\\\/#breadcrumb\",\"itemListElement\":[{\"@type\":\"ListItem\",\"position\":1,\"name\":\"In\u00edcio\",\"item\":\"https:\\\/\\\/www.altominho.tv\\\/site\\\/\"},{\"@type\":\"ListItem\",\"position\":2,\"name\":\"Paredes de Coura vai ter centro tecnol\u00f3gico de 1,7 ME em 2025\"}]},{\"@type\":\"WebSite\",\"@id\":\"https:\\\/\\\/www.altominho.tv\\\/site\\\/#website\",\"url\":\"https:\\\/\\\/www.altominho.tv\\\/site\\\/\",\"name\":\"Altominho.tv\",\"description\":\"A sua regi\u00e3o \u00e0 dist\u00e2ncia de um clique...\",\"potentialAction\":[{\"@type\":\"SearchAction\",\"target\":{\"@type\":\"EntryPoint\",\"urlTemplate\":\"https:\\\/\\\/www.altominho.tv\\\/site\\\/?s={search_term_string}\"},\"query-input\":{\"@type\":\"PropertyValueSpecification\",\"valueRequired\":true,\"valueName\":\"search_term_string\"}}],\"inLanguage\":\"pt-PT\"},{\"@type\":\"Person\",\"@id\":\"https:\\\/\\\/www.altominho.tv\\\/site\\\/#\\\/schema\\\/person\\\/63f693da3e1899361cbe955c46f3232e\",\"name\":\"Lusa\",\"image\":{\"@type\":\"ImageObject\",\"inLanguage\":\"pt-PT\",\"@id\":\"https:\\\/\\\/www.altominho.tv\\\/site\\\/wp-content\\\/uploads\\\/2019\\\/08\\\/LUSA_Logo.gif\",\"url\":\"https:\\\/\\\/www.altominho.tv\\\/site\\\/wp-content\\\/uploads\\\/2019\\\/08\\\/LUSA_Logo.gif\",\"contentUrl\":\"https:\\\/\\\/www.altominho.tv\\\/site\\\/wp-content\\\/uploads\\\/2019\\\/08\\\/LUSA_Logo.gif\",\"caption\":\"Lusa\"},\"sameAs\":[\"http:\\\/\\\/\\\/\\\/www.altominho.tv\\\/site\"],\"url\":\"https:\\\/\\\/www.altominho.tv\\\/site\\\/author\\\/lusa\\\/\"}]}<\/script>\n<!-- \/ Yoast SEO Premium plugin. -->","yoast_head_json":{"title":"Paredes de Coura vai ter centro tecnol\u00f3gico de 1,7 ME em 2025","description":"Um investimento de mais de 1,7 milh\u00f5es de euros, para incentivar a investiga\u00e7\u00e3o cient\u00edfica no concelho.","robots":{"index":"index","follow":"follow","max-snippet":"max-snippet:-1","max-image-preview":"max-image-preview:large","max-video-preview":"max-video-preview:-1"},"canonical":"https:\/\/www.altominho.tv\/site\/2024\/05\/04\/paredes-de-coura-vai-ter-centro-tecnologico-de-17-me-em-2025\/","og_locale":"pt_PT","og_type":"article","og_title":"Paredes de Coura vai ter centro tecnol\u00f3gico de 1,7 ME em 2025","og_description":"Um investimento de mais de 1,7 milh\u00f5es de euros, para incentivar a investiga\u00e7\u00e3o cient\u00edfica no concelho.","og_url":"https:\/\/www.altominho.tv\/site\/2024\/05\/04\/paredes-de-coura-vai-ter-centro-tecnologico-de-17-me-em-2025\/","og_site_name":"Altominho.tv","article_publisher":"https:\/\/www.facebook.com\/altominhotv","article_published_time":"2024-05-04T09:29:58+00:00","article_modified_time":"2024-05-04T09:30:00+00:00","og_image":[{"width":2560,"height":1440,"url":"https:\/\/www.altominho.tv\/site\/wp-content\/uploads\/2024\/05\/Robotica-1.jpg","type":"image\/jpeg"}],"author":"Lusa","twitter_card":"summary_large_image","twitter_creator":"@altominhoTV","twitter_site":"@altominhoTV","twitter_misc":{"Escrito por":"Lusa","Tempo estimado de leitura":"3 minutos"},"schema":{"@context":"https:\/\/schema.org","@graph":[{"@type":"Article","@id":"https:\/\/www.altominho.tv\/site\/2024\/05\/04\/paredes-de-coura-vai-ter-centro-tecnologico-de-17-me-em-2025\/#article","isPartOf":{"@id":"https:\/\/www.altominho.tv\/site\/2024\/05\/04\/paredes-de-coura-vai-ter-centro-tecnologico-de-17-me-em-2025\/"},"author":{"name":"Lusa","@id":"https:\/\/www.altominho.tv\/site\/#\/schema\/person\/63f693da3e1899361cbe955c46f3232e"},"headline":"Paredes de Coura vai ter centro tecnol\u00f3gico de 1,7 ME em 2025","datePublished":"2024-05-04T09:29:58+00:00","dateModified":"2024-05-04T09:30:00+00:00","mainEntityOfPage":{"@id":"https:\/\/www.altominho.tv\/site\/2024\/05\/04\/paredes-de-coura-vai-ter-centro-tecnologico-de-17-me-em-2025\/"},"wordCount":544,"image":{"@id":"https:\/\/www.altominho.tv\/site\/2024\/05\/04\/paredes-de-coura-vai-ter-centro-tecnologico-de-17-me-em-2025\/#primaryimage"},"thumbnailUrl":"https:\/\/www.altominho.tv\/site\/wp-content\/uploads\/2024\/05\/Robotica-1.jpg","keywords":["Economia","Educa\u00e7\u00e3o"],"articleSection":["Paredes de Coura"],"inLanguage":"pt-PT","copyrightYear":"2024","copyrightHolder":{"@id":"https:\/\/www.altominho.tv\/site\/#organization"}},{"@type":"WebPage","@id":"https:\/\/www.altominho.tv\/site\/2024\/05\/04\/paredes-de-coura-vai-ter-centro-tecnologico-de-17-me-em-2025\/","url":"https:\/\/www.altominho.tv\/site\/2024\/05\/04\/paredes-de-coura-vai-ter-centro-tecnologico-de-17-me-em-2025\/","name":"Paredes de Coura vai ter centro tecnol\u00f3gico de 1,7 ME em 2025","isPartOf":{"@id":"https:\/\/www.altominho.tv\/site\/#website"},"primaryImageOfPage":{"@id":"https:\/\/www.altominho.tv\/site\/2024\/05\/04\/paredes-de-coura-vai-ter-centro-tecnologico-de-17-me-em-2025\/#primaryimage"},"image":{"@id":"https:\/\/www.altominho.tv\/site\/2024\/05\/04\/paredes-de-coura-vai-ter-centro-tecnologico-de-17-me-em-2025\/#primaryimage"},"thumbnailUrl":"https:\/\/www.altominho.tv\/site\/wp-content\/uploads\/2024\/05\/Robotica-1.jpg","datePublished":"2024-05-04T09:29:58+00:00","dateModified":"2024-05-04T09:30:00+00:00","author":{"@id":"https:\/\/www.altominho.tv\/site\/#\/schema\/person\/63f693da3e1899361cbe955c46f3232e"},"description":"Um investimento de mais de 1,7 milh\u00f5es de euros, para incentivar a investiga\u00e7\u00e3o cient\u00edfica no concelho.","breadcrumb":{"@id":"https:\/\/www.altominho.tv\/site\/2024\/05\/04\/paredes-de-coura-vai-ter-centro-tecnologico-de-17-me-em-2025\/#breadcrumb"},"inLanguage":"pt-PT","potentialAction":[{"@type":"ReadAction","target":["https:\/\/www.altominho.tv\/site\/2024\/05\/04\/paredes-de-coura-vai-ter-centro-tecnologico-de-17-me-em-2025\/"]}]},{"@type":"ImageObject","inLanguage":"pt-PT","@id":"https:\/\/www.altominho.tv\/site\/2024\/05\/04\/paredes-de-coura-vai-ter-centro-tecnologico-de-17-me-em-2025\/#primaryimage","url":"https:\/\/www.altominho.tv\/site\/wp-content\/uploads\/2024\/05\/Robotica-1.jpg","contentUrl":"https:\/\/www.altominho.tv\/site\/wp-content\/uploads\/2024\/05\/Robotica-1.jpg","width":2560,"height":1440},{"@type":"BreadcrumbList","@id":"https:\/\/www.altominho.tv\/site\/2024\/05\/04\/paredes-de-coura-vai-ter-centro-tecnologico-de-17-me-em-2025\/#breadcrumb","itemListElement":[{"@type":"ListItem","position":1,"name":"In\u00edcio","item":"https:\/\/www.altominho.tv\/site\/"},{"@type":"ListItem","position":2,"name":"Paredes de Coura vai ter centro tecnol\u00f3gico de 1,7 ME em 2025"}]},{"@type":"WebSite","@id":"https:\/\/www.altominho.tv\/site\/#website","url":"https:\/\/www.altominho.tv\/site\/","name":"Altominho.tv","description":"A sua regi\u00e3o \u00e0 dist\u00e2ncia de um clique...","potentialAction":[{"@type":"SearchAction","target":{"@type":"EntryPoint","urlTemplate":"https:\/\/www.altominho.tv\/site\/?s={search_term_string}"},"query-input":{"@type":"PropertyValueSpecification","valueRequired":true,"valueName":"search_term_string"}}],"inLanguage":"pt-PT"},{"@type":"Person","@id":"https:\/\/www.altominho.tv\/site\/#\/schema\/person\/63f693da3e1899361cbe955c46f3232e","name":"Lusa","image":{"@type":"ImageObject","inLanguage":"pt-PT","@id":"https:\/\/www.altominho.tv\/site\/wp-content\/uploads\/2019\/08\/LUSA_Logo.gif","url":"https:\/\/www.altominho.tv\/site\/wp-content\/uploads\/2019\/08\/LUSA_Logo.gif","contentUrl":"https:\/\/www.altominho.tv\/site\/wp-content\/uploads\/2019\/08\/LUSA_Logo.gif","caption":"Lusa"},"sameAs":["http:\/\/\/\/www.altominho.tv\/site"],"url":"https:\/\/www.altominho.tv\/site\/author\/lusa\/"}]}},"_links":{"self":[{"href":"https:\/\/www.altominho.tv\/site\/wp-json\/wp\/v2\/posts\/106845","targetHints":{"allow":["GET"]}}],"collection":[{"href":"https:\/\/www.altominho.tv\/site\/wp-json\/wp\/v2\/posts"}],"about":[{"href":"https:\/\/www.altominho.tv\/site\/wp-json\/wp\/v2\/types\/post"}],"author":[{"embeddable":true,"href":"https:\/\/www.altominho.tv\/site\/wp-json\/wp\/v2\/users\/13"}],"replies":[{"embeddable":true,"href":"https:\/\/www.altominho.tv\/site\/wp-json\/wp\/v2\/comments?post=106845"}],"version-history":[{"count":1,"href":"https:\/\/www.altominho.tv\/site\/wp-json\/wp\/v2\/posts\/106845\/revisions"}],"predecessor-version":[{"id":106847,"href":"https:\/\/www.altominho.tv\/site\/wp-json\/wp\/v2\/posts\/106845\/revisions\/106847"}],"wp:featuredmedia":[{"embeddable":true,"href":"https:\/\/www.altominho.tv\/site\/wp-json\/wp\/v2\/media\/106846"}],"wp:attachment":[{"href":"https:\/\/www.altominho.tv\/site\/wp-json\/wp\/v2\/media?parent=106845"}],"wp:term":[{"taxonomy":"category","embeddable":true,"href":"https:\/\/www.altominho.tv\/site\/wp-json\/wp\/v2\/categories?post=106845"},{"taxonomy":"post_tag","embeddable":true,"href":"https:\/\/www.altominho.tv\/site\/wp-json\/wp\/v2\/tags?post=106845"}],"curies":[{"name":"wp","href":"https:\/\/api.w.org\/{rel}","templated":true}]}}