{"id":106762,"date":"2024-04-30T17:00:35","date_gmt":"2024-04-30T16:00:35","guid":{"rendered":"https:\/\/www.altominho.tv\/site\/?p=106762"},"modified":"2024-04-30T17:00:38","modified_gmt":"2024-04-30T16:00:38","slug":"ponte-de-lima-feiras-novas","status":"publish","type":"post","link":"https:\/\/www.altominho.tv\/site\/2024\/04\/30\/ponte-de-lima-feiras-novas\/","title":{"rendered":"Feiras Novas est\u00e3o de regresso de 4 a 9 de setembro"},"content":{"rendered":"\n<p>As Feiras Novas, festas concelhias de Ponte de Lima, est\u00e3o de regresso de 4 a 9 de setembro.<\/p>\n\n\n\n<p>Ao longo de seis dias, o programa \u00e9 variado, desde a arruada de concertinas, grupos de bombos, folclore, os cortejos hist\u00f3rico e etnogr\u00e1fico e as tradicionais rusgas.<\/p>\n\n\n\n<p>Por estes dias, s\u00e3o esperados milhares de visitantes, em Ponte de Lima.<\/p>\n","protected":false},"excerpt":{"rendered":"<p>As Feiras Novas, festas concelhias de Ponte de Lima, est\u00e3o de regresso de 4 a 9 de setembro. Ao longo de seis dias, o programa \u00e9 variado, desde a arruada de concertinas, grupos de bombos, folclore, os cortejos hist\u00f3rico e etnogr\u00e1fico e as tradicionais rusgas. Por estes dias, s\u00e3o esperados milhares de visitantes, em Ponte [&hellip;]<\/p>\n","protected":false},"author":7,"featured_media":106767,"comment_status":"closed","ping_status":"closed","sticky":false,"template":"","format":"standard","meta":{"_exactmetrics_skip_tracking":false,"_exactmetrics_sitenote_active":false,"_exactmetrics_sitenote_note":"","_exactmetrics_sitenote_category":0,"footnotes":""},"categories":[12],"tags":[19,27],"class_list":["post-106762","post","type-post","status-publish","format-standard","has-post-thumbnail","hentry","category-ponte-de-lima","tag-cultura","tag-sociedade"],"yoast_head":"<!-- This site is optimized with the Yoast SEO Premium plugin v27.5 (Yoast SEO v27.5) - https:\/\/yoast.com\/product\/yoast-seo-premium-wordpress\/ -->\n<title>Feiras Novas est\u00e3o de regresso de 4 a 9 de setembro<\/title>\n<meta name=\"description\" content=\"As Feiras Novas est\u00e3o de regresso de 4 a 9 de setembro, \u00e0 vila de Ponte de Lima.\" \/>\n<meta name=\"robots\" content=\"index, follow, max-snippet:-1, max-image-preview:large, max-video-preview:-1\" \/>\n<link rel=\"canonical\" href=\"https:\/\/www.altominho.tv\/site\/2024\/04\/30\/ponte-de-lima-feiras-novas\/\" \/>\n<meta property=\"og:locale\" content=\"pt_PT\" \/>\n<meta property=\"og:type\" content=\"article\" \/>\n<meta property=\"og:title\" content=\"Feiras Novas est\u00e3o de regresso de 4 a 9 de setembro\" \/>\n<meta property=\"og:description\" content=\"As Feiras Novas est\u00e3o de regresso de 4 a 9 de setembro, \u00e0 vila de Ponte de Lima.\" \/>\n<meta property=\"og:url\" content=\"https:\/\/www.altominho.tv\/site\/2024\/04\/30\/ponte-de-lima-feiras-novas\/\" \/>\n<meta property=\"og:site_name\" content=\"Altominho.tv\" \/>\n<meta property=\"article:publisher\" content=\"https:\/\/www.facebook.com\/altominhotv\" \/>\n<meta property=\"article:published_time\" content=\"2024-04-30T16:00:35+00:00\" \/>\n<meta property=\"article:modified_time\" content=\"2024-04-30T16:00:38+00:00\" \/>\n<meta property=\"og:image\" content=\"https:\/\/www.altominho.tv\/site\/wp-content\/uploads\/2024\/04\/Feiras-Novas-.jpeg\" \/>\n\t<meta property=\"og:image:width\" content=\"1920\" \/>\n\t<meta property=\"og:image:height\" content=\"1080\" \/>\n\t<meta property=\"og:image:type\" content=\"image\/jpeg\" \/>\n<meta name=\"author\" content=\"Andreia Cunha\" \/>\n<meta name=\"twitter:card\" content=\"summary_large_image\" \/>\n<meta name=\"twitter:creator\" content=\"@altominhoTV\" \/>\n<meta name=\"twitter:site\" content=\"@altominhoTV\" \/>\n<meta name=\"twitter:label1\" content=\"Escrito por\" \/>\n\t<meta name=\"twitter:data1\" content=\"Andreia Cunha\" \/>\n\t<meta name=\"twitter:label2\" content=\"Tempo estimado de leitura\" \/>\n\t<meta name=\"twitter:data2\" content=\"1 minuto\" \/>\n<script type=\"application\/ld+json\" class=\"yoast-schema-graph\">{\"@context\":\"https:\\\/\\\/schema.org\",\"@graph\":[{\"@type\":\"Article\",\"@id\":\"https:\\\/\\\/www.altominho.tv\\\/site\\\/2024\\\/04\\\/30\\\/ponte-de-lima-feiras-novas\\\/#article\",\"isPartOf\":{\"@id\":\"https:\\\/\\\/www.altominho.tv\\\/site\\\/2024\\\/04\\\/30\\\/ponte-de-lima-feiras-novas\\\/\"},\"author\":{\"name\":\"Andreia Cunha\",\"@id\":\"https:\\\/\\\/www.altominho.tv\\\/site\\\/#\\\/schema\\\/person\\\/a0e4ef6d041f98ca284393d8f1d97153\"},\"headline\":\"Feiras Novas est\u00e3o de regresso de 4 a 9 de setembro\",\"datePublished\":\"2024-04-30T16:00:35+00:00\",\"dateModified\":\"2024-04-30T16:00:38+00:00\",\"mainEntityOfPage\":{\"@id\":\"https:\\\/\\\/www.altominho.tv\\\/site\\\/2024\\\/04\\\/30\\\/ponte-de-lima-feiras-novas\\\/\"},\"wordCount\":68,\"image\":{\"@id\":\"https:\\\/\\\/www.altominho.tv\\\/site\\\/2024\\\/04\\\/30\\\/ponte-de-lima-feiras-novas\\\/#primaryimage\"},\"thumbnailUrl\":\"https:\\\/\\\/www.altominho.tv\\\/site\\\/wp-content\\\/uploads\\\/2024\\\/04\\\/Feiras-Novas-.jpeg\",\"keywords\":[\"Cultura\",\"Sociedade\"],\"articleSection\":[\"Ponte de Lima\"],\"inLanguage\":\"pt-PT\",\"copyrightYear\":\"2024\",\"copyrightHolder\":{\"@id\":\"https:\\\/\\\/www.altominho.tv\\\/site\\\/#organization\"}},{\"@type\":\"WebPage\",\"@id\":\"https:\\\/\\\/www.altominho.tv\\\/site\\\/2024\\\/04\\\/30\\\/ponte-de-lima-feiras-novas\\\/\",\"url\":\"https:\\\/\\\/www.altominho.tv\\\/site\\\/2024\\\/04\\\/30\\\/ponte-de-lima-feiras-novas\\\/\",\"name\":\"Feiras Novas est\u00e3o de regresso de 4 a 9 de setembro\",\"isPartOf\":{\"@id\":\"https:\\\/\\\/www.altominho.tv\\\/site\\\/#website\"},\"primaryImageOfPage\":{\"@id\":\"https:\\\/\\\/www.altominho.tv\\\/site\\\/2024\\\/04\\\/30\\\/ponte-de-lima-feiras-novas\\\/#primaryimage\"},\"image\":{\"@id\":\"https:\\\/\\\/www.altominho.tv\\\/site\\\/2024\\\/04\\\/30\\\/ponte-de-lima-feiras-novas\\\/#primaryimage\"},\"thumbnailUrl\":\"https:\\\/\\\/www.altominho.tv\\\/site\\\/wp-content\\\/uploads\\\/2024\\\/04\\\/Feiras-Novas-.jpeg\",\"datePublished\":\"2024-04-30T16:00:35+00:00\",\"dateModified\":\"2024-04-30T16:00:38+00:00\",\"author\":{\"@id\":\"https:\\\/\\\/www.altominho.tv\\\/site\\\/#\\\/schema\\\/person\\\/a0e4ef6d041f98ca284393d8f1d97153\"},\"description\":\"As Feiras Novas est\u00e3o de regresso de 4 a 9 de setembro, \u00e0 vila de Ponte de Lima.\",\"breadcrumb\":{\"@id\":\"https:\\\/\\\/www.altominho.tv\\\/site\\\/2024\\\/04\\\/30\\\/ponte-de-lima-feiras-novas\\\/#breadcrumb\"},\"inLanguage\":\"pt-PT\",\"potentialAction\":[{\"@type\":\"ReadAction\",\"target\":[\"https:\\\/\\\/www.altominho.tv\\\/site\\\/2024\\\/04\\\/30\\\/ponte-de-lima-feiras-novas\\\/\"]}]},{\"@type\":\"ImageObject\",\"inLanguage\":\"pt-PT\",\"@id\":\"https:\\\/\\\/www.altominho.tv\\\/site\\\/2024\\\/04\\\/30\\\/ponte-de-lima-feiras-novas\\\/#primaryimage\",\"url\":\"https:\\\/\\\/www.altominho.tv\\\/site\\\/wp-content\\\/uploads\\\/2024\\\/04\\\/Feiras-Novas-.jpeg\",\"contentUrl\":\"https:\\\/\\\/www.altominho.tv\\\/site\\\/wp-content\\\/uploads\\\/2024\\\/04\\\/Feiras-Novas-.jpeg\",\"width\":1920,\"height\":1080},{\"@type\":\"BreadcrumbList\",\"@id\":\"https:\\\/\\\/www.altominho.tv\\\/site\\\/2024\\\/04\\\/30\\\/ponte-de-lima-feiras-novas\\\/#breadcrumb\",\"itemListElement\":[{\"@type\":\"ListItem\",\"position\":1,\"name\":\"In\u00edcio\",\"item\":\"https:\\\/\\\/www.altominho.tv\\\/site\\\/\"},{\"@type\":\"ListItem\",\"position\":2,\"name\":\"Feiras Novas est\u00e3o de regresso de 4 a 9 de setembro\"}]},{\"@type\":\"WebSite\",\"@id\":\"https:\\\/\\\/www.altominho.tv\\\/site\\\/#website\",\"url\":\"https:\\\/\\\/www.altominho.tv\\\/site\\\/\",\"name\":\"Altominho.tv\",\"description\":\"A sua regi\u00e3o \u00e0 dist\u00e2ncia de um clique...\",\"potentialAction\":[{\"@type\":\"SearchAction\",\"target\":{\"@type\":\"EntryPoint\",\"urlTemplate\":\"https:\\\/\\\/www.altominho.tv\\\/site\\\/?s={search_term_string}\"},\"query-input\":{\"@type\":\"PropertyValueSpecification\",\"valueRequired\":true,\"valueName\":\"search_term_string\"}}],\"inLanguage\":\"pt-PT\"},{\"@type\":\"Person\",\"@id\":\"https:\\\/\\\/www.altominho.tv\\\/site\\\/#\\\/schema\\\/person\\\/a0e4ef6d041f98ca284393d8f1d97153\",\"name\":\"Andreia Cunha\",\"image\":{\"@type\":\"ImageObject\",\"inLanguage\":\"pt-PT\",\"@id\":\"https:\\\/\\\/www.altominho.tv\\\/site\\\/wp-content\\\/uploads\\\/2017\\\/11\\\/Andreia_Cunha-1-150x150.jpg\",\"url\":\"https:\\\/\\\/www.altominho.tv\\\/site\\\/wp-content\\\/uploads\\\/2017\\\/11\\\/Andreia_Cunha-1-150x150.jpg\",\"contentUrl\":\"https:\\\/\\\/www.altominho.tv\\\/site\\\/wp-content\\\/uploads\\\/2017\\\/11\\\/Andreia_Cunha-1-150x150.jpg\",\"caption\":\"Andreia Cunha\"},\"url\":\"https:\\\/\\\/www.altominho.tv\\\/site\\\/author\\\/andreiacunha\\\/\"}]}<\/script>\n<!-- \/ Yoast SEO Premium plugin. -->","yoast_head_json":{"title":"Feiras Novas est\u00e3o de regresso de 4 a 9 de setembro","description":"As Feiras Novas est\u00e3o de regresso de 4 a 9 de setembro, \u00e0 vila de Ponte de Lima.","robots":{"index":"index","follow":"follow","max-snippet":"max-snippet:-1","max-image-preview":"max-image-preview:large","max-video-preview":"max-video-preview:-1"},"canonical":"https:\/\/www.altominho.tv\/site\/2024\/04\/30\/ponte-de-lima-feiras-novas\/","og_locale":"pt_PT","og_type":"article","og_title":"Feiras Novas est\u00e3o de regresso de 4 a 9 de setembro","og_description":"As Feiras Novas est\u00e3o de regresso de 4 a 9 de setembro, \u00e0 vila de Ponte de Lima.","og_url":"https:\/\/www.altominho.tv\/site\/2024\/04\/30\/ponte-de-lima-feiras-novas\/","og_site_name":"Altominho.tv","article_publisher":"https:\/\/www.facebook.com\/altominhotv","article_published_time":"2024-04-30T16:00:35+00:00","article_modified_time":"2024-04-30T16:00:38+00:00","og_image":[{"width":1920,"height":1080,"url":"https:\/\/www.altominho.tv\/site\/wp-content\/uploads\/2024\/04\/Feiras-Novas-.jpeg","type":"image\/jpeg"}],"author":"Andreia Cunha","twitter_card":"summary_large_image","twitter_creator":"@altominhoTV","twitter_site":"@altominhoTV","twitter_misc":{"Escrito por":"Andreia Cunha","Tempo estimado de leitura":"1 minuto"},"schema":{"@context":"https:\/\/schema.org","@graph":[{"@type":"Article","@id":"https:\/\/www.altominho.tv\/site\/2024\/04\/30\/ponte-de-lima-feiras-novas\/#article","isPartOf":{"@id":"https:\/\/www.altominho.tv\/site\/2024\/04\/30\/ponte-de-lima-feiras-novas\/"},"author":{"name":"Andreia Cunha","@id":"https:\/\/www.altominho.tv\/site\/#\/schema\/person\/a0e4ef6d041f98ca284393d8f1d97153"},"headline":"Feiras Novas est\u00e3o de regresso de 4 a 9 de setembro","datePublished":"2024-04-30T16:00:35+00:00","dateModified":"2024-04-30T16:00:38+00:00","mainEntityOfPage":{"@id":"https:\/\/www.altominho.tv\/site\/2024\/04\/30\/ponte-de-lima-feiras-novas\/"},"wordCount":68,"image":{"@id":"https:\/\/www.altominho.tv\/site\/2024\/04\/30\/ponte-de-lima-feiras-novas\/#primaryimage"},"thumbnailUrl":"https:\/\/www.altominho.tv\/site\/wp-content\/uploads\/2024\/04\/Feiras-Novas-.jpeg","keywords":["Cultura","Sociedade"],"articleSection":["Ponte de Lima"],"inLanguage":"pt-PT","copyrightYear":"2024","copyrightHolder":{"@id":"https:\/\/www.altominho.tv\/site\/#organization"}},{"@type":"WebPage","@id":"https:\/\/www.altominho.tv\/site\/2024\/04\/30\/ponte-de-lima-feiras-novas\/","url":"https:\/\/www.altominho.tv\/site\/2024\/04\/30\/ponte-de-lima-feiras-novas\/","name":"Feiras Novas est\u00e3o de regresso de 4 a 9 de setembro","isPartOf":{"@id":"https:\/\/www.altominho.tv\/site\/#website"},"primaryImageOfPage":{"@id":"https:\/\/www.altominho.tv\/site\/2024\/04\/30\/ponte-de-lima-feiras-novas\/#primaryimage"},"image":{"@id":"https:\/\/www.altominho.tv\/site\/2024\/04\/30\/ponte-de-lima-feiras-novas\/#primaryimage"},"thumbnailUrl":"https:\/\/www.altominho.tv\/site\/wp-content\/uploads\/2024\/04\/Feiras-Novas-.jpeg","datePublished":"2024-04-30T16:00:35+00:00","dateModified":"2024-04-30T16:00:38+00:00","author":{"@id":"https:\/\/www.altominho.tv\/site\/#\/schema\/person\/a0e4ef6d041f98ca284393d8f1d97153"},"description":"As Feiras Novas est\u00e3o de regresso de 4 a 9 de setembro, \u00e0 vila de Ponte de Lima.","breadcrumb":{"@id":"https:\/\/www.altominho.tv\/site\/2024\/04\/30\/ponte-de-lima-feiras-novas\/#breadcrumb"},"inLanguage":"pt-PT","potentialAction":[{"@type":"ReadAction","target":["https:\/\/www.altominho.tv\/site\/2024\/04\/30\/ponte-de-lima-feiras-novas\/"]}]},{"@type":"ImageObject","inLanguage":"pt-PT","@id":"https:\/\/www.altominho.tv\/site\/2024\/04\/30\/ponte-de-lima-feiras-novas\/#primaryimage","url":"https:\/\/www.altominho.tv\/site\/wp-content\/uploads\/2024\/04\/Feiras-Novas-.jpeg","contentUrl":"https:\/\/www.altominho.tv\/site\/wp-content\/uploads\/2024\/04\/Feiras-Novas-.jpeg","width":1920,"height":1080},{"@type":"BreadcrumbList","@id":"https:\/\/www.altominho.tv\/site\/2024\/04\/30\/ponte-de-lima-feiras-novas\/#breadcrumb","itemListElement":[{"@type":"ListItem","position":1,"name":"In\u00edcio","item":"https:\/\/www.altominho.tv\/site\/"},{"@type":"ListItem","position":2,"name":"Feiras Novas est\u00e3o de regresso de 4 a 9 de setembro"}]},{"@type":"WebSite","@id":"https:\/\/www.altominho.tv\/site\/#website","url":"https:\/\/www.altominho.tv\/site\/","name":"Altominho.tv","description":"A sua regi\u00e3o \u00e0 dist\u00e2ncia de um clique...","potentialAction":[{"@type":"SearchAction","target":{"@type":"EntryPoint","urlTemplate":"https:\/\/www.altominho.tv\/site\/?s={search_term_string}"},"query-input":{"@type":"PropertyValueSpecification","valueRequired":true,"valueName":"search_term_string"}}],"inLanguage":"pt-PT"},{"@type":"Person","@id":"https:\/\/www.altominho.tv\/site\/#\/schema\/person\/a0e4ef6d041f98ca284393d8f1d97153","name":"Andreia Cunha","image":{"@type":"ImageObject","inLanguage":"pt-PT","@id":"https:\/\/www.altominho.tv\/site\/wp-content\/uploads\/2017\/11\/Andreia_Cunha-1-150x150.jpg","url":"https:\/\/www.altominho.tv\/site\/wp-content\/uploads\/2017\/11\/Andreia_Cunha-1-150x150.jpg","contentUrl":"https:\/\/www.altominho.tv\/site\/wp-content\/uploads\/2017\/11\/Andreia_Cunha-1-150x150.jpg","caption":"Andreia Cunha"},"url":"https:\/\/www.altominho.tv\/site\/author\/andreiacunha\/"}]}},"_links":{"self":[{"href":"https:\/\/www.altominho.tv\/site\/wp-json\/wp\/v2\/posts\/106762","targetHints":{"allow":["GET"]}}],"collection":[{"href":"https:\/\/www.altominho.tv\/site\/wp-json\/wp\/v2\/posts"}],"about":[{"href":"https:\/\/www.altominho.tv\/site\/wp-json\/wp\/v2\/types\/post"}],"author":[{"embeddable":true,"href":"https:\/\/www.altominho.tv\/site\/wp-json\/wp\/v2\/users\/7"}],"replies":[{"embeddable":true,"href":"https:\/\/www.altominho.tv\/site\/wp-json\/wp\/v2\/comments?post=106762"}],"version-history":[{"count":1,"href":"https:\/\/www.altominho.tv\/site\/wp-json\/wp\/v2\/posts\/106762\/revisions"}],"predecessor-version":[{"id":106763,"href":"https:\/\/www.altominho.tv\/site\/wp-json\/wp\/v2\/posts\/106762\/revisions\/106763"}],"wp:featuredmedia":[{"embeddable":true,"href":"https:\/\/www.altominho.tv\/site\/wp-json\/wp\/v2\/media\/106767"}],"wp:attachment":[{"href":"https:\/\/www.altominho.tv\/site\/wp-json\/wp\/v2\/media?parent=106762"}],"wp:term":[{"taxonomy":"category","embeddable":true,"href":"https:\/\/www.altominho.tv\/site\/wp-json\/wp\/v2\/categories?post=106762"},{"taxonomy":"post_tag","embeddable":true,"href":"https:\/\/www.altominho.tv\/site\/wp-json\/wp\/v2\/tags?post=106762"}],"curies":[{"name":"wp","href":"https:\/\/api.w.org\/{rel}","templated":true}]}}