{"id":106518,"date":"2024-04-23T09:21:45","date_gmt":"2024-04-23T08:21:45","guid":{"rendered":"https:\/\/www.altominho.tv\/site\/?p=106518"},"modified":"2024-04-23T09:21:48","modified_gmt":"2024-04-23T08:21:48","slug":"riba-de-mouro-moncao","status":"publish","type":"post","link":"https:\/\/www.altominho.tv\/site\/2024\/04\/23\/riba-de-mouro-moncao\/","title":{"rendered":"Em Riba de Mouro fala-se ribamour\u00eas, com orgulho"},"content":{"rendered":"\n<p class=\"wp-block-paragraph\">O dialeto Ribamour\u00eas ainda \u00e9 o que se fala em Riba de Mouro, Mon\u00e7\u00e3o, e um livro sobre o tema resgatou o orgulho dos habitantes no linguajar \u201cparecido com o galego\u201d, numa aldeia que \u00e9 uma viagem no tempo.<\/p>\n\n\n\n<p class=\"wp-block-paragraph\">\u201cA Espanha cerca-nos aqui por tr\u00e1s daquela montanha at\u00e9 Chaves. Convivemos muito com os espanh\u00f3is. E quando foi da guerra da Espanha, havia muitos espanh\u00f3is a viver aqui. Falamos o galego da Galiza, n\u00e3o \u00e9 o verdadeiro espanhol. Por exemplo, vou-lhe dizer: \u2018Tenho uma tchavi\u2019. Sabe o que \u00e9? \u00c9 uma chavi. Uma chave, de uma porta\u201d, explicou \u00e0 Lusa Agostinho Esteves, de 79 anos, residente na freguesia mais distante da vila de Mon\u00e7\u00e3o (mais de 20 quil\u00f3metros e de 30 minutos), no distrito de Viana do Castelo.<\/p>\n\n\n\n<p class=\"wp-block-paragraph\">Alda Barreiros, que com a amiga Maria Alves escreveu o livro &#8220;Os de L\u00e1 de Riba&#8221; (Os de L\u00e1 de Cima), uma edi\u00e7\u00e3o da autarquia de Mon\u00e7\u00e3o, explica que quem saiu da aldeia \u201cfala o portugu\u00eas padr\u00e3o\u201d mas, quando volta \u00e0 montanha, usa o ribamour\u00eas, com orgulho, para \u201cvalorizar\u201d o que \u00e9 \u00fanico e por ser \u201co que as pessoas mais velhas sabem falar\u201d.<\/p>\n\n\n\n<p class=\"wp-block-paragraph\">\u201cNo dia a dia, quem saiu fala o portugu\u00eas padr\u00e3o. Quando voltamos, falamos este linguajar e fazemos quest\u00e3o. Associava-se a falta de cultura, a um atraso, mas hoje, at\u00e9 com o livro, perdeu-se essa vergonha. Pass\u00e1mos a gostar mais de n\u00f3s, da maneira como falamos. Fazemos quest\u00e3o de o mostrar e isso faz com que outras pessoas tamb\u00e9m valorizem o que temos. Primeiro temos n\u00f3s de valorizar e foi isso que tent\u00e1mos fazer com este livro\u201d, descreve a professora, que cresceu e ainda tem fam\u00edlia na freguesia.<\/p>\n\n\n\n<p class=\"wp-block-paragraph\">Com uma \u00e1rea pr\u00f3xima de 1.400 hectares e uma popula\u00e7\u00e3o de 802 habitantes (Censos 2021), Riba de Mouro \u00e9 uma aldeia desertificada, de muitas subidas e descidas, ruas estreitas, sorrisos e gargalhadas, ainda de mulheres vestidas de preto da cabe\u00e7a aos p\u00e9s e vidas ligadas \u00e0 agricultura e \u00e0 cria\u00e7\u00e3o de animais.<\/p>\n\n\n\n<p class=\"wp-block-paragraph\">Em Cavenca, um lugar com cerca de \u201c40 pessoas, se forem\u201d, Maria Fernanda Afonso, de 61 anos, cruza-se com a reportagem da Lusa quando vai levar erva \u00e0 corte onde est\u00e3o a vaca e a cria que nasceu h\u00e1 oito dias e h\u00e1 de ser vendida l\u00e1 para os cinco\/seis meses.<\/p>\n\n\n\n<p class=\"wp-block-paragraph\">Espreitar a rec\u00e9m-nascida deixou Maria Alves a suspirar com o \u201ccheirinho a leite\u201d e foi o mote para uma conversa dif\u00edcil de acompanhar sobre \u201cleite tenreiro\u201d ou \u201cc\u00f4scaro\u201d (o primeiro leite de uma vaca parida), que \u201cn\u00e3o ferve nem d\u00e1 para beber\u201d, mas se mistura com \u201cfarinha milha\u201d para \u2013 dizem &#8211; umas deliciosas filhoses.<\/p>\n\n\n\n<p class=\"wp-block-paragraph\">Aos 54 anos, Em\u00edlia Esteves trabalha \u201cna agricultura e nas tarefas de casa\u201d, tem o marido e o filho emigrados, trata de \u201cduas vaquinhas, duas cabrinhas e galinhas, patos, horta e um campo de milho\u201d, mas tamb\u00e9m passeia pela internet e pela rede social Facebook, desde \u201ch\u00e1 uns tr\u00eas anos\u201d, apesar de a freguesia n\u00e3o ter a cobertura de rede, mesmo para as liga\u00e7\u00f5es por telem\u00f3vel.<\/p>\n\n\n\n<p class=\"wp-block-paragraph\">Diz que fala \u201cuma mistura\u201d do galego e que, para onde vai, fala \u201csempre assim\u201d, embora algumas palavras ou express\u00f5es as pessoas de fora \u201cn\u00e3o compreendam\u201d.<\/p>\n\n\n\n<p class=\"wp-block-paragraph\">\u201c\u00c0s vezes, quando est\u00e1 a chover, dizemos \u2018Agora vai vir um albeselhinho\u2019. \u00c9 quando est\u00e1 chuva e depois vem um bocadinho de sol. Uma aberta. Tamb\u00e9m dizemos \u2018Dar um tiro c\u2019unha atcha. \u00c9 fazer uma coisa num instante, fazer r\u00e1pido\u201d, esclarece.<br>Alda Barreiros esclarece que se trata de \u201cremediar uma situa\u00e7\u00e3o ou arranjar uma alternativa quando a ocasi\u00e3o o exige\u201d, o equivalente a &#8220;Quem n\u00e3o tem c\u00e3o, ca\u00e7a com gato\u201d.<\/p>\n\n\n\n<p class=\"wp-block-paragraph\">A professora refere que o ribamour\u00eas \u201ctem origem no galaico-portugu\u00eas e muitas semelhan\u00e7as em termos de vocabul\u00e1rio, de sintaxe, em termos morfol\u00f3gicos e de fon\u00e9tica\u201d.<\/p>\n\n\n\n<p class=\"wp-block-paragraph\">Maria Alves, contabilista, recorda que, quando os jovens de Riba de Mouro iam estudar para Mon\u00e7\u00e3o eram \u201cgozados\u201d e tinham \u201cvergonha de usar certas express\u00f5es\u201d que utilizavam com a fam\u00edlia.<\/p>\n\n\n\n<p class=\"wp-block-paragraph\">Agora, desde que a oralidade ancestral da aldeia come\u00e7ou a ser passada para a escrita, no livro mas tamb\u00e9m na p\u00e1gina L\u00e1 de Riba, no Facebook, \u201ccada vez mais pessoas usam palavras ou express\u00f5es\u201d do dialeto.<\/p>\n\n\n\n<p class=\"wp-block-paragraph\">\u201cAmigos ou colegas foram apreendendo e at\u00e9 j\u00e1 utilizam\u201d, explica Maria.<\/p>\n\n\n\n<p class=\"wp-block-paragraph\">O livro &#8220;Os de L\u00e1 de Riba \u2013 Os saberes e o linguajar de um povo&#8221;, teve uma segunda edi\u00e7\u00e3o de 500 exemplares em novembro de 2023 e inclui um c\u00f3digo QR \u201cdin\u00e2mico\u201d, j\u00e1 que atrav\u00e9s dele se pode atualizar o gloss\u00e1rio.<\/p>\n\n\n\n<p class=\"wp-block-paragraph\">\u201cIsto nasceu como brincadeira, n\u00e3o como um projeto, h\u00e1 cerca de 10 anos. Resolvemos recolher informa\u00e7\u00e3o sobre algumas caracter\u00edsticas da freguesia que, por ser isolada, mant\u00e9m ainda alguns costumes ancestrais, e registar por escrito o linguajar, para que n\u00e3o se perca\u201d, descreve Alda Barreiros.<\/p>\n\n\n\n<p class=\"wp-block-paragraph\">A publica\u00e7\u00e3o fala sobre os \u201cbailaricos de Demingo \u00e0 tarde\u201d ou dos \u201cproparativos para a boda\u201d, quando era tudo \u201cmais simples: marcava-se o dia, ia-se comer e pronto\u201d.<\/p>\n\n\n\n<p class=\"wp-block-paragraph\">Tamb\u00e9m est\u00e3o ali reunidas as mezinhas que curavam quase tudo. Como a de Erguer o Ventre: \u201cQuando uma crian\u00e7a estava mal mas n\u00e3o se sabia do qu\u00ea, levava-se a uma senhora, que tinha de ser m\u00e3e de g\u00e9meos, fazia uma reza e ficava bom\u201d, exemplifica Maria Alves.<\/p>\n\n\n\n<p class=\"wp-block-paragraph\">\u201cLubar [levar] o canalho ao moinho\u201d era outra das experi\u00eancias, usada para que \u201ca crian\u00e7a fosse educada e n\u00e3o se portasse mal\u201d.<\/p>\n\n\n\n<p class=\"wp-block-paragraph\">No gloss\u00e1rio do livro, traduzem-se express\u00f5es do ribamour\u00eas ao longo de 14 p\u00e1ginas. Explica-se, por exemplo, que \u201cXoxegar a n\u00e1diga\u201d \u00e9 estar quieto, que \u201cTer os p\u00eas cm\u2019on rij\u00f4n\u201d \u00e9 ter os p\u00e9s quentes, que um \u201ccomitchojo\u201d \u00e9 uma pessoa com mau feitio ou de m\u00e1 vontade e \u201cBei\u00e7\u00f4n\u201d \u00e9 obrigada.<\/p>\n\n\n\n<p class=\"wp-block-paragraph\">Os lucros relativos \u00e0 venda do livro revertem totalmente a favor da Associa\u00e7\u00e3o Social e Cultural L\u00e1 de Riba e a edi\u00e7\u00e3o \u00e9 da autarquia de Mon\u00e7\u00e3o, que recentemente incluiu o dialeto na campanha tur\u00edstica lan\u00e7ada sobre a freguesia.<\/p>\n","protected":false},"excerpt":{"rendered":"<p>O dialeto Ribamour\u00eas ainda \u00e9 o que se fala em Riba de Mouro, Mon\u00e7\u00e3o, e um livro sobre o tema resgatou o orgulho dos habitantes no linguajar \u201cparecido com o galego\u201d, numa aldeia que \u00e9 uma viagem no tempo. \u201cA Espanha cerca-nos aqui por tr\u00e1s daquela montanha at\u00e9 Chaves. Convivemos muito com os espanh\u00f3is. E [&hellip;]<\/p>\n","protected":false},"author":16,"featured_media":106521,"comment_status":"closed","ping_status":"closed","sticky":false,"template":"","format":"standard","meta":{"_exactmetrics_skip_tracking":false,"footnotes":""},"categories":[9],"tags":[19,27],"class_list":["post-106518","post","type-post","status-publish","format-standard","has-post-thumbnail","hentry","category-moncao","tag-cultura","tag-sociedade"],"yoast_head":"<!-- This site is optimized with the Yoast SEO Premium plugin v28.3 (Yoast SEO v28.3) - https:\/\/yoast.com\/product\/yoast-seo-premium-wordpress\/ -->\n<title>Em Riba de Mouro fala-se ribamour\u00eas, com orgulho<\/title>\n<meta name=\"description\" content=\"Em Riba de Mouro, no concelho de Mon\u00e7ao, fala-se ribamour\u00eas, com orgulho.\" \/>\n<meta name=\"robots\" content=\"index, follow, max-snippet:-1, max-image-preview:large, max-video-preview:-1\" \/>\n<link rel=\"canonical\" href=\"https:\/\/www.altominho.tv\/site\/2024\/04\/23\/riba-de-mouro-moncao\/\" \/>\n<meta property=\"og:locale\" content=\"pt_PT\" \/>\n<meta property=\"og:type\" content=\"article\" \/>\n<meta property=\"og:title\" content=\"Em Riba de Mouro fala-se ribamour\u00eas, com orgulho\" \/>\n<meta property=\"og:description\" content=\"Em Riba de Mouro, no concelho de Mon\u00e7ao, fala-se ribamour\u00eas, com orgulho.\" \/>\n<meta property=\"og:url\" content=\"https:\/\/www.altominho.tv\/site\/2024\/04\/23\/riba-de-mouro-moncao\/\" \/>\n<meta property=\"og:site_name\" content=\"Altominho.tv\" \/>\n<meta property=\"article:publisher\" content=\"https:\/\/www.facebook.com\/altominhotv\" \/>\n<meta property=\"article:published_time\" content=\"2024-04-23T08:21:45+00:00\" \/>\n<meta property=\"article:modified_time\" content=\"2024-04-23T08:21:48+00:00\" \/>\n<meta property=\"og:image\" content=\"https:\/\/www.altominho.tv\/site\/wp-content\/uploads\/2024\/04\/riba-de-mouro.jpeg\" \/>\n\t<meta property=\"og:image:width\" content=\"686\" \/>\n\t<meta property=\"og:image:height\" content=\"386\" \/>\n\t<meta property=\"og:image:type\" content=\"image\/jpeg\" \/>\n<meta name=\"author\" content=\"Andreia Cunha | Lusa\" \/>\n<meta name=\"twitter:card\" content=\"summary_large_image\" \/>\n<meta name=\"twitter:creator\" content=\"@altominhoTV\" \/>\n<meta name=\"twitter:site\" content=\"@altominhoTV\" \/>\n<meta name=\"twitter:label1\" content=\"Escrito por\" \/>\n\t<meta name=\"twitter:data1\" content=\"Andreia Cunha | Lusa\" \/>\n\t<meta name=\"twitter:label2\" content=\"Tempo estimado de leitura\" \/>\n\t<meta name=\"twitter:data2\" content=\"6 minutos\" \/>\n<script type=\"application\/ld+json\" class=\"yoast-schema-graph\">{\"@context\":\"https:\\\/\\\/schema.org\",\"@graph\":[{\"@type\":\"Article\",\"@id\":\"https:\\\/\\\/www.altominho.tv\\\/site\\\/2024\\\/04\\\/23\\\/riba-de-mouro-moncao\\\/#article\",\"isPartOf\":{\"@id\":\"https:\\\/\\\/www.altominho.tv\\\/site\\\/2024\\\/04\\\/23\\\/riba-de-mouro-moncao\\\/\"},\"author\":{\"name\":\"Andreia Cunha | Lusa\",\"@id\":\"https:\\\/\\\/www.altominho.tv\\\/site\\\/#\\\/schema\\\/person\\\/dbaf181c01b51ff40c9f461a905d321e\"},\"headline\":\"Em Riba de Mouro fala-se ribamour\u00eas, com orgulho\",\"datePublished\":\"2024-04-23T08:21:45+00:00\",\"dateModified\":\"2024-04-23T08:21:48+00:00\",\"mainEntityOfPage\":{\"@id\":\"https:\\\/\\\/www.altominho.tv\\\/site\\\/2024\\\/04\\\/23\\\/riba-de-mouro-moncao\\\/\"},\"wordCount\":1044,\"image\":{\"@id\":\"https:\\\/\\\/www.altominho.tv\\\/site\\\/2024\\\/04\\\/23\\\/riba-de-mouro-moncao\\\/#primaryimage\"},\"thumbnailUrl\":\"https:\\\/\\\/www.altominho.tv\\\/site\\\/wp-content\\\/uploads\\\/2024\\\/04\\\/riba-de-mouro.jpeg\",\"keywords\":[\"Cultura\",\"Sociedade\"],\"articleSection\":[\"Mon\u00e7\u00e3o\"],\"inLanguage\":\"pt-PT\",\"copyrightYear\":\"2024\",\"copyrightHolder\":{\"@id\":\"https:\\\/\\\/www.altominho.tv\\\/site\\\/#organization\"}},{\"@type\":\"WebPage\",\"@id\":\"https:\\\/\\\/www.altominho.tv\\\/site\\\/2024\\\/04\\\/23\\\/riba-de-mouro-moncao\\\/\",\"url\":\"https:\\\/\\\/www.altominho.tv\\\/site\\\/2024\\\/04\\\/23\\\/riba-de-mouro-moncao\\\/\",\"name\":\"Em Riba de Mouro fala-se ribamour\u00eas, com orgulho\",\"isPartOf\":{\"@id\":\"https:\\\/\\\/www.altominho.tv\\\/site\\\/#website\"},\"primaryImageOfPage\":{\"@id\":\"https:\\\/\\\/www.altominho.tv\\\/site\\\/2024\\\/04\\\/23\\\/riba-de-mouro-moncao\\\/#primaryimage\"},\"image\":{\"@id\":\"https:\\\/\\\/www.altominho.tv\\\/site\\\/2024\\\/04\\\/23\\\/riba-de-mouro-moncao\\\/#primaryimage\"},\"thumbnailUrl\":\"https:\\\/\\\/www.altominho.tv\\\/site\\\/wp-content\\\/uploads\\\/2024\\\/04\\\/riba-de-mouro.jpeg\",\"datePublished\":\"2024-04-23T08:21:45+00:00\",\"dateModified\":\"2024-04-23T08:21:48+00:00\",\"author\":{\"@id\":\"https:\\\/\\\/www.altominho.tv\\\/site\\\/#\\\/schema\\\/person\\\/dbaf181c01b51ff40c9f461a905d321e\"},\"description\":\"Em Riba de Mouro, no concelho de Mon\u00e7ao, fala-se ribamour\u00eas, com orgulho.\",\"breadcrumb\":{\"@id\":\"https:\\\/\\\/www.altominho.tv\\\/site\\\/2024\\\/04\\\/23\\\/riba-de-mouro-moncao\\\/#breadcrumb\"},\"inLanguage\":\"pt-PT\",\"potentialAction\":[{\"@type\":\"ReadAction\",\"target\":[\"https:\\\/\\\/www.altominho.tv\\\/site\\\/2024\\\/04\\\/23\\\/riba-de-mouro-moncao\\\/\"]}]},{\"@type\":\"ImageObject\",\"inLanguage\":\"pt-PT\",\"@id\":\"https:\\\/\\\/www.altominho.tv\\\/site\\\/2024\\\/04\\\/23\\\/riba-de-mouro-moncao\\\/#primaryimage\",\"url\":\"https:\\\/\\\/www.altominho.tv\\\/site\\\/wp-content\\\/uploads\\\/2024\\\/04\\\/riba-de-mouro.jpeg\",\"contentUrl\":\"https:\\\/\\\/www.altominho.tv\\\/site\\\/wp-content\\\/uploads\\\/2024\\\/04\\\/riba-de-mouro.jpeg\",\"width\":686,\"height\":386},{\"@type\":\"BreadcrumbList\",\"@id\":\"https:\\\/\\\/www.altominho.tv\\\/site\\\/2024\\\/04\\\/23\\\/riba-de-mouro-moncao\\\/#breadcrumb\",\"itemListElement\":[{\"@type\":\"ListItem\",\"position\":1,\"name\":\"In\u00edcio\",\"item\":\"https:\\\/\\\/www.altominho.tv\\\/site\\\/\"},{\"@type\":\"ListItem\",\"position\":2,\"name\":\"Em Riba de Mouro fala-se ribamour\u00eas, com orgulho\"}]},{\"@type\":\"WebSite\",\"@id\":\"https:\\\/\\\/www.altominho.tv\\\/site\\\/#website\",\"url\":\"https:\\\/\\\/www.altominho.tv\\\/site\\\/\",\"name\":\"Altominho.tv\",\"description\":\"A sua regi\u00e3o \u00e0 dist\u00e2ncia de um clique...\",\"potentialAction\":[{\"@type\":\"SearchAction\",\"target\":{\"@type\":\"EntryPoint\",\"urlTemplate\":\"https:\\\/\\\/www.altominho.tv\\\/site\\\/?s={search_term_string}\"},\"query-input\":{\"@type\":\"PropertyValueSpecification\",\"valueRequired\":true,\"valueName\":\"search_term_string\"}}],\"inLanguage\":\"pt-PT\"},{\"@type\":\"Person\",\"@id\":\"https:\\\/\\\/www.altominho.tv\\\/site\\\/#\\\/schema\\\/person\\\/dbaf181c01b51ff40c9f461a905d321e\",\"name\":\"Andreia Cunha | Lusa\",\"image\":{\"@type\":\"ImageObject\",\"inLanguage\":\"pt-PT\",\"@id\":\"https:\\\/\\\/www.altominho.tv\\\/site\\\/wp-content\\\/uploads\\\/2017\\\/11\\\/Andreia_Cunha-1-150x150.jpg\",\"url\":\"https:\\\/\\\/www.altominho.tv\\\/site\\\/wp-content\\\/uploads\\\/2017\\\/11\\\/Andreia_Cunha-1-150x150.jpg\",\"contentUrl\":\"https:\\\/\\\/www.altominho.tv\\\/site\\\/wp-content\\\/uploads\\\/2017\\\/11\\\/Andreia_Cunha-1-150x150.jpg\",\"caption\":\"Andreia Cunha | Lusa\"},\"sameAs\":[\"https:\\\/\\\/www.altominho.tv\\\/site\"],\"url\":\"https:\\\/\\\/www.altominho.tv\\\/site\\\/author\\\/andreiacunhalusa\\\/\"}]}<\/script>\n<!-- \/ Yoast SEO Premium plugin. -->","yoast_head_json":{"title":"Em Riba de Mouro fala-se ribamour\u00eas, com orgulho","description":"Em Riba de Mouro, no concelho de Mon\u00e7ao, fala-se ribamour\u00eas, com orgulho.","robots":{"index":"index","follow":"follow","max-snippet":"max-snippet:-1","max-image-preview":"max-image-preview:large","max-video-preview":"max-video-preview:-1"},"canonical":"https:\/\/www.altominho.tv\/site\/2024\/04\/23\/riba-de-mouro-moncao\/","og_locale":"pt_PT","og_type":"article","og_title":"Em Riba de Mouro fala-se ribamour\u00eas, com orgulho","og_description":"Em Riba de Mouro, no concelho de Mon\u00e7ao, fala-se ribamour\u00eas, com orgulho.","og_url":"https:\/\/www.altominho.tv\/site\/2024\/04\/23\/riba-de-mouro-moncao\/","og_site_name":"Altominho.tv","article_publisher":"https:\/\/www.facebook.com\/altominhotv","article_published_time":"2024-04-23T08:21:45+00:00","article_modified_time":"2024-04-23T08:21:48+00:00","og_image":[{"width":686,"height":386,"url":"https:\/\/www.altominho.tv\/site\/wp-content\/uploads\/2024\/04\/riba-de-mouro.jpeg","type":"image\/jpeg"}],"author":"Andreia Cunha | Lusa","twitter_card":"summary_large_image","twitter_creator":"@altominhoTV","twitter_site":"@altominhoTV","twitter_misc":{"Escrito por":"Andreia Cunha | Lusa","Tempo estimado de leitura":"6 minutos"},"schema":{"@context":"https:\/\/schema.org","@graph":[{"@type":"Article","@id":"https:\/\/www.altominho.tv\/site\/2024\/04\/23\/riba-de-mouro-moncao\/#article","isPartOf":{"@id":"https:\/\/www.altominho.tv\/site\/2024\/04\/23\/riba-de-mouro-moncao\/"},"author":{"name":"Andreia Cunha | Lusa","@id":"https:\/\/www.altominho.tv\/site\/#\/schema\/person\/dbaf181c01b51ff40c9f461a905d321e"},"headline":"Em Riba de Mouro fala-se ribamour\u00eas, com orgulho","datePublished":"2024-04-23T08:21:45+00:00","dateModified":"2024-04-23T08:21:48+00:00","mainEntityOfPage":{"@id":"https:\/\/www.altominho.tv\/site\/2024\/04\/23\/riba-de-mouro-moncao\/"},"wordCount":1044,"image":{"@id":"https:\/\/www.altominho.tv\/site\/2024\/04\/23\/riba-de-mouro-moncao\/#primaryimage"},"thumbnailUrl":"https:\/\/www.altominho.tv\/site\/wp-content\/uploads\/2024\/04\/riba-de-mouro.jpeg","keywords":["Cultura","Sociedade"],"articleSection":["Mon\u00e7\u00e3o"],"inLanguage":"pt-PT","copyrightYear":"2024","copyrightHolder":{"@id":"https:\/\/www.altominho.tv\/site\/#organization"}},{"@type":"WebPage","@id":"https:\/\/www.altominho.tv\/site\/2024\/04\/23\/riba-de-mouro-moncao\/","url":"https:\/\/www.altominho.tv\/site\/2024\/04\/23\/riba-de-mouro-moncao\/","name":"Em Riba de Mouro fala-se ribamour\u00eas, com orgulho","isPartOf":{"@id":"https:\/\/www.altominho.tv\/site\/#website"},"primaryImageOfPage":{"@id":"https:\/\/www.altominho.tv\/site\/2024\/04\/23\/riba-de-mouro-moncao\/#primaryimage"},"image":{"@id":"https:\/\/www.altominho.tv\/site\/2024\/04\/23\/riba-de-mouro-moncao\/#primaryimage"},"thumbnailUrl":"https:\/\/www.altominho.tv\/site\/wp-content\/uploads\/2024\/04\/riba-de-mouro.jpeg","datePublished":"2024-04-23T08:21:45+00:00","dateModified":"2024-04-23T08:21:48+00:00","author":{"@id":"https:\/\/www.altominho.tv\/site\/#\/schema\/person\/dbaf181c01b51ff40c9f461a905d321e"},"description":"Em Riba de Mouro, no concelho de Mon\u00e7ao, fala-se ribamour\u00eas, com orgulho.","breadcrumb":{"@id":"https:\/\/www.altominho.tv\/site\/2024\/04\/23\/riba-de-mouro-moncao\/#breadcrumb"},"inLanguage":"pt-PT","potentialAction":[{"@type":"ReadAction","target":["https:\/\/www.altominho.tv\/site\/2024\/04\/23\/riba-de-mouro-moncao\/"]}]},{"@type":"ImageObject","inLanguage":"pt-PT","@id":"https:\/\/www.altominho.tv\/site\/2024\/04\/23\/riba-de-mouro-moncao\/#primaryimage","url":"https:\/\/www.altominho.tv\/site\/wp-content\/uploads\/2024\/04\/riba-de-mouro.jpeg","contentUrl":"https:\/\/www.altominho.tv\/site\/wp-content\/uploads\/2024\/04\/riba-de-mouro.jpeg","width":686,"height":386},{"@type":"BreadcrumbList","@id":"https:\/\/www.altominho.tv\/site\/2024\/04\/23\/riba-de-mouro-moncao\/#breadcrumb","itemListElement":[{"@type":"ListItem","position":1,"name":"In\u00edcio","item":"https:\/\/www.altominho.tv\/site\/"},{"@type":"ListItem","position":2,"name":"Em Riba de Mouro fala-se ribamour\u00eas, com orgulho"}]},{"@type":"WebSite","@id":"https:\/\/www.altominho.tv\/site\/#website","url":"https:\/\/www.altominho.tv\/site\/","name":"Altominho.tv","description":"A sua regi\u00e3o \u00e0 dist\u00e2ncia de um clique...","potentialAction":[{"@type":"SearchAction","target":{"@type":"EntryPoint","urlTemplate":"https:\/\/www.altominho.tv\/site\/?s={search_term_string}"},"query-input":{"@type":"PropertyValueSpecification","valueRequired":true,"valueName":"search_term_string"}}],"inLanguage":"pt-PT"},{"@type":"Person","@id":"https:\/\/www.altominho.tv\/site\/#\/schema\/person\/dbaf181c01b51ff40c9f461a905d321e","name":"Andreia Cunha | Lusa","image":{"@type":"ImageObject","inLanguage":"pt-PT","@id":"https:\/\/www.altominho.tv\/site\/wp-content\/uploads\/2017\/11\/Andreia_Cunha-1-150x150.jpg","url":"https:\/\/www.altominho.tv\/site\/wp-content\/uploads\/2017\/11\/Andreia_Cunha-1-150x150.jpg","contentUrl":"https:\/\/www.altominho.tv\/site\/wp-content\/uploads\/2017\/11\/Andreia_Cunha-1-150x150.jpg","caption":"Andreia Cunha | Lusa"},"sameAs":["https:\/\/www.altominho.tv\/site"],"url":"https:\/\/www.altominho.tv\/site\/author\/andreiacunhalusa\/"}]}},"_links":{"self":[{"href":"https:\/\/www.altominho.tv\/site\/wp-json\/wp\/v2\/posts\/106518","targetHints":{"allow":["GET"]}}],"collection":[{"href":"https:\/\/www.altominho.tv\/site\/wp-json\/wp\/v2\/posts"}],"about":[{"href":"https:\/\/www.altominho.tv\/site\/wp-json\/wp\/v2\/types\/post"}],"author":[{"embeddable":true,"href":"https:\/\/www.altominho.tv\/site\/wp-json\/wp\/v2\/users\/16"}],"replies":[{"embeddable":true,"href":"https:\/\/www.altominho.tv\/site\/wp-json\/wp\/v2\/comments?post=106518"}],"version-history":[{"count":1,"href":"https:\/\/www.altominho.tv\/site\/wp-json\/wp\/v2\/posts\/106518\/revisions"}],"predecessor-version":[{"id":106522,"href":"https:\/\/www.altominho.tv\/site\/wp-json\/wp\/v2\/posts\/106518\/revisions\/106522"}],"wp:featuredmedia":[{"embeddable":true,"href":"https:\/\/www.altominho.tv\/site\/wp-json\/wp\/v2\/media\/106521"}],"wp:attachment":[{"href":"https:\/\/www.altominho.tv\/site\/wp-json\/wp\/v2\/media?parent=106518"}],"wp:term":[{"taxonomy":"category","embeddable":true,"href":"https:\/\/www.altominho.tv\/site\/wp-json\/wp\/v2\/categories?post=106518"},{"taxonomy":"post_tag","embeddable":true,"href":"https:\/\/www.altominho.tv\/site\/wp-json\/wp\/v2\/tags?post=106518"}],"curies":[{"name":"wp","href":"https:\/\/api.w.org\/{rel}","templated":true}]}}