{"id":106514,"date":"2024-04-22T16:56:57","date_gmt":"2024-04-22T15:56:57","guid":{"rendered":"https:\/\/www.altominho.tv\/site\/?p=106514"},"modified":"2024-04-22T16:56:59","modified_gmt":"2024-04-22T15:56:59","slug":"teatro-municipal-sa-de-miranda-recebe-o-espetaculo-noites-de-caxias","status":"publish","type":"post","link":"https:\/\/www.altominho.tv\/site\/2024\/04\/22\/teatro-municipal-sa-de-miranda-recebe-o-espetaculo-noites-de-caxias\/","title":{"rendered":"Teatro Municipal S\u00e1 de Miranda recebe o espet\u00e1culo\u00a0&#8220;Noites de Caxias&#8221;"},"content":{"rendered":"<p class=\"p1\">O Teatro do Noroeste \u2013 Centro Dram\u00e1tico de Viana estreia o espet\u00e1culo Noites de Caxias, no dia 25 de abril, \u00e0s 18h00, na Sala Experimental do Teatro Municipal S\u00e1 de Miranda.<\/p>\n<p class=\"p1\">Dirigido por Ricardo Sim\u00f5es e interpretado por Marta Bonito, esta produ\u00e7\u00e3o provocadora mergulha na hist\u00f3ria sombria de duas mulheres que enfrentaram os desafios da ditadura portuguesa. Leninha, a enigm\u00e1tica e temida figura feminina da Pol\u00edcia Internacional e de Defesa do Estado (PIDE), \u00e9 o centro de uma narrativa que revela as profundezas do seu poder e crueldade, contrastando com a hist\u00f3ria de uma v\u00edtima cujo sofrimento \u00e0s m\u00e3os da agente \u00e9 marcado pela sua obscuridade e desconhecimento p\u00fablico.<\/p>\n<p class=\"p1\">Esta cria\u00e7\u00e3o teatral, que integra as comemora\u00e7\u00f5es dos 50 anos do 25 de Abril, estar\u00e1 em cena at\u00e9 dia 28 de abril, com apresenta\u00e7\u00f5es sexta-feira \u00e0s 21h00, s\u00e1bado \u00e0s 19h00 e domingo \u00e0s 16h00.<\/p>\n<p class=\"p1\">O pre\u00e7o dos bilhetes varia entre os 4\u20ac e os 10\u20ac e podem ser adquiridos na <span class=\"s1\">BOL \u2013 Bilheteira Online<\/span> ou na Bilheteira do Teatro Municipal S\u00e1 de Miranda.<\/p>\n","protected":false},"excerpt":{"rendered":"<p>O Teatro do Noroeste \u2013 Centro Dram\u00e1tico de Viana estreia o espet\u00e1culo Noites de Caxias, no dia 25 de abril, \u00e0s 18h00, na Sala Experimental do Teatro Municipal S\u00e1 de Miranda. Dirigido por Ricardo Sim\u00f5es e interpretado por Marta Bonito, esta produ\u00e7\u00e3o provocadora mergulha na hist\u00f3ria sombria de duas mulheres que enfrentaram os desafios da [&hellip;]<\/p>\n","protected":false},"author":1,"featured_media":106515,"comment_status":"closed","ping_status":"closed","sticky":false,"template":"","format":"standard","meta":{"_exactmetrics_skip_tracking":false,"_exactmetrics_sitenote_active":false,"_exactmetrics_sitenote_note":"","_exactmetrics_sitenote_category":0,"footnotes":""},"categories":[14],"tags":[19],"class_list":["post-106514","post","type-post","status-publish","format-standard","has-post-thumbnail","hentry","category-viana-do-castelo","tag-cultura"],"yoast_head":"<!-- This site is optimized with the Yoast SEO Premium plugin v27.4 (Yoast SEO v27.4) - https:\/\/yoast.com\/product\/yoast-seo-premium-wordpress\/ -->\n<title>Teatro Municipal S\u00e1 de Miranda recebe o espet\u00e1culo\u00a0&quot;Noites de Caxias&quot;<\/title>\n<meta name=\"description\" content=\"O Teatro do Noroeste \u2013 Centro Dram\u00e1tico de Viana estreia o espet\u00e1culo Noites de Caxias, no dia 25 de abril, \u00e0s 18h00, na Sala Experimental do Teatro Municipal S\u00e1 de Miranda.\" \/>\n<meta name=\"robots\" content=\"index, follow, max-snippet:-1, max-image-preview:large, max-video-preview:-1\" \/>\n<link rel=\"canonical\" href=\"https:\/\/www.altominho.tv\/site\/2024\/04\/22\/teatro-municipal-sa-de-miranda-recebe-o-espetaculo-noites-de-caxias\/\" \/>\n<meta property=\"og:locale\" content=\"pt_PT\" \/>\n<meta property=\"og:type\" content=\"article\" \/>\n<meta property=\"og:title\" content=\"Teatro Municipal S\u00e1 de Miranda recebe o espet\u00e1culo\u00a0&quot;Noites de Caxias&quot;\" \/>\n<meta property=\"og:description\" content=\"O Teatro do Noroeste \u2013 Centro Dram\u00e1tico de Viana estreia o espet\u00e1culo Noites de Caxias, no dia 25 de abril, \u00e0s 18h00, na Sala Experimental do Teatro Municipal S\u00e1 de Miranda.\" \/>\n<meta property=\"og:url\" content=\"https:\/\/www.altominho.tv\/site\/2024\/04\/22\/teatro-municipal-sa-de-miranda-recebe-o-espetaculo-noites-de-caxias\/\" \/>\n<meta property=\"og:site_name\" content=\"Altominho.tv\" \/>\n<meta property=\"article:publisher\" content=\"https:\/\/www.facebook.com\/altominhotv\" \/>\n<meta property=\"article:published_time\" content=\"2024-04-22T15:56:57+00:00\" \/>\n<meta property=\"article:modified_time\" content=\"2024-04-22T15:56:59+00:00\" \/>\n<meta property=\"og:image\" content=\"https:\/\/www.altominho.tv\/site\/wp-content\/uploads\/2024\/04\/noites-de-caxias.jpg\" \/>\n\t<meta property=\"og:image:width\" content=\"2000\" \/>\n\t<meta property=\"og:image:height\" content=\"1125\" \/>\n\t<meta property=\"og:image:type\" content=\"image\/jpeg\" \/>\n<meta name=\"author\" content=\"Altominho.tv\" \/>\n<meta name=\"twitter:card\" content=\"summary_large_image\" \/>\n<meta name=\"twitter:creator\" content=\"@altominhoTV\" \/>\n<meta name=\"twitter:site\" content=\"@altominhoTV\" \/>\n<meta name=\"twitter:label1\" content=\"Escrito por\" \/>\n\t<meta name=\"twitter:data1\" content=\"Altominho.tv\" \/>\n\t<meta name=\"twitter:label2\" content=\"Tempo estimado de leitura\" \/>\n\t<meta name=\"twitter:data2\" content=\"2 minutos\" \/>\n<script type=\"application\/ld+json\" class=\"yoast-schema-graph\">{\"@context\":\"https:\\\/\\\/schema.org\",\"@graph\":[{\"@type\":\"Article\",\"@id\":\"https:\\\/\\\/www.altominho.tv\\\/site\\\/2024\\\/04\\\/22\\\/teatro-municipal-sa-de-miranda-recebe-o-espetaculo-noites-de-caxias\\\/#article\",\"isPartOf\":{\"@id\":\"https:\\\/\\\/www.altominho.tv\\\/site\\\/2024\\\/04\\\/22\\\/teatro-municipal-sa-de-miranda-recebe-o-espetaculo-noites-de-caxias\\\/\"},\"author\":{\"name\":\"Altominho.tv\",\"@id\":\"https:\\\/\\\/www.altominho.tv\\\/site\\\/#\\\/schema\\\/person\\\/4e536851627d7914baf3dac752b6af22\"},\"headline\":\"Teatro Municipal S\u00e1 de Miranda recebe o espet\u00e1culo\u00a0&#8220;Noites de Caxias&#8221;\",\"datePublished\":\"2024-04-22T15:56:57+00:00\",\"dateModified\":\"2024-04-22T15:56:59+00:00\",\"mainEntityOfPage\":{\"@id\":\"https:\\\/\\\/www.altominho.tv\\\/site\\\/2024\\\/04\\\/22\\\/teatro-municipal-sa-de-miranda-recebe-o-espetaculo-noites-de-caxias\\\/\"},\"wordCount\":190,\"image\":{\"@id\":\"https:\\\/\\\/www.altominho.tv\\\/site\\\/2024\\\/04\\\/22\\\/teatro-municipal-sa-de-miranda-recebe-o-espetaculo-noites-de-caxias\\\/#primaryimage\"},\"thumbnailUrl\":\"https:\\\/\\\/www.altominho.tv\\\/site\\\/wp-content\\\/uploads\\\/2024\\\/04\\\/noites-de-caxias.jpg\",\"keywords\":[\"Cultura\"],\"articleSection\":[\"Viana do Castelo\"],\"inLanguage\":\"pt-PT\",\"copyrightYear\":\"2024\",\"copyrightHolder\":{\"@id\":\"https:\\\/\\\/www.altominho.tv\\\/site\\\/#organization\"}},{\"@type\":\"WebPage\",\"@id\":\"https:\\\/\\\/www.altominho.tv\\\/site\\\/2024\\\/04\\\/22\\\/teatro-municipal-sa-de-miranda-recebe-o-espetaculo-noites-de-caxias\\\/\",\"url\":\"https:\\\/\\\/www.altominho.tv\\\/site\\\/2024\\\/04\\\/22\\\/teatro-municipal-sa-de-miranda-recebe-o-espetaculo-noites-de-caxias\\\/\",\"name\":\"Teatro Municipal S\u00e1 de Miranda recebe o espet\u00e1culo\u00a0\\\"Noites de Caxias\\\"\",\"isPartOf\":{\"@id\":\"https:\\\/\\\/www.altominho.tv\\\/site\\\/#website\"},\"primaryImageOfPage\":{\"@id\":\"https:\\\/\\\/www.altominho.tv\\\/site\\\/2024\\\/04\\\/22\\\/teatro-municipal-sa-de-miranda-recebe-o-espetaculo-noites-de-caxias\\\/#primaryimage\"},\"image\":{\"@id\":\"https:\\\/\\\/www.altominho.tv\\\/site\\\/2024\\\/04\\\/22\\\/teatro-municipal-sa-de-miranda-recebe-o-espetaculo-noites-de-caxias\\\/#primaryimage\"},\"thumbnailUrl\":\"https:\\\/\\\/www.altominho.tv\\\/site\\\/wp-content\\\/uploads\\\/2024\\\/04\\\/noites-de-caxias.jpg\",\"datePublished\":\"2024-04-22T15:56:57+00:00\",\"dateModified\":\"2024-04-22T15:56:59+00:00\",\"author\":{\"@id\":\"https:\\\/\\\/www.altominho.tv\\\/site\\\/#\\\/schema\\\/person\\\/4e536851627d7914baf3dac752b6af22\"},\"description\":\"O Teatro do Noroeste \u2013 Centro Dram\u00e1tico de Viana estreia o espet\u00e1culo Noites de Caxias, no dia 25 de abril, \u00e0s 18h00, na Sala Experimental do Teatro Municipal S\u00e1 de Miranda.\",\"breadcrumb\":{\"@id\":\"https:\\\/\\\/www.altominho.tv\\\/site\\\/2024\\\/04\\\/22\\\/teatro-municipal-sa-de-miranda-recebe-o-espetaculo-noites-de-caxias\\\/#breadcrumb\"},\"inLanguage\":\"pt-PT\",\"potentialAction\":[{\"@type\":\"ReadAction\",\"target\":[\"https:\\\/\\\/www.altominho.tv\\\/site\\\/2024\\\/04\\\/22\\\/teatro-municipal-sa-de-miranda-recebe-o-espetaculo-noites-de-caxias\\\/\"]}]},{\"@type\":\"ImageObject\",\"inLanguage\":\"pt-PT\",\"@id\":\"https:\\\/\\\/www.altominho.tv\\\/site\\\/2024\\\/04\\\/22\\\/teatro-municipal-sa-de-miranda-recebe-o-espetaculo-noites-de-caxias\\\/#primaryimage\",\"url\":\"https:\\\/\\\/www.altominho.tv\\\/site\\\/wp-content\\\/uploads\\\/2024\\\/04\\\/noites-de-caxias.jpg\",\"contentUrl\":\"https:\\\/\\\/www.altominho.tv\\\/site\\\/wp-content\\\/uploads\\\/2024\\\/04\\\/noites-de-caxias.jpg\",\"width\":2000,\"height\":1125},{\"@type\":\"BreadcrumbList\",\"@id\":\"https:\\\/\\\/www.altominho.tv\\\/site\\\/2024\\\/04\\\/22\\\/teatro-municipal-sa-de-miranda-recebe-o-espetaculo-noites-de-caxias\\\/#breadcrumb\",\"itemListElement\":[{\"@type\":\"ListItem\",\"position\":1,\"name\":\"In\u00edcio\",\"item\":\"https:\\\/\\\/www.altominho.tv\\\/site\\\/\"},{\"@type\":\"ListItem\",\"position\":2,\"name\":\"Teatro Municipal S\u00e1 de Miranda recebe o espet\u00e1culo\u00a0&#8220;Noites de Caxias&#8221;\"}]},{\"@type\":\"WebSite\",\"@id\":\"https:\\\/\\\/www.altominho.tv\\\/site\\\/#website\",\"url\":\"https:\\\/\\\/www.altominho.tv\\\/site\\\/\",\"name\":\"Altominho.tv\",\"description\":\"A sua regi\u00e3o \u00e0 dist\u00e2ncia de um clique...\",\"potentialAction\":[{\"@type\":\"SearchAction\",\"target\":{\"@type\":\"EntryPoint\",\"urlTemplate\":\"https:\\\/\\\/www.altominho.tv\\\/site\\\/?s={search_term_string}\"},\"query-input\":{\"@type\":\"PropertyValueSpecification\",\"valueRequired\":true,\"valueName\":\"search_term_string\"}}],\"inLanguage\":\"pt-PT\"},{\"@type\":\"Person\",\"@id\":\"https:\\\/\\\/www.altominho.tv\\\/site\\\/#\\\/schema\\\/person\\\/4e536851627d7914baf3dac752b6af22\",\"name\":\"Altominho.tv\",\"image\":{\"@type\":\"ImageObject\",\"inLanguage\":\"pt-PT\",\"@id\":\"https:\\\/\\\/www.altominho.tv\\\/site\\\/wp-content\\\/uploads\\\/2019\\\/11\\\/Logo_Avatar_2-150x150.jpg\",\"url\":\"https:\\\/\\\/www.altominho.tv\\\/site\\\/wp-content\\\/uploads\\\/2019\\\/11\\\/Logo_Avatar_2-150x150.jpg\",\"contentUrl\":\"https:\\\/\\\/www.altominho.tv\\\/site\\\/wp-content\\\/uploads\\\/2019\\\/11\\\/Logo_Avatar_2-150x150.jpg\",\"caption\":\"Altominho.tv\"},\"url\":\"https:\\\/\\\/www.altominho.tv\\\/site\\\/author\\\/altominhotv-tecnico\\\/\"}]}<\/script>\n<!-- \/ Yoast SEO Premium plugin. -->","yoast_head_json":{"title":"Teatro Municipal S\u00e1 de Miranda recebe o espet\u00e1culo\u00a0\"Noites de Caxias\"","description":"O Teatro do Noroeste \u2013 Centro Dram\u00e1tico de Viana estreia o espet\u00e1culo Noites de Caxias, no dia 25 de abril, \u00e0s 18h00, na Sala Experimental do Teatro Municipal S\u00e1 de Miranda.","robots":{"index":"index","follow":"follow","max-snippet":"max-snippet:-1","max-image-preview":"max-image-preview:large","max-video-preview":"max-video-preview:-1"},"canonical":"https:\/\/www.altominho.tv\/site\/2024\/04\/22\/teatro-municipal-sa-de-miranda-recebe-o-espetaculo-noites-de-caxias\/","og_locale":"pt_PT","og_type":"article","og_title":"Teatro Municipal S\u00e1 de Miranda recebe o espet\u00e1culo\u00a0\"Noites de Caxias\"","og_description":"O Teatro do Noroeste \u2013 Centro Dram\u00e1tico de Viana estreia o espet\u00e1culo Noites de Caxias, no dia 25 de abril, \u00e0s 18h00, na Sala Experimental do Teatro Municipal S\u00e1 de Miranda.","og_url":"https:\/\/www.altominho.tv\/site\/2024\/04\/22\/teatro-municipal-sa-de-miranda-recebe-o-espetaculo-noites-de-caxias\/","og_site_name":"Altominho.tv","article_publisher":"https:\/\/www.facebook.com\/altominhotv","article_published_time":"2024-04-22T15:56:57+00:00","article_modified_time":"2024-04-22T15:56:59+00:00","og_image":[{"width":2000,"height":1125,"url":"https:\/\/www.altominho.tv\/site\/wp-content\/uploads\/2024\/04\/noites-de-caxias.jpg","type":"image\/jpeg"}],"author":"Altominho.tv","twitter_card":"summary_large_image","twitter_creator":"@altominhoTV","twitter_site":"@altominhoTV","twitter_misc":{"Escrito por":"Altominho.tv","Tempo estimado de leitura":"2 minutos"},"schema":{"@context":"https:\/\/schema.org","@graph":[{"@type":"Article","@id":"https:\/\/www.altominho.tv\/site\/2024\/04\/22\/teatro-municipal-sa-de-miranda-recebe-o-espetaculo-noites-de-caxias\/#article","isPartOf":{"@id":"https:\/\/www.altominho.tv\/site\/2024\/04\/22\/teatro-municipal-sa-de-miranda-recebe-o-espetaculo-noites-de-caxias\/"},"author":{"name":"Altominho.tv","@id":"https:\/\/www.altominho.tv\/site\/#\/schema\/person\/4e536851627d7914baf3dac752b6af22"},"headline":"Teatro Municipal S\u00e1 de Miranda recebe o espet\u00e1culo\u00a0&#8220;Noites de Caxias&#8221;","datePublished":"2024-04-22T15:56:57+00:00","dateModified":"2024-04-22T15:56:59+00:00","mainEntityOfPage":{"@id":"https:\/\/www.altominho.tv\/site\/2024\/04\/22\/teatro-municipal-sa-de-miranda-recebe-o-espetaculo-noites-de-caxias\/"},"wordCount":190,"image":{"@id":"https:\/\/www.altominho.tv\/site\/2024\/04\/22\/teatro-municipal-sa-de-miranda-recebe-o-espetaculo-noites-de-caxias\/#primaryimage"},"thumbnailUrl":"https:\/\/www.altominho.tv\/site\/wp-content\/uploads\/2024\/04\/noites-de-caxias.jpg","keywords":["Cultura"],"articleSection":["Viana do Castelo"],"inLanguage":"pt-PT","copyrightYear":"2024","copyrightHolder":{"@id":"https:\/\/www.altominho.tv\/site\/#organization"}},{"@type":"WebPage","@id":"https:\/\/www.altominho.tv\/site\/2024\/04\/22\/teatro-municipal-sa-de-miranda-recebe-o-espetaculo-noites-de-caxias\/","url":"https:\/\/www.altominho.tv\/site\/2024\/04\/22\/teatro-municipal-sa-de-miranda-recebe-o-espetaculo-noites-de-caxias\/","name":"Teatro Municipal S\u00e1 de Miranda recebe o espet\u00e1culo\u00a0\"Noites de Caxias\"","isPartOf":{"@id":"https:\/\/www.altominho.tv\/site\/#website"},"primaryImageOfPage":{"@id":"https:\/\/www.altominho.tv\/site\/2024\/04\/22\/teatro-municipal-sa-de-miranda-recebe-o-espetaculo-noites-de-caxias\/#primaryimage"},"image":{"@id":"https:\/\/www.altominho.tv\/site\/2024\/04\/22\/teatro-municipal-sa-de-miranda-recebe-o-espetaculo-noites-de-caxias\/#primaryimage"},"thumbnailUrl":"https:\/\/www.altominho.tv\/site\/wp-content\/uploads\/2024\/04\/noites-de-caxias.jpg","datePublished":"2024-04-22T15:56:57+00:00","dateModified":"2024-04-22T15:56:59+00:00","author":{"@id":"https:\/\/www.altominho.tv\/site\/#\/schema\/person\/4e536851627d7914baf3dac752b6af22"},"description":"O Teatro do Noroeste \u2013 Centro Dram\u00e1tico de Viana estreia o espet\u00e1culo Noites de Caxias, no dia 25 de abril, \u00e0s 18h00, na Sala Experimental do Teatro Municipal S\u00e1 de Miranda.","breadcrumb":{"@id":"https:\/\/www.altominho.tv\/site\/2024\/04\/22\/teatro-municipal-sa-de-miranda-recebe-o-espetaculo-noites-de-caxias\/#breadcrumb"},"inLanguage":"pt-PT","potentialAction":[{"@type":"ReadAction","target":["https:\/\/www.altominho.tv\/site\/2024\/04\/22\/teatro-municipal-sa-de-miranda-recebe-o-espetaculo-noites-de-caxias\/"]}]},{"@type":"ImageObject","inLanguage":"pt-PT","@id":"https:\/\/www.altominho.tv\/site\/2024\/04\/22\/teatro-municipal-sa-de-miranda-recebe-o-espetaculo-noites-de-caxias\/#primaryimage","url":"https:\/\/www.altominho.tv\/site\/wp-content\/uploads\/2024\/04\/noites-de-caxias.jpg","contentUrl":"https:\/\/www.altominho.tv\/site\/wp-content\/uploads\/2024\/04\/noites-de-caxias.jpg","width":2000,"height":1125},{"@type":"BreadcrumbList","@id":"https:\/\/www.altominho.tv\/site\/2024\/04\/22\/teatro-municipal-sa-de-miranda-recebe-o-espetaculo-noites-de-caxias\/#breadcrumb","itemListElement":[{"@type":"ListItem","position":1,"name":"In\u00edcio","item":"https:\/\/www.altominho.tv\/site\/"},{"@type":"ListItem","position":2,"name":"Teatro Municipal S\u00e1 de Miranda recebe o espet\u00e1culo\u00a0&#8220;Noites de Caxias&#8221;"}]},{"@type":"WebSite","@id":"https:\/\/www.altominho.tv\/site\/#website","url":"https:\/\/www.altominho.tv\/site\/","name":"Altominho.tv","description":"A sua regi\u00e3o \u00e0 dist\u00e2ncia de um clique...","potentialAction":[{"@type":"SearchAction","target":{"@type":"EntryPoint","urlTemplate":"https:\/\/www.altominho.tv\/site\/?s={search_term_string}"},"query-input":{"@type":"PropertyValueSpecification","valueRequired":true,"valueName":"search_term_string"}}],"inLanguage":"pt-PT"},{"@type":"Person","@id":"https:\/\/www.altominho.tv\/site\/#\/schema\/person\/4e536851627d7914baf3dac752b6af22","name":"Altominho.tv","image":{"@type":"ImageObject","inLanguage":"pt-PT","@id":"https:\/\/www.altominho.tv\/site\/wp-content\/uploads\/2019\/11\/Logo_Avatar_2-150x150.jpg","url":"https:\/\/www.altominho.tv\/site\/wp-content\/uploads\/2019\/11\/Logo_Avatar_2-150x150.jpg","contentUrl":"https:\/\/www.altominho.tv\/site\/wp-content\/uploads\/2019\/11\/Logo_Avatar_2-150x150.jpg","caption":"Altominho.tv"},"url":"https:\/\/www.altominho.tv\/site\/author\/altominhotv-tecnico\/"}]}},"_links":{"self":[{"href":"https:\/\/www.altominho.tv\/site\/wp-json\/wp\/v2\/posts\/106514","targetHints":{"allow":["GET"]}}],"collection":[{"href":"https:\/\/www.altominho.tv\/site\/wp-json\/wp\/v2\/posts"}],"about":[{"href":"https:\/\/www.altominho.tv\/site\/wp-json\/wp\/v2\/types\/post"}],"author":[{"embeddable":true,"href":"https:\/\/www.altominho.tv\/site\/wp-json\/wp\/v2\/users\/1"}],"replies":[{"embeddable":true,"href":"https:\/\/www.altominho.tv\/site\/wp-json\/wp\/v2\/comments?post=106514"}],"version-history":[{"count":1,"href":"https:\/\/www.altominho.tv\/site\/wp-json\/wp\/v2\/posts\/106514\/revisions"}],"predecessor-version":[{"id":106516,"href":"https:\/\/www.altominho.tv\/site\/wp-json\/wp\/v2\/posts\/106514\/revisions\/106516"}],"wp:featuredmedia":[{"embeddable":true,"href":"https:\/\/www.altominho.tv\/site\/wp-json\/wp\/v2\/media\/106515"}],"wp:attachment":[{"href":"https:\/\/www.altominho.tv\/site\/wp-json\/wp\/v2\/media?parent=106514"}],"wp:term":[{"taxonomy":"category","embeddable":true,"href":"https:\/\/www.altominho.tv\/site\/wp-json\/wp\/v2\/categories?post=106514"},{"taxonomy":"post_tag","embeddable":true,"href":"https:\/\/www.altominho.tv\/site\/wp-json\/wp\/v2\/tags?post=106514"}],"curies":[{"name":"wp","href":"https:\/\/api.w.org\/{rel}","templated":true}]}}