{"id":106324,"date":"2024-04-17T11:09:47","date_gmt":"2024-04-17T10:09:47","guid":{"rendered":"https:\/\/www.altominho.tv\/site\/?p=106324"},"modified":"2024-04-17T11:09:49","modified_gmt":"2024-04-17T10:09:49","slug":"arcos-de-valdevez-aprova-contas-de-2023-com-oposicao-preocupada-com-despesa","status":"publish","type":"post","link":"https:\/\/www.altominho.tv\/site\/2024\/04\/17\/arcos-de-valdevez-aprova-contas-de-2023-com-oposicao-preocupada-com-despesa\/","title":{"rendered":"Arcos de Valdevez aprova contas de 2023 com oposi\u00e7\u00e3o preocupada com despesa"},"content":{"rendered":"<p>A C\u00e2mara de Arcos de Valdevez aprovou as contas de ger\u00eancia de 2023, com a maior taxa de execu\u00e7\u00e3o da \u00faltima d\u00e9cada (94%), mas a oposi\u00e7\u00e3o votou contra pelo avolumar de despesa em obras p\u00fablicas, foi hoje divulgado.<\/p>\n<p>Segundo a C\u00e2mara de Arcos de Valdevez (PSD), no distrito de Viana do Castelo, o relat\u00f3rio e contas de 2023 apresenta \u201cuma execu\u00e7\u00e3o da receita no valor de cerca 31,3 milh\u00f5es de euros e uma execu\u00e7\u00e3o da despesa no valor de cerca de 31,1 milh\u00f5es de euros\u201d, representando \u201cum aumento de 3,2 milh\u00f5es de euros face ao ano anterior\u201d.<\/p>\n<p>\u201cA ger\u00eancia de 2023 \u00e9 reflexo de uma gest\u00e3o respons\u00e1vel e pr\u00f3xima, em parceria com v\u00e1rias entidades e os arcuenses, em prol da constru\u00e7\u00e3o de um concelho mais solid\u00e1rio, inovador, atrativo e sustent\u00e1vel e com mais qualidade de vida e oportunidades para todos\u201d, afirma o presidente da c\u00e2mara, Jo\u00e3o Manuel Esteves, citado em uma nota enviada \u00e0 imprensa.<\/p>\n<p>O munic\u00edpio real\u00e7a \u201ca poupan\u00e7a corrente de 3,7 milh\u00f5es de euros, aplicada na realiza\u00e7\u00e3o de investimento nas Grandes Op\u00e7\u00f5es do Plano (GOP)\u201d, e que a \u201cd\u00edvida or\u00e7amental baixou para os 5,8 milh\u00f5es de euros, com uma redu\u00e7\u00e3o de cerca de um milh\u00e3o de euros face ao ano anterior\u201d.<\/p>\n<p>De acordo com a autarquia, \u201cforam realizados muitos investimentos no valor superior a 19 milh\u00f5es de euros, com clara preponder\u00e2ncia nas fun\u00e7\u00f5es sociais, cerca de nove milh\u00f5es de euros, e em fun\u00e7\u00f5es econ\u00f3micas, cerca de 6,3 milh\u00f5es de euros\u201d.<\/p>\n<p>Os dois vereadores do PS no executivo municipal votaram contra pelo \u201cavolumar de despesa em obras p\u00fablicas que, por muito interesse arquitet\u00f3nico que possa ter, representam valores que come\u00e7am a gerar assimetrias de investimento no territ\u00f3rio que s\u00e3o dif\u00edceis de explicar\u201d.<\/p>\n<p>Os vereadores socialistas est\u00e3o preocupados com o aumento \u201cdas despesas em aquisi\u00e7\u00f5es de servi\u00e7os\u201d, apontando \u201cuma subida constante nos \u00faltimos tr\u00eas anos, de 35%\u201d.<\/p>\n<p>Para o PS, os dois milh\u00f5es de euros investidos nas 36 freguesias do concelho representam \u201cum investimento parco e demasiado contido, at\u00e9 por compara\u00e7\u00e3o com uma \u00fanica e recente obra na sede do concelho, o ecoparque do Vez, que, em termos de dimens\u00e3o, \u00e9 pequena e que implicou o custo de cerca de 1, 4 milh\u00f5es de euros\u201d.<\/p>\n<p>\u201cS\u00e3o milh\u00f5es para o centro urbano e para as freguesias tost\u00f5es. As freguesias s\u00e3o, sem d\u00favida, o parente pobre a n\u00edvel financeiro\u201d, sustentam os vereadores Jo\u00e3o Carlos Braga Sim\u00f5es e, Isabel Carvalho Ara\u00fajo.<\/p>\n","protected":false},"excerpt":{"rendered":"<p>A C\u00e2mara de Arcos de Valdevez aprovou as contas de ger\u00eancia de 2023, com a maior taxa de execu\u00e7\u00e3o da \u00faltima d\u00e9cada (94%), mas a oposi\u00e7\u00e3o votou contra pelo avolumar de despesa em obras p\u00fablicas, foi hoje divulgado. Segundo a C\u00e2mara de Arcos de Valdevez (PSD), no distrito de Viana do Castelo, o relat\u00f3rio e [&hellip;]<\/p>\n","protected":false},"author":13,"featured_media":81024,"comment_status":"closed","ping_status":"closed","sticky":false,"template":"","format":"standard","meta":{"_exactmetrics_skip_tracking":false,"footnotes":""},"categories":[2],"tags":[27],"class_list":["post-106324","post","type-post","status-publish","format-standard","has-post-thumbnail","hentry","category-arcos-de-valdevez","tag-sociedade"],"yoast_head":"<!-- This site is optimized with the Yoast SEO Premium plugin v28.3 (Yoast SEO v28.3) - https:\/\/yoast.com\/product\/yoast-seo-premium-wordpress\/ -->\n<title>Arcos de Valdevez aprova contas de 2023 com oposi\u00e7\u00e3o preocupada com despesa<\/title>\n<meta name=\"robots\" content=\"index, follow, max-snippet:-1, max-image-preview:large, max-video-preview:-1\" \/>\n<link rel=\"canonical\" href=\"https:\/\/www.altominho.tv\/site\/2024\/04\/17\/arcos-de-valdevez-aprova-contas-de-2023-com-oposicao-preocupada-com-despesa\/\" \/>\n<meta property=\"og:locale\" content=\"pt_PT\" \/>\n<meta property=\"og:type\" content=\"article\" \/>\n<meta property=\"og:title\" content=\"Arcos de Valdevez aprova contas de 2023 com oposi\u00e7\u00e3o preocupada com despesa\" \/>\n<meta property=\"og:description\" content=\"A C\u00e2mara de Arcos de Valdevez aprovou as contas de ger\u00eancia de 2023, com a maior taxa de execu\u00e7\u00e3o da \u00faltima d\u00e9cada (94%), mas a oposi\u00e7\u00e3o votou contra pelo avolumar de despesa em obras p\u00fablicas, foi hoje divulgado. Segundo a C\u00e2mara de Arcos de Valdevez (PSD), no distrito de Viana do Castelo, o relat\u00f3rio e [&hellip;]\" \/>\n<meta property=\"og:url\" content=\"https:\/\/www.altominho.tv\/site\/2024\/04\/17\/arcos-de-valdevez-aprova-contas-de-2023-com-oposicao-preocupada-com-despesa\/\" \/>\n<meta property=\"og:site_name\" content=\"Altominho.tv\" \/>\n<meta property=\"article:publisher\" content=\"https:\/\/www.facebook.com\/altominhotv\" \/>\n<meta property=\"article:published_time\" content=\"2024-04-17T10:09:47+00:00\" \/>\n<meta property=\"article:modified_time\" content=\"2024-04-17T10:09:49+00:00\" \/>\n<meta property=\"og:image\" content=\"https:\/\/www.altominho.tv\/site\/wp-content\/uploads\/2022\/07\/camara_municipal_Arcos-de-Valdevez.jpg\" \/>\n\t<meta property=\"og:image:width\" content=\"1024\" \/>\n\t<meta property=\"og:image:height\" content=\"683\" \/>\n\t<meta property=\"og:image:type\" content=\"image\/jpeg\" \/>\n<meta name=\"author\" content=\"Lusa\" \/>\n<meta name=\"twitter:card\" content=\"summary_large_image\" \/>\n<meta name=\"twitter:creator\" content=\"@altominhoTV\" \/>\n<meta name=\"twitter:site\" content=\"@altominhoTV\" \/>\n<meta name=\"twitter:label1\" content=\"Escrito por\" \/>\n\t<meta name=\"twitter:data1\" content=\"Lusa\" \/>\n\t<meta name=\"twitter:label2\" content=\"Tempo estimado de leitura\" \/>\n\t<meta name=\"twitter:data2\" content=\"2 minutos\" \/>\n<script type=\"application\/ld+json\" class=\"yoast-schema-graph\">{\"@context\":\"https:\\\/\\\/schema.org\",\"@graph\":[{\"@type\":\"Article\",\"@id\":\"https:\\\/\\\/www.altominho.tv\\\/site\\\/2024\\\/04\\\/17\\\/arcos-de-valdevez-aprova-contas-de-2023-com-oposicao-preocupada-com-despesa\\\/#article\",\"isPartOf\":{\"@id\":\"https:\\\/\\\/www.altominho.tv\\\/site\\\/2024\\\/04\\\/17\\\/arcos-de-valdevez-aprova-contas-de-2023-com-oposicao-preocupada-com-despesa\\\/\"},\"author\":{\"name\":\"Lusa\",\"@id\":\"https:\\\/\\\/www.altominho.tv\\\/site\\\/#\\\/schema\\\/person\\\/63f693da3e1899361cbe955c46f3232e\"},\"headline\":\"Arcos de Valdevez aprova contas de 2023 com oposi\u00e7\u00e3o preocupada com despesa\",\"datePublished\":\"2024-04-17T10:09:47+00:00\",\"dateModified\":\"2024-04-17T10:09:49+00:00\",\"mainEntityOfPage\":{\"@id\":\"https:\\\/\\\/www.altominho.tv\\\/site\\\/2024\\\/04\\\/17\\\/arcos-de-valdevez-aprova-contas-de-2023-com-oposicao-preocupada-com-despesa\\\/\"},\"wordCount\":456,\"image\":{\"@id\":\"https:\\\/\\\/www.altominho.tv\\\/site\\\/2024\\\/04\\\/17\\\/arcos-de-valdevez-aprova-contas-de-2023-com-oposicao-preocupada-com-despesa\\\/#primaryimage\"},\"thumbnailUrl\":\"https:\\\/\\\/www.altominho.tv\\\/site\\\/wp-content\\\/uploads\\\/2022\\\/07\\\/camara_municipal_Arcos-de-Valdevez.jpg\",\"keywords\":[\"Sociedade\"],\"articleSection\":[\"Arcos de Valdevez\"],\"inLanguage\":\"pt-PT\",\"copyrightYear\":\"2024\",\"copyrightHolder\":{\"@id\":\"https:\\\/\\\/www.altominho.tv\\\/site\\\/#organization\"}},{\"@type\":\"WebPage\",\"@id\":\"https:\\\/\\\/www.altominho.tv\\\/site\\\/2024\\\/04\\\/17\\\/arcos-de-valdevez-aprova-contas-de-2023-com-oposicao-preocupada-com-despesa\\\/\",\"url\":\"https:\\\/\\\/www.altominho.tv\\\/site\\\/2024\\\/04\\\/17\\\/arcos-de-valdevez-aprova-contas-de-2023-com-oposicao-preocupada-com-despesa\\\/\",\"name\":\"Arcos de Valdevez aprova contas de 2023 com oposi\u00e7\u00e3o preocupada com despesa\",\"isPartOf\":{\"@id\":\"https:\\\/\\\/www.altominho.tv\\\/site\\\/#website\"},\"primaryImageOfPage\":{\"@id\":\"https:\\\/\\\/www.altominho.tv\\\/site\\\/2024\\\/04\\\/17\\\/arcos-de-valdevez-aprova-contas-de-2023-com-oposicao-preocupada-com-despesa\\\/#primaryimage\"},\"image\":{\"@id\":\"https:\\\/\\\/www.altominho.tv\\\/site\\\/2024\\\/04\\\/17\\\/arcos-de-valdevez-aprova-contas-de-2023-com-oposicao-preocupada-com-despesa\\\/#primaryimage\"},\"thumbnailUrl\":\"https:\\\/\\\/www.altominho.tv\\\/site\\\/wp-content\\\/uploads\\\/2022\\\/07\\\/camara_municipal_Arcos-de-Valdevez.jpg\",\"datePublished\":\"2024-04-17T10:09:47+00:00\",\"dateModified\":\"2024-04-17T10:09:49+00:00\",\"author\":{\"@id\":\"https:\\\/\\\/www.altominho.tv\\\/site\\\/#\\\/schema\\\/person\\\/63f693da3e1899361cbe955c46f3232e\"},\"breadcrumb\":{\"@id\":\"https:\\\/\\\/www.altominho.tv\\\/site\\\/2024\\\/04\\\/17\\\/arcos-de-valdevez-aprova-contas-de-2023-com-oposicao-preocupada-com-despesa\\\/#breadcrumb\"},\"inLanguage\":\"pt-PT\",\"potentialAction\":[{\"@type\":\"ReadAction\",\"target\":[\"https:\\\/\\\/www.altominho.tv\\\/site\\\/2024\\\/04\\\/17\\\/arcos-de-valdevez-aprova-contas-de-2023-com-oposicao-preocupada-com-despesa\\\/\"]}]},{\"@type\":\"ImageObject\",\"inLanguage\":\"pt-PT\",\"@id\":\"https:\\\/\\\/www.altominho.tv\\\/site\\\/2024\\\/04\\\/17\\\/arcos-de-valdevez-aprova-contas-de-2023-com-oposicao-preocupada-com-despesa\\\/#primaryimage\",\"url\":\"https:\\\/\\\/www.altominho.tv\\\/site\\\/wp-content\\\/uploads\\\/2022\\\/07\\\/camara_municipal_Arcos-de-Valdevez.jpg\",\"contentUrl\":\"https:\\\/\\\/www.altominho.tv\\\/site\\\/wp-content\\\/uploads\\\/2022\\\/07\\\/camara_municipal_Arcos-de-Valdevez.jpg\",\"width\":1024,\"height\":683},{\"@type\":\"BreadcrumbList\",\"@id\":\"https:\\\/\\\/www.altominho.tv\\\/site\\\/2024\\\/04\\\/17\\\/arcos-de-valdevez-aprova-contas-de-2023-com-oposicao-preocupada-com-despesa\\\/#breadcrumb\",\"itemListElement\":[{\"@type\":\"ListItem\",\"position\":1,\"name\":\"In\u00edcio\",\"item\":\"https:\\\/\\\/www.altominho.tv\\\/site\\\/\"},{\"@type\":\"ListItem\",\"position\":2,\"name\":\"Arcos de Valdevez aprova contas de 2023 com oposi\u00e7\u00e3o preocupada com despesa\"}]},{\"@type\":\"WebSite\",\"@id\":\"https:\\\/\\\/www.altominho.tv\\\/site\\\/#website\",\"url\":\"https:\\\/\\\/www.altominho.tv\\\/site\\\/\",\"name\":\"Altominho.tv\",\"description\":\"A sua regi\u00e3o \u00e0 dist\u00e2ncia de um clique...\",\"potentialAction\":[{\"@type\":\"SearchAction\",\"target\":{\"@type\":\"EntryPoint\",\"urlTemplate\":\"https:\\\/\\\/www.altominho.tv\\\/site\\\/?s={search_term_string}\"},\"query-input\":{\"@type\":\"PropertyValueSpecification\",\"valueRequired\":true,\"valueName\":\"search_term_string\"}}],\"inLanguage\":\"pt-PT\"},{\"@type\":\"Person\",\"@id\":\"https:\\\/\\\/www.altominho.tv\\\/site\\\/#\\\/schema\\\/person\\\/63f693da3e1899361cbe955c46f3232e\",\"name\":\"Lusa\",\"image\":{\"@type\":\"ImageObject\",\"inLanguage\":\"pt-PT\",\"@id\":\"https:\\\/\\\/www.altominho.tv\\\/site\\\/wp-content\\\/uploads\\\/2019\\\/08\\\/LUSA_Logo.gif\",\"url\":\"https:\\\/\\\/www.altominho.tv\\\/site\\\/wp-content\\\/uploads\\\/2019\\\/08\\\/LUSA_Logo.gif\",\"contentUrl\":\"https:\\\/\\\/www.altominho.tv\\\/site\\\/wp-content\\\/uploads\\\/2019\\\/08\\\/LUSA_Logo.gif\",\"caption\":\"Lusa\"},\"sameAs\":[\"http:\\\/\\\/\\\/\\\/www.altominho.tv\\\/site\"],\"url\":\"https:\\\/\\\/www.altominho.tv\\\/site\\\/author\\\/lusa\\\/\"}]}<\/script>\n<!-- \/ Yoast SEO Premium plugin. -->","yoast_head_json":{"title":"Arcos de Valdevez aprova contas de 2023 com oposi\u00e7\u00e3o preocupada com despesa","robots":{"index":"index","follow":"follow","max-snippet":"max-snippet:-1","max-image-preview":"max-image-preview:large","max-video-preview":"max-video-preview:-1"},"canonical":"https:\/\/www.altominho.tv\/site\/2024\/04\/17\/arcos-de-valdevez-aprova-contas-de-2023-com-oposicao-preocupada-com-despesa\/","og_locale":"pt_PT","og_type":"article","og_title":"Arcos de Valdevez aprova contas de 2023 com oposi\u00e7\u00e3o preocupada com despesa","og_description":"A C\u00e2mara de Arcos de Valdevez aprovou as contas de ger\u00eancia de 2023, com a maior taxa de execu\u00e7\u00e3o da \u00faltima d\u00e9cada (94%), mas a oposi\u00e7\u00e3o votou contra pelo avolumar de despesa em obras p\u00fablicas, foi hoje divulgado. Segundo a C\u00e2mara de Arcos de Valdevez (PSD), no distrito de Viana do Castelo, o relat\u00f3rio e [&hellip;]","og_url":"https:\/\/www.altominho.tv\/site\/2024\/04\/17\/arcos-de-valdevez-aprova-contas-de-2023-com-oposicao-preocupada-com-despesa\/","og_site_name":"Altominho.tv","article_publisher":"https:\/\/www.facebook.com\/altominhotv","article_published_time":"2024-04-17T10:09:47+00:00","article_modified_time":"2024-04-17T10:09:49+00:00","og_image":[{"width":1024,"height":683,"url":"https:\/\/www.altominho.tv\/site\/wp-content\/uploads\/2022\/07\/camara_municipal_Arcos-de-Valdevez.jpg","type":"image\/jpeg"}],"author":"Lusa","twitter_card":"summary_large_image","twitter_creator":"@altominhoTV","twitter_site":"@altominhoTV","twitter_misc":{"Escrito por":"Lusa","Tempo estimado de leitura":"2 minutos"},"schema":{"@context":"https:\/\/schema.org","@graph":[{"@type":"Article","@id":"https:\/\/www.altominho.tv\/site\/2024\/04\/17\/arcos-de-valdevez-aprova-contas-de-2023-com-oposicao-preocupada-com-despesa\/#article","isPartOf":{"@id":"https:\/\/www.altominho.tv\/site\/2024\/04\/17\/arcos-de-valdevez-aprova-contas-de-2023-com-oposicao-preocupada-com-despesa\/"},"author":{"name":"Lusa","@id":"https:\/\/www.altominho.tv\/site\/#\/schema\/person\/63f693da3e1899361cbe955c46f3232e"},"headline":"Arcos de Valdevez aprova contas de 2023 com oposi\u00e7\u00e3o preocupada com despesa","datePublished":"2024-04-17T10:09:47+00:00","dateModified":"2024-04-17T10:09:49+00:00","mainEntityOfPage":{"@id":"https:\/\/www.altominho.tv\/site\/2024\/04\/17\/arcos-de-valdevez-aprova-contas-de-2023-com-oposicao-preocupada-com-despesa\/"},"wordCount":456,"image":{"@id":"https:\/\/www.altominho.tv\/site\/2024\/04\/17\/arcos-de-valdevez-aprova-contas-de-2023-com-oposicao-preocupada-com-despesa\/#primaryimage"},"thumbnailUrl":"https:\/\/www.altominho.tv\/site\/wp-content\/uploads\/2022\/07\/camara_municipal_Arcos-de-Valdevez.jpg","keywords":["Sociedade"],"articleSection":["Arcos de Valdevez"],"inLanguage":"pt-PT","copyrightYear":"2024","copyrightHolder":{"@id":"https:\/\/www.altominho.tv\/site\/#organization"}},{"@type":"WebPage","@id":"https:\/\/www.altominho.tv\/site\/2024\/04\/17\/arcos-de-valdevez-aprova-contas-de-2023-com-oposicao-preocupada-com-despesa\/","url":"https:\/\/www.altominho.tv\/site\/2024\/04\/17\/arcos-de-valdevez-aprova-contas-de-2023-com-oposicao-preocupada-com-despesa\/","name":"Arcos de Valdevez aprova contas de 2023 com oposi\u00e7\u00e3o preocupada com despesa","isPartOf":{"@id":"https:\/\/www.altominho.tv\/site\/#website"},"primaryImageOfPage":{"@id":"https:\/\/www.altominho.tv\/site\/2024\/04\/17\/arcos-de-valdevez-aprova-contas-de-2023-com-oposicao-preocupada-com-despesa\/#primaryimage"},"image":{"@id":"https:\/\/www.altominho.tv\/site\/2024\/04\/17\/arcos-de-valdevez-aprova-contas-de-2023-com-oposicao-preocupada-com-despesa\/#primaryimage"},"thumbnailUrl":"https:\/\/www.altominho.tv\/site\/wp-content\/uploads\/2022\/07\/camara_municipal_Arcos-de-Valdevez.jpg","datePublished":"2024-04-17T10:09:47+00:00","dateModified":"2024-04-17T10:09:49+00:00","author":{"@id":"https:\/\/www.altominho.tv\/site\/#\/schema\/person\/63f693da3e1899361cbe955c46f3232e"},"breadcrumb":{"@id":"https:\/\/www.altominho.tv\/site\/2024\/04\/17\/arcos-de-valdevez-aprova-contas-de-2023-com-oposicao-preocupada-com-despesa\/#breadcrumb"},"inLanguage":"pt-PT","potentialAction":[{"@type":"ReadAction","target":["https:\/\/www.altominho.tv\/site\/2024\/04\/17\/arcos-de-valdevez-aprova-contas-de-2023-com-oposicao-preocupada-com-despesa\/"]}]},{"@type":"ImageObject","inLanguage":"pt-PT","@id":"https:\/\/www.altominho.tv\/site\/2024\/04\/17\/arcos-de-valdevez-aprova-contas-de-2023-com-oposicao-preocupada-com-despesa\/#primaryimage","url":"https:\/\/www.altominho.tv\/site\/wp-content\/uploads\/2022\/07\/camara_municipal_Arcos-de-Valdevez.jpg","contentUrl":"https:\/\/www.altominho.tv\/site\/wp-content\/uploads\/2022\/07\/camara_municipal_Arcos-de-Valdevez.jpg","width":1024,"height":683},{"@type":"BreadcrumbList","@id":"https:\/\/www.altominho.tv\/site\/2024\/04\/17\/arcos-de-valdevez-aprova-contas-de-2023-com-oposicao-preocupada-com-despesa\/#breadcrumb","itemListElement":[{"@type":"ListItem","position":1,"name":"In\u00edcio","item":"https:\/\/www.altominho.tv\/site\/"},{"@type":"ListItem","position":2,"name":"Arcos de Valdevez aprova contas de 2023 com oposi\u00e7\u00e3o preocupada com despesa"}]},{"@type":"WebSite","@id":"https:\/\/www.altominho.tv\/site\/#website","url":"https:\/\/www.altominho.tv\/site\/","name":"Altominho.tv","description":"A sua regi\u00e3o \u00e0 dist\u00e2ncia de um clique...","potentialAction":[{"@type":"SearchAction","target":{"@type":"EntryPoint","urlTemplate":"https:\/\/www.altominho.tv\/site\/?s={search_term_string}"},"query-input":{"@type":"PropertyValueSpecification","valueRequired":true,"valueName":"search_term_string"}}],"inLanguage":"pt-PT"},{"@type":"Person","@id":"https:\/\/www.altominho.tv\/site\/#\/schema\/person\/63f693da3e1899361cbe955c46f3232e","name":"Lusa","image":{"@type":"ImageObject","inLanguage":"pt-PT","@id":"https:\/\/www.altominho.tv\/site\/wp-content\/uploads\/2019\/08\/LUSA_Logo.gif","url":"https:\/\/www.altominho.tv\/site\/wp-content\/uploads\/2019\/08\/LUSA_Logo.gif","contentUrl":"https:\/\/www.altominho.tv\/site\/wp-content\/uploads\/2019\/08\/LUSA_Logo.gif","caption":"Lusa"},"sameAs":["http:\/\/\/\/www.altominho.tv\/site"],"url":"https:\/\/www.altominho.tv\/site\/author\/lusa\/"}]}},"_links":{"self":[{"href":"https:\/\/www.altominho.tv\/site\/wp-json\/wp\/v2\/posts\/106324","targetHints":{"allow":["GET"]}}],"collection":[{"href":"https:\/\/www.altominho.tv\/site\/wp-json\/wp\/v2\/posts"}],"about":[{"href":"https:\/\/www.altominho.tv\/site\/wp-json\/wp\/v2\/types\/post"}],"author":[{"embeddable":true,"href":"https:\/\/www.altominho.tv\/site\/wp-json\/wp\/v2\/users\/13"}],"replies":[{"embeddable":true,"href":"https:\/\/www.altominho.tv\/site\/wp-json\/wp\/v2\/comments?post=106324"}],"version-history":[{"count":1,"href":"https:\/\/www.altominho.tv\/site\/wp-json\/wp\/v2\/posts\/106324\/revisions"}],"predecessor-version":[{"id":106326,"href":"https:\/\/www.altominho.tv\/site\/wp-json\/wp\/v2\/posts\/106324\/revisions\/106326"}],"wp:featuredmedia":[{"embeddable":true,"href":"https:\/\/www.altominho.tv\/site\/wp-json\/wp\/v2\/media\/81024"}],"wp:attachment":[{"href":"https:\/\/www.altominho.tv\/site\/wp-json\/wp\/v2\/media?parent=106324"}],"wp:term":[{"taxonomy":"category","embeddable":true,"href":"https:\/\/www.altominho.tv\/site\/wp-json\/wp\/v2\/categories?post=106324"},{"taxonomy":"post_tag","embeddable":true,"href":"https:\/\/www.altominho.tv\/site\/wp-json\/wp\/v2\/tags?post=106324"}],"curies":[{"name":"wp","href":"https:\/\/api.w.org\/{rel}","templated":true}]}}