{"id":105775,"date":"2024-03-31T11:57:20","date_gmt":"2024-03-31T10:57:20","guid":{"rendered":"https:\/\/www.altominho.tv\/site\/?p=105775"},"modified":"2024-03-31T12:02:44","modified_gmt":"2024-03-31T11:02:44","slug":"queda-de-neve-deixa-pontos-mais-altos-de-arcos-de-valdevez-pintados-de-branco","status":"publish","type":"post","link":"https:\/\/www.altominho.tv\/site\/2024\/03\/31\/queda-de-neve-deixa-pontos-mais-altos-de-arcos-de-valdevez-pintados-de-branco\/","title":{"rendered":"Queda de neve deixa pontos mais altos de Arcos de Valdevez pintados de branco"},"content":{"rendered":"<p>A neve que caiu durante a madrugada deste domingo mant\u00eam o cen\u00e1rio m\u00e1gico nos pontos mais elevados do concelho de Arcos de Valdevez . Consolidou o manto que tinha ca\u00eddo durante o s\u00e1bado e mant\u00eam um espesso manto branco.<\/p>\n<div class=\"xdj266r x11i5rnm xat24cr x1mh8g0r x1vvkbs x126k92a\">\n<div dir=\"auto\">As previs\u00f5es cumpriram-se e a cota m\u00ednima de neve est\u00e1 entre os 950-1000 metros, que permite que zonas como S\u00e3o Bento do Cando e Bou\u00e7a dos Homens mantenham ainda quantidades consider\u00e1veis de neve.<\/div>\n<div dir=\"auto\">\u00a0<\/div>\n<div dir=\"auto\">A neve cobre as estradas e habita\u00e7\u00f5es, permitindo cen\u00e1rios de grande beleza.<\/div>\n<\/div>\n<div id='gallery-1' class='gallery galleryid-105775 gallery-columns-3 gallery-size-gridlove-single'><figure class='gallery-item'>\n\t\t\t<div class='gallery-icon landscape'>\n\t\t\t\t<a class=\"gridlove-popup\" href='https:\/\/www.altominho.tv\/site\/wp-content\/uploads\/2024\/03\/Gavieira_1.jpeg'><img loading=\"lazy\" decoding=\"async\" width=\"740\" height=\"333\" src=\"https:\/\/www.altominho.tv\/site\/wp-content\/uploads\/2024\/03\/Gavieira_1-740x333.jpeg\" class=\"attachment-gridlove-single size-gridlove-single\" alt=\"\" srcset=\"https:\/\/www.altominho.tv\/site\/wp-content\/uploads\/2024\/03\/Gavieira_1-740x333.jpeg 740w, https:\/\/www.altominho.tv\/site\/wp-content\/uploads\/2024\/03\/Gavieira_1-770x347.jpeg 770w, https:\/\/www.altominho.tv\/site\/wp-content\/uploads\/2024\/03\/Gavieira_1-1024x461.jpeg 1024w, https:\/\/www.altominho.tv\/site\/wp-content\/uploads\/2024\/03\/Gavieira_1-768x346.jpeg 768w, https:\/\/www.altominho.tv\/site\/wp-content\/uploads\/2024\/03\/Gavieira_1-370x167.jpeg 370w, https:\/\/www.altominho.tv\/site\/wp-content\/uploads\/2024\/03\/Gavieira_1-270x122.jpeg 270w, https:\/\/www.altominho.tv\/site\/wp-content\/uploads\/2024\/03\/Gavieira_1-570x257.jpeg 570w, https:\/\/www.altominho.tv\/site\/wp-content\/uploads\/2024\/03\/Gavieira_1.jpeg 1422w\" sizes=\"auto, (max-width: 740px) 100vw, 740px\" \/><\/a>\n\t\t\t<\/div><\/figure><figure class='gallery-item'>\n\t\t\t<div class='gallery-icon landscape'>\n\t\t\t\t<a class=\"gridlove-popup\" href='https:\/\/www.altominho.tv\/site\/wp-content\/uploads\/2024\/03\/Gavieira_12.jpeg'><img loading=\"lazy\" decoding=\"async\" width=\"740\" height=\"333\" src=\"https:\/\/www.altominho.tv\/site\/wp-content\/uploads\/2024\/03\/Gavieira_12-740x333.jpeg\" class=\"attachment-gridlove-single size-gridlove-single\" alt=\"\" srcset=\"https:\/\/www.altominho.tv\/site\/wp-content\/uploads\/2024\/03\/Gavieira_12-740x333.jpeg 740w, https:\/\/www.altominho.tv\/site\/wp-content\/uploads\/2024\/03\/Gavieira_12-770x347.jpeg 770w, https:\/\/www.altominho.tv\/site\/wp-content\/uploads\/2024\/03\/Gavieira_12-1024x461.jpeg 1024w, https:\/\/www.altominho.tv\/site\/wp-content\/uploads\/2024\/03\/Gavieira_12-768x346.jpeg 768w, https:\/\/www.altominho.tv\/site\/wp-content\/uploads\/2024\/03\/Gavieira_12-1536x692.jpeg 1536w, https:\/\/www.altominho.tv\/site\/wp-content\/uploads\/2024\/03\/Gavieira_12-370x167.jpeg 370w, https:\/\/www.altominho.tv\/site\/wp-content\/uploads\/2024\/03\/Gavieira_12-270x122.jpeg 270w, https:\/\/www.altominho.tv\/site\/wp-content\/uploads\/2024\/03\/Gavieira_12-570x257.jpeg 570w, https:\/\/www.altominho.tv\/site\/wp-content\/uploads\/2024\/03\/Gavieira_12.jpeg 2048w\" sizes=\"auto, (max-width: 740px) 100vw, 740px\" \/><\/a>\n\t\t\t<\/div><\/figure><figure class='gallery-item'>\n\t\t\t<div class='gallery-icon landscape'>\n\t\t\t\t<a class=\"gridlove-popup\" href='https:\/\/www.altominho.tv\/site\/wp-content\/uploads\/2024\/03\/Gavieira_11-scaled.jpeg'><img loading=\"lazy\" decoding=\"async\" width=\"740\" height=\"333\" src=\"https:\/\/www.altominho.tv\/site\/wp-content\/uploads\/2024\/03\/Gavieira_11-740x333.jpeg\" class=\"attachment-gridlove-single size-gridlove-single\" alt=\"\" srcset=\"https:\/\/www.altominho.tv\/site\/wp-content\/uploads\/2024\/03\/Gavieira_11-740x333.jpeg 740w, https:\/\/www.altominho.tv\/site\/wp-content\/uploads\/2024\/03\/Gavieira_11-770x347.jpeg 770w, https:\/\/www.altominho.tv\/site\/wp-content\/uploads\/2024\/03\/Gavieira_11-1024x461.jpeg 1024w, https:\/\/www.altominho.tv\/site\/wp-content\/uploads\/2024\/03\/Gavieira_11-768x346.jpeg 768w, https:\/\/www.altominho.tv\/site\/wp-content\/uploads\/2024\/03\/Gavieira_11-1536x691.jpeg 1536w, https:\/\/www.altominho.tv\/site\/wp-content\/uploads\/2024\/03\/Gavieira_11-2048x922.jpeg 2048w, https:\/\/www.altominho.tv\/site\/wp-content\/uploads\/2024\/03\/Gavieira_11-370x167.jpeg 370w, https:\/\/www.altominho.tv\/site\/wp-content\/uploads\/2024\/03\/Gavieira_11-270x122.jpeg 270w, https:\/\/www.altominho.tv\/site\/wp-content\/uploads\/2024\/03\/Gavieira_11-570x257.jpeg 570w\" sizes=\"auto, (max-width: 740px) 100vw, 740px\" \/><\/a>\n\t\t\t<\/div><\/figure><figure class='gallery-item'>\n\t\t\t<div class='gallery-icon landscape'>\n\t\t\t\t<a class=\"gridlove-popup\" href='https:\/\/www.altominho.tv\/site\/wp-content\/uploads\/2024\/03\/Gavieira_10.jpeg'><img loading=\"lazy\" decoding=\"async\" width=\"740\" height=\"333\" src=\"https:\/\/www.altominho.tv\/site\/wp-content\/uploads\/2024\/03\/Gavieira_10-740x333.jpeg\" class=\"attachment-gridlove-single size-gridlove-single\" alt=\"\" srcset=\"https:\/\/www.altominho.tv\/site\/wp-content\/uploads\/2024\/03\/Gavieira_10-740x333.jpeg 740w, https:\/\/www.altominho.tv\/site\/wp-content\/uploads\/2024\/03\/Gavieira_10-770x347.jpeg 770w, https:\/\/www.altominho.tv\/site\/wp-content\/uploads\/2024\/03\/Gavieira_10-1024x461.jpeg 1024w, https:\/\/www.altominho.tv\/site\/wp-content\/uploads\/2024\/03\/Gavieira_10-768x346.jpeg 768w, https:\/\/www.altominho.tv\/site\/wp-content\/uploads\/2024\/03\/Gavieira_10-1536x692.jpeg 1536w, https:\/\/www.altominho.tv\/site\/wp-content\/uploads\/2024\/03\/Gavieira_10-370x167.jpeg 370w, https:\/\/www.altominho.tv\/site\/wp-content\/uploads\/2024\/03\/Gavieira_10-270x122.jpeg 270w, https:\/\/www.altominho.tv\/site\/wp-content\/uploads\/2024\/03\/Gavieira_10-570x257.jpeg 570w, https:\/\/www.altominho.tv\/site\/wp-content\/uploads\/2024\/03\/Gavieira_10.jpeg 2048w\" sizes=\"auto, (max-width: 740px) 100vw, 740px\" \/><\/a>\n\t\t\t<\/div><\/figure><figure class='gallery-item'>\n\t\t\t<div class='gallery-icon landscape'>\n\t\t\t\t<a class=\"gridlove-popup\" href='https:\/\/www.altominho.tv\/site\/wp-content\/uploads\/2024\/03\/Gavieira_9-scaled.jpeg'><img loading=\"lazy\" decoding=\"async\" width=\"740\" height=\"333\" src=\"https:\/\/www.altominho.tv\/site\/wp-content\/uploads\/2024\/03\/Gavieira_9-740x333.jpeg\" class=\"attachment-gridlove-single size-gridlove-single\" alt=\"\" srcset=\"https:\/\/www.altominho.tv\/site\/wp-content\/uploads\/2024\/03\/Gavieira_9-740x333.jpeg 740w, https:\/\/www.altominho.tv\/site\/wp-content\/uploads\/2024\/03\/Gavieira_9-770x347.jpeg 770w, https:\/\/www.altominho.tv\/site\/wp-content\/uploads\/2024\/03\/Gavieira_9-1024x461.jpeg 1024w, https:\/\/www.altominho.tv\/site\/wp-content\/uploads\/2024\/03\/Gavieira_9-768x346.jpeg 768w, https:\/\/www.altominho.tv\/site\/wp-content\/uploads\/2024\/03\/Gavieira_9-1536x691.jpeg 1536w, https:\/\/www.altominho.tv\/site\/wp-content\/uploads\/2024\/03\/Gavieira_9-2048x922.jpeg 2048w, https:\/\/www.altominho.tv\/site\/wp-content\/uploads\/2024\/03\/Gavieira_9-370x167.jpeg 370w, https:\/\/www.altominho.tv\/site\/wp-content\/uploads\/2024\/03\/Gavieira_9-270x122.jpeg 270w, https:\/\/www.altominho.tv\/site\/wp-content\/uploads\/2024\/03\/Gavieira_9-570x257.jpeg 570w\" sizes=\"auto, (max-width: 740px) 100vw, 740px\" \/><\/a>\n\t\t\t<\/div><\/figure><figure class='gallery-item'>\n\t\t\t<div class='gallery-icon landscape'>\n\t\t\t\t<a class=\"gridlove-popup\" href='https:\/\/www.altominho.tv\/site\/wp-content\/uploads\/2024\/03\/Gavieira_8.jpeg'><img loading=\"lazy\" decoding=\"async\" width=\"740\" height=\"333\" src=\"https:\/\/www.altominho.tv\/site\/wp-content\/uploads\/2024\/03\/Gavieira_8-740x333.jpeg\" class=\"attachment-gridlove-single size-gridlove-single\" alt=\"\" srcset=\"https:\/\/www.altominho.tv\/site\/wp-content\/uploads\/2024\/03\/Gavieira_8-740x333.jpeg 740w, https:\/\/www.altominho.tv\/site\/wp-content\/uploads\/2024\/03\/Gavieira_8-770x347.jpeg 770w, https:\/\/www.altominho.tv\/site\/wp-content\/uploads\/2024\/03\/Gavieira_8-1024x461.jpeg 1024w, https:\/\/www.altominho.tv\/site\/wp-content\/uploads\/2024\/03\/Gavieira_8-768x346.jpeg 768w, https:\/\/www.altominho.tv\/site\/wp-content\/uploads\/2024\/03\/Gavieira_8-1536x692.jpeg 1536w, https:\/\/www.altominho.tv\/site\/wp-content\/uploads\/2024\/03\/Gavieira_8-370x167.jpeg 370w, https:\/\/www.altominho.tv\/site\/wp-content\/uploads\/2024\/03\/Gavieira_8-270x122.jpeg 270w, https:\/\/www.altominho.tv\/site\/wp-content\/uploads\/2024\/03\/Gavieira_8-570x257.jpeg 570w, https:\/\/www.altominho.tv\/site\/wp-content\/uploads\/2024\/03\/Gavieira_8.jpeg 2048w\" sizes=\"auto, (max-width: 740px) 100vw, 740px\" \/><\/a>\n\t\t\t<\/div><\/figure><figure class='gallery-item'>\n\t\t\t<div class='gallery-icon landscape'>\n\t\t\t\t<a class=\"gridlove-popup\" href='https:\/\/www.altominho.tv\/site\/wp-content\/uploads\/2024\/03\/Gavieira_7.jpeg'><img loading=\"lazy\" decoding=\"async\" width=\"740\" height=\"333\" src=\"https:\/\/www.altominho.tv\/site\/wp-content\/uploads\/2024\/03\/Gavieira_7-740x333.jpeg\" class=\"attachment-gridlove-single size-gridlove-single\" alt=\"\" srcset=\"https:\/\/www.altominho.tv\/site\/wp-content\/uploads\/2024\/03\/Gavieira_7-740x333.jpeg 740w, https:\/\/www.altominho.tv\/site\/wp-content\/uploads\/2024\/03\/Gavieira_7-770x347.jpeg 770w, https:\/\/www.altominho.tv\/site\/wp-content\/uploads\/2024\/03\/Gavieira_7-1024x461.jpeg 1024w, https:\/\/www.altominho.tv\/site\/wp-content\/uploads\/2024\/03\/Gavieira_7-768x346.jpeg 768w, https:\/\/www.altominho.tv\/site\/wp-content\/uploads\/2024\/03\/Gavieira_7-1536x692.jpeg 1536w, https:\/\/www.altominho.tv\/site\/wp-content\/uploads\/2024\/03\/Gavieira_7-370x167.jpeg 370w, https:\/\/www.altominho.tv\/site\/wp-content\/uploads\/2024\/03\/Gavieira_7-270x122.jpeg 270w, https:\/\/www.altominho.tv\/site\/wp-content\/uploads\/2024\/03\/Gavieira_7-570x257.jpeg 570w, https:\/\/www.altominho.tv\/site\/wp-content\/uploads\/2024\/03\/Gavieira_7.jpeg 2048w\" sizes=\"auto, (max-width: 740px) 100vw, 740px\" \/><\/a>\n\t\t\t<\/div><\/figure><figure class='gallery-item'>\n\t\t\t<div class='gallery-icon landscape'>\n\t\t\t\t<a class=\"gridlove-popup\" href='https:\/\/www.altominho.tv\/site\/wp-content\/uploads\/2024\/03\/Gavieira_6.jpeg'><img loading=\"lazy\" decoding=\"async\" width=\"740\" height=\"333\" src=\"https:\/\/www.altominho.tv\/site\/wp-content\/uploads\/2024\/03\/Gavieira_6-740x333.jpeg\" class=\"attachment-gridlove-single size-gridlove-single\" alt=\"\" srcset=\"https:\/\/www.altominho.tv\/site\/wp-content\/uploads\/2024\/03\/Gavieira_6-740x333.jpeg 740w, https:\/\/www.altominho.tv\/site\/wp-content\/uploads\/2024\/03\/Gavieira_6-770x347.jpeg 770w, https:\/\/www.altominho.tv\/site\/wp-content\/uploads\/2024\/03\/Gavieira_6-1024x461.jpeg 1024w, https:\/\/www.altominho.tv\/site\/wp-content\/uploads\/2024\/03\/Gavieira_6-768x346.jpeg 768w, https:\/\/www.altominho.tv\/site\/wp-content\/uploads\/2024\/03\/Gavieira_6-1536x692.jpeg 1536w, https:\/\/www.altominho.tv\/site\/wp-content\/uploads\/2024\/03\/Gavieira_6-370x167.jpeg 370w, https:\/\/www.altominho.tv\/site\/wp-content\/uploads\/2024\/03\/Gavieira_6-270x122.jpeg 270w, https:\/\/www.altominho.tv\/site\/wp-content\/uploads\/2024\/03\/Gavieira_6-570x257.jpeg 570w, https:\/\/www.altominho.tv\/site\/wp-content\/uploads\/2024\/03\/Gavieira_6.jpeg 2048w\" sizes=\"auto, (max-width: 740px) 100vw, 740px\" \/><\/a>\n\t\t\t<\/div><\/figure><figure class='gallery-item'>\n\t\t\t<div class='gallery-icon landscape'>\n\t\t\t\t<a class=\"gridlove-popup\" href='https:\/\/www.altominho.tv\/site\/wp-content\/uploads\/2024\/03\/Gavieira_5.jpeg'><img loading=\"lazy\" decoding=\"async\" width=\"740\" height=\"333\" src=\"https:\/\/www.altominho.tv\/site\/wp-content\/uploads\/2024\/03\/Gavieira_5-740x333.jpeg\" class=\"attachment-gridlove-single size-gridlove-single\" alt=\"\" srcset=\"https:\/\/www.altominho.tv\/site\/wp-content\/uploads\/2024\/03\/Gavieira_5-740x333.jpeg 740w, https:\/\/www.altominho.tv\/site\/wp-content\/uploads\/2024\/03\/Gavieira_5-770x347.jpeg 770w, https:\/\/www.altominho.tv\/site\/wp-content\/uploads\/2024\/03\/Gavieira_5-1024x461.jpeg 1024w, https:\/\/www.altominho.tv\/site\/wp-content\/uploads\/2024\/03\/Gavieira_5-768x346.jpeg 768w, https:\/\/www.altominho.tv\/site\/wp-content\/uploads\/2024\/03\/Gavieira_5-1536x692.jpeg 1536w, https:\/\/www.altominho.tv\/site\/wp-content\/uploads\/2024\/03\/Gavieira_5-370x167.jpeg 370w, https:\/\/www.altominho.tv\/site\/wp-content\/uploads\/2024\/03\/Gavieira_5-270x122.jpeg 270w, https:\/\/www.altominho.tv\/site\/wp-content\/uploads\/2024\/03\/Gavieira_5-570x257.jpeg 570w, https:\/\/www.altominho.tv\/site\/wp-content\/uploads\/2024\/03\/Gavieira_5.jpeg 2048w\" sizes=\"auto, (max-width: 740px) 100vw, 740px\" \/><\/a>\n\t\t\t<\/div><\/figure><figure class='gallery-item'>\n\t\t\t<div class='gallery-icon landscape'>\n\t\t\t\t<a class=\"gridlove-popup\" href='https:\/\/www.altominho.tv\/site\/wp-content\/uploads\/2024\/03\/Gavieira_4.jpeg'><img loading=\"lazy\" decoding=\"async\" width=\"740\" height=\"333\" src=\"https:\/\/www.altominho.tv\/site\/wp-content\/uploads\/2024\/03\/Gavieira_4-740x333.jpeg\" class=\"attachment-gridlove-single size-gridlove-single\" alt=\"\" srcset=\"https:\/\/www.altominho.tv\/site\/wp-content\/uploads\/2024\/03\/Gavieira_4-740x333.jpeg 740w, https:\/\/www.altominho.tv\/site\/wp-content\/uploads\/2024\/03\/Gavieira_4-770x347.jpeg 770w, https:\/\/www.altominho.tv\/site\/wp-content\/uploads\/2024\/03\/Gavieira_4-1024x461.jpeg 1024w, https:\/\/www.altominho.tv\/site\/wp-content\/uploads\/2024\/03\/Gavieira_4-768x346.jpeg 768w, https:\/\/www.altominho.tv\/site\/wp-content\/uploads\/2024\/03\/Gavieira_4-1536x692.jpeg 1536w, https:\/\/www.altominho.tv\/site\/wp-content\/uploads\/2024\/03\/Gavieira_4-370x167.jpeg 370w, https:\/\/www.altominho.tv\/site\/wp-content\/uploads\/2024\/03\/Gavieira_4-270x122.jpeg 270w, https:\/\/www.altominho.tv\/site\/wp-content\/uploads\/2024\/03\/Gavieira_4-570x257.jpeg 570w, https:\/\/www.altominho.tv\/site\/wp-content\/uploads\/2024\/03\/Gavieira_4.jpeg 2048w\" sizes=\"auto, (max-width: 740px) 100vw, 740px\" \/><\/a>\n\t\t\t<\/div><\/figure><figure class='gallery-item'>\n\t\t\t<div class='gallery-icon landscape'>\n\t\t\t\t<a class=\"gridlove-popup\" href='https:\/\/www.altominho.tv\/site\/wp-content\/uploads\/2024\/03\/Gavieira_3.jpeg'><img loading=\"lazy\" decoding=\"async\" width=\"740\" height=\"333\" src=\"https:\/\/www.altominho.tv\/site\/wp-content\/uploads\/2024\/03\/Gavieira_3-740x333.jpeg\" class=\"attachment-gridlove-single size-gridlove-single\" alt=\"\" srcset=\"https:\/\/www.altominho.tv\/site\/wp-content\/uploads\/2024\/03\/Gavieira_3-740x333.jpeg 740w, https:\/\/www.altominho.tv\/site\/wp-content\/uploads\/2024\/03\/Gavieira_3-770x347.jpeg 770w, https:\/\/www.altominho.tv\/site\/wp-content\/uploads\/2024\/03\/Gavieira_3-1024x461.jpeg 1024w, https:\/\/www.altominho.tv\/site\/wp-content\/uploads\/2024\/03\/Gavieira_3-768x346.jpeg 768w, https:\/\/www.altominho.tv\/site\/wp-content\/uploads\/2024\/03\/Gavieira_3-1536x692.jpeg 1536w, https:\/\/www.altominho.tv\/site\/wp-content\/uploads\/2024\/03\/Gavieira_3-370x167.jpeg 370w, https:\/\/www.altominho.tv\/site\/wp-content\/uploads\/2024\/03\/Gavieira_3-270x122.jpeg 270w, https:\/\/www.altominho.tv\/site\/wp-content\/uploads\/2024\/03\/Gavieira_3-570x257.jpeg 570w, https:\/\/www.altominho.tv\/site\/wp-content\/uploads\/2024\/03\/Gavieira_3.jpeg 2048w\" sizes=\"auto, (max-width: 740px) 100vw, 740px\" \/><\/a>\n\t\t\t<\/div><\/figure><figure class='gallery-item'>\n\t\t\t<div class='gallery-icon landscape'>\n\t\t\t\t<a class=\"gridlove-popup\" href='https:\/\/www.altominho.tv\/site\/wp-content\/uploads\/2024\/03\/Gavieira_2.jpeg'><img loading=\"lazy\" decoding=\"async\" width=\"740\" height=\"333\" src=\"https:\/\/www.altominho.tv\/site\/wp-content\/uploads\/2024\/03\/Gavieira_2-740x333.jpeg\" class=\"attachment-gridlove-single size-gridlove-single\" alt=\"\" srcset=\"https:\/\/www.altominho.tv\/site\/wp-content\/uploads\/2024\/03\/Gavieira_2-740x333.jpeg 740w, https:\/\/www.altominho.tv\/site\/wp-content\/uploads\/2024\/03\/Gavieira_2-770x347.jpeg 770w, https:\/\/www.altominho.tv\/site\/wp-content\/uploads\/2024\/03\/Gavieira_2-1024x461.jpeg 1024w, https:\/\/www.altominho.tv\/site\/wp-content\/uploads\/2024\/03\/Gavieira_2-768x346.jpeg 768w, https:\/\/www.altominho.tv\/site\/wp-content\/uploads\/2024\/03\/Gavieira_2-1536x692.jpeg 1536w, https:\/\/www.altominho.tv\/site\/wp-content\/uploads\/2024\/03\/Gavieira_2-370x167.jpeg 370w, https:\/\/www.altominho.tv\/site\/wp-content\/uploads\/2024\/03\/Gavieira_2-270x122.jpeg 270w, https:\/\/www.altominho.tv\/site\/wp-content\/uploads\/2024\/03\/Gavieira_2-570x257.jpeg 570w, https:\/\/www.altominho.tv\/site\/wp-content\/uploads\/2024\/03\/Gavieira_2.jpeg 2048w\" sizes=\"auto, (max-width: 740px) 100vw, 740px\" \/><\/a>\n\t\t\t<\/div><\/figure>\n\t\t<\/div>\n\n<p>Na manh\u00e3 de ontem, s\u00e1bado, a neve caiu com alguma intensidade. A AltominhoTV registou algumas imagens em Castro Laboreiro, Melga\u00e7o.<\/p>\n<div id='gallery-2' class='gallery galleryid-105775 gallery-columns-3 gallery-size-gridlove-single'><figure class='gallery-item'>\n\t\t\t<div class='gallery-icon portrait'>\n\t\t\t\t<a class=\"gridlove-popup\" href='https:\/\/www.altominho.tv\/site\/wp-content\/uploads\/2024\/03\/Castro_Laboreiro_ATV.jpg'><img loading=\"lazy\" decoding=\"async\" width=\"740\" height=\"987\" src=\"https:\/\/www.altominho.tv\/site\/wp-content\/uploads\/2024\/03\/Castro_Laboreiro_ATV-740x987.jpg\" class=\"attachment-gridlove-single size-gridlove-single\" alt=\"\" srcset=\"https:\/\/www.altominho.tv\/site\/wp-content\/uploads\/2024\/03\/Castro_Laboreiro_ATV-740x987.jpg 740w, https:\/\/www.altominho.tv\/site\/wp-content\/uploads\/2024\/03\/Castro_Laboreiro_ATV-325x433.jpg 325w, https:\/\/www.altominho.tv\/site\/wp-content\/uploads\/2024\/03\/Castro_Laboreiro_ATV-768x1024.jpg 768w, https:\/\/www.altominho.tv\/site\/wp-content\/uploads\/2024\/03\/Castro_Laboreiro_ATV-1152x1536.jpg 1152w, https:\/\/www.altominho.tv\/site\/wp-content\/uploads\/2024\/03\/Castro_Laboreiro_ATV-370x493.jpg 370w, https:\/\/www.altominho.tv\/site\/wp-content\/uploads\/2024\/03\/Castro_Laboreiro_ATV-270x360.jpg 270w, https:\/\/www.altominho.tv\/site\/wp-content\/uploads\/2024\/03\/Castro_Laboreiro_ATV-570x760.jpg 570w, https:\/\/www.altominho.tv\/site\/wp-content\/uploads\/2024\/03\/Castro_Laboreiro_ATV.jpg 1500w\" sizes=\"auto, (max-width: 740px) 100vw, 740px\" \/><\/a>\n\t\t\t<\/div><\/figure><figure class='gallery-item'>\n\t\t\t<div class='gallery-icon landscape'>\n\t\t\t\t<a class=\"gridlove-popup\" href='https:\/\/www.altominho.tv\/site\/wp-content\/uploads\/2024\/03\/Castro_Laboreiro_ATV4.jpg'><img loading=\"lazy\" decoding=\"async\" width=\"740\" height=\"555\" src=\"https:\/\/www.altominho.tv\/site\/wp-content\/uploads\/2024\/03\/Castro_Laboreiro_ATV4-740x555.jpg\" class=\"attachment-gridlove-single size-gridlove-single\" alt=\"\" srcset=\"https:\/\/www.altominho.tv\/site\/wp-content\/uploads\/2024\/03\/Castro_Laboreiro_ATV4-740x555.jpg 740w, https:\/\/www.altominho.tv\/site\/wp-content\/uploads\/2024\/03\/Castro_Laboreiro_ATV4-577x433.jpg 577w, https:\/\/www.altominho.tv\/site\/wp-content\/uploads\/2024\/03\/Castro_Laboreiro_ATV4-1024x768.jpg 1024w, https:\/\/www.altominho.tv\/site\/wp-content\/uploads\/2024\/03\/Castro_Laboreiro_ATV4-768x576.jpg 768w, https:\/\/www.altominho.tv\/site\/wp-content\/uploads\/2024\/03\/Castro_Laboreiro_ATV4-1536x1152.jpg 1536w, https:\/\/www.altominho.tv\/site\/wp-content\/uploads\/2024\/03\/Castro_Laboreiro_ATV4-2048x1536.jpg 2048w, https:\/\/www.altominho.tv\/site\/wp-content\/uploads\/2024\/03\/Castro_Laboreiro_ATV4-370x278.jpg 370w, https:\/\/www.altominho.tv\/site\/wp-content\/uploads\/2024\/03\/Castro_Laboreiro_ATV4-270x203.jpg 270w, https:\/\/www.altominho.tv\/site\/wp-content\/uploads\/2024\/03\/Castro_Laboreiro_ATV4-570x428.jpg 570w, https:\/\/www.altominho.tv\/site\/wp-content\/uploads\/2024\/03\/Castro_Laboreiro_ATV4-80x60.jpg 80w\" sizes=\"auto, (max-width: 740px) 100vw, 740px\" \/><\/a>\n\t\t\t<\/div><\/figure><figure class='gallery-item'>\n\t\t\t<div class='gallery-icon portrait'>\n\t\t\t\t<a class=\"gridlove-popup\" href='https:\/\/www.altominho.tv\/site\/wp-content\/uploads\/2024\/03\/Castro_Laboreiro_ATV3.jpg'><img loading=\"lazy\" decoding=\"async\" width=\"740\" height=\"987\" src=\"https:\/\/www.altominho.tv\/site\/wp-content\/uploads\/2024\/03\/Castro_Laboreiro_ATV3-740x987.jpg\" class=\"attachment-gridlove-single size-gridlove-single\" alt=\"\" srcset=\"https:\/\/www.altominho.tv\/site\/wp-content\/uploads\/2024\/03\/Castro_Laboreiro_ATV3-740x987.jpg 740w, https:\/\/www.altominho.tv\/site\/wp-content\/uploads\/2024\/03\/Castro_Laboreiro_ATV3-325x433.jpg 325w, https:\/\/www.altominho.tv\/site\/wp-content\/uploads\/2024\/03\/Castro_Laboreiro_ATV3-768x1024.jpg 768w, https:\/\/www.altominho.tv\/site\/wp-content\/uploads\/2024\/03\/Castro_Laboreiro_ATV3-1152x1536.jpg 1152w, https:\/\/www.altominho.tv\/site\/wp-content\/uploads\/2024\/03\/Castro_Laboreiro_ATV3-370x493.jpg 370w, https:\/\/www.altominho.tv\/site\/wp-content\/uploads\/2024\/03\/Castro_Laboreiro_ATV3-270x360.jpg 270w, https:\/\/www.altominho.tv\/site\/wp-content\/uploads\/2024\/03\/Castro_Laboreiro_ATV3-570x760.jpg 570w, https:\/\/www.altominho.tv\/site\/wp-content\/uploads\/2024\/03\/Castro_Laboreiro_ATV3.jpg 1500w\" sizes=\"auto, (max-width: 740px) 100vw, 740px\" \/><\/a>\n\t\t\t<\/div><\/figure><figure class='gallery-item'>\n\t\t\t<div class='gallery-icon portrait'>\n\t\t\t\t<a class=\"gridlove-popup\" href='https:\/\/www.altominho.tv\/site\/wp-content\/uploads\/2024\/03\/Castro_Laboreiro_ATV2.jpg'><img loading=\"lazy\" decoding=\"async\" width=\"740\" height=\"987\" src=\"https:\/\/www.altominho.tv\/site\/wp-content\/uploads\/2024\/03\/Castro_Laboreiro_ATV2-740x987.jpg\" class=\"attachment-gridlove-single size-gridlove-single\" alt=\"\" srcset=\"https:\/\/www.altominho.tv\/site\/wp-content\/uploads\/2024\/03\/Castro_Laboreiro_ATV2-740x987.jpg 740w, https:\/\/www.altominho.tv\/site\/wp-content\/uploads\/2024\/03\/Castro_Laboreiro_ATV2-325x433.jpg 325w, https:\/\/www.altominho.tv\/site\/wp-content\/uploads\/2024\/03\/Castro_Laboreiro_ATV2-768x1024.jpg 768w, https:\/\/www.altominho.tv\/site\/wp-content\/uploads\/2024\/03\/Castro_Laboreiro_ATV2-1152x1536.jpg 1152w, https:\/\/www.altominho.tv\/site\/wp-content\/uploads\/2024\/03\/Castro_Laboreiro_ATV2-370x493.jpg 370w, https:\/\/www.altominho.tv\/site\/wp-content\/uploads\/2024\/03\/Castro_Laboreiro_ATV2-270x360.jpg 270w, https:\/\/www.altominho.tv\/site\/wp-content\/uploads\/2024\/03\/Castro_Laboreiro_ATV2-570x760.jpg 570w, https:\/\/www.altominho.tv\/site\/wp-content\/uploads\/2024\/03\/Castro_Laboreiro_ATV2.jpg 1500w\" sizes=\"auto, (max-width: 740px) 100vw, 740px\" \/><\/a>\n\t\t\t<\/div><\/figure>\n\t\t<\/div>\n\n<pre>Fotografias: Joaquim Campos e AltominhoTV<\/pre>\n","protected":false},"excerpt":{"rendered":"<p>A neve que caiu durante a madrugada deste domingo mant\u00eam o cen\u00e1rio m\u00e1gico nos pontos mais elevados do concelho de Arcos de Valdevez . Consolidou o manto que tinha ca\u00eddo durante o s\u00e1bado e mant\u00eam um espesso manto branco. As previs\u00f5es cumpriram-se e a cota m\u00ednima de neve est\u00e1 entre os 950-1000 metros, que permite [&hellip;]<\/p>\n","protected":false},"author":1,"featured_media":105776,"comment_status":"closed","ping_status":"closed","sticky":false,"template":"","format":"standard","meta":{"_exactmetrics_skip_tracking":false,"footnotes":""},"categories":[2],"tags":[27],"class_list":["post-105775","post","type-post","status-publish","format-standard","has-post-thumbnail","hentry","category-arcos-de-valdevez","tag-sociedade"],"yoast_head":"<!-- This site is optimized with the Yoast SEO Premium plugin v28.3 (Yoast SEO v28.3) - https:\/\/yoast.com\/product\/yoast-seo-premium-wordpress\/ -->\n<title>Queda de neve deixa pontos mais altos de Arcos de Valdevez pintados de branco<\/title>\n<meta name=\"robots\" content=\"index, follow, max-snippet:-1, max-image-preview:large, max-video-preview:-1\" \/>\n<link rel=\"canonical\" href=\"https:\/\/www.altominho.tv\/site\/2024\/03\/31\/queda-de-neve-deixa-pontos-mais-altos-de-arcos-de-valdevez-pintados-de-branco\/\" \/>\n<meta property=\"og:locale\" content=\"pt_PT\" \/>\n<meta property=\"og:type\" content=\"article\" \/>\n<meta property=\"og:title\" content=\"Queda de neve deixa pontos mais altos de Arcos de Valdevez pintados de branco\" \/>\n<meta property=\"og:description\" content=\"A neve que caiu durante a madrugada deste domingo mant\u00eam o cen\u00e1rio m\u00e1gico nos pontos mais elevados do concelho de Arcos de Valdevez . Consolidou o manto que tinha ca\u00eddo durante o s\u00e1bado e mant\u00eam um espesso manto branco. As previs\u00f5es cumpriram-se e a cota m\u00ednima de neve est\u00e1 entre os 950-1000 metros, que permite [&hellip;]\" \/>\n<meta property=\"og:url\" content=\"https:\/\/www.altominho.tv\/site\/2024\/03\/31\/queda-de-neve-deixa-pontos-mais-altos-de-arcos-de-valdevez-pintados-de-branco\/\" \/>\n<meta property=\"og:site_name\" content=\"Altominho.tv\" \/>\n<meta property=\"article:publisher\" content=\"https:\/\/www.facebook.com\/altominhotv\" \/>\n<meta property=\"article:published_time\" content=\"2024-03-31T10:57:20+00:00\" \/>\n<meta property=\"article:modified_time\" content=\"2024-03-31T11:02:44+00:00\" \/>\n<meta property=\"og:image\" content=\"https:\/\/www.altominho.tv\/site\/wp-content\/uploads\/2024\/03\/Capa_ATV.jpg\" \/>\n\t<meta property=\"og:image:width\" content=\"1280\" \/>\n\t<meta property=\"og:image:height\" content=\"720\" \/>\n\t<meta property=\"og:image:type\" content=\"image\/jpeg\" \/>\n<meta name=\"author\" content=\"Altominho.tv\" \/>\n<meta name=\"twitter:card\" content=\"summary_large_image\" \/>\n<meta name=\"twitter:creator\" content=\"@altominhoTV\" \/>\n<meta name=\"twitter:site\" content=\"@altominhoTV\" \/>\n<meta name=\"twitter:label1\" content=\"Escrito por\" \/>\n\t<meta name=\"twitter:data1\" content=\"Altominho.tv\" \/>\n\t<meta name=\"twitter:label2\" content=\"Tempo estimado de leitura\" \/>\n\t<meta name=\"twitter:data2\" content=\"4 minutos\" \/>\n<script type=\"application\/ld+json\" class=\"yoast-schema-graph\">{\"@context\":\"https:\\\/\\\/schema.org\",\"@graph\":[{\"@type\":\"Article\",\"@id\":\"https:\\\/\\\/www.altominho.tv\\\/site\\\/2024\\\/03\\\/31\\\/queda-de-neve-deixa-pontos-mais-altos-de-arcos-de-valdevez-pintados-de-branco\\\/#article\",\"isPartOf\":{\"@id\":\"https:\\\/\\\/www.altominho.tv\\\/site\\\/2024\\\/03\\\/31\\\/queda-de-neve-deixa-pontos-mais-altos-de-arcos-de-valdevez-pintados-de-branco\\\/\"},\"author\":{\"name\":\"Altominho.tv\",\"@id\":\"https:\\\/\\\/www.altominho.tv\\\/site\\\/#\\\/schema\\\/person\\\/4e536851627d7914baf3dac752b6af22\"},\"headline\":\"Queda de neve deixa pontos mais altos de Arcos de Valdevez pintados de branco\",\"datePublished\":\"2024-03-31T10:57:20+00:00\",\"dateModified\":\"2024-03-31T11:02:44+00:00\",\"mainEntityOfPage\":{\"@id\":\"https:\\\/\\\/www.altominho.tv\\\/site\\\/2024\\\/03\\\/31\\\/queda-de-neve-deixa-pontos-mais-altos-de-arcos-de-valdevez-pintados-de-branco\\\/\"},\"wordCount\":132,\"image\":{\"@id\":\"https:\\\/\\\/www.altominho.tv\\\/site\\\/2024\\\/03\\\/31\\\/queda-de-neve-deixa-pontos-mais-altos-de-arcos-de-valdevez-pintados-de-branco\\\/#primaryimage\"},\"thumbnailUrl\":\"https:\\\/\\\/www.altominho.tv\\\/site\\\/wp-content\\\/uploads\\\/2024\\\/03\\\/Capa_ATV.jpg\",\"keywords\":[\"Sociedade\"],\"articleSection\":[\"Arcos de Valdevez\"],\"inLanguage\":\"pt-PT\",\"copyrightYear\":\"2024\",\"copyrightHolder\":{\"@id\":\"https:\\\/\\\/www.altominho.tv\\\/site\\\/#organization\"}},{\"@type\":\"WebPage\",\"@id\":\"https:\\\/\\\/www.altominho.tv\\\/site\\\/2024\\\/03\\\/31\\\/queda-de-neve-deixa-pontos-mais-altos-de-arcos-de-valdevez-pintados-de-branco\\\/\",\"url\":\"https:\\\/\\\/www.altominho.tv\\\/site\\\/2024\\\/03\\\/31\\\/queda-de-neve-deixa-pontos-mais-altos-de-arcos-de-valdevez-pintados-de-branco\\\/\",\"name\":\"Queda de neve deixa pontos mais altos de Arcos de Valdevez pintados de branco\",\"isPartOf\":{\"@id\":\"https:\\\/\\\/www.altominho.tv\\\/site\\\/#website\"},\"primaryImageOfPage\":{\"@id\":\"https:\\\/\\\/www.altominho.tv\\\/site\\\/2024\\\/03\\\/31\\\/queda-de-neve-deixa-pontos-mais-altos-de-arcos-de-valdevez-pintados-de-branco\\\/#primaryimage\"},\"image\":{\"@id\":\"https:\\\/\\\/www.altominho.tv\\\/site\\\/2024\\\/03\\\/31\\\/queda-de-neve-deixa-pontos-mais-altos-de-arcos-de-valdevez-pintados-de-branco\\\/#primaryimage\"},\"thumbnailUrl\":\"https:\\\/\\\/www.altominho.tv\\\/site\\\/wp-content\\\/uploads\\\/2024\\\/03\\\/Capa_ATV.jpg\",\"datePublished\":\"2024-03-31T10:57:20+00:00\",\"dateModified\":\"2024-03-31T11:02:44+00:00\",\"author\":{\"@id\":\"https:\\\/\\\/www.altominho.tv\\\/site\\\/#\\\/schema\\\/person\\\/4e536851627d7914baf3dac752b6af22\"},\"breadcrumb\":{\"@id\":\"https:\\\/\\\/www.altominho.tv\\\/site\\\/2024\\\/03\\\/31\\\/queda-de-neve-deixa-pontos-mais-altos-de-arcos-de-valdevez-pintados-de-branco\\\/#breadcrumb\"},\"inLanguage\":\"pt-PT\",\"potentialAction\":[{\"@type\":\"ReadAction\",\"target\":[\"https:\\\/\\\/www.altominho.tv\\\/site\\\/2024\\\/03\\\/31\\\/queda-de-neve-deixa-pontos-mais-altos-de-arcos-de-valdevez-pintados-de-branco\\\/\"]}]},{\"@type\":\"ImageObject\",\"inLanguage\":\"pt-PT\",\"@id\":\"https:\\\/\\\/www.altominho.tv\\\/site\\\/2024\\\/03\\\/31\\\/queda-de-neve-deixa-pontos-mais-altos-de-arcos-de-valdevez-pintados-de-branco\\\/#primaryimage\",\"url\":\"https:\\\/\\\/www.altominho.tv\\\/site\\\/wp-content\\\/uploads\\\/2024\\\/03\\\/Capa_ATV.jpg\",\"contentUrl\":\"https:\\\/\\\/www.altominho.tv\\\/site\\\/wp-content\\\/uploads\\\/2024\\\/03\\\/Capa_ATV.jpg\",\"width\":1280,\"height\":720,\"caption\":\"Joaquim Campos\"},{\"@type\":\"BreadcrumbList\",\"@id\":\"https:\\\/\\\/www.altominho.tv\\\/site\\\/2024\\\/03\\\/31\\\/queda-de-neve-deixa-pontos-mais-altos-de-arcos-de-valdevez-pintados-de-branco\\\/#breadcrumb\",\"itemListElement\":[{\"@type\":\"ListItem\",\"position\":1,\"name\":\"In\u00edcio\",\"item\":\"https:\\\/\\\/www.altominho.tv\\\/site\\\/\"},{\"@type\":\"ListItem\",\"position\":2,\"name\":\"Queda de neve deixa pontos mais altos de Arcos de Valdevez pintados de branco\"}]},{\"@type\":\"WebSite\",\"@id\":\"https:\\\/\\\/www.altominho.tv\\\/site\\\/#website\",\"url\":\"https:\\\/\\\/www.altominho.tv\\\/site\\\/\",\"name\":\"Altominho.tv\",\"description\":\"A sua regi\u00e3o \u00e0 dist\u00e2ncia de um clique...\",\"potentialAction\":[{\"@type\":\"SearchAction\",\"target\":{\"@type\":\"EntryPoint\",\"urlTemplate\":\"https:\\\/\\\/www.altominho.tv\\\/site\\\/?s={search_term_string}\"},\"query-input\":{\"@type\":\"PropertyValueSpecification\",\"valueRequired\":true,\"valueName\":\"search_term_string\"}}],\"inLanguage\":\"pt-PT\"},{\"@type\":\"Person\",\"@id\":\"https:\\\/\\\/www.altominho.tv\\\/site\\\/#\\\/schema\\\/person\\\/4e536851627d7914baf3dac752b6af22\",\"name\":\"Altominho.tv\",\"image\":{\"@type\":\"ImageObject\",\"inLanguage\":\"pt-PT\",\"@id\":\"https:\\\/\\\/www.altominho.tv\\\/site\\\/wp-content\\\/uploads\\\/2019\\\/11\\\/Logo_Avatar_2-150x150.jpg\",\"url\":\"https:\\\/\\\/www.altominho.tv\\\/site\\\/wp-content\\\/uploads\\\/2019\\\/11\\\/Logo_Avatar_2-150x150.jpg\",\"contentUrl\":\"https:\\\/\\\/www.altominho.tv\\\/site\\\/wp-content\\\/uploads\\\/2019\\\/11\\\/Logo_Avatar_2-150x150.jpg\",\"caption\":\"Altominho.tv\"},\"url\":\"https:\\\/\\\/www.altominho.tv\\\/site\\\/author\\\/altominhotv-tecnico\\\/\"}]}<\/script>\n<!-- \/ Yoast SEO Premium plugin. -->","yoast_head_json":{"title":"Queda de neve deixa pontos mais altos de Arcos de Valdevez pintados de branco","robots":{"index":"index","follow":"follow","max-snippet":"max-snippet:-1","max-image-preview":"max-image-preview:large","max-video-preview":"max-video-preview:-1"},"canonical":"https:\/\/www.altominho.tv\/site\/2024\/03\/31\/queda-de-neve-deixa-pontos-mais-altos-de-arcos-de-valdevez-pintados-de-branco\/","og_locale":"pt_PT","og_type":"article","og_title":"Queda de neve deixa pontos mais altos de Arcos de Valdevez pintados de branco","og_description":"A neve que caiu durante a madrugada deste domingo mant\u00eam o cen\u00e1rio m\u00e1gico nos pontos mais elevados do concelho de Arcos de Valdevez . Consolidou o manto que tinha ca\u00eddo durante o s\u00e1bado e mant\u00eam um espesso manto branco. As previs\u00f5es cumpriram-se e a cota m\u00ednima de neve est\u00e1 entre os 950-1000 metros, que permite [&hellip;]","og_url":"https:\/\/www.altominho.tv\/site\/2024\/03\/31\/queda-de-neve-deixa-pontos-mais-altos-de-arcos-de-valdevez-pintados-de-branco\/","og_site_name":"Altominho.tv","article_publisher":"https:\/\/www.facebook.com\/altominhotv","article_published_time":"2024-03-31T10:57:20+00:00","article_modified_time":"2024-03-31T11:02:44+00:00","og_image":[{"width":1280,"height":720,"url":"https:\/\/www.altominho.tv\/site\/wp-content\/uploads\/2024\/03\/Capa_ATV.jpg","type":"image\/jpeg"}],"author":"Altominho.tv","twitter_card":"summary_large_image","twitter_creator":"@altominhoTV","twitter_site":"@altominhoTV","twitter_misc":{"Escrito por":"Altominho.tv","Tempo estimado de leitura":"4 minutos"},"schema":{"@context":"https:\/\/schema.org","@graph":[{"@type":"Article","@id":"https:\/\/www.altominho.tv\/site\/2024\/03\/31\/queda-de-neve-deixa-pontos-mais-altos-de-arcos-de-valdevez-pintados-de-branco\/#article","isPartOf":{"@id":"https:\/\/www.altominho.tv\/site\/2024\/03\/31\/queda-de-neve-deixa-pontos-mais-altos-de-arcos-de-valdevez-pintados-de-branco\/"},"author":{"name":"Altominho.tv","@id":"https:\/\/www.altominho.tv\/site\/#\/schema\/person\/4e536851627d7914baf3dac752b6af22"},"headline":"Queda de neve deixa pontos mais altos de Arcos de Valdevez pintados de branco","datePublished":"2024-03-31T10:57:20+00:00","dateModified":"2024-03-31T11:02:44+00:00","mainEntityOfPage":{"@id":"https:\/\/www.altominho.tv\/site\/2024\/03\/31\/queda-de-neve-deixa-pontos-mais-altos-de-arcos-de-valdevez-pintados-de-branco\/"},"wordCount":132,"image":{"@id":"https:\/\/www.altominho.tv\/site\/2024\/03\/31\/queda-de-neve-deixa-pontos-mais-altos-de-arcos-de-valdevez-pintados-de-branco\/#primaryimage"},"thumbnailUrl":"https:\/\/www.altominho.tv\/site\/wp-content\/uploads\/2024\/03\/Capa_ATV.jpg","keywords":["Sociedade"],"articleSection":["Arcos de Valdevez"],"inLanguage":"pt-PT","copyrightYear":"2024","copyrightHolder":{"@id":"https:\/\/www.altominho.tv\/site\/#organization"}},{"@type":"WebPage","@id":"https:\/\/www.altominho.tv\/site\/2024\/03\/31\/queda-de-neve-deixa-pontos-mais-altos-de-arcos-de-valdevez-pintados-de-branco\/","url":"https:\/\/www.altominho.tv\/site\/2024\/03\/31\/queda-de-neve-deixa-pontos-mais-altos-de-arcos-de-valdevez-pintados-de-branco\/","name":"Queda de neve deixa pontos mais altos de Arcos de Valdevez pintados de branco","isPartOf":{"@id":"https:\/\/www.altominho.tv\/site\/#website"},"primaryImageOfPage":{"@id":"https:\/\/www.altominho.tv\/site\/2024\/03\/31\/queda-de-neve-deixa-pontos-mais-altos-de-arcos-de-valdevez-pintados-de-branco\/#primaryimage"},"image":{"@id":"https:\/\/www.altominho.tv\/site\/2024\/03\/31\/queda-de-neve-deixa-pontos-mais-altos-de-arcos-de-valdevez-pintados-de-branco\/#primaryimage"},"thumbnailUrl":"https:\/\/www.altominho.tv\/site\/wp-content\/uploads\/2024\/03\/Capa_ATV.jpg","datePublished":"2024-03-31T10:57:20+00:00","dateModified":"2024-03-31T11:02:44+00:00","author":{"@id":"https:\/\/www.altominho.tv\/site\/#\/schema\/person\/4e536851627d7914baf3dac752b6af22"},"breadcrumb":{"@id":"https:\/\/www.altominho.tv\/site\/2024\/03\/31\/queda-de-neve-deixa-pontos-mais-altos-de-arcos-de-valdevez-pintados-de-branco\/#breadcrumb"},"inLanguage":"pt-PT","potentialAction":[{"@type":"ReadAction","target":["https:\/\/www.altominho.tv\/site\/2024\/03\/31\/queda-de-neve-deixa-pontos-mais-altos-de-arcos-de-valdevez-pintados-de-branco\/"]}]},{"@type":"ImageObject","inLanguage":"pt-PT","@id":"https:\/\/www.altominho.tv\/site\/2024\/03\/31\/queda-de-neve-deixa-pontos-mais-altos-de-arcos-de-valdevez-pintados-de-branco\/#primaryimage","url":"https:\/\/www.altominho.tv\/site\/wp-content\/uploads\/2024\/03\/Capa_ATV.jpg","contentUrl":"https:\/\/www.altominho.tv\/site\/wp-content\/uploads\/2024\/03\/Capa_ATV.jpg","width":1280,"height":720,"caption":"Joaquim Campos"},{"@type":"BreadcrumbList","@id":"https:\/\/www.altominho.tv\/site\/2024\/03\/31\/queda-de-neve-deixa-pontos-mais-altos-de-arcos-de-valdevez-pintados-de-branco\/#breadcrumb","itemListElement":[{"@type":"ListItem","position":1,"name":"In\u00edcio","item":"https:\/\/www.altominho.tv\/site\/"},{"@type":"ListItem","position":2,"name":"Queda de neve deixa pontos mais altos de Arcos de Valdevez pintados de branco"}]},{"@type":"WebSite","@id":"https:\/\/www.altominho.tv\/site\/#website","url":"https:\/\/www.altominho.tv\/site\/","name":"Altominho.tv","description":"A sua regi\u00e3o \u00e0 dist\u00e2ncia de um clique...","potentialAction":[{"@type":"SearchAction","target":{"@type":"EntryPoint","urlTemplate":"https:\/\/www.altominho.tv\/site\/?s={search_term_string}"},"query-input":{"@type":"PropertyValueSpecification","valueRequired":true,"valueName":"search_term_string"}}],"inLanguage":"pt-PT"},{"@type":"Person","@id":"https:\/\/www.altominho.tv\/site\/#\/schema\/person\/4e536851627d7914baf3dac752b6af22","name":"Altominho.tv","image":{"@type":"ImageObject","inLanguage":"pt-PT","@id":"https:\/\/www.altominho.tv\/site\/wp-content\/uploads\/2019\/11\/Logo_Avatar_2-150x150.jpg","url":"https:\/\/www.altominho.tv\/site\/wp-content\/uploads\/2019\/11\/Logo_Avatar_2-150x150.jpg","contentUrl":"https:\/\/www.altominho.tv\/site\/wp-content\/uploads\/2019\/11\/Logo_Avatar_2-150x150.jpg","caption":"Altominho.tv"},"url":"https:\/\/www.altominho.tv\/site\/author\/altominhotv-tecnico\/"}]}},"_links":{"self":[{"href":"https:\/\/www.altominho.tv\/site\/wp-json\/wp\/v2\/posts\/105775","targetHints":{"allow":["GET"]}}],"collection":[{"href":"https:\/\/www.altominho.tv\/site\/wp-json\/wp\/v2\/posts"}],"about":[{"href":"https:\/\/www.altominho.tv\/site\/wp-json\/wp\/v2\/types\/post"}],"author":[{"embeddable":true,"href":"https:\/\/www.altominho.tv\/site\/wp-json\/wp\/v2\/users\/1"}],"replies":[{"embeddable":true,"href":"https:\/\/www.altominho.tv\/site\/wp-json\/wp\/v2\/comments?post=105775"}],"version-history":[{"count":2,"href":"https:\/\/www.altominho.tv\/site\/wp-json\/wp\/v2\/posts\/105775\/revisions"}],"predecessor-version":[{"id":105796,"href":"https:\/\/www.altominho.tv\/site\/wp-json\/wp\/v2\/posts\/105775\/revisions\/105796"}],"wp:featuredmedia":[{"embeddable":true,"href":"https:\/\/www.altominho.tv\/site\/wp-json\/wp\/v2\/media\/105776"}],"wp:attachment":[{"href":"https:\/\/www.altominho.tv\/site\/wp-json\/wp\/v2\/media?parent=105775"}],"wp:term":[{"taxonomy":"category","embeddable":true,"href":"https:\/\/www.altominho.tv\/site\/wp-json\/wp\/v2\/categories?post=105775"},{"taxonomy":"post_tag","embeddable":true,"href":"https:\/\/www.altominho.tv\/site\/wp-json\/wp\/v2\/tags?post=105775"}],"curies":[{"name":"wp","href":"https:\/\/api.w.org\/{rel}","templated":true}]}}