{"id":105566,"date":"2024-03-22T14:57:56","date_gmt":"2024-03-22T14:57:56","guid":{"rendered":"https:\/\/www.altominho.tv\/site\/?p=105566"},"modified":"2024-03-22T14:57:58","modified_gmt":"2024-03-22T14:57:58","slug":"sindicato-denuncia-despedimento-de-mais-de-30-trabalhadores-em-arcos-de-valdevez","status":"publish","type":"post","link":"https:\/\/www.altominho.tv\/site\/2024\/03\/22\/sindicato-denuncia-despedimento-de-mais-de-30-trabalhadores-em-arcos-de-valdevez\/","title":{"rendered":"Sindicato denuncia despedimento de mais de 30 trabalhadores em Arcos de Valdevez"},"content":{"rendered":"<p>O Sindicato das Ind\u00fastrias Metal\u00fargicas e Afins (SIMA) denunciou hoje mais um despedimento coletivo na f\u00e1brica da Coindu, em Arcos de Valdevez, abrangendo mais de 30 trabalhadores e apelou \u00e0 interven\u00e7\u00e3o das entidades oficiais.<\/p>\n<p>\u201cDepois de um despedimento de v\u00e1rias centenas de trabalhadores na Coindu, em Arcos de Valdevez, em novembro de 2023, esta estrutura sindical foi agora informada que haver\u00e1 novo despedimento coletivo, desta feita abrangendo mais de tr\u00eas dezenas de trabalhadores naquela unidade, como parte de um plano de reestrutura\u00e7\u00e3o\u201d, refere o SIMA em comunicado.<\/p>\n<p>A ag\u00eancia Lusa contactou a administra\u00e7\u00e3o da Coindu, fabricante de componentes para o setor autom\u00f3vel, mas ainda n\u00e3o obteve resposta.<\/p>\n<p>Para o SIMA, \u201ca empresa tem um valor estrat\u00e9gico muito grande para regi\u00e3o em que est\u00e1 situada\u201d e considera que o \u201ccont\u00ednuo recurso ao despedimento coletivo leva que seja urgente a interven\u00e7\u00e3o das estruturas municipais, como o Instituto de Emprego e Forma\u00e7\u00e3o Profissional (IEFP) para avaliar a qualifica\u00e7\u00e3o ou requalifica\u00e7\u00e3o dos trabalhadores\u201d.<\/p>\n<p>O SIMA reclama ainda a interven\u00e7\u00e3o \u201cdo Minist\u00e9rio do Trabalho, atrav\u00e9s da Dire\u00e7\u00e3o-Geral do Emprego e das Rela\u00e7\u00f5es de Trabalho (DGERT)\u201d.<\/p>\n<p>\u201cO SIMA entende que \u00e9 necess\u00e1ria uma estrat\u00e9gia para estes trabalhadores e avaliar a possibilidade de integra\u00e7\u00e3o\u201d, refere a nota.<\/p>\n<p>O sindicato diz estar \u201cmuito preocupado com o futuro da unidade e dos trabalhadores\u201d face aos \u201cconsecutivos despedimentos coletivos\u201d.<\/p>\n<p>Em novembro \u00faltimo, em resposta, por escrito, a um pedido de esclarecimento da ag\u00eancia Lusa, a Coindu anunciou \u201ca inten\u00e7\u00e3o de proceder a um despedimento coletivo de 103 dos 2.300 trabalhadores\u201d, e garantiu \u201cn\u00e3o haver lugar ao encerramento de qualquer das suas unidades de produ\u00e7\u00e3o\u201d.<\/p>\n<p>\u201cTrata-se de um procedimento transparente e fundamentado, que vem decorrendo com a maior serenidade e com a compreens\u00e3o por parte dos trabalhadores da Coindu\u201d, sustentava a empresa.<\/p>\n<p>Na resposta ent\u00e3o \u00e0 Lusa, a Coindu adiantava que iria \u201ccontinuar a mover esfor\u00e7os no sentido de conseguir novas nomea\u00e7\u00f5es de projetos e manter em pleno funcionamento todas as unidades de Portugal, conforme tem vindo a ser praticado nos \u00faltimos 35 anos\u201d.<\/p>\n<p>\u201cNeste sentido, a Coindu tem vindo a fazer um grande investimento nas \u00e1reas tecnol\u00f3gicas com vista a um posicionamento competitivo face aos mercados concorrentes de baixo custo\u201d, acrescentou.<\/p>\n<p>Em Portugal, a Coindu, fundada em 1988, tem unidades fabris em Arcos de Valdevez e em Vila Nova de Famalic\u00e3o, no distrito de Braga.<\/p>\n","protected":false},"excerpt":{"rendered":"<p>O Sindicato das Ind\u00fastrias Metal\u00fargicas e Afins (SIMA) denunciou hoje mais um despedimento coletivo na f\u00e1brica da Coindu, em Arcos de Valdevez, abrangendo mais de 30 trabalhadores e apelou \u00e0 interven\u00e7\u00e3o das entidades oficiais. \u201cDepois de um despedimento de v\u00e1rias centenas de trabalhadores na Coindu, em Arcos de Valdevez, em novembro de 2023, esta estrutura [&hellip;]<\/p>\n","protected":false},"author":13,"featured_media":98531,"comment_status":"closed","ping_status":"closed","sticky":false,"template":"","format":"standard","meta":{"_exactmetrics_skip_tracking":false,"footnotes":""},"categories":[2],"tags":[21],"class_list":["post-105566","post","type-post","status-publish","format-standard","has-post-thumbnail","hentry","category-arcos-de-valdevez","tag-economia"],"yoast_head":"<!-- This site is optimized with the Yoast SEO Premium plugin v28.3 (Yoast SEO v28.3) - https:\/\/yoast.com\/product\/yoast-seo-premium-wordpress\/ -->\n<title>Sindicato denuncia despedimento de mais de 30 trabalhadores em Arcos de Valdevez<\/title>\n<meta name=\"description\" content=\"O Sindicato das Ind\u00fastrias Metal\u00fargicas e Afins (SIMA) denunciou hoje mais um despedimento coletivo na f\u00e1brica da Coindu, em Arcos de Valdevez, abrangendo mais de 30 trabalhadores e apelou \u00e0 interven\u00e7\u00e3o das entidades oficiais.\" \/>\n<meta name=\"robots\" content=\"index, follow, max-snippet:-1, max-image-preview:large, max-video-preview:-1\" \/>\n<link rel=\"canonical\" href=\"https:\/\/www.altominho.tv\/site\/2024\/03\/22\/sindicato-denuncia-despedimento-de-mais-de-30-trabalhadores-em-arcos-de-valdevez\/\" \/>\n<meta property=\"og:locale\" content=\"pt_PT\" \/>\n<meta property=\"og:type\" content=\"article\" \/>\n<meta property=\"og:title\" content=\"Sindicato denuncia despedimento de mais de 30 trabalhadores em Arcos de Valdevez\" \/>\n<meta property=\"og:description\" content=\"O Sindicato das Ind\u00fastrias Metal\u00fargicas e Afins (SIMA) denunciou hoje mais um despedimento coletivo na f\u00e1brica da Coindu, em Arcos de Valdevez, abrangendo mais de 30 trabalhadores e apelou \u00e0 interven\u00e7\u00e3o das entidades oficiais.\" \/>\n<meta property=\"og:url\" content=\"https:\/\/www.altominho.tv\/site\/2024\/03\/22\/sindicato-denuncia-despedimento-de-mais-de-30-trabalhadores-em-arcos-de-valdevez\/\" \/>\n<meta property=\"og:site_name\" content=\"Altominho.tv\" \/>\n<meta property=\"article:publisher\" content=\"https:\/\/www.facebook.com\/altominhotv\" \/>\n<meta property=\"article:published_time\" content=\"2024-03-22T14:57:56+00:00\" \/>\n<meta property=\"article:modified_time\" content=\"2024-03-22T14:57:58+00:00\" \/>\n<meta property=\"og:image\" content=\"https:\/\/www.altominho.tv\/site\/wp-content\/uploads\/2023\/11\/coindu.jpeg\" \/>\n\t<meta property=\"og:image:width\" content=\"900\" \/>\n\t<meta property=\"og:image:height\" content=\"560\" \/>\n\t<meta property=\"og:image:type\" content=\"image\/jpeg\" \/>\n<meta name=\"author\" content=\"Lusa\" \/>\n<meta name=\"twitter:card\" content=\"summary_large_image\" \/>\n<meta name=\"twitter:creator\" content=\"@altominhoTV\" \/>\n<meta name=\"twitter:site\" content=\"@altominhoTV\" \/>\n<meta name=\"twitter:label1\" content=\"Escrito por\" \/>\n\t<meta name=\"twitter:data1\" content=\"Lusa\" \/>\n\t<meta name=\"twitter:label2\" content=\"Tempo estimado de leitura\" \/>\n\t<meta name=\"twitter:data2\" content=\"3 minutos\" \/>\n<script type=\"application\/ld+json\" class=\"yoast-schema-graph\">{\"@context\":\"https:\\\/\\\/schema.org\",\"@graph\":[{\"@type\":\"Article\",\"@id\":\"https:\\\/\\\/www.altominho.tv\\\/site\\\/2024\\\/03\\\/22\\\/sindicato-denuncia-despedimento-de-mais-de-30-trabalhadores-em-arcos-de-valdevez\\\/#article\",\"isPartOf\":{\"@id\":\"https:\\\/\\\/www.altominho.tv\\\/site\\\/2024\\\/03\\\/22\\\/sindicato-denuncia-despedimento-de-mais-de-30-trabalhadores-em-arcos-de-valdevez\\\/\"},\"author\":{\"name\":\"Lusa\",\"@id\":\"https:\\\/\\\/www.altominho.tv\\\/site\\\/#\\\/schema\\\/person\\\/63f693da3e1899361cbe955c46f3232e\"},\"headline\":\"Sindicato denuncia despedimento de mais de 30 trabalhadores em Arcos de Valdevez\",\"datePublished\":\"2024-03-22T14:57:56+00:00\",\"dateModified\":\"2024-03-22T14:57:58+00:00\",\"mainEntityOfPage\":{\"@id\":\"https:\\\/\\\/www.altominho.tv\\\/site\\\/2024\\\/03\\\/22\\\/sindicato-denuncia-despedimento-de-mais-de-30-trabalhadores-em-arcos-de-valdevez\\\/\"},\"wordCount\":423,\"image\":{\"@id\":\"https:\\\/\\\/www.altominho.tv\\\/site\\\/2024\\\/03\\\/22\\\/sindicato-denuncia-despedimento-de-mais-de-30-trabalhadores-em-arcos-de-valdevez\\\/#primaryimage\"},\"thumbnailUrl\":\"https:\\\/\\\/www.altominho.tv\\\/site\\\/wp-content\\\/uploads\\\/2023\\\/11\\\/coindu.jpeg\",\"keywords\":[\"Economia\"],\"articleSection\":[\"Arcos de Valdevez\"],\"inLanguage\":\"pt-PT\",\"copyrightYear\":\"2024\",\"copyrightHolder\":{\"@id\":\"https:\\\/\\\/www.altominho.tv\\\/site\\\/#organization\"}},{\"@type\":\"WebPage\",\"@id\":\"https:\\\/\\\/www.altominho.tv\\\/site\\\/2024\\\/03\\\/22\\\/sindicato-denuncia-despedimento-de-mais-de-30-trabalhadores-em-arcos-de-valdevez\\\/\",\"url\":\"https:\\\/\\\/www.altominho.tv\\\/site\\\/2024\\\/03\\\/22\\\/sindicato-denuncia-despedimento-de-mais-de-30-trabalhadores-em-arcos-de-valdevez\\\/\",\"name\":\"Sindicato denuncia despedimento de mais de 30 trabalhadores em Arcos de Valdevez\",\"isPartOf\":{\"@id\":\"https:\\\/\\\/www.altominho.tv\\\/site\\\/#website\"},\"primaryImageOfPage\":{\"@id\":\"https:\\\/\\\/www.altominho.tv\\\/site\\\/2024\\\/03\\\/22\\\/sindicato-denuncia-despedimento-de-mais-de-30-trabalhadores-em-arcos-de-valdevez\\\/#primaryimage\"},\"image\":{\"@id\":\"https:\\\/\\\/www.altominho.tv\\\/site\\\/2024\\\/03\\\/22\\\/sindicato-denuncia-despedimento-de-mais-de-30-trabalhadores-em-arcos-de-valdevez\\\/#primaryimage\"},\"thumbnailUrl\":\"https:\\\/\\\/www.altominho.tv\\\/site\\\/wp-content\\\/uploads\\\/2023\\\/11\\\/coindu.jpeg\",\"datePublished\":\"2024-03-22T14:57:56+00:00\",\"dateModified\":\"2024-03-22T14:57:58+00:00\",\"author\":{\"@id\":\"https:\\\/\\\/www.altominho.tv\\\/site\\\/#\\\/schema\\\/person\\\/63f693da3e1899361cbe955c46f3232e\"},\"description\":\"O Sindicato das Ind\u00fastrias Metal\u00fargicas e Afins (SIMA) denunciou hoje mais um despedimento coletivo na f\u00e1brica da Coindu, em Arcos de Valdevez, abrangendo mais de 30 trabalhadores e apelou \u00e0 interven\u00e7\u00e3o das entidades oficiais.\",\"breadcrumb\":{\"@id\":\"https:\\\/\\\/www.altominho.tv\\\/site\\\/2024\\\/03\\\/22\\\/sindicato-denuncia-despedimento-de-mais-de-30-trabalhadores-em-arcos-de-valdevez\\\/#breadcrumb\"},\"inLanguage\":\"pt-PT\",\"potentialAction\":[{\"@type\":\"ReadAction\",\"target\":[\"https:\\\/\\\/www.altominho.tv\\\/site\\\/2024\\\/03\\\/22\\\/sindicato-denuncia-despedimento-de-mais-de-30-trabalhadores-em-arcos-de-valdevez\\\/\"]}]},{\"@type\":\"ImageObject\",\"inLanguage\":\"pt-PT\",\"@id\":\"https:\\\/\\\/www.altominho.tv\\\/site\\\/2024\\\/03\\\/22\\\/sindicato-denuncia-despedimento-de-mais-de-30-trabalhadores-em-arcos-de-valdevez\\\/#primaryimage\",\"url\":\"https:\\\/\\\/www.altominho.tv\\\/site\\\/wp-content\\\/uploads\\\/2023\\\/11\\\/coindu.jpeg\",\"contentUrl\":\"https:\\\/\\\/www.altominho.tv\\\/site\\\/wp-content\\\/uploads\\\/2023\\\/11\\\/coindu.jpeg\",\"width\":900,\"height\":560},{\"@type\":\"BreadcrumbList\",\"@id\":\"https:\\\/\\\/www.altominho.tv\\\/site\\\/2024\\\/03\\\/22\\\/sindicato-denuncia-despedimento-de-mais-de-30-trabalhadores-em-arcos-de-valdevez\\\/#breadcrumb\",\"itemListElement\":[{\"@type\":\"ListItem\",\"position\":1,\"name\":\"In\u00edcio\",\"item\":\"https:\\\/\\\/www.altominho.tv\\\/site\\\/\"},{\"@type\":\"ListItem\",\"position\":2,\"name\":\"Sindicato denuncia despedimento de mais de 30 trabalhadores em Arcos de Valdevez\"}]},{\"@type\":\"WebSite\",\"@id\":\"https:\\\/\\\/www.altominho.tv\\\/site\\\/#website\",\"url\":\"https:\\\/\\\/www.altominho.tv\\\/site\\\/\",\"name\":\"Altominho.tv\",\"description\":\"A sua regi\u00e3o \u00e0 dist\u00e2ncia de um clique...\",\"potentialAction\":[{\"@type\":\"SearchAction\",\"target\":{\"@type\":\"EntryPoint\",\"urlTemplate\":\"https:\\\/\\\/www.altominho.tv\\\/site\\\/?s={search_term_string}\"},\"query-input\":{\"@type\":\"PropertyValueSpecification\",\"valueRequired\":true,\"valueName\":\"search_term_string\"}}],\"inLanguage\":\"pt-PT\"},{\"@type\":\"Person\",\"@id\":\"https:\\\/\\\/www.altominho.tv\\\/site\\\/#\\\/schema\\\/person\\\/63f693da3e1899361cbe955c46f3232e\",\"name\":\"Lusa\",\"image\":{\"@type\":\"ImageObject\",\"inLanguage\":\"pt-PT\",\"@id\":\"https:\\\/\\\/www.altominho.tv\\\/site\\\/wp-content\\\/uploads\\\/2019\\\/08\\\/LUSA_Logo.gif\",\"url\":\"https:\\\/\\\/www.altominho.tv\\\/site\\\/wp-content\\\/uploads\\\/2019\\\/08\\\/LUSA_Logo.gif\",\"contentUrl\":\"https:\\\/\\\/www.altominho.tv\\\/site\\\/wp-content\\\/uploads\\\/2019\\\/08\\\/LUSA_Logo.gif\",\"caption\":\"Lusa\"},\"sameAs\":[\"http:\\\/\\\/\\\/\\\/www.altominho.tv\\\/site\"],\"url\":\"https:\\\/\\\/www.altominho.tv\\\/site\\\/author\\\/lusa\\\/\"}]}<\/script>\n<!-- \/ Yoast SEO Premium plugin. -->","yoast_head_json":{"title":"Sindicato denuncia despedimento de mais de 30 trabalhadores em Arcos de Valdevez","description":"O Sindicato das Ind\u00fastrias Metal\u00fargicas e Afins (SIMA) denunciou hoje mais um despedimento coletivo na f\u00e1brica da Coindu, em Arcos de Valdevez, abrangendo mais de 30 trabalhadores e apelou \u00e0 interven\u00e7\u00e3o das entidades oficiais.","robots":{"index":"index","follow":"follow","max-snippet":"max-snippet:-1","max-image-preview":"max-image-preview:large","max-video-preview":"max-video-preview:-1"},"canonical":"https:\/\/www.altominho.tv\/site\/2024\/03\/22\/sindicato-denuncia-despedimento-de-mais-de-30-trabalhadores-em-arcos-de-valdevez\/","og_locale":"pt_PT","og_type":"article","og_title":"Sindicato denuncia despedimento de mais de 30 trabalhadores em Arcos de Valdevez","og_description":"O Sindicato das Ind\u00fastrias Metal\u00fargicas e Afins (SIMA) denunciou hoje mais um despedimento coletivo na f\u00e1brica da Coindu, em Arcos de Valdevez, abrangendo mais de 30 trabalhadores e apelou \u00e0 interven\u00e7\u00e3o das entidades oficiais.","og_url":"https:\/\/www.altominho.tv\/site\/2024\/03\/22\/sindicato-denuncia-despedimento-de-mais-de-30-trabalhadores-em-arcos-de-valdevez\/","og_site_name":"Altominho.tv","article_publisher":"https:\/\/www.facebook.com\/altominhotv","article_published_time":"2024-03-22T14:57:56+00:00","article_modified_time":"2024-03-22T14:57:58+00:00","og_image":[{"width":900,"height":560,"url":"https:\/\/www.altominho.tv\/site\/wp-content\/uploads\/2023\/11\/coindu.jpeg","type":"image\/jpeg"}],"author":"Lusa","twitter_card":"summary_large_image","twitter_creator":"@altominhoTV","twitter_site":"@altominhoTV","twitter_misc":{"Escrito por":"Lusa","Tempo estimado de leitura":"3 minutos"},"schema":{"@context":"https:\/\/schema.org","@graph":[{"@type":"Article","@id":"https:\/\/www.altominho.tv\/site\/2024\/03\/22\/sindicato-denuncia-despedimento-de-mais-de-30-trabalhadores-em-arcos-de-valdevez\/#article","isPartOf":{"@id":"https:\/\/www.altominho.tv\/site\/2024\/03\/22\/sindicato-denuncia-despedimento-de-mais-de-30-trabalhadores-em-arcos-de-valdevez\/"},"author":{"name":"Lusa","@id":"https:\/\/www.altominho.tv\/site\/#\/schema\/person\/63f693da3e1899361cbe955c46f3232e"},"headline":"Sindicato denuncia despedimento de mais de 30 trabalhadores em Arcos de Valdevez","datePublished":"2024-03-22T14:57:56+00:00","dateModified":"2024-03-22T14:57:58+00:00","mainEntityOfPage":{"@id":"https:\/\/www.altominho.tv\/site\/2024\/03\/22\/sindicato-denuncia-despedimento-de-mais-de-30-trabalhadores-em-arcos-de-valdevez\/"},"wordCount":423,"image":{"@id":"https:\/\/www.altominho.tv\/site\/2024\/03\/22\/sindicato-denuncia-despedimento-de-mais-de-30-trabalhadores-em-arcos-de-valdevez\/#primaryimage"},"thumbnailUrl":"https:\/\/www.altominho.tv\/site\/wp-content\/uploads\/2023\/11\/coindu.jpeg","keywords":["Economia"],"articleSection":["Arcos de Valdevez"],"inLanguage":"pt-PT","copyrightYear":"2024","copyrightHolder":{"@id":"https:\/\/www.altominho.tv\/site\/#organization"}},{"@type":"WebPage","@id":"https:\/\/www.altominho.tv\/site\/2024\/03\/22\/sindicato-denuncia-despedimento-de-mais-de-30-trabalhadores-em-arcos-de-valdevez\/","url":"https:\/\/www.altominho.tv\/site\/2024\/03\/22\/sindicato-denuncia-despedimento-de-mais-de-30-trabalhadores-em-arcos-de-valdevez\/","name":"Sindicato denuncia despedimento de mais de 30 trabalhadores em Arcos de Valdevez","isPartOf":{"@id":"https:\/\/www.altominho.tv\/site\/#website"},"primaryImageOfPage":{"@id":"https:\/\/www.altominho.tv\/site\/2024\/03\/22\/sindicato-denuncia-despedimento-de-mais-de-30-trabalhadores-em-arcos-de-valdevez\/#primaryimage"},"image":{"@id":"https:\/\/www.altominho.tv\/site\/2024\/03\/22\/sindicato-denuncia-despedimento-de-mais-de-30-trabalhadores-em-arcos-de-valdevez\/#primaryimage"},"thumbnailUrl":"https:\/\/www.altominho.tv\/site\/wp-content\/uploads\/2023\/11\/coindu.jpeg","datePublished":"2024-03-22T14:57:56+00:00","dateModified":"2024-03-22T14:57:58+00:00","author":{"@id":"https:\/\/www.altominho.tv\/site\/#\/schema\/person\/63f693da3e1899361cbe955c46f3232e"},"description":"O Sindicato das Ind\u00fastrias Metal\u00fargicas e Afins (SIMA) denunciou hoje mais um despedimento coletivo na f\u00e1brica da Coindu, em Arcos de Valdevez, abrangendo mais de 30 trabalhadores e apelou \u00e0 interven\u00e7\u00e3o das entidades oficiais.","breadcrumb":{"@id":"https:\/\/www.altominho.tv\/site\/2024\/03\/22\/sindicato-denuncia-despedimento-de-mais-de-30-trabalhadores-em-arcos-de-valdevez\/#breadcrumb"},"inLanguage":"pt-PT","potentialAction":[{"@type":"ReadAction","target":["https:\/\/www.altominho.tv\/site\/2024\/03\/22\/sindicato-denuncia-despedimento-de-mais-de-30-trabalhadores-em-arcos-de-valdevez\/"]}]},{"@type":"ImageObject","inLanguage":"pt-PT","@id":"https:\/\/www.altominho.tv\/site\/2024\/03\/22\/sindicato-denuncia-despedimento-de-mais-de-30-trabalhadores-em-arcos-de-valdevez\/#primaryimage","url":"https:\/\/www.altominho.tv\/site\/wp-content\/uploads\/2023\/11\/coindu.jpeg","contentUrl":"https:\/\/www.altominho.tv\/site\/wp-content\/uploads\/2023\/11\/coindu.jpeg","width":900,"height":560},{"@type":"BreadcrumbList","@id":"https:\/\/www.altominho.tv\/site\/2024\/03\/22\/sindicato-denuncia-despedimento-de-mais-de-30-trabalhadores-em-arcos-de-valdevez\/#breadcrumb","itemListElement":[{"@type":"ListItem","position":1,"name":"In\u00edcio","item":"https:\/\/www.altominho.tv\/site\/"},{"@type":"ListItem","position":2,"name":"Sindicato denuncia despedimento de mais de 30 trabalhadores em Arcos de Valdevez"}]},{"@type":"WebSite","@id":"https:\/\/www.altominho.tv\/site\/#website","url":"https:\/\/www.altominho.tv\/site\/","name":"Altominho.tv","description":"A sua regi\u00e3o \u00e0 dist\u00e2ncia de um clique...","potentialAction":[{"@type":"SearchAction","target":{"@type":"EntryPoint","urlTemplate":"https:\/\/www.altominho.tv\/site\/?s={search_term_string}"},"query-input":{"@type":"PropertyValueSpecification","valueRequired":true,"valueName":"search_term_string"}}],"inLanguage":"pt-PT"},{"@type":"Person","@id":"https:\/\/www.altominho.tv\/site\/#\/schema\/person\/63f693da3e1899361cbe955c46f3232e","name":"Lusa","image":{"@type":"ImageObject","inLanguage":"pt-PT","@id":"https:\/\/www.altominho.tv\/site\/wp-content\/uploads\/2019\/08\/LUSA_Logo.gif","url":"https:\/\/www.altominho.tv\/site\/wp-content\/uploads\/2019\/08\/LUSA_Logo.gif","contentUrl":"https:\/\/www.altominho.tv\/site\/wp-content\/uploads\/2019\/08\/LUSA_Logo.gif","caption":"Lusa"},"sameAs":["http:\/\/\/\/www.altominho.tv\/site"],"url":"https:\/\/www.altominho.tv\/site\/author\/lusa\/"}]}},"_links":{"self":[{"href":"https:\/\/www.altominho.tv\/site\/wp-json\/wp\/v2\/posts\/105566","targetHints":{"allow":["GET"]}}],"collection":[{"href":"https:\/\/www.altominho.tv\/site\/wp-json\/wp\/v2\/posts"}],"about":[{"href":"https:\/\/www.altominho.tv\/site\/wp-json\/wp\/v2\/types\/post"}],"author":[{"embeddable":true,"href":"https:\/\/www.altominho.tv\/site\/wp-json\/wp\/v2\/users\/13"}],"replies":[{"embeddable":true,"href":"https:\/\/www.altominho.tv\/site\/wp-json\/wp\/v2\/comments?post=105566"}],"version-history":[{"count":1,"href":"https:\/\/www.altominho.tv\/site\/wp-json\/wp\/v2\/posts\/105566\/revisions"}],"predecessor-version":[{"id":105567,"href":"https:\/\/www.altominho.tv\/site\/wp-json\/wp\/v2\/posts\/105566\/revisions\/105567"}],"wp:featuredmedia":[{"embeddable":true,"href":"https:\/\/www.altominho.tv\/site\/wp-json\/wp\/v2\/media\/98531"}],"wp:attachment":[{"href":"https:\/\/www.altominho.tv\/site\/wp-json\/wp\/v2\/media?parent=105566"}],"wp:term":[{"taxonomy":"category","embeddable":true,"href":"https:\/\/www.altominho.tv\/site\/wp-json\/wp\/v2\/categories?post=105566"},{"taxonomy":"post_tag","embeddable":true,"href":"https:\/\/www.altominho.tv\/site\/wp-json\/wp\/v2\/tags?post=105566"}],"curies":[{"name":"wp","href":"https:\/\/api.w.org\/{rel}","templated":true}]}}