{"id":105320,"date":"2024-03-13T11:54:22","date_gmt":"2024-03-13T11:54:22","guid":{"rendered":"https:\/\/www.altominho.tv\/site\/?p=105320"},"modified":"2024-03-13T11:54:24","modified_gmt":"2024-03-13T11:54:24","slug":"alojamento-local-disparou-em-2023","status":"publish","type":"post","link":"https:\/\/www.altominho.tv\/site\/2024\/03\/13\/alojamento-local-disparou-em-2023\/","title":{"rendered":"Alojamento Local disparou em 2023"},"content":{"rendered":"<p class=\"p1\">O n\u00famero de novos estabelecimentos de Alojamento Local licenciados em 2023, em Caminha, ultrapassou as duas dezenas, colocando no mercado uma centena de novas camas, informou hoje o munic\u00edpio local.<\/p>\n<p class=\"p1\">&#8220;Todos os indicadores que v\u00e3o sendo conhecidos apontam para um crescimento cont\u00ednuo e sustentado do Turismo no concelho, alavancando a economia local&#8221;, refere a autarquia.<\/p>\n<p class=\"p1\">Os estabelecimentos de alojamento local (AL) \u201cs\u00e3o aqueles que prestam servi\u00e7os de alojamento tempor\u00e1rio, nomeadamente a turistas, mediante remunera\u00e7\u00e3o desde que n\u00e3o re\u00fanam os requisitos para serem considerados empreendimentos tur\u00edsticos\u201d, de acordo com a defini\u00e7\u00e3o oficial.<\/p>\n<p class=\"p1\">Segundo os registos do Turismo de Portugal, foram licenciados no concelho de Caminha, em 2023, um total de 21 novos estabelecimentos, entre quartos (dois casos), moradias (6), apartamentos (11) e estabelecimentos de hospedagem (2).<\/p>\n<p class=\"p1\">No seu conjunto disponibilizam uma centena de camas, distribu\u00eddas um pouco por todo o concelho.<\/p>\n","protected":false},"excerpt":{"rendered":"<p>O n\u00famero de novos estabelecimentos de Alojamento Local licenciados em 2023, em Caminha, ultrapassou as duas dezenas, colocando no mercado uma centena de novas camas, informou hoje o munic\u00edpio local. &#8220;Todos os indicadores que v\u00e3o sendo conhecidos apontam para um crescimento cont\u00ednuo e sustentado do Turismo no concelho, alavancando a economia local&#8221;, refere a autarquia. [&hellip;]<\/p>\n","protected":false},"author":1,"featured_media":105321,"comment_status":"closed","ping_status":"closed","sticky":false,"template":"","format":"standard","meta":{"_exactmetrics_skip_tracking":false,"_exactmetrics_sitenote_active":false,"_exactmetrics_sitenote_note":"","_exactmetrics_sitenote_category":0,"footnotes":""},"categories":[7],"tags":[56329],"class_list":["post-105320","post","type-post","status-publish","format-standard","has-post-thumbnail","hentry","category-caminha","tag-turismo"],"yoast_head":"<!-- This site is optimized with the Yoast SEO Premium plugin v27.5 (Yoast SEO v27.5) - https:\/\/yoast.com\/product\/yoast-seo-premium-wordpress\/ -->\n<title>Alojamento Local disparou em 2023<\/title>\n<meta name=\"description\" content=\"O n\u00famero de novos estabelecimentos de Alojamento Local licenciados em 2023, em Caminha, ultrapassou as duas dezenas, colocando no mercado uma centena de novas camas, informou hoje o munic\u00edpio local.\" \/>\n<meta name=\"robots\" content=\"index, follow, max-snippet:-1, max-image-preview:large, max-video-preview:-1\" \/>\n<link rel=\"canonical\" href=\"https:\/\/www.altominho.tv\/site\/2024\/03\/13\/alojamento-local-disparou-em-2023\/\" \/>\n<meta property=\"og:locale\" content=\"pt_PT\" \/>\n<meta property=\"og:type\" content=\"article\" \/>\n<meta property=\"og:title\" content=\"Alojamento Local disparou em 2023\" \/>\n<meta property=\"og:description\" content=\"O n\u00famero de novos estabelecimentos de Alojamento Local licenciados em 2023, em Caminha, ultrapassou as duas dezenas, colocando no mercado uma centena de novas camas, informou hoje o munic\u00edpio local.\" \/>\n<meta property=\"og:url\" content=\"https:\/\/www.altominho.tv\/site\/2024\/03\/13\/alojamento-local-disparou-em-2023\/\" \/>\n<meta property=\"og:site_name\" content=\"Altominho.tv\" \/>\n<meta property=\"article:publisher\" content=\"https:\/\/www.facebook.com\/altominhotv\" \/>\n<meta property=\"article:published_time\" content=\"2024-03-13T11:54:22+00:00\" \/>\n<meta property=\"article:modified_time\" content=\"2024-03-13T11:54:24+00:00\" \/>\n<meta property=\"og:image\" content=\"https:\/\/www.altominho.tv\/site\/wp-content\/uploads\/2024\/03\/alojamento-local-e1710330571887.jpeg\" \/>\n\t<meta property=\"og:image:width\" content=\"2048\" \/>\n\t<meta property=\"og:image:height\" content=\"1153\" \/>\n\t<meta property=\"og:image:type\" content=\"image\/jpeg\" \/>\n<meta name=\"author\" content=\"Altominho.tv\" \/>\n<meta name=\"twitter:card\" content=\"summary_large_image\" \/>\n<meta name=\"twitter:creator\" content=\"@altominhoTV\" \/>\n<meta name=\"twitter:site\" content=\"@altominhoTV\" \/>\n<meta name=\"twitter:label1\" content=\"Escrito por\" \/>\n\t<meta name=\"twitter:data1\" content=\"Altominho.tv\" \/>\n\t<meta name=\"twitter:label2\" content=\"Tempo estimado de leitura\" \/>\n\t<meta name=\"twitter:data2\" content=\"1 minuto\" \/>\n<script type=\"application\/ld+json\" class=\"yoast-schema-graph\">{\"@context\":\"https:\\\/\\\/schema.org\",\"@graph\":[{\"@type\":\"Article\",\"@id\":\"https:\\\/\\\/www.altominho.tv\\\/site\\\/2024\\\/03\\\/13\\\/alojamento-local-disparou-em-2023\\\/#article\",\"isPartOf\":{\"@id\":\"https:\\\/\\\/www.altominho.tv\\\/site\\\/2024\\\/03\\\/13\\\/alojamento-local-disparou-em-2023\\\/\"},\"author\":{\"name\":\"Altominho.tv\",\"@id\":\"https:\\\/\\\/www.altominho.tv\\\/site\\\/#\\\/schema\\\/person\\\/4e536851627d7914baf3dac752b6af22\"},\"headline\":\"Alojamento Local disparou em 2023\",\"datePublished\":\"2024-03-13T11:54:22+00:00\",\"dateModified\":\"2024-03-13T11:54:24+00:00\",\"mainEntityOfPage\":{\"@id\":\"https:\\\/\\\/www.altominho.tv\\\/site\\\/2024\\\/03\\\/13\\\/alojamento-local-disparou-em-2023\\\/\"},\"wordCount\":151,\"image\":{\"@id\":\"https:\\\/\\\/www.altominho.tv\\\/site\\\/2024\\\/03\\\/13\\\/alojamento-local-disparou-em-2023\\\/#primaryimage\"},\"thumbnailUrl\":\"https:\\\/\\\/www.altominho.tv\\\/site\\\/wp-content\\\/uploads\\\/2024\\\/03\\\/alojamento-local-e1710330571887.jpeg\",\"keywords\":[\"Turismo\"],\"articleSection\":[\"Caminha\"],\"inLanguage\":\"pt-PT\",\"copyrightYear\":\"2024\",\"copyrightHolder\":{\"@id\":\"https:\\\/\\\/www.altominho.tv\\\/site\\\/#organization\"}},{\"@type\":\"WebPage\",\"@id\":\"https:\\\/\\\/www.altominho.tv\\\/site\\\/2024\\\/03\\\/13\\\/alojamento-local-disparou-em-2023\\\/\",\"url\":\"https:\\\/\\\/www.altominho.tv\\\/site\\\/2024\\\/03\\\/13\\\/alojamento-local-disparou-em-2023\\\/\",\"name\":\"Alojamento Local disparou em 2023\",\"isPartOf\":{\"@id\":\"https:\\\/\\\/www.altominho.tv\\\/site\\\/#website\"},\"primaryImageOfPage\":{\"@id\":\"https:\\\/\\\/www.altominho.tv\\\/site\\\/2024\\\/03\\\/13\\\/alojamento-local-disparou-em-2023\\\/#primaryimage\"},\"image\":{\"@id\":\"https:\\\/\\\/www.altominho.tv\\\/site\\\/2024\\\/03\\\/13\\\/alojamento-local-disparou-em-2023\\\/#primaryimage\"},\"thumbnailUrl\":\"https:\\\/\\\/www.altominho.tv\\\/site\\\/wp-content\\\/uploads\\\/2024\\\/03\\\/alojamento-local-e1710330571887.jpeg\",\"datePublished\":\"2024-03-13T11:54:22+00:00\",\"dateModified\":\"2024-03-13T11:54:24+00:00\",\"author\":{\"@id\":\"https:\\\/\\\/www.altominho.tv\\\/site\\\/#\\\/schema\\\/person\\\/4e536851627d7914baf3dac752b6af22\"},\"description\":\"O n\u00famero de novos estabelecimentos de Alojamento Local licenciados em 2023, em Caminha, ultrapassou as duas dezenas, colocando no mercado uma centena de novas camas, informou hoje o munic\u00edpio local.\",\"breadcrumb\":{\"@id\":\"https:\\\/\\\/www.altominho.tv\\\/site\\\/2024\\\/03\\\/13\\\/alojamento-local-disparou-em-2023\\\/#breadcrumb\"},\"inLanguage\":\"pt-PT\",\"potentialAction\":[{\"@type\":\"ReadAction\",\"target\":[\"https:\\\/\\\/www.altominho.tv\\\/site\\\/2024\\\/03\\\/13\\\/alojamento-local-disparou-em-2023\\\/\"]}]},{\"@type\":\"ImageObject\",\"inLanguage\":\"pt-PT\",\"@id\":\"https:\\\/\\\/www.altominho.tv\\\/site\\\/2024\\\/03\\\/13\\\/alojamento-local-disparou-em-2023\\\/#primaryimage\",\"url\":\"https:\\\/\\\/www.altominho.tv\\\/site\\\/wp-content\\\/uploads\\\/2024\\\/03\\\/alojamento-local-e1710330571887.jpeg\",\"contentUrl\":\"https:\\\/\\\/www.altominho.tv\\\/site\\\/wp-content\\\/uploads\\\/2024\\\/03\\\/alojamento-local-e1710330571887.jpeg\",\"width\":2048,\"height\":1153},{\"@type\":\"BreadcrumbList\",\"@id\":\"https:\\\/\\\/www.altominho.tv\\\/site\\\/2024\\\/03\\\/13\\\/alojamento-local-disparou-em-2023\\\/#breadcrumb\",\"itemListElement\":[{\"@type\":\"ListItem\",\"position\":1,\"name\":\"In\u00edcio\",\"item\":\"https:\\\/\\\/www.altominho.tv\\\/site\\\/\"},{\"@type\":\"ListItem\",\"position\":2,\"name\":\"Alojamento Local disparou em 2023\"}]},{\"@type\":\"WebSite\",\"@id\":\"https:\\\/\\\/www.altominho.tv\\\/site\\\/#website\",\"url\":\"https:\\\/\\\/www.altominho.tv\\\/site\\\/\",\"name\":\"Altominho.tv\",\"description\":\"A sua regi\u00e3o \u00e0 dist\u00e2ncia de um clique...\",\"potentialAction\":[{\"@type\":\"SearchAction\",\"target\":{\"@type\":\"EntryPoint\",\"urlTemplate\":\"https:\\\/\\\/www.altominho.tv\\\/site\\\/?s={search_term_string}\"},\"query-input\":{\"@type\":\"PropertyValueSpecification\",\"valueRequired\":true,\"valueName\":\"search_term_string\"}}],\"inLanguage\":\"pt-PT\"},{\"@type\":\"Person\",\"@id\":\"https:\\\/\\\/www.altominho.tv\\\/site\\\/#\\\/schema\\\/person\\\/4e536851627d7914baf3dac752b6af22\",\"name\":\"Altominho.tv\",\"image\":{\"@type\":\"ImageObject\",\"inLanguage\":\"pt-PT\",\"@id\":\"https:\\\/\\\/www.altominho.tv\\\/site\\\/wp-content\\\/uploads\\\/2019\\\/11\\\/Logo_Avatar_2-150x150.jpg\",\"url\":\"https:\\\/\\\/www.altominho.tv\\\/site\\\/wp-content\\\/uploads\\\/2019\\\/11\\\/Logo_Avatar_2-150x150.jpg\",\"contentUrl\":\"https:\\\/\\\/www.altominho.tv\\\/site\\\/wp-content\\\/uploads\\\/2019\\\/11\\\/Logo_Avatar_2-150x150.jpg\",\"caption\":\"Altominho.tv\"},\"url\":\"https:\\\/\\\/www.altominho.tv\\\/site\\\/author\\\/altominhotv-tecnico\\\/\"}]}<\/script>\n<!-- \/ Yoast SEO Premium plugin. -->","yoast_head_json":{"title":"Alojamento Local disparou em 2023","description":"O n\u00famero de novos estabelecimentos de Alojamento Local licenciados em 2023, em Caminha, ultrapassou as duas dezenas, colocando no mercado uma centena de novas camas, informou hoje o munic\u00edpio local.","robots":{"index":"index","follow":"follow","max-snippet":"max-snippet:-1","max-image-preview":"max-image-preview:large","max-video-preview":"max-video-preview:-1"},"canonical":"https:\/\/www.altominho.tv\/site\/2024\/03\/13\/alojamento-local-disparou-em-2023\/","og_locale":"pt_PT","og_type":"article","og_title":"Alojamento Local disparou em 2023","og_description":"O n\u00famero de novos estabelecimentos de Alojamento Local licenciados em 2023, em Caminha, ultrapassou as duas dezenas, colocando no mercado uma centena de novas camas, informou hoje o munic\u00edpio local.","og_url":"https:\/\/www.altominho.tv\/site\/2024\/03\/13\/alojamento-local-disparou-em-2023\/","og_site_name":"Altominho.tv","article_publisher":"https:\/\/www.facebook.com\/altominhotv","article_published_time":"2024-03-13T11:54:22+00:00","article_modified_time":"2024-03-13T11:54:24+00:00","og_image":[{"width":2048,"height":1153,"url":"https:\/\/www.altominho.tv\/site\/wp-content\/uploads\/2024\/03\/alojamento-local-e1710330571887.jpeg","type":"image\/jpeg"}],"author":"Altominho.tv","twitter_card":"summary_large_image","twitter_creator":"@altominhoTV","twitter_site":"@altominhoTV","twitter_misc":{"Escrito por":"Altominho.tv","Tempo estimado de leitura":"1 minuto"},"schema":{"@context":"https:\/\/schema.org","@graph":[{"@type":"Article","@id":"https:\/\/www.altominho.tv\/site\/2024\/03\/13\/alojamento-local-disparou-em-2023\/#article","isPartOf":{"@id":"https:\/\/www.altominho.tv\/site\/2024\/03\/13\/alojamento-local-disparou-em-2023\/"},"author":{"name":"Altominho.tv","@id":"https:\/\/www.altominho.tv\/site\/#\/schema\/person\/4e536851627d7914baf3dac752b6af22"},"headline":"Alojamento Local disparou em 2023","datePublished":"2024-03-13T11:54:22+00:00","dateModified":"2024-03-13T11:54:24+00:00","mainEntityOfPage":{"@id":"https:\/\/www.altominho.tv\/site\/2024\/03\/13\/alojamento-local-disparou-em-2023\/"},"wordCount":151,"image":{"@id":"https:\/\/www.altominho.tv\/site\/2024\/03\/13\/alojamento-local-disparou-em-2023\/#primaryimage"},"thumbnailUrl":"https:\/\/www.altominho.tv\/site\/wp-content\/uploads\/2024\/03\/alojamento-local-e1710330571887.jpeg","keywords":["Turismo"],"articleSection":["Caminha"],"inLanguage":"pt-PT","copyrightYear":"2024","copyrightHolder":{"@id":"https:\/\/www.altominho.tv\/site\/#organization"}},{"@type":"WebPage","@id":"https:\/\/www.altominho.tv\/site\/2024\/03\/13\/alojamento-local-disparou-em-2023\/","url":"https:\/\/www.altominho.tv\/site\/2024\/03\/13\/alojamento-local-disparou-em-2023\/","name":"Alojamento Local disparou em 2023","isPartOf":{"@id":"https:\/\/www.altominho.tv\/site\/#website"},"primaryImageOfPage":{"@id":"https:\/\/www.altominho.tv\/site\/2024\/03\/13\/alojamento-local-disparou-em-2023\/#primaryimage"},"image":{"@id":"https:\/\/www.altominho.tv\/site\/2024\/03\/13\/alojamento-local-disparou-em-2023\/#primaryimage"},"thumbnailUrl":"https:\/\/www.altominho.tv\/site\/wp-content\/uploads\/2024\/03\/alojamento-local-e1710330571887.jpeg","datePublished":"2024-03-13T11:54:22+00:00","dateModified":"2024-03-13T11:54:24+00:00","author":{"@id":"https:\/\/www.altominho.tv\/site\/#\/schema\/person\/4e536851627d7914baf3dac752b6af22"},"description":"O n\u00famero de novos estabelecimentos de Alojamento Local licenciados em 2023, em Caminha, ultrapassou as duas dezenas, colocando no mercado uma centena de novas camas, informou hoje o munic\u00edpio local.","breadcrumb":{"@id":"https:\/\/www.altominho.tv\/site\/2024\/03\/13\/alojamento-local-disparou-em-2023\/#breadcrumb"},"inLanguage":"pt-PT","potentialAction":[{"@type":"ReadAction","target":["https:\/\/www.altominho.tv\/site\/2024\/03\/13\/alojamento-local-disparou-em-2023\/"]}]},{"@type":"ImageObject","inLanguage":"pt-PT","@id":"https:\/\/www.altominho.tv\/site\/2024\/03\/13\/alojamento-local-disparou-em-2023\/#primaryimage","url":"https:\/\/www.altominho.tv\/site\/wp-content\/uploads\/2024\/03\/alojamento-local-e1710330571887.jpeg","contentUrl":"https:\/\/www.altominho.tv\/site\/wp-content\/uploads\/2024\/03\/alojamento-local-e1710330571887.jpeg","width":2048,"height":1153},{"@type":"BreadcrumbList","@id":"https:\/\/www.altominho.tv\/site\/2024\/03\/13\/alojamento-local-disparou-em-2023\/#breadcrumb","itemListElement":[{"@type":"ListItem","position":1,"name":"In\u00edcio","item":"https:\/\/www.altominho.tv\/site\/"},{"@type":"ListItem","position":2,"name":"Alojamento Local disparou em 2023"}]},{"@type":"WebSite","@id":"https:\/\/www.altominho.tv\/site\/#website","url":"https:\/\/www.altominho.tv\/site\/","name":"Altominho.tv","description":"A sua regi\u00e3o \u00e0 dist\u00e2ncia de um clique...","potentialAction":[{"@type":"SearchAction","target":{"@type":"EntryPoint","urlTemplate":"https:\/\/www.altominho.tv\/site\/?s={search_term_string}"},"query-input":{"@type":"PropertyValueSpecification","valueRequired":true,"valueName":"search_term_string"}}],"inLanguage":"pt-PT"},{"@type":"Person","@id":"https:\/\/www.altominho.tv\/site\/#\/schema\/person\/4e536851627d7914baf3dac752b6af22","name":"Altominho.tv","image":{"@type":"ImageObject","inLanguage":"pt-PT","@id":"https:\/\/www.altominho.tv\/site\/wp-content\/uploads\/2019\/11\/Logo_Avatar_2-150x150.jpg","url":"https:\/\/www.altominho.tv\/site\/wp-content\/uploads\/2019\/11\/Logo_Avatar_2-150x150.jpg","contentUrl":"https:\/\/www.altominho.tv\/site\/wp-content\/uploads\/2019\/11\/Logo_Avatar_2-150x150.jpg","caption":"Altominho.tv"},"url":"https:\/\/www.altominho.tv\/site\/author\/altominhotv-tecnico\/"}]}},"_links":{"self":[{"href":"https:\/\/www.altominho.tv\/site\/wp-json\/wp\/v2\/posts\/105320","targetHints":{"allow":["GET"]}}],"collection":[{"href":"https:\/\/www.altominho.tv\/site\/wp-json\/wp\/v2\/posts"}],"about":[{"href":"https:\/\/www.altominho.tv\/site\/wp-json\/wp\/v2\/types\/post"}],"author":[{"embeddable":true,"href":"https:\/\/www.altominho.tv\/site\/wp-json\/wp\/v2\/users\/1"}],"replies":[{"embeddable":true,"href":"https:\/\/www.altominho.tv\/site\/wp-json\/wp\/v2\/comments?post=105320"}],"version-history":[{"count":1,"href":"https:\/\/www.altominho.tv\/site\/wp-json\/wp\/v2\/posts\/105320\/revisions"}],"predecessor-version":[{"id":105322,"href":"https:\/\/www.altominho.tv\/site\/wp-json\/wp\/v2\/posts\/105320\/revisions\/105322"}],"wp:featuredmedia":[{"embeddable":true,"href":"https:\/\/www.altominho.tv\/site\/wp-json\/wp\/v2\/media\/105321"}],"wp:attachment":[{"href":"https:\/\/www.altominho.tv\/site\/wp-json\/wp\/v2\/media?parent=105320"}],"wp:term":[{"taxonomy":"category","embeddable":true,"href":"https:\/\/www.altominho.tv\/site\/wp-json\/wp\/v2\/categories?post=105320"},{"taxonomy":"post_tag","embeddable":true,"href":"https:\/\/www.altominho.tv\/site\/wp-json\/wp\/v2\/tags?post=105320"}],"curies":[{"name":"wp","href":"https:\/\/api.w.org\/{rel}","templated":true}]}}