{"id":104960,"date":"2024-03-05T13:19:42","date_gmt":"2024-03-05T13:19:42","guid":{"rendered":"https:\/\/www.altominho.tv\/site\/?p=104960"},"modified":"2024-03-05T13:27:04","modified_gmt":"2024-03-05T13:27:04","slug":"pj-detem-explicador-suspeito-de-abuso-sexual-de-menores-em-viana-do-castelo","status":"publish","type":"post","link":"https:\/\/www.altominho.tv\/site\/2024\/03\/05\/pj-detem-explicador-suspeito-de-abuso-sexual-de-menores-em-viana-do-castelo\/","title":{"rendered":"PJ det\u00e9m explicador suspeito de abuso sexual de menores em Viana do Castelo"},"content":{"rendered":"<p>A Pol\u00edcia Judici\u00e1ria (PJ) deteve um homem de 48 anos, residente no concelho de Viana do Castelo, suspeito da pr\u00e1tica de crimes de abuso sexual de menores dependentes ou em situa\u00e7\u00e3o vulner\u00e1vel, foi hoje anunciado.<\/p>\n<p>\u201cValendo-se da atividade de apoio ao estudo, que desenvolvia em instala\u00e7\u00f5es arrendadas para o efeito, este homem ter\u00e1 alegadamente abusado de, pelo menos, dois menores, com 14 e 15 anos de idade, entre maio de 2023 e janeiro do ano corrente\u201d, refere a PJ em comunicado.<\/p>\n<p>A deten\u00e7\u00e3o ocorreu, na segunda-feira, pelo Departamento de Investiga\u00e7\u00e3o Criminal de Braga.<\/p>\n<p>Segundo a PJ, \u201co suspeito j\u00e1 tem antecedentes por diversos crimes de abuso sexual de crian\u00e7a e atos sexuais com adolescente, tendo sido condenado a cinco anos de pris\u00e3o, com pena suspensa\u201d.<\/p>\n<p>\u201cA pena tinha sido extinta precisamente no m\u00eas em que iniciou os novos abusos agora em investiga\u00e7\u00e3o\u201d, sublinha a PJ.<\/p>\n<p>O detido vai ser presente \u00e0 autoridade judici\u00e1ria para aplica\u00e7\u00e3o das medidas de coa\u00e7\u00e3o.<\/p>\n<p>Em abril de 2018, o tribunal de Viana do Castelo condenou o explicador a cinco anos de pris\u00e3o, com pena suspensa pelo mesmo per\u00edodo, por 82 crimes de abuso sexual de crian\u00e7a e por seis de atos sexuais com adolescentes.<\/p>\n<p>O ac\u00f3rd\u00e3o, que colheu um voto vencido de um dos tr\u00eas ju\u00edzes que integrou o coletivo que julgou o caso, determinou que o homem, que \u00e9 tamb\u00e9m professor de karat\u00e9, fique obrigado a receber acompanhamento psicol\u00f3gico e psiqui\u00e1trico, &#8220;que ser\u00e1 monitorizado de perto&#8221;.<\/p>\n<p>Tem apenas permiss\u00e3o para &#8220;dar explica\u00e7\u00f5es, ter contacto ou participar em atividades que envolvem maiores de 16 anos, de ambos os sexos&#8221;, determinou.<\/p>\n<p>O arguido foi ainda condenado ao pagamento de indemniza\u00e7\u00f5es entre os 400 e os 3.600 euros.<\/p>\n<p>O arguido ter\u00e1 praticado os crimes entre 2013 e 2015.O caso foi conhecido a 6 novembro de 2015, na sequ\u00eancia de uma den\u00fancia apresentada pelos pais de uma das crian\u00e7as que frequentaria as explica\u00e7\u00f5es dadas pelo arguido, que foi detido pela PJ a 21 de novembro de 2015.<\/p>\n","protected":false},"excerpt":{"rendered":"<p>A Pol\u00edcia Judici\u00e1ria (PJ) deteve um homem de 48 anos, residente no concelho de Viana do Castelo, suspeito da pr\u00e1tica de crimes de abuso sexual de menores dependentes ou em situa\u00e7\u00e3o vulner\u00e1vel, foi hoje anunciado. \u201cValendo-se da atividade de apoio ao estudo, que desenvolvia em instala\u00e7\u00f5es arrendadas para o efeito, este homem ter\u00e1 alegadamente abusado [&hellip;]<\/p>\n","protected":false},"author":13,"featured_media":104962,"comment_status":"closed","ping_status":"closed","sticky":false,"template":"","format":"standard","meta":{"_exactmetrics_skip_tracking":false,"_exactmetrics_sitenote_active":false,"_exactmetrics_sitenote_note":"","_exactmetrics_sitenote_category":0,"footnotes":""},"categories":[14],"tags":[27],"class_list":["post-104960","post","type-post","status-publish","format-standard","has-post-thumbnail","hentry","category-viana-do-castelo","tag-sociedade"],"yoast_head":"<!-- This site is optimized with the Yoast SEO Premium plugin v27.4 (Yoast SEO v27.4) - https:\/\/yoast.com\/product\/yoast-seo-premium-wordpress\/ -->\n<title>PJ det\u00e9m explicador suspeito de abuso sexual de menores em Viana do Castelo<\/title>\n<meta name=\"description\" content=\"A Pol\u00edcia Judici\u00e1ria (PJ) deteve um homem de 48 anos, residente no concelho de Viana do Castelo, suspeito da pr\u00e1tica de crimes de abuso sexual de menores dependentes ou em situa\u00e7\u00e3o vulner\u00e1vel, foi hoje anunciado.\" \/>\n<meta name=\"robots\" content=\"index, follow, max-snippet:-1, max-image-preview:large, max-video-preview:-1\" \/>\n<link rel=\"canonical\" href=\"https:\/\/www.altominho.tv\/site\/2024\/03\/05\/pj-detem-explicador-suspeito-de-abuso-sexual-de-menores-em-viana-do-castelo\/\" \/>\n<meta property=\"og:locale\" content=\"pt_PT\" \/>\n<meta property=\"og:type\" content=\"article\" \/>\n<meta property=\"og:title\" content=\"PJ det\u00e9m explicador suspeito de abuso sexual de menores em Viana do Castelo\" \/>\n<meta property=\"og:description\" content=\"A Pol\u00edcia Judici\u00e1ria (PJ) deteve um homem de 48 anos, residente no concelho de Viana do Castelo, suspeito da pr\u00e1tica de crimes de abuso sexual de menores dependentes ou em situa\u00e7\u00e3o vulner\u00e1vel, foi hoje anunciado.\" \/>\n<meta property=\"og:url\" content=\"https:\/\/www.altominho.tv\/site\/2024\/03\/05\/pj-detem-explicador-suspeito-de-abuso-sexual-de-menores-em-viana-do-castelo\/\" \/>\n<meta property=\"og:site_name\" content=\"Altominho.tv\" \/>\n<meta property=\"article:publisher\" content=\"https:\/\/www.facebook.com\/altominhotv\" \/>\n<meta property=\"article:published_time\" content=\"2024-03-05T13:19:42+00:00\" \/>\n<meta property=\"article:modified_time\" content=\"2024-03-05T13:27:04+00:00\" \/>\n<meta property=\"og:image\" content=\"https:\/\/www.altominho.tv\/site\/wp-content\/uploads\/2024\/03\/abuso-infantil-e1709644745355.jpeg\" \/>\n\t<meta property=\"og:image:width\" content=\"1000\" \/>\n\t<meta property=\"og:image:height\" content=\"563\" \/>\n\t<meta property=\"og:image:type\" content=\"image\/jpeg\" \/>\n<meta name=\"author\" content=\"Lusa\" \/>\n<meta name=\"twitter:card\" content=\"summary_large_image\" \/>\n<meta name=\"twitter:creator\" content=\"@altominhoTV\" \/>\n<meta name=\"twitter:site\" content=\"@altominhoTV\" \/>\n<meta name=\"twitter:label1\" content=\"Escrito por\" \/>\n\t<meta name=\"twitter:data1\" content=\"Lusa\" \/>\n\t<meta name=\"twitter:label2\" content=\"Tempo estimado de leitura\" \/>\n\t<meta name=\"twitter:data2\" content=\"3 minutos\" \/>\n<script type=\"application\/ld+json\" class=\"yoast-schema-graph\">{\"@context\":\"https:\\\/\\\/schema.org\",\"@graph\":[{\"@type\":\"Article\",\"@id\":\"https:\\\/\\\/www.altominho.tv\\\/site\\\/2024\\\/03\\\/05\\\/pj-detem-explicador-suspeito-de-abuso-sexual-de-menores-em-viana-do-castelo\\\/#article\",\"isPartOf\":{\"@id\":\"https:\\\/\\\/www.altominho.tv\\\/site\\\/2024\\\/03\\\/05\\\/pj-detem-explicador-suspeito-de-abuso-sexual-de-menores-em-viana-do-castelo\\\/\"},\"author\":{\"name\":\"Lusa\",\"@id\":\"https:\\\/\\\/www.altominho.tv\\\/site\\\/#\\\/schema\\\/person\\\/63f693da3e1899361cbe955c46f3232e\"},\"headline\":\"PJ det\u00e9m explicador suspeito de abuso sexual de menores em Viana do Castelo\",\"datePublished\":\"2024-03-05T13:19:42+00:00\",\"dateModified\":\"2024-03-05T13:27:04+00:00\",\"mainEntityOfPage\":{\"@id\":\"https:\\\/\\\/www.altominho.tv\\\/site\\\/2024\\\/03\\\/05\\\/pj-detem-explicador-suspeito-de-abuso-sexual-de-menores-em-viana-do-castelo\\\/\"},\"wordCount\":359,\"image\":{\"@id\":\"https:\\\/\\\/www.altominho.tv\\\/site\\\/2024\\\/03\\\/05\\\/pj-detem-explicador-suspeito-de-abuso-sexual-de-menores-em-viana-do-castelo\\\/#primaryimage\"},\"thumbnailUrl\":\"https:\\\/\\\/www.altominho.tv\\\/site\\\/wp-content\\\/uploads\\\/2024\\\/03\\\/abuso-infantil-e1709644745355.jpeg\",\"keywords\":[\"Sociedade\"],\"articleSection\":[\"Viana do Castelo\"],\"inLanguage\":\"pt-PT\",\"copyrightYear\":\"2024\",\"copyrightHolder\":{\"@id\":\"https:\\\/\\\/www.altominho.tv\\\/site\\\/#organization\"}},{\"@type\":\"WebPage\",\"@id\":\"https:\\\/\\\/www.altominho.tv\\\/site\\\/2024\\\/03\\\/05\\\/pj-detem-explicador-suspeito-de-abuso-sexual-de-menores-em-viana-do-castelo\\\/\",\"url\":\"https:\\\/\\\/www.altominho.tv\\\/site\\\/2024\\\/03\\\/05\\\/pj-detem-explicador-suspeito-de-abuso-sexual-de-menores-em-viana-do-castelo\\\/\",\"name\":\"PJ det\u00e9m explicador suspeito de abuso sexual de menores em Viana do Castelo\",\"isPartOf\":{\"@id\":\"https:\\\/\\\/www.altominho.tv\\\/site\\\/#website\"},\"primaryImageOfPage\":{\"@id\":\"https:\\\/\\\/www.altominho.tv\\\/site\\\/2024\\\/03\\\/05\\\/pj-detem-explicador-suspeito-de-abuso-sexual-de-menores-em-viana-do-castelo\\\/#primaryimage\"},\"image\":{\"@id\":\"https:\\\/\\\/www.altominho.tv\\\/site\\\/2024\\\/03\\\/05\\\/pj-detem-explicador-suspeito-de-abuso-sexual-de-menores-em-viana-do-castelo\\\/#primaryimage\"},\"thumbnailUrl\":\"https:\\\/\\\/www.altominho.tv\\\/site\\\/wp-content\\\/uploads\\\/2024\\\/03\\\/abuso-infantil-e1709644745355.jpeg\",\"datePublished\":\"2024-03-05T13:19:42+00:00\",\"dateModified\":\"2024-03-05T13:27:04+00:00\",\"author\":{\"@id\":\"https:\\\/\\\/www.altominho.tv\\\/site\\\/#\\\/schema\\\/person\\\/63f693da3e1899361cbe955c46f3232e\"},\"description\":\"A Pol\u00edcia Judici\u00e1ria (PJ) deteve um homem de 48 anos, residente no concelho de Viana do Castelo, suspeito da pr\u00e1tica de crimes de abuso sexual de menores dependentes ou em situa\u00e7\u00e3o vulner\u00e1vel, foi hoje anunciado.\",\"breadcrumb\":{\"@id\":\"https:\\\/\\\/www.altominho.tv\\\/site\\\/2024\\\/03\\\/05\\\/pj-detem-explicador-suspeito-de-abuso-sexual-de-menores-em-viana-do-castelo\\\/#breadcrumb\"},\"inLanguage\":\"pt-PT\",\"potentialAction\":[{\"@type\":\"ReadAction\",\"target\":[\"https:\\\/\\\/www.altominho.tv\\\/site\\\/2024\\\/03\\\/05\\\/pj-detem-explicador-suspeito-de-abuso-sexual-de-menores-em-viana-do-castelo\\\/\"]}]},{\"@type\":\"ImageObject\",\"inLanguage\":\"pt-PT\",\"@id\":\"https:\\\/\\\/www.altominho.tv\\\/site\\\/2024\\\/03\\\/05\\\/pj-detem-explicador-suspeito-de-abuso-sexual-de-menores-em-viana-do-castelo\\\/#primaryimage\",\"url\":\"https:\\\/\\\/www.altominho.tv\\\/site\\\/wp-content\\\/uploads\\\/2024\\\/03\\\/abuso-infantil-e1709644745355.jpeg\",\"contentUrl\":\"https:\\\/\\\/www.altominho.tv\\\/site\\\/wp-content\\\/uploads\\\/2024\\\/03\\\/abuso-infantil-e1709644745355.jpeg\",\"width\":1000,\"height\":563},{\"@type\":\"BreadcrumbList\",\"@id\":\"https:\\\/\\\/www.altominho.tv\\\/site\\\/2024\\\/03\\\/05\\\/pj-detem-explicador-suspeito-de-abuso-sexual-de-menores-em-viana-do-castelo\\\/#breadcrumb\",\"itemListElement\":[{\"@type\":\"ListItem\",\"position\":1,\"name\":\"In\u00edcio\",\"item\":\"https:\\\/\\\/www.altominho.tv\\\/site\\\/\"},{\"@type\":\"ListItem\",\"position\":2,\"name\":\"PJ det\u00e9m explicador suspeito de abuso sexual de menores em Viana do Castelo\"}]},{\"@type\":\"WebSite\",\"@id\":\"https:\\\/\\\/www.altominho.tv\\\/site\\\/#website\",\"url\":\"https:\\\/\\\/www.altominho.tv\\\/site\\\/\",\"name\":\"Altominho.tv\",\"description\":\"A sua regi\u00e3o \u00e0 dist\u00e2ncia de um clique...\",\"potentialAction\":[{\"@type\":\"SearchAction\",\"target\":{\"@type\":\"EntryPoint\",\"urlTemplate\":\"https:\\\/\\\/www.altominho.tv\\\/site\\\/?s={search_term_string}\"},\"query-input\":{\"@type\":\"PropertyValueSpecification\",\"valueRequired\":true,\"valueName\":\"search_term_string\"}}],\"inLanguage\":\"pt-PT\"},{\"@type\":\"Person\",\"@id\":\"https:\\\/\\\/www.altominho.tv\\\/site\\\/#\\\/schema\\\/person\\\/63f693da3e1899361cbe955c46f3232e\",\"name\":\"Lusa\",\"image\":{\"@type\":\"ImageObject\",\"inLanguage\":\"pt-PT\",\"@id\":\"https:\\\/\\\/www.altominho.tv\\\/site\\\/wp-content\\\/uploads\\\/2019\\\/08\\\/LUSA_Logo.gif\",\"url\":\"https:\\\/\\\/www.altominho.tv\\\/site\\\/wp-content\\\/uploads\\\/2019\\\/08\\\/LUSA_Logo.gif\",\"contentUrl\":\"https:\\\/\\\/www.altominho.tv\\\/site\\\/wp-content\\\/uploads\\\/2019\\\/08\\\/LUSA_Logo.gif\",\"caption\":\"Lusa\"},\"sameAs\":[\"http:\\\/\\\/\\\/\\\/www.altominho.tv\\\/site\"],\"url\":\"https:\\\/\\\/www.altominho.tv\\\/site\\\/author\\\/lusa\\\/\"}]}<\/script>\n<!-- \/ Yoast SEO Premium plugin. -->","yoast_head_json":{"title":"PJ det\u00e9m explicador suspeito de abuso sexual de menores em Viana do Castelo","description":"A Pol\u00edcia Judici\u00e1ria (PJ) deteve um homem de 48 anos, residente no concelho de Viana do Castelo, suspeito da pr\u00e1tica de crimes de abuso sexual de menores dependentes ou em situa\u00e7\u00e3o vulner\u00e1vel, foi hoje anunciado.","robots":{"index":"index","follow":"follow","max-snippet":"max-snippet:-1","max-image-preview":"max-image-preview:large","max-video-preview":"max-video-preview:-1"},"canonical":"https:\/\/www.altominho.tv\/site\/2024\/03\/05\/pj-detem-explicador-suspeito-de-abuso-sexual-de-menores-em-viana-do-castelo\/","og_locale":"pt_PT","og_type":"article","og_title":"PJ det\u00e9m explicador suspeito de abuso sexual de menores em Viana do Castelo","og_description":"A Pol\u00edcia Judici\u00e1ria (PJ) deteve um homem de 48 anos, residente no concelho de Viana do Castelo, suspeito da pr\u00e1tica de crimes de abuso sexual de menores dependentes ou em situa\u00e7\u00e3o vulner\u00e1vel, foi hoje anunciado.","og_url":"https:\/\/www.altominho.tv\/site\/2024\/03\/05\/pj-detem-explicador-suspeito-de-abuso-sexual-de-menores-em-viana-do-castelo\/","og_site_name":"Altominho.tv","article_publisher":"https:\/\/www.facebook.com\/altominhotv","article_published_time":"2024-03-05T13:19:42+00:00","article_modified_time":"2024-03-05T13:27:04+00:00","og_image":[{"width":1000,"height":563,"url":"https:\/\/www.altominho.tv\/site\/wp-content\/uploads\/2024\/03\/abuso-infantil-e1709644745355.jpeg","type":"image\/jpeg"}],"author":"Lusa","twitter_card":"summary_large_image","twitter_creator":"@altominhoTV","twitter_site":"@altominhoTV","twitter_misc":{"Escrito por":"Lusa","Tempo estimado de leitura":"3 minutos"},"schema":{"@context":"https:\/\/schema.org","@graph":[{"@type":"Article","@id":"https:\/\/www.altominho.tv\/site\/2024\/03\/05\/pj-detem-explicador-suspeito-de-abuso-sexual-de-menores-em-viana-do-castelo\/#article","isPartOf":{"@id":"https:\/\/www.altominho.tv\/site\/2024\/03\/05\/pj-detem-explicador-suspeito-de-abuso-sexual-de-menores-em-viana-do-castelo\/"},"author":{"name":"Lusa","@id":"https:\/\/www.altominho.tv\/site\/#\/schema\/person\/63f693da3e1899361cbe955c46f3232e"},"headline":"PJ det\u00e9m explicador suspeito de abuso sexual de menores em Viana do Castelo","datePublished":"2024-03-05T13:19:42+00:00","dateModified":"2024-03-05T13:27:04+00:00","mainEntityOfPage":{"@id":"https:\/\/www.altominho.tv\/site\/2024\/03\/05\/pj-detem-explicador-suspeito-de-abuso-sexual-de-menores-em-viana-do-castelo\/"},"wordCount":359,"image":{"@id":"https:\/\/www.altominho.tv\/site\/2024\/03\/05\/pj-detem-explicador-suspeito-de-abuso-sexual-de-menores-em-viana-do-castelo\/#primaryimage"},"thumbnailUrl":"https:\/\/www.altominho.tv\/site\/wp-content\/uploads\/2024\/03\/abuso-infantil-e1709644745355.jpeg","keywords":["Sociedade"],"articleSection":["Viana do Castelo"],"inLanguage":"pt-PT","copyrightYear":"2024","copyrightHolder":{"@id":"https:\/\/www.altominho.tv\/site\/#organization"}},{"@type":"WebPage","@id":"https:\/\/www.altominho.tv\/site\/2024\/03\/05\/pj-detem-explicador-suspeito-de-abuso-sexual-de-menores-em-viana-do-castelo\/","url":"https:\/\/www.altominho.tv\/site\/2024\/03\/05\/pj-detem-explicador-suspeito-de-abuso-sexual-de-menores-em-viana-do-castelo\/","name":"PJ det\u00e9m explicador suspeito de abuso sexual de menores em Viana do Castelo","isPartOf":{"@id":"https:\/\/www.altominho.tv\/site\/#website"},"primaryImageOfPage":{"@id":"https:\/\/www.altominho.tv\/site\/2024\/03\/05\/pj-detem-explicador-suspeito-de-abuso-sexual-de-menores-em-viana-do-castelo\/#primaryimage"},"image":{"@id":"https:\/\/www.altominho.tv\/site\/2024\/03\/05\/pj-detem-explicador-suspeito-de-abuso-sexual-de-menores-em-viana-do-castelo\/#primaryimage"},"thumbnailUrl":"https:\/\/www.altominho.tv\/site\/wp-content\/uploads\/2024\/03\/abuso-infantil-e1709644745355.jpeg","datePublished":"2024-03-05T13:19:42+00:00","dateModified":"2024-03-05T13:27:04+00:00","author":{"@id":"https:\/\/www.altominho.tv\/site\/#\/schema\/person\/63f693da3e1899361cbe955c46f3232e"},"description":"A Pol\u00edcia Judici\u00e1ria (PJ) deteve um homem de 48 anos, residente no concelho de Viana do Castelo, suspeito da pr\u00e1tica de crimes de abuso sexual de menores dependentes ou em situa\u00e7\u00e3o vulner\u00e1vel, foi hoje anunciado.","breadcrumb":{"@id":"https:\/\/www.altominho.tv\/site\/2024\/03\/05\/pj-detem-explicador-suspeito-de-abuso-sexual-de-menores-em-viana-do-castelo\/#breadcrumb"},"inLanguage":"pt-PT","potentialAction":[{"@type":"ReadAction","target":["https:\/\/www.altominho.tv\/site\/2024\/03\/05\/pj-detem-explicador-suspeito-de-abuso-sexual-de-menores-em-viana-do-castelo\/"]}]},{"@type":"ImageObject","inLanguage":"pt-PT","@id":"https:\/\/www.altominho.tv\/site\/2024\/03\/05\/pj-detem-explicador-suspeito-de-abuso-sexual-de-menores-em-viana-do-castelo\/#primaryimage","url":"https:\/\/www.altominho.tv\/site\/wp-content\/uploads\/2024\/03\/abuso-infantil-e1709644745355.jpeg","contentUrl":"https:\/\/www.altominho.tv\/site\/wp-content\/uploads\/2024\/03\/abuso-infantil-e1709644745355.jpeg","width":1000,"height":563},{"@type":"BreadcrumbList","@id":"https:\/\/www.altominho.tv\/site\/2024\/03\/05\/pj-detem-explicador-suspeito-de-abuso-sexual-de-menores-em-viana-do-castelo\/#breadcrumb","itemListElement":[{"@type":"ListItem","position":1,"name":"In\u00edcio","item":"https:\/\/www.altominho.tv\/site\/"},{"@type":"ListItem","position":2,"name":"PJ det\u00e9m explicador suspeito de abuso sexual de menores em Viana do Castelo"}]},{"@type":"WebSite","@id":"https:\/\/www.altominho.tv\/site\/#website","url":"https:\/\/www.altominho.tv\/site\/","name":"Altominho.tv","description":"A sua regi\u00e3o \u00e0 dist\u00e2ncia de um clique...","potentialAction":[{"@type":"SearchAction","target":{"@type":"EntryPoint","urlTemplate":"https:\/\/www.altominho.tv\/site\/?s={search_term_string}"},"query-input":{"@type":"PropertyValueSpecification","valueRequired":true,"valueName":"search_term_string"}}],"inLanguage":"pt-PT"},{"@type":"Person","@id":"https:\/\/www.altominho.tv\/site\/#\/schema\/person\/63f693da3e1899361cbe955c46f3232e","name":"Lusa","image":{"@type":"ImageObject","inLanguage":"pt-PT","@id":"https:\/\/www.altominho.tv\/site\/wp-content\/uploads\/2019\/08\/LUSA_Logo.gif","url":"https:\/\/www.altominho.tv\/site\/wp-content\/uploads\/2019\/08\/LUSA_Logo.gif","contentUrl":"https:\/\/www.altominho.tv\/site\/wp-content\/uploads\/2019\/08\/LUSA_Logo.gif","caption":"Lusa"},"sameAs":["http:\/\/\/\/www.altominho.tv\/site"],"url":"https:\/\/www.altominho.tv\/site\/author\/lusa\/"}]}},"_links":{"self":[{"href":"https:\/\/www.altominho.tv\/site\/wp-json\/wp\/v2\/posts\/104960","targetHints":{"allow":["GET"]}}],"collection":[{"href":"https:\/\/www.altominho.tv\/site\/wp-json\/wp\/v2\/posts"}],"about":[{"href":"https:\/\/www.altominho.tv\/site\/wp-json\/wp\/v2\/types\/post"}],"author":[{"embeddable":true,"href":"https:\/\/www.altominho.tv\/site\/wp-json\/wp\/v2\/users\/13"}],"replies":[{"embeddable":true,"href":"https:\/\/www.altominho.tv\/site\/wp-json\/wp\/v2\/comments?post=104960"}],"version-history":[{"count":3,"href":"https:\/\/www.altominho.tv\/site\/wp-json\/wp\/v2\/posts\/104960\/revisions"}],"predecessor-version":[{"id":104965,"href":"https:\/\/www.altominho.tv\/site\/wp-json\/wp\/v2\/posts\/104960\/revisions\/104965"}],"wp:featuredmedia":[{"embeddable":true,"href":"https:\/\/www.altominho.tv\/site\/wp-json\/wp\/v2\/media\/104962"}],"wp:attachment":[{"href":"https:\/\/www.altominho.tv\/site\/wp-json\/wp\/v2\/media?parent=104960"}],"wp:term":[{"taxonomy":"category","embeddable":true,"href":"https:\/\/www.altominho.tv\/site\/wp-json\/wp\/v2\/categories?post=104960"},{"taxonomy":"post_tag","embeddable":true,"href":"https:\/\/www.altominho.tv\/site\/wp-json\/wp\/v2\/tags?post=104960"}],"curies":[{"name":"wp","href":"https:\/\/api.w.org\/{rel}","templated":true}]}}