{"id":104934,"date":"2024-03-04T19:37:34","date_gmt":"2024-03-04T19:37:34","guid":{"rendered":"https:\/\/www.altominho.tv\/site\/?p=104934"},"modified":"2024-03-04T19:37:37","modified_gmt":"2024-03-04T19:37:37","slug":"jovem-de-vila-nova-de-cerveira-e-jogador-do-futebol-clube-do-porto","status":"publish","type":"post","link":"https:\/\/www.altominho.tv\/site\/2024\/03\/04\/jovem-de-vila-nova-de-cerveira-e-jogador-do-futebol-clube-do-porto\/","title":{"rendered":"Jovem de Vila Nova de Cerveira \u00e9 jogador do Futebol clube do Porto"},"content":{"rendered":"\n<figure class=\"wp-block-embed is-type-video is-provider-youtube wp-block-embed-youtube wp-embed-aspect-16-9 wp-has-aspect-ratio\"><div class=\"wp-block-embed__wrapper\">\n<iframe loading=\"lazy\" title=\"Jovem de Vila Nova de Cerveira \u00e9 jogador do Futebol clube do Porto | Altominho TV\" width=\"770\" height=\"433\" src=\"https:\/\/www.youtube.com\/embed\/vflGYmZBVJY?feature=oembed\" frameborder=\"0\" allow=\"accelerometer; autoplay; clipboard-write; encrypted-media; gyroscope; picture-in-picture; web-share\" allowfullscreen><\/iframe>\n<\/div><\/figure>\n\n\n<p>Duarte Cunha \u00e9 natural de Vila Nova de Cerveira e joga, atualmente, no Futebol Clube do Porto. A Altominho.tv, foi conhecer o jovem futebolista de 16 anos e o seu percurso.<\/p>\n<p>A paix\u00e3o come\u00e7ou desde cedo no desportivo de Cerveira, clube que mant\u00e9m no cora\u00e7\u00e3o. Mais tarde, seguiu para o Futebol clube de Porto onde, entre treinos e estudos, revela as perip\u00e9cias deste desafio.<\/p>\n<p>Duarte conta tamb\u00e9m com a participa\u00e7\u00e3o na Sele\u00e7\u00e3o Nacional, feito que recorda com orgulho e satisfa\u00e7\u00e3o.<\/p>\n<p>Com o apoio da fam\u00edlia e amigos, o jovem continua a trabalhar para alcan\u00e7ar objetivos e concretizar sonhos, mantendo-se sempre grato e orgulhoso deste percurso<\/p>","protected":false},"excerpt":{"rendered":"<p>Duarte Cunha \u00e9 natural de Vila Nova de Cerveira e joga, atualmente, no Futebol Clube do Porto. A Altominho.tv, foi conhecer o jovem futebolista de 16 anos e o seu percurso. A paix\u00e3o come\u00e7ou desde cedo no desportivo de Cerveira, clube que mant\u00e9m no cora\u00e7\u00e3o. Mais tarde, seguiu para o Futebol clube de Porto onde, [&hellip;]<\/p>\n","protected":false},"author":9,"featured_media":104935,"comment_status":"closed","ping_status":"closed","sticky":false,"template":"","format":"video","meta":{"_exactmetrics_skip_tracking":false,"_exactmetrics_sitenote_active":false,"_exactmetrics_sitenote_note":"","_exactmetrics_sitenote_category":0,"footnotes":""},"categories":[15],"tags":[20],"class_list":["post-104934","post","type-post","status-publish","format-video","has-post-thumbnail","hentry","category-vila-nova-de-cerveira","tag-desporto","post_format-post-format-video"],"yoast_head":"<!-- This site is optimized with the Yoast SEO Premium plugin v27.5 (Yoast SEO v27.5) - https:\/\/yoast.com\/product\/yoast-seo-premium-wordpress\/ -->\n<title>Jovem de Vila Nova de Cerveira \u00e9 jogador do Futebol clube do Porto<\/title>\n<meta name=\"robots\" content=\"index, follow, max-snippet:-1, max-image-preview:large, max-video-preview:-1\" \/>\n<link rel=\"canonical\" href=\"https:\/\/www.altominho.tv\/site\/2024\/03\/04\/jovem-de-vila-nova-de-cerveira-e-jogador-do-futebol-clube-do-porto\/\" \/>\n<meta property=\"og:locale\" content=\"pt_PT\" \/>\n<meta property=\"og:type\" content=\"article\" \/>\n<meta property=\"og:title\" content=\"Jovem de Vila Nova de Cerveira \u00e9 jogador do Futebol clube do Porto\" \/>\n<meta property=\"og:description\" content=\"Duarte Cunha \u00e9 natural de Vila Nova de Cerveira e joga, atualmente, no Futebol Clube do Porto. A Altominho.tv, foi conhecer o jovem futebolista de 16 anos e o seu percurso. A paix\u00e3o come\u00e7ou desde cedo no desportivo de Cerveira, clube que mant\u00e9m no cora\u00e7\u00e3o. Mais tarde, seguiu para o Futebol clube de Porto onde, [&hellip;]\" \/>\n<meta property=\"og:url\" content=\"https:\/\/www.altominho.tv\/site\/2024\/03\/04\/jovem-de-vila-nova-de-cerveira-e-jogador-do-futebol-clube-do-porto\/\" \/>\n<meta property=\"og:site_name\" content=\"Altominho.tv\" \/>\n<meta property=\"article:publisher\" content=\"https:\/\/www.facebook.com\/altominhotv\" \/>\n<meta property=\"article:published_time\" content=\"2024-03-04T19:37:34+00:00\" \/>\n<meta property=\"article:modified_time\" content=\"2024-03-04T19:37:37+00:00\" \/>\n<meta property=\"og:image\" content=\"https:\/\/www.altominho.tv\/site\/wp-content\/uploads\/2024\/03\/duarte-.jpg\" \/>\n\t<meta property=\"og:image:width\" content=\"1920\" \/>\n\t<meta property=\"og:image:height\" content=\"1080\" \/>\n\t<meta property=\"og:image:type\" content=\"image\/jpeg\" \/>\n<meta name=\"author\" content=\"Rafael Pereira\" \/>\n<meta name=\"twitter:card\" content=\"summary_large_image\" \/>\n<meta name=\"twitter:creator\" content=\"@altominhoTV\" \/>\n<meta name=\"twitter:site\" content=\"@altominhoTV\" \/>\n<meta name=\"twitter:label1\" content=\"Escrito por\" \/>\n\t<meta name=\"twitter:data1\" content=\"Rafael Pereira\" \/>\n\t<meta name=\"twitter:label2\" content=\"Tempo estimado de leitura\" \/>\n\t<meta name=\"twitter:data2\" content=\"1 minuto\" \/>\n<script type=\"application\/ld+json\" class=\"yoast-schema-graph\">{\"@context\":\"https:\\\/\\\/schema.org\",\"@graph\":[{\"@type\":\"Article\",\"@id\":\"https:\\\/\\\/www.altominho.tv\\\/site\\\/2024\\\/03\\\/04\\\/jovem-de-vila-nova-de-cerveira-e-jogador-do-futebol-clube-do-porto\\\/#article\",\"isPartOf\":{\"@id\":\"https:\\\/\\\/www.altominho.tv\\\/site\\\/2024\\\/03\\\/04\\\/jovem-de-vila-nova-de-cerveira-e-jogador-do-futebol-clube-do-porto\\\/\"},\"author\":{\"name\":\"Rafael Pereira\",\"@id\":\"https:\\\/\\\/www.altominho.tv\\\/site\\\/#\\\/schema\\\/person\\\/2690abd4f0b3984514ce0607afbfced7\"},\"headline\":\"Jovem de Vila Nova de Cerveira \u00e9 jogador do Futebol clube do Porto\",\"datePublished\":\"2024-03-04T19:37:34+00:00\",\"dateModified\":\"2024-03-04T19:37:37+00:00\",\"mainEntityOfPage\":{\"@id\":\"https:\\\/\\\/www.altominho.tv\\\/site\\\/2024\\\/03\\\/04\\\/jovem-de-vila-nova-de-cerveira-e-jogador-do-futebol-clube-do-porto\\\/\"},\"wordCount\":131,\"image\":{\"@id\":\"https:\\\/\\\/www.altominho.tv\\\/site\\\/2024\\\/03\\\/04\\\/jovem-de-vila-nova-de-cerveira-e-jogador-do-futebol-clube-do-porto\\\/#primaryimage\"},\"thumbnailUrl\":\"https:\\\/\\\/www.altominho.tv\\\/site\\\/wp-content\\\/uploads\\\/2024\\\/03\\\/duarte-.jpg\",\"keywords\":[\"Desporto\"],\"articleSection\":[\"Vila Nova de Cerveira\"],\"inLanguage\":\"pt-PT\",\"copyrightYear\":\"2024\",\"copyrightHolder\":{\"@id\":\"https:\\\/\\\/www.altominho.tv\\\/site\\\/#organization\"}},{\"@type\":\"WebPage\",\"@id\":\"https:\\\/\\\/www.altominho.tv\\\/site\\\/2024\\\/03\\\/04\\\/jovem-de-vila-nova-de-cerveira-e-jogador-do-futebol-clube-do-porto\\\/\",\"url\":\"https:\\\/\\\/www.altominho.tv\\\/site\\\/2024\\\/03\\\/04\\\/jovem-de-vila-nova-de-cerveira-e-jogador-do-futebol-clube-do-porto\\\/\",\"name\":\"Jovem de Vila Nova de Cerveira \u00e9 jogador do Futebol clube do Porto\",\"isPartOf\":{\"@id\":\"https:\\\/\\\/www.altominho.tv\\\/site\\\/#website\"},\"primaryImageOfPage\":{\"@id\":\"https:\\\/\\\/www.altominho.tv\\\/site\\\/2024\\\/03\\\/04\\\/jovem-de-vila-nova-de-cerveira-e-jogador-do-futebol-clube-do-porto\\\/#primaryimage\"},\"image\":{\"@id\":\"https:\\\/\\\/www.altominho.tv\\\/site\\\/2024\\\/03\\\/04\\\/jovem-de-vila-nova-de-cerveira-e-jogador-do-futebol-clube-do-porto\\\/#primaryimage\"},\"thumbnailUrl\":\"https:\\\/\\\/www.altominho.tv\\\/site\\\/wp-content\\\/uploads\\\/2024\\\/03\\\/duarte-.jpg\",\"datePublished\":\"2024-03-04T19:37:34+00:00\",\"dateModified\":\"2024-03-04T19:37:37+00:00\",\"author\":{\"@id\":\"https:\\\/\\\/www.altominho.tv\\\/site\\\/#\\\/schema\\\/person\\\/2690abd4f0b3984514ce0607afbfced7\"},\"breadcrumb\":{\"@id\":\"https:\\\/\\\/www.altominho.tv\\\/site\\\/2024\\\/03\\\/04\\\/jovem-de-vila-nova-de-cerveira-e-jogador-do-futebol-clube-do-porto\\\/#breadcrumb\"},\"inLanguage\":\"pt-PT\",\"potentialAction\":[{\"@type\":\"ReadAction\",\"target\":[\"https:\\\/\\\/www.altominho.tv\\\/site\\\/2024\\\/03\\\/04\\\/jovem-de-vila-nova-de-cerveira-e-jogador-do-futebol-clube-do-porto\\\/\"]}]},{\"@type\":\"ImageObject\",\"inLanguage\":\"pt-PT\",\"@id\":\"https:\\\/\\\/www.altominho.tv\\\/site\\\/2024\\\/03\\\/04\\\/jovem-de-vila-nova-de-cerveira-e-jogador-do-futebol-clube-do-porto\\\/#primaryimage\",\"url\":\"https:\\\/\\\/www.altominho.tv\\\/site\\\/wp-content\\\/uploads\\\/2024\\\/03\\\/duarte-.jpg\",\"contentUrl\":\"https:\\\/\\\/www.altominho.tv\\\/site\\\/wp-content\\\/uploads\\\/2024\\\/03\\\/duarte-.jpg\",\"width\":1920,\"height\":1080},{\"@type\":\"BreadcrumbList\",\"@id\":\"https:\\\/\\\/www.altominho.tv\\\/site\\\/2024\\\/03\\\/04\\\/jovem-de-vila-nova-de-cerveira-e-jogador-do-futebol-clube-do-porto\\\/#breadcrumb\",\"itemListElement\":[{\"@type\":\"ListItem\",\"position\":1,\"name\":\"In\u00edcio\",\"item\":\"https:\\\/\\\/www.altominho.tv\\\/site\\\/\"},{\"@type\":\"ListItem\",\"position\":2,\"name\":\"Jovem de Vila Nova de Cerveira \u00e9 jogador do Futebol clube do Porto\"}]},{\"@type\":\"WebSite\",\"@id\":\"https:\\\/\\\/www.altominho.tv\\\/site\\\/#website\",\"url\":\"https:\\\/\\\/www.altominho.tv\\\/site\\\/\",\"name\":\"Altominho.tv\",\"description\":\"A sua regi\u00e3o \u00e0 dist\u00e2ncia de um clique...\",\"potentialAction\":[{\"@type\":\"SearchAction\",\"target\":{\"@type\":\"EntryPoint\",\"urlTemplate\":\"https:\\\/\\\/www.altominho.tv\\\/site\\\/?s={search_term_string}\"},\"query-input\":{\"@type\":\"PropertyValueSpecification\",\"valueRequired\":true,\"valueName\":\"search_term_string\"}}],\"inLanguage\":\"pt-PT\"},{\"@type\":\"Person\",\"@id\":\"https:\\\/\\\/www.altominho.tv\\\/site\\\/#\\\/schema\\\/person\\\/2690abd4f0b3984514ce0607afbfced7\",\"name\":\"Rafael Pereira\",\"image\":{\"@type\":\"ImageObject\",\"inLanguage\":\"pt-PT\",\"@id\":\"https:\\\/\\\/www.altominho.tv\\\/site\\\/wp-content\\\/uploads\\\/2021\\\/08\\\/42996867_1705603802900752_8292335788369117184_n-150x150.jpeg\",\"url\":\"https:\\\/\\\/www.altominho.tv\\\/site\\\/wp-content\\\/uploads\\\/2021\\\/08\\\/42996867_1705603802900752_8292335788369117184_n-150x150.jpeg\",\"contentUrl\":\"https:\\\/\\\/www.altominho.tv\\\/site\\\/wp-content\\\/uploads\\\/2021\\\/08\\\/42996867_1705603802900752_8292335788369117184_n-150x150.jpeg\",\"caption\":\"Rafael Pereira\"},\"url\":\"https:\\\/\\\/www.altominho.tv\\\/site\\\/author\\\/rafaelpereira\\\/\"}]}<\/script>\n<meta property=\"og:video\" content=\"https:\/\/www.youtube.com\/embed\/vflGYmZBVJY\" \/>\n<meta property=\"og:video:type\" content=\"text\/html\" \/>\n<meta property=\"og:video:duration\" content=\"178\" \/>\n<meta property=\"og:video:width\" content=\"480\" \/>\n<meta property=\"og:video:height\" content=\"270\" \/>\n<meta property=\"ya:ovs:adult\" content=\"false\" \/>\n<meta property=\"ya:ovs:upload_date\" content=\"2024-03-04T19:37:34+00:00\" \/>\n<meta property=\"ya:ovs:allow_embed\" content=\"true\" \/>\n<!-- \/ Yoast SEO Premium plugin. -->","yoast_head_json":{"title":"Jovem de Vila Nova de Cerveira \u00e9 jogador do Futebol clube do Porto","robots":{"index":"index","follow":"follow","max-snippet":"max-snippet:-1","max-image-preview":"max-image-preview:large","max-video-preview":"max-video-preview:-1"},"canonical":"https:\/\/www.altominho.tv\/site\/2024\/03\/04\/jovem-de-vila-nova-de-cerveira-e-jogador-do-futebol-clube-do-porto\/","og_locale":"pt_PT","og_type":"article","og_title":"Jovem de Vila Nova de Cerveira \u00e9 jogador do Futebol clube do Porto","og_description":"Duarte Cunha \u00e9 natural de Vila Nova de Cerveira e joga, atualmente, no Futebol Clube do Porto. A Altominho.tv, foi conhecer o jovem futebolista de 16 anos e o seu percurso. A paix\u00e3o come\u00e7ou desde cedo no desportivo de Cerveira, clube que mant\u00e9m no cora\u00e7\u00e3o. Mais tarde, seguiu para o Futebol clube de Porto onde, [&hellip;]","og_url":"https:\/\/www.altominho.tv\/site\/2024\/03\/04\/jovem-de-vila-nova-de-cerveira-e-jogador-do-futebol-clube-do-porto\/","og_site_name":"Altominho.tv","article_publisher":"https:\/\/www.facebook.com\/altominhotv","article_published_time":"2024-03-04T19:37:34+00:00","article_modified_time":"2024-03-04T19:37:37+00:00","og_image":[{"width":1920,"height":1080,"url":"https:\/\/www.altominho.tv\/site\/wp-content\/uploads\/2024\/03\/duarte-.jpg","type":"image\/jpeg"}],"author":"Rafael Pereira","twitter_card":"summary_large_image","twitter_creator":"@altominhoTV","twitter_site":"@altominhoTV","twitter_misc":{"Escrito por":"Rafael Pereira","Tempo estimado de leitura":"1 minuto"},"schema":{"@context":"https:\/\/schema.org","@graph":[{"@type":"Article","@id":"https:\/\/www.altominho.tv\/site\/2024\/03\/04\/jovem-de-vila-nova-de-cerveira-e-jogador-do-futebol-clube-do-porto\/#article","isPartOf":{"@id":"https:\/\/www.altominho.tv\/site\/2024\/03\/04\/jovem-de-vila-nova-de-cerveira-e-jogador-do-futebol-clube-do-porto\/"},"author":{"name":"Rafael Pereira","@id":"https:\/\/www.altominho.tv\/site\/#\/schema\/person\/2690abd4f0b3984514ce0607afbfced7"},"headline":"Jovem de Vila Nova de Cerveira \u00e9 jogador do Futebol clube do Porto","datePublished":"2024-03-04T19:37:34+00:00","dateModified":"2024-03-04T19:37:37+00:00","mainEntityOfPage":{"@id":"https:\/\/www.altominho.tv\/site\/2024\/03\/04\/jovem-de-vila-nova-de-cerveira-e-jogador-do-futebol-clube-do-porto\/"},"wordCount":131,"image":{"@id":"https:\/\/www.altominho.tv\/site\/2024\/03\/04\/jovem-de-vila-nova-de-cerveira-e-jogador-do-futebol-clube-do-porto\/#primaryimage"},"thumbnailUrl":"https:\/\/www.altominho.tv\/site\/wp-content\/uploads\/2024\/03\/duarte-.jpg","keywords":["Desporto"],"articleSection":["Vila Nova de Cerveira"],"inLanguage":"pt-PT","copyrightYear":"2024","copyrightHolder":{"@id":"https:\/\/www.altominho.tv\/site\/#organization"}},{"@type":"WebPage","@id":"https:\/\/www.altominho.tv\/site\/2024\/03\/04\/jovem-de-vila-nova-de-cerveira-e-jogador-do-futebol-clube-do-porto\/","url":"https:\/\/www.altominho.tv\/site\/2024\/03\/04\/jovem-de-vila-nova-de-cerveira-e-jogador-do-futebol-clube-do-porto\/","name":"Jovem de Vila Nova de Cerveira \u00e9 jogador do Futebol clube do Porto","isPartOf":{"@id":"https:\/\/www.altominho.tv\/site\/#website"},"primaryImageOfPage":{"@id":"https:\/\/www.altominho.tv\/site\/2024\/03\/04\/jovem-de-vila-nova-de-cerveira-e-jogador-do-futebol-clube-do-porto\/#primaryimage"},"image":{"@id":"https:\/\/www.altominho.tv\/site\/2024\/03\/04\/jovem-de-vila-nova-de-cerveira-e-jogador-do-futebol-clube-do-porto\/#primaryimage"},"thumbnailUrl":"https:\/\/www.altominho.tv\/site\/wp-content\/uploads\/2024\/03\/duarte-.jpg","datePublished":"2024-03-04T19:37:34+00:00","dateModified":"2024-03-04T19:37:37+00:00","author":{"@id":"https:\/\/www.altominho.tv\/site\/#\/schema\/person\/2690abd4f0b3984514ce0607afbfced7"},"breadcrumb":{"@id":"https:\/\/www.altominho.tv\/site\/2024\/03\/04\/jovem-de-vila-nova-de-cerveira-e-jogador-do-futebol-clube-do-porto\/#breadcrumb"},"inLanguage":"pt-PT","potentialAction":[{"@type":"ReadAction","target":["https:\/\/www.altominho.tv\/site\/2024\/03\/04\/jovem-de-vila-nova-de-cerveira-e-jogador-do-futebol-clube-do-porto\/"]}]},{"@type":"ImageObject","inLanguage":"pt-PT","@id":"https:\/\/www.altominho.tv\/site\/2024\/03\/04\/jovem-de-vila-nova-de-cerveira-e-jogador-do-futebol-clube-do-porto\/#primaryimage","url":"https:\/\/www.altominho.tv\/site\/wp-content\/uploads\/2024\/03\/duarte-.jpg","contentUrl":"https:\/\/www.altominho.tv\/site\/wp-content\/uploads\/2024\/03\/duarte-.jpg","width":1920,"height":1080},{"@type":"BreadcrumbList","@id":"https:\/\/www.altominho.tv\/site\/2024\/03\/04\/jovem-de-vila-nova-de-cerveira-e-jogador-do-futebol-clube-do-porto\/#breadcrumb","itemListElement":[{"@type":"ListItem","position":1,"name":"In\u00edcio","item":"https:\/\/www.altominho.tv\/site\/"},{"@type":"ListItem","position":2,"name":"Jovem de Vila Nova de Cerveira \u00e9 jogador do Futebol clube do Porto"}]},{"@type":"WebSite","@id":"https:\/\/www.altominho.tv\/site\/#website","url":"https:\/\/www.altominho.tv\/site\/","name":"Altominho.tv","description":"A sua regi\u00e3o \u00e0 dist\u00e2ncia de um clique...","potentialAction":[{"@type":"SearchAction","target":{"@type":"EntryPoint","urlTemplate":"https:\/\/www.altominho.tv\/site\/?s={search_term_string}"},"query-input":{"@type":"PropertyValueSpecification","valueRequired":true,"valueName":"search_term_string"}}],"inLanguage":"pt-PT"},{"@type":"Person","@id":"https:\/\/www.altominho.tv\/site\/#\/schema\/person\/2690abd4f0b3984514ce0607afbfced7","name":"Rafael Pereira","image":{"@type":"ImageObject","inLanguage":"pt-PT","@id":"https:\/\/www.altominho.tv\/site\/wp-content\/uploads\/2021\/08\/42996867_1705603802900752_8292335788369117184_n-150x150.jpeg","url":"https:\/\/www.altominho.tv\/site\/wp-content\/uploads\/2021\/08\/42996867_1705603802900752_8292335788369117184_n-150x150.jpeg","contentUrl":"https:\/\/www.altominho.tv\/site\/wp-content\/uploads\/2021\/08\/42996867_1705603802900752_8292335788369117184_n-150x150.jpeg","caption":"Rafael Pereira"},"url":"https:\/\/www.altominho.tv\/site\/author\/rafaelpereira\/"}]},"og_video":"https:\/\/www.youtube.com\/embed\/vflGYmZBVJY","og_video_type":"text\/html","og_video_duration":"178","og_video_width":"480","og_video_height":"270","ya_ovs_adult":"false","ya_ovs_upload_date":"2024-03-04T19:37:34+00:00","ya_ovs_allow_embed":"true"},"_links":{"self":[{"href":"https:\/\/www.altominho.tv\/site\/wp-json\/wp\/v2\/posts\/104934","targetHints":{"allow":["GET"]}}],"collection":[{"href":"https:\/\/www.altominho.tv\/site\/wp-json\/wp\/v2\/posts"}],"about":[{"href":"https:\/\/www.altominho.tv\/site\/wp-json\/wp\/v2\/types\/post"}],"author":[{"embeddable":true,"href":"https:\/\/www.altominho.tv\/site\/wp-json\/wp\/v2\/users\/9"}],"replies":[{"embeddable":true,"href":"https:\/\/www.altominho.tv\/site\/wp-json\/wp\/v2\/comments?post=104934"}],"version-history":[{"count":2,"href":"https:\/\/www.altominho.tv\/site\/wp-json\/wp\/v2\/posts\/104934\/revisions"}],"predecessor-version":[{"id":104944,"href":"https:\/\/www.altominho.tv\/site\/wp-json\/wp\/v2\/posts\/104934\/revisions\/104944"}],"wp:featuredmedia":[{"embeddable":true,"href":"https:\/\/www.altominho.tv\/site\/wp-json\/wp\/v2\/media\/104935"}],"wp:attachment":[{"href":"https:\/\/www.altominho.tv\/site\/wp-json\/wp\/v2\/media?parent=104934"}],"wp:term":[{"taxonomy":"category","embeddable":true,"href":"https:\/\/www.altominho.tv\/site\/wp-json\/wp\/v2\/categories?post=104934"},{"taxonomy":"post_tag","embeddable":true,"href":"https:\/\/www.altominho.tv\/site\/wp-json\/wp\/v2\/tags?post=104934"}],"curies":[{"name":"wp","href":"https:\/\/api.w.org\/{rel}","templated":true}]}}