{"id":104882,"date":"2024-03-01T15:16:39","date_gmt":"2024-03-01T15:16:39","guid":{"rendered":"https:\/\/www.altominho.tv\/site\/?p=104882"},"modified":"2024-03-01T15:16:41","modified_gmt":"2024-03-01T15:16:41","slug":"vila-nova-de-cerveira-cerveira-projeto-europeu","status":"publish","type":"post","link":"https:\/\/www.altominho.tv\/site\/2024\/03\/01\/vila-nova-de-cerveira-cerveira-projeto-europeu\/","title":{"rendered":"Aberta vaga para jovem cerveirense participar em projeto europeu de Mobilidade Jovem"},"content":{"rendered":"\n<p>Na qualidade de parceiro do projeto europeu &#8220;ENVIRONMENTAL CULTURE&#8221; &#8211; Mobilidade Jovem, o Munic\u00edpio de Vila Nova de Cerveira tem a decorrer o processo de candidatura para a participa\u00e7\u00e3o de uma jovem cerveirense (sexo feminino), entre os 18 e 25 anos, no interc\u00e2mbio de jovens agendado para a Sardenha (It\u00e1lia), de 20 a 26 de maio.<\/p>\n\n\n\n<p>&#8220;Trata-se de uma segunda fase de recrutamento, ap\u00f3s um dos jovens j\u00e1 selecionados ter manifestado incompatibilidade com a nova data do evento, inicialmente previsto para outubro passado&#8221;, deu hoje nota a autarquia.<\/p>\n\n\n\n<p>Durante este encontro internacional, 30 jovens de cinco pa\u00edses europeus s\u00e3o desafiados a analisar e a debater temas emergentes relacionados com a sustentabilidade ambiental, a rela\u00e7\u00e3o dos jovens com a natureza e as suas ra\u00edzes culturais.<\/p>\n\n\n\n<p>Sendo uma oportunidade \u00fanica para a interliga\u00e7\u00e3o e coopera\u00e7\u00e3o entre jovens de diferentes nacionalidades, est\u00e1 estipulado que as compet\u00eancias adquiridas pelos jovens participantes sejam validadas atrav\u00e9s dos instrumentos de certifica\u00e7\u00e3o do programa ERASMUS +: Youth pass e Europass Curriculum Vitae.<\/p>\n\n\n\n<p>De acordo com as novas Normas de Participa\u00e7\u00e3o, aprovadas em reuni\u00e3o de c\u00e2mara desta ter\u00e7a-feira, s\u00e3o destinat\u00e1rios eleg\u00edveis para participar neste concurso, jovens do sexo feminino residentes e\/ou naturais em\/de Vila Nova de Cerveira com idade m\u00ednima de 18 anos (a 29 de fevereiro do corrente ano) e m\u00e1xima de 25 anos. O recrutamento e sele\u00e7\u00e3o de apenas uma jovem do sexo feminino visa dar cumprimento \u00e0s regras de equidade do g\u00e9nero estipuladas em candidatura.<\/p>\n\n\n\n<p>O per\u00edodo de candidaturas decorre entre esta sexta-feira, 1 de mar\u00e7o e as 23h59 do dia 08 de mar\u00e7o, remetendo os documentos necess\u00e1rios para&nbsp;<a href=\"mailto:investimento.adl@cm-vncerveira.pt\" target=\"_blank\" rel=\"noreferrer noopener\">investimento.adl@cm-vncerveira.pt<\/a><\/p>\n\n\n\n<p>Aprovado em 2023, o projeto &#8220;ENVIRONMENTAL CULTURE\u201d (2023-1-IT03-KA152-YOU-000148860) \u00e9 financiado pela Ag\u00eancia Italiana da Juventude, enquadrado no programa ERASMUS +, com um cons\u00f3rcio composto pelo Munic\u00edpio de Vila Nova de Cerveira, pela Comune di Tramatza &#8211; It\u00e1lia (coordenador do projeto), Ayuntamiento de Montserrat \u2013 Espanha, Asociatia Se Poate \u2013 Rom\u00e9nia e Associa\u00e7\u00e3o Green Art (Turquia).<\/p>\n","protected":false},"excerpt":{"rendered":"<p>Na qualidade de parceiro do projeto europeu &#8220;ENVIRONMENTAL CULTURE&#8221; &#8211; Mobilidade Jovem, o Munic\u00edpio de Vila Nova de Cerveira tem a decorrer o processo de candidatura para a participa\u00e7\u00e3o de uma jovem cerveirense (sexo feminino), entre os 18 e 25 anos, no interc\u00e2mbio de jovens agendado para a Sardenha (It\u00e1lia), de 20 a 26 de [&hellip;]<\/p>\n","protected":false},"author":7,"featured_media":104883,"comment_status":"closed","ping_status":"closed","sticky":false,"template":"","format":"standard","meta":{"_exactmetrics_skip_tracking":false,"_exactmetrics_sitenote_active":false,"_exactmetrics_sitenote_note":"","_exactmetrics_sitenote_category":0,"footnotes":""},"categories":[15],"tags":[22,27],"class_list":["post-104882","post","type-post","status-publish","format-standard","has-post-thumbnail","hentry","category-vila-nova-de-cerveira","tag-educacao","tag-sociedade"],"yoast_head":"<!-- This site is optimized with the Yoast SEO Premium plugin v27.5 (Yoast SEO v27.5) - https:\/\/yoast.com\/product\/yoast-seo-premium-wordpress\/ -->\n<title>Aberta vaga para jovem cerveirense participar em projeto europeu de Mobilidade Jovem<\/title>\n<meta name=\"description\" content=\"Aberta vaga para jovem cerveirense participar em projeto europeu de Mobilidade Jovem.\" \/>\n<meta name=\"robots\" content=\"index, follow, max-snippet:-1, max-image-preview:large, max-video-preview:-1\" \/>\n<link rel=\"canonical\" href=\"https:\/\/www.altominho.tv\/site\/2024\/03\/01\/vila-nova-de-cerveira-cerveira-projeto-europeu\/\" \/>\n<meta property=\"og:locale\" content=\"pt_PT\" \/>\n<meta property=\"og:type\" content=\"article\" \/>\n<meta property=\"og:title\" content=\"Aberta vaga para jovem cerveirense participar em projeto europeu de Mobilidade Jovem\" \/>\n<meta property=\"og:description\" content=\"Aberta vaga para jovem cerveirense participar em projeto europeu de Mobilidade Jovem.\" \/>\n<meta property=\"og:url\" content=\"https:\/\/www.altominho.tv\/site\/2024\/03\/01\/vila-nova-de-cerveira-cerveira-projeto-europeu\/\" \/>\n<meta property=\"og:site_name\" content=\"Altominho.tv\" \/>\n<meta property=\"article:publisher\" content=\"https:\/\/www.facebook.com\/altominhotv\" \/>\n<meta property=\"article:published_time\" content=\"2024-03-01T15:16:39+00:00\" \/>\n<meta property=\"article:modified_time\" content=\"2024-03-01T15:16:41+00:00\" \/>\n<meta property=\"og:image\" content=\"https:\/\/www.altominho.tv\/site\/wp-content\/uploads\/2024\/03\/projeto_de_mobilidade_jovem_1_980_2500.jpg\" \/>\n\t<meta property=\"og:image:width\" content=\"980\" \/>\n\t<meta property=\"og:image:height\" content=\"653\" \/>\n\t<meta property=\"og:image:type\" content=\"image\/jpeg\" \/>\n<meta name=\"author\" content=\"Andreia Cunha\" \/>\n<meta name=\"twitter:card\" content=\"summary_large_image\" \/>\n<meta name=\"twitter:creator\" content=\"@altominhoTV\" \/>\n<meta name=\"twitter:site\" content=\"@altominhoTV\" \/>\n<meta name=\"twitter:label1\" content=\"Escrito por\" \/>\n\t<meta name=\"twitter:data1\" content=\"Andreia Cunha\" \/>\n\t<meta name=\"twitter:label2\" content=\"Tempo estimado de leitura\" \/>\n\t<meta name=\"twitter:data2\" content=\"2 minutos\" \/>\n<script type=\"application\/ld+json\" class=\"yoast-schema-graph\">{\"@context\":\"https:\\\/\\\/schema.org\",\"@graph\":[{\"@type\":\"Article\",\"@id\":\"https:\\\/\\\/www.altominho.tv\\\/site\\\/2024\\\/03\\\/01\\\/vila-nova-de-cerveira-cerveira-projeto-europeu\\\/#article\",\"isPartOf\":{\"@id\":\"https:\\\/\\\/www.altominho.tv\\\/site\\\/2024\\\/03\\\/01\\\/vila-nova-de-cerveira-cerveira-projeto-europeu\\\/\"},\"author\":{\"name\":\"Andreia Cunha\",\"@id\":\"https:\\\/\\\/www.altominho.tv\\\/site\\\/#\\\/schema\\\/person\\\/a0e4ef6d041f98ca284393d8f1d97153\"},\"headline\":\"Aberta vaga para jovem cerveirense participar em projeto europeu de Mobilidade Jovem\",\"datePublished\":\"2024-03-01T15:16:39+00:00\",\"dateModified\":\"2024-03-01T15:16:41+00:00\",\"mainEntityOfPage\":{\"@id\":\"https:\\\/\\\/www.altominho.tv\\\/site\\\/2024\\\/03\\\/01\\\/vila-nova-de-cerveira-cerveira-projeto-europeu\\\/\"},\"wordCount\":359,\"image\":{\"@id\":\"https:\\\/\\\/www.altominho.tv\\\/site\\\/2024\\\/03\\\/01\\\/vila-nova-de-cerveira-cerveira-projeto-europeu\\\/#primaryimage\"},\"thumbnailUrl\":\"https:\\\/\\\/www.altominho.tv\\\/site\\\/wp-content\\\/uploads\\\/2024\\\/03\\\/projeto_de_mobilidade_jovem_1_980_2500.jpg\",\"keywords\":[\"Educa\u00e7\u00e3o\",\"Sociedade\"],\"articleSection\":[\"Vila Nova de Cerveira\"],\"inLanguage\":\"pt-PT\",\"copyrightYear\":\"2024\",\"copyrightHolder\":{\"@id\":\"https:\\\/\\\/www.altominho.tv\\\/site\\\/#organization\"}},{\"@type\":\"WebPage\",\"@id\":\"https:\\\/\\\/www.altominho.tv\\\/site\\\/2024\\\/03\\\/01\\\/vila-nova-de-cerveira-cerveira-projeto-europeu\\\/\",\"url\":\"https:\\\/\\\/www.altominho.tv\\\/site\\\/2024\\\/03\\\/01\\\/vila-nova-de-cerveira-cerveira-projeto-europeu\\\/\",\"name\":\"Aberta vaga para jovem cerveirense participar em projeto europeu de Mobilidade Jovem\",\"isPartOf\":{\"@id\":\"https:\\\/\\\/www.altominho.tv\\\/site\\\/#website\"},\"primaryImageOfPage\":{\"@id\":\"https:\\\/\\\/www.altominho.tv\\\/site\\\/2024\\\/03\\\/01\\\/vila-nova-de-cerveira-cerveira-projeto-europeu\\\/#primaryimage\"},\"image\":{\"@id\":\"https:\\\/\\\/www.altominho.tv\\\/site\\\/2024\\\/03\\\/01\\\/vila-nova-de-cerveira-cerveira-projeto-europeu\\\/#primaryimage\"},\"thumbnailUrl\":\"https:\\\/\\\/www.altominho.tv\\\/site\\\/wp-content\\\/uploads\\\/2024\\\/03\\\/projeto_de_mobilidade_jovem_1_980_2500.jpg\",\"datePublished\":\"2024-03-01T15:16:39+00:00\",\"dateModified\":\"2024-03-01T15:16:41+00:00\",\"author\":{\"@id\":\"https:\\\/\\\/www.altominho.tv\\\/site\\\/#\\\/schema\\\/person\\\/a0e4ef6d041f98ca284393d8f1d97153\"},\"description\":\"Aberta vaga para jovem cerveirense participar em projeto europeu de Mobilidade Jovem.\",\"breadcrumb\":{\"@id\":\"https:\\\/\\\/www.altominho.tv\\\/site\\\/2024\\\/03\\\/01\\\/vila-nova-de-cerveira-cerveira-projeto-europeu\\\/#breadcrumb\"},\"inLanguage\":\"pt-PT\",\"potentialAction\":[{\"@type\":\"ReadAction\",\"target\":[\"https:\\\/\\\/www.altominho.tv\\\/site\\\/2024\\\/03\\\/01\\\/vila-nova-de-cerveira-cerveira-projeto-europeu\\\/\"]}]},{\"@type\":\"ImageObject\",\"inLanguage\":\"pt-PT\",\"@id\":\"https:\\\/\\\/www.altominho.tv\\\/site\\\/2024\\\/03\\\/01\\\/vila-nova-de-cerveira-cerveira-projeto-europeu\\\/#primaryimage\",\"url\":\"https:\\\/\\\/www.altominho.tv\\\/site\\\/wp-content\\\/uploads\\\/2024\\\/03\\\/projeto_de_mobilidade_jovem_1_980_2500.jpg\",\"contentUrl\":\"https:\\\/\\\/www.altominho.tv\\\/site\\\/wp-content\\\/uploads\\\/2024\\\/03\\\/projeto_de_mobilidade_jovem_1_980_2500.jpg\",\"width\":980,\"height\":653},{\"@type\":\"BreadcrumbList\",\"@id\":\"https:\\\/\\\/www.altominho.tv\\\/site\\\/2024\\\/03\\\/01\\\/vila-nova-de-cerveira-cerveira-projeto-europeu\\\/#breadcrumb\",\"itemListElement\":[{\"@type\":\"ListItem\",\"position\":1,\"name\":\"In\u00edcio\",\"item\":\"https:\\\/\\\/www.altominho.tv\\\/site\\\/\"},{\"@type\":\"ListItem\",\"position\":2,\"name\":\"Aberta vaga para jovem cerveirense participar em projeto europeu de Mobilidade Jovem\"}]},{\"@type\":\"WebSite\",\"@id\":\"https:\\\/\\\/www.altominho.tv\\\/site\\\/#website\",\"url\":\"https:\\\/\\\/www.altominho.tv\\\/site\\\/\",\"name\":\"Altominho.tv\",\"description\":\"A sua regi\u00e3o \u00e0 dist\u00e2ncia de um clique...\",\"potentialAction\":[{\"@type\":\"SearchAction\",\"target\":{\"@type\":\"EntryPoint\",\"urlTemplate\":\"https:\\\/\\\/www.altominho.tv\\\/site\\\/?s={search_term_string}\"},\"query-input\":{\"@type\":\"PropertyValueSpecification\",\"valueRequired\":true,\"valueName\":\"search_term_string\"}}],\"inLanguage\":\"pt-PT\"},{\"@type\":\"Person\",\"@id\":\"https:\\\/\\\/www.altominho.tv\\\/site\\\/#\\\/schema\\\/person\\\/a0e4ef6d041f98ca284393d8f1d97153\",\"name\":\"Andreia Cunha\",\"image\":{\"@type\":\"ImageObject\",\"inLanguage\":\"pt-PT\",\"@id\":\"https:\\\/\\\/www.altominho.tv\\\/site\\\/wp-content\\\/uploads\\\/2017\\\/11\\\/Andreia_Cunha-1-150x150.jpg\",\"url\":\"https:\\\/\\\/www.altominho.tv\\\/site\\\/wp-content\\\/uploads\\\/2017\\\/11\\\/Andreia_Cunha-1-150x150.jpg\",\"contentUrl\":\"https:\\\/\\\/www.altominho.tv\\\/site\\\/wp-content\\\/uploads\\\/2017\\\/11\\\/Andreia_Cunha-1-150x150.jpg\",\"caption\":\"Andreia Cunha\"},\"url\":\"https:\\\/\\\/www.altominho.tv\\\/site\\\/author\\\/andreiacunha\\\/\"}]}<\/script>\n<!-- \/ Yoast SEO Premium plugin. -->","yoast_head_json":{"title":"Aberta vaga para jovem cerveirense participar em projeto europeu de Mobilidade Jovem","description":"Aberta vaga para jovem cerveirense participar em projeto europeu de Mobilidade Jovem.","robots":{"index":"index","follow":"follow","max-snippet":"max-snippet:-1","max-image-preview":"max-image-preview:large","max-video-preview":"max-video-preview:-1"},"canonical":"https:\/\/www.altominho.tv\/site\/2024\/03\/01\/vila-nova-de-cerveira-cerveira-projeto-europeu\/","og_locale":"pt_PT","og_type":"article","og_title":"Aberta vaga para jovem cerveirense participar em projeto europeu de Mobilidade Jovem","og_description":"Aberta vaga para jovem cerveirense participar em projeto europeu de Mobilidade Jovem.","og_url":"https:\/\/www.altominho.tv\/site\/2024\/03\/01\/vila-nova-de-cerveira-cerveira-projeto-europeu\/","og_site_name":"Altominho.tv","article_publisher":"https:\/\/www.facebook.com\/altominhotv","article_published_time":"2024-03-01T15:16:39+00:00","article_modified_time":"2024-03-01T15:16:41+00:00","og_image":[{"width":980,"height":653,"url":"https:\/\/www.altominho.tv\/site\/wp-content\/uploads\/2024\/03\/projeto_de_mobilidade_jovem_1_980_2500.jpg","type":"image\/jpeg"}],"author":"Andreia Cunha","twitter_card":"summary_large_image","twitter_creator":"@altominhoTV","twitter_site":"@altominhoTV","twitter_misc":{"Escrito por":"Andreia Cunha","Tempo estimado de leitura":"2 minutos"},"schema":{"@context":"https:\/\/schema.org","@graph":[{"@type":"Article","@id":"https:\/\/www.altominho.tv\/site\/2024\/03\/01\/vila-nova-de-cerveira-cerveira-projeto-europeu\/#article","isPartOf":{"@id":"https:\/\/www.altominho.tv\/site\/2024\/03\/01\/vila-nova-de-cerveira-cerveira-projeto-europeu\/"},"author":{"name":"Andreia Cunha","@id":"https:\/\/www.altominho.tv\/site\/#\/schema\/person\/a0e4ef6d041f98ca284393d8f1d97153"},"headline":"Aberta vaga para jovem cerveirense participar em projeto europeu de Mobilidade Jovem","datePublished":"2024-03-01T15:16:39+00:00","dateModified":"2024-03-01T15:16:41+00:00","mainEntityOfPage":{"@id":"https:\/\/www.altominho.tv\/site\/2024\/03\/01\/vila-nova-de-cerveira-cerveira-projeto-europeu\/"},"wordCount":359,"image":{"@id":"https:\/\/www.altominho.tv\/site\/2024\/03\/01\/vila-nova-de-cerveira-cerveira-projeto-europeu\/#primaryimage"},"thumbnailUrl":"https:\/\/www.altominho.tv\/site\/wp-content\/uploads\/2024\/03\/projeto_de_mobilidade_jovem_1_980_2500.jpg","keywords":["Educa\u00e7\u00e3o","Sociedade"],"articleSection":["Vila Nova de Cerveira"],"inLanguage":"pt-PT","copyrightYear":"2024","copyrightHolder":{"@id":"https:\/\/www.altominho.tv\/site\/#organization"}},{"@type":"WebPage","@id":"https:\/\/www.altominho.tv\/site\/2024\/03\/01\/vila-nova-de-cerveira-cerveira-projeto-europeu\/","url":"https:\/\/www.altominho.tv\/site\/2024\/03\/01\/vila-nova-de-cerveira-cerveira-projeto-europeu\/","name":"Aberta vaga para jovem cerveirense participar em projeto europeu de Mobilidade Jovem","isPartOf":{"@id":"https:\/\/www.altominho.tv\/site\/#website"},"primaryImageOfPage":{"@id":"https:\/\/www.altominho.tv\/site\/2024\/03\/01\/vila-nova-de-cerveira-cerveira-projeto-europeu\/#primaryimage"},"image":{"@id":"https:\/\/www.altominho.tv\/site\/2024\/03\/01\/vila-nova-de-cerveira-cerveira-projeto-europeu\/#primaryimage"},"thumbnailUrl":"https:\/\/www.altominho.tv\/site\/wp-content\/uploads\/2024\/03\/projeto_de_mobilidade_jovem_1_980_2500.jpg","datePublished":"2024-03-01T15:16:39+00:00","dateModified":"2024-03-01T15:16:41+00:00","author":{"@id":"https:\/\/www.altominho.tv\/site\/#\/schema\/person\/a0e4ef6d041f98ca284393d8f1d97153"},"description":"Aberta vaga para jovem cerveirense participar em projeto europeu de Mobilidade Jovem.","breadcrumb":{"@id":"https:\/\/www.altominho.tv\/site\/2024\/03\/01\/vila-nova-de-cerveira-cerveira-projeto-europeu\/#breadcrumb"},"inLanguage":"pt-PT","potentialAction":[{"@type":"ReadAction","target":["https:\/\/www.altominho.tv\/site\/2024\/03\/01\/vila-nova-de-cerveira-cerveira-projeto-europeu\/"]}]},{"@type":"ImageObject","inLanguage":"pt-PT","@id":"https:\/\/www.altominho.tv\/site\/2024\/03\/01\/vila-nova-de-cerveira-cerveira-projeto-europeu\/#primaryimage","url":"https:\/\/www.altominho.tv\/site\/wp-content\/uploads\/2024\/03\/projeto_de_mobilidade_jovem_1_980_2500.jpg","contentUrl":"https:\/\/www.altominho.tv\/site\/wp-content\/uploads\/2024\/03\/projeto_de_mobilidade_jovem_1_980_2500.jpg","width":980,"height":653},{"@type":"BreadcrumbList","@id":"https:\/\/www.altominho.tv\/site\/2024\/03\/01\/vila-nova-de-cerveira-cerveira-projeto-europeu\/#breadcrumb","itemListElement":[{"@type":"ListItem","position":1,"name":"In\u00edcio","item":"https:\/\/www.altominho.tv\/site\/"},{"@type":"ListItem","position":2,"name":"Aberta vaga para jovem cerveirense participar em projeto europeu de Mobilidade Jovem"}]},{"@type":"WebSite","@id":"https:\/\/www.altominho.tv\/site\/#website","url":"https:\/\/www.altominho.tv\/site\/","name":"Altominho.tv","description":"A sua regi\u00e3o \u00e0 dist\u00e2ncia de um clique...","potentialAction":[{"@type":"SearchAction","target":{"@type":"EntryPoint","urlTemplate":"https:\/\/www.altominho.tv\/site\/?s={search_term_string}"},"query-input":{"@type":"PropertyValueSpecification","valueRequired":true,"valueName":"search_term_string"}}],"inLanguage":"pt-PT"},{"@type":"Person","@id":"https:\/\/www.altominho.tv\/site\/#\/schema\/person\/a0e4ef6d041f98ca284393d8f1d97153","name":"Andreia Cunha","image":{"@type":"ImageObject","inLanguage":"pt-PT","@id":"https:\/\/www.altominho.tv\/site\/wp-content\/uploads\/2017\/11\/Andreia_Cunha-1-150x150.jpg","url":"https:\/\/www.altominho.tv\/site\/wp-content\/uploads\/2017\/11\/Andreia_Cunha-1-150x150.jpg","contentUrl":"https:\/\/www.altominho.tv\/site\/wp-content\/uploads\/2017\/11\/Andreia_Cunha-1-150x150.jpg","caption":"Andreia Cunha"},"url":"https:\/\/www.altominho.tv\/site\/author\/andreiacunha\/"}]}},"_links":{"self":[{"href":"https:\/\/www.altominho.tv\/site\/wp-json\/wp\/v2\/posts\/104882","targetHints":{"allow":["GET"]}}],"collection":[{"href":"https:\/\/www.altominho.tv\/site\/wp-json\/wp\/v2\/posts"}],"about":[{"href":"https:\/\/www.altominho.tv\/site\/wp-json\/wp\/v2\/types\/post"}],"author":[{"embeddable":true,"href":"https:\/\/www.altominho.tv\/site\/wp-json\/wp\/v2\/users\/7"}],"replies":[{"embeddable":true,"href":"https:\/\/www.altominho.tv\/site\/wp-json\/wp\/v2\/comments?post=104882"}],"version-history":[{"count":1,"href":"https:\/\/www.altominho.tv\/site\/wp-json\/wp\/v2\/posts\/104882\/revisions"}],"predecessor-version":[{"id":104884,"href":"https:\/\/www.altominho.tv\/site\/wp-json\/wp\/v2\/posts\/104882\/revisions\/104884"}],"wp:featuredmedia":[{"embeddable":true,"href":"https:\/\/www.altominho.tv\/site\/wp-json\/wp\/v2\/media\/104883"}],"wp:attachment":[{"href":"https:\/\/www.altominho.tv\/site\/wp-json\/wp\/v2\/media?parent=104882"}],"wp:term":[{"taxonomy":"category","embeddable":true,"href":"https:\/\/www.altominho.tv\/site\/wp-json\/wp\/v2\/categories?post=104882"},{"taxonomy":"post_tag","embeddable":true,"href":"https:\/\/www.altominho.tv\/site\/wp-json\/wp\/v2\/tags?post=104882"}],"curies":[{"name":"wp","href":"https:\/\/api.w.org\/{rel}","templated":true}]}}