{"id":104687,"date":"2024-02-23T15:40:20","date_gmt":"2024-02-23T15:40:20","guid":{"rendered":"https:\/\/www.altominho.tv\/site\/?p=104687"},"modified":"2024-02-23T15:40:23","modified_gmt":"2024-02-23T15:40:23","slug":"cerveira-saude-2","status":"publish","type":"post","link":"https:\/\/www.altominho.tv\/site\/2024\/02\/23\/cerveira-saude-2\/","title":{"rendered":"Alunos do 4\u00ba ano realizaram rastreios ao daltonismo em Cerveira"},"content":{"rendered":"\n<p>A C\u00e2mara Municipal de Vila Nova de Cerveira promoveu, esta semana, mais um rastreio ao daltonismo nos tr\u00eas centros escolares do concelho, no \u00e2mbito do \u201cPrograma ColorADD nas Escolas\u201d, uma iniciativa que visa a dete\u00e7\u00e3o precoce desta patologia.<\/p>\n\n\n\n<p>Com a presen\u00e7a da Vereadora da Educa\u00e7\u00e3o, S\u00f3nia Guerreiro, cerca de 90 crian\u00e7as a frequentar o 4\u00ba ano de escolaridade participaram neste rastreio, levando para casa um Kit-oferta da autarquia composto por um saco, com l\u00e1pis de cor com os s\u00edmbolos da ColorADD.Social e um livro de atividades (pintura e desenho).<\/p>\n\n\n\n<p>A visita de uma equipa din\u00e2mica e multidisciplinar da ColorADD.Social, complementada com elementos de uma \u00f3tica local, foi dinamizada em tr\u00eas momentos: um primeiro de sensibiliza\u00e7\u00e3o para o problema do daltonismo e os seus constrangimentos; a a\u00e7\u00e3o&nbsp; denominada \u201cVer e Sentir as Cores\u201d, possibilitando a experi\u00eancia de ver o mundo pelos olhos de um dalt\u00f3nico e, assim, sentir na primeira pessoa as dificuldades e constrangimentos desta limita\u00e7\u00e3o; e, por \u00faltimo, a realiza\u00e7\u00e3o do rastreio precoce do daltonismo e da acuidade visual, permitindo para fazer o despiste de outros problemas de vis\u00e3o e identificar poss\u00edveis casos de daltonismo.<\/p>\n\n\n\n<p>A ColorADD.Social \u00e9 uma associa\u00e7\u00e3o sem fins lucrativos que tem como objetivo promover a consciencializa\u00e7\u00e3o sobre o daltonismo e a integra\u00e7\u00e3o social de pessoas com dificuldade na identifica\u00e7\u00e3o de cores, alertando para os constrangimentos resultantes desta limita\u00e7\u00e3o e apresentando uma linguagem inclusiva, universal e transversal \u2013 o c\u00f3digo ColorADD.<\/p>\n\n\n\n<figure class=\"wp-block-image size-large\"><img loading=\"lazy\" decoding=\"async\" width=\"1024\" height=\"683\" src=\"https:\/\/www.altominho.tv\/site\/wp-content\/uploads\/2024\/02\/ColorAdd10-1024x683.jpg\" alt=\"\" class=\"wp-image-104689\" srcset=\"https:\/\/www.altominho.tv\/site\/wp-content\/uploads\/2024\/02\/ColorAdd10-1024x683.jpg 1024w, https:\/\/www.altominho.tv\/site\/wp-content\/uploads\/2024\/02\/ColorAdd10-650x433.jpg 650w, https:\/\/www.altominho.tv\/site\/wp-content\/uploads\/2024\/02\/ColorAdd10-768x512.jpg 768w, https:\/\/www.altominho.tv\/site\/wp-content\/uploads\/2024\/02\/ColorAdd10-1536x1024.jpg 1536w, https:\/\/www.altominho.tv\/site\/wp-content\/uploads\/2024\/02\/ColorAdd10-370x247.jpg 370w, https:\/\/www.altominho.tv\/site\/wp-content\/uploads\/2024\/02\/ColorAdd10-270x180.jpg 270w, https:\/\/www.altominho.tv\/site\/wp-content\/uploads\/2024\/02\/ColorAdd10-570x380.jpg 570w, https:\/\/www.altominho.tv\/site\/wp-content\/uploads\/2024\/02\/ColorAdd10-740x493.jpg 740w, https:\/\/www.altominho.tv\/site\/wp-content\/uploads\/2024\/02\/ColorAdd10.jpg 2048w\" sizes=\"auto, (max-width: 1024px) 100vw, 1024px\" \/><\/figure>\n","protected":false},"excerpt":{"rendered":"<p>A C\u00e2mara Municipal de Vila Nova de Cerveira promoveu, esta semana, mais um rastreio ao daltonismo nos tr\u00eas centros escolares do concelho, no \u00e2mbito do \u201cPrograma ColorADD nas Escolas\u201d, uma iniciativa que visa a dete\u00e7\u00e3o precoce desta patologia. Com a presen\u00e7a da Vereadora da Educa\u00e7\u00e3o, S\u00f3nia Guerreiro, cerca de 90 crian\u00e7as a frequentar o 4\u00ba [&hellip;]<\/p>\n","protected":false},"author":7,"featured_media":104688,"comment_status":"closed","ping_status":"closed","sticky":false,"template":"","format":"standard","meta":{"_exactmetrics_skip_tracking":false,"_exactmetrics_sitenote_active":false,"_exactmetrics_sitenote_note":"","_exactmetrics_sitenote_category":0,"footnotes":""},"categories":[15],"tags":[22,26],"class_list":["post-104687","post","type-post","status-publish","format-standard","has-post-thumbnail","hentry","category-vila-nova-de-cerveira","tag-educacao","tag-saude"],"yoast_head":"<!-- This site is optimized with the Yoast SEO Premium plugin v27.5 (Yoast SEO v27.5) - https:\/\/yoast.com\/product\/yoast-seo-premium-wordpress\/ -->\n<title>Alunos do 4\u00ba ano realizaram rastreios ao daltonismo em Cerveira<\/title>\n<meta name=\"description\" content=\"Os alunos do 4\u00ba ano realizaram rastreios ao daltonismo em Cerveira.\" \/>\n<meta name=\"robots\" content=\"index, follow, max-snippet:-1, max-image-preview:large, max-video-preview:-1\" \/>\n<link rel=\"canonical\" href=\"https:\/\/www.altominho.tv\/site\/2024\/02\/23\/cerveira-saude-2\/\" \/>\n<meta property=\"og:locale\" content=\"pt_PT\" \/>\n<meta property=\"og:type\" content=\"article\" \/>\n<meta property=\"og:title\" content=\"Alunos do 4\u00ba ano realizaram rastreios ao daltonismo em Cerveira\" \/>\n<meta property=\"og:description\" content=\"Os alunos do 4\u00ba ano realizaram rastreios ao daltonismo em Cerveira.\" \/>\n<meta property=\"og:url\" content=\"https:\/\/www.altominho.tv\/site\/2024\/02\/23\/cerveira-saude-2\/\" \/>\n<meta property=\"og:site_name\" content=\"Altominho.tv\" \/>\n<meta property=\"article:publisher\" content=\"https:\/\/www.facebook.com\/altominhotv\" \/>\n<meta property=\"article:published_time\" content=\"2024-02-23T15:40:20+00:00\" \/>\n<meta property=\"article:modified_time\" content=\"2024-02-23T15:40:23+00:00\" \/>\n<meta property=\"og:image\" content=\"https:\/\/www.altominho.tv\/site\/wp-content\/uploads\/2024\/02\/ColorAdd3.jpg\" \/>\n\t<meta property=\"og:image:width\" content=\"2048\" \/>\n\t<meta property=\"og:image:height\" content=\"1365\" \/>\n\t<meta property=\"og:image:type\" content=\"image\/jpeg\" \/>\n<meta name=\"author\" content=\"Andreia Cunha\" \/>\n<meta name=\"twitter:card\" content=\"summary_large_image\" \/>\n<meta name=\"twitter:creator\" content=\"@altominhoTV\" \/>\n<meta name=\"twitter:site\" content=\"@altominhoTV\" \/>\n<meta name=\"twitter:label1\" content=\"Escrito por\" \/>\n\t<meta name=\"twitter:data1\" content=\"Andreia Cunha\" \/>\n\t<meta name=\"twitter:label2\" content=\"Tempo estimado de leitura\" \/>\n\t<meta name=\"twitter:data2\" content=\"2 minutos\" \/>\n<script type=\"application\/ld+json\" class=\"yoast-schema-graph\">{\"@context\":\"https:\\\/\\\/schema.org\",\"@graph\":[{\"@type\":\"Article\",\"@id\":\"https:\\\/\\\/www.altominho.tv\\\/site\\\/2024\\\/02\\\/23\\\/cerveira-saude-2\\\/#article\",\"isPartOf\":{\"@id\":\"https:\\\/\\\/www.altominho.tv\\\/site\\\/2024\\\/02\\\/23\\\/cerveira-saude-2\\\/\"},\"author\":{\"name\":\"Andreia Cunha\",\"@id\":\"https:\\\/\\\/www.altominho.tv\\\/site\\\/#\\\/schema\\\/person\\\/a0e4ef6d041f98ca284393d8f1d97153\"},\"headline\":\"Alunos do 4\u00ba ano realizaram rastreios ao daltonismo em Cerveira\",\"datePublished\":\"2024-02-23T15:40:20+00:00\",\"dateModified\":\"2024-02-23T15:40:23+00:00\",\"mainEntityOfPage\":{\"@id\":\"https:\\\/\\\/www.altominho.tv\\\/site\\\/2024\\\/02\\\/23\\\/cerveira-saude-2\\\/\"},\"wordCount\":269,\"image\":{\"@id\":\"https:\\\/\\\/www.altominho.tv\\\/site\\\/2024\\\/02\\\/23\\\/cerveira-saude-2\\\/#primaryimage\"},\"thumbnailUrl\":\"https:\\\/\\\/www.altominho.tv\\\/site\\\/wp-content\\\/uploads\\\/2024\\\/02\\\/ColorAdd3.jpg\",\"keywords\":[\"Educa\u00e7\u00e3o\",\"Sa\u00fade\"],\"articleSection\":[\"Vila Nova de Cerveira\"],\"inLanguage\":\"pt-PT\",\"copyrightYear\":\"2024\",\"copyrightHolder\":{\"@id\":\"https:\\\/\\\/www.altominho.tv\\\/site\\\/#organization\"}},{\"@type\":\"WebPage\",\"@id\":\"https:\\\/\\\/www.altominho.tv\\\/site\\\/2024\\\/02\\\/23\\\/cerveira-saude-2\\\/\",\"url\":\"https:\\\/\\\/www.altominho.tv\\\/site\\\/2024\\\/02\\\/23\\\/cerveira-saude-2\\\/\",\"name\":\"Alunos do 4\u00ba ano realizaram rastreios ao daltonismo em Cerveira\",\"isPartOf\":{\"@id\":\"https:\\\/\\\/www.altominho.tv\\\/site\\\/#website\"},\"primaryImageOfPage\":{\"@id\":\"https:\\\/\\\/www.altominho.tv\\\/site\\\/2024\\\/02\\\/23\\\/cerveira-saude-2\\\/#primaryimage\"},\"image\":{\"@id\":\"https:\\\/\\\/www.altominho.tv\\\/site\\\/2024\\\/02\\\/23\\\/cerveira-saude-2\\\/#primaryimage\"},\"thumbnailUrl\":\"https:\\\/\\\/www.altominho.tv\\\/site\\\/wp-content\\\/uploads\\\/2024\\\/02\\\/ColorAdd3.jpg\",\"datePublished\":\"2024-02-23T15:40:20+00:00\",\"dateModified\":\"2024-02-23T15:40:23+00:00\",\"author\":{\"@id\":\"https:\\\/\\\/www.altominho.tv\\\/site\\\/#\\\/schema\\\/person\\\/a0e4ef6d041f98ca284393d8f1d97153\"},\"description\":\"Os alunos do 4\u00ba ano realizaram rastreios ao daltonismo em Cerveira.\",\"breadcrumb\":{\"@id\":\"https:\\\/\\\/www.altominho.tv\\\/site\\\/2024\\\/02\\\/23\\\/cerveira-saude-2\\\/#breadcrumb\"},\"inLanguage\":\"pt-PT\",\"potentialAction\":[{\"@type\":\"ReadAction\",\"target\":[\"https:\\\/\\\/www.altominho.tv\\\/site\\\/2024\\\/02\\\/23\\\/cerveira-saude-2\\\/\"]}]},{\"@type\":\"ImageObject\",\"inLanguage\":\"pt-PT\",\"@id\":\"https:\\\/\\\/www.altominho.tv\\\/site\\\/2024\\\/02\\\/23\\\/cerveira-saude-2\\\/#primaryimage\",\"url\":\"https:\\\/\\\/www.altominho.tv\\\/site\\\/wp-content\\\/uploads\\\/2024\\\/02\\\/ColorAdd3.jpg\",\"contentUrl\":\"https:\\\/\\\/www.altominho.tv\\\/site\\\/wp-content\\\/uploads\\\/2024\\\/02\\\/ColorAdd3.jpg\",\"width\":2048,\"height\":1365},{\"@type\":\"BreadcrumbList\",\"@id\":\"https:\\\/\\\/www.altominho.tv\\\/site\\\/2024\\\/02\\\/23\\\/cerveira-saude-2\\\/#breadcrumb\",\"itemListElement\":[{\"@type\":\"ListItem\",\"position\":1,\"name\":\"In\u00edcio\",\"item\":\"https:\\\/\\\/www.altominho.tv\\\/site\\\/\"},{\"@type\":\"ListItem\",\"position\":2,\"name\":\"Alunos do 4\u00ba ano realizaram rastreios ao daltonismo em Cerveira\"}]},{\"@type\":\"WebSite\",\"@id\":\"https:\\\/\\\/www.altominho.tv\\\/site\\\/#website\",\"url\":\"https:\\\/\\\/www.altominho.tv\\\/site\\\/\",\"name\":\"Altominho.tv\",\"description\":\"A sua regi\u00e3o \u00e0 dist\u00e2ncia de um clique...\",\"potentialAction\":[{\"@type\":\"SearchAction\",\"target\":{\"@type\":\"EntryPoint\",\"urlTemplate\":\"https:\\\/\\\/www.altominho.tv\\\/site\\\/?s={search_term_string}\"},\"query-input\":{\"@type\":\"PropertyValueSpecification\",\"valueRequired\":true,\"valueName\":\"search_term_string\"}}],\"inLanguage\":\"pt-PT\"},{\"@type\":\"Person\",\"@id\":\"https:\\\/\\\/www.altominho.tv\\\/site\\\/#\\\/schema\\\/person\\\/a0e4ef6d041f98ca284393d8f1d97153\",\"name\":\"Andreia Cunha\",\"image\":{\"@type\":\"ImageObject\",\"inLanguage\":\"pt-PT\",\"@id\":\"https:\\\/\\\/www.altominho.tv\\\/site\\\/wp-content\\\/uploads\\\/2017\\\/11\\\/Andreia_Cunha-1-150x150.jpg\",\"url\":\"https:\\\/\\\/www.altominho.tv\\\/site\\\/wp-content\\\/uploads\\\/2017\\\/11\\\/Andreia_Cunha-1-150x150.jpg\",\"contentUrl\":\"https:\\\/\\\/www.altominho.tv\\\/site\\\/wp-content\\\/uploads\\\/2017\\\/11\\\/Andreia_Cunha-1-150x150.jpg\",\"caption\":\"Andreia Cunha\"},\"url\":\"https:\\\/\\\/www.altominho.tv\\\/site\\\/author\\\/andreiacunha\\\/\"}]}<\/script>\n<!-- \/ Yoast SEO Premium plugin. -->","yoast_head_json":{"title":"Alunos do 4\u00ba ano realizaram rastreios ao daltonismo em Cerveira","description":"Os alunos do 4\u00ba ano realizaram rastreios ao daltonismo em Cerveira.","robots":{"index":"index","follow":"follow","max-snippet":"max-snippet:-1","max-image-preview":"max-image-preview:large","max-video-preview":"max-video-preview:-1"},"canonical":"https:\/\/www.altominho.tv\/site\/2024\/02\/23\/cerveira-saude-2\/","og_locale":"pt_PT","og_type":"article","og_title":"Alunos do 4\u00ba ano realizaram rastreios ao daltonismo em Cerveira","og_description":"Os alunos do 4\u00ba ano realizaram rastreios ao daltonismo em Cerveira.","og_url":"https:\/\/www.altominho.tv\/site\/2024\/02\/23\/cerveira-saude-2\/","og_site_name":"Altominho.tv","article_publisher":"https:\/\/www.facebook.com\/altominhotv","article_published_time":"2024-02-23T15:40:20+00:00","article_modified_time":"2024-02-23T15:40:23+00:00","og_image":[{"width":2048,"height":1365,"url":"https:\/\/www.altominho.tv\/site\/wp-content\/uploads\/2024\/02\/ColorAdd3.jpg","type":"image\/jpeg"}],"author":"Andreia Cunha","twitter_card":"summary_large_image","twitter_creator":"@altominhoTV","twitter_site":"@altominhoTV","twitter_misc":{"Escrito por":"Andreia Cunha","Tempo estimado de leitura":"2 minutos"},"schema":{"@context":"https:\/\/schema.org","@graph":[{"@type":"Article","@id":"https:\/\/www.altominho.tv\/site\/2024\/02\/23\/cerveira-saude-2\/#article","isPartOf":{"@id":"https:\/\/www.altominho.tv\/site\/2024\/02\/23\/cerveira-saude-2\/"},"author":{"name":"Andreia Cunha","@id":"https:\/\/www.altominho.tv\/site\/#\/schema\/person\/a0e4ef6d041f98ca284393d8f1d97153"},"headline":"Alunos do 4\u00ba ano realizaram rastreios ao daltonismo em Cerveira","datePublished":"2024-02-23T15:40:20+00:00","dateModified":"2024-02-23T15:40:23+00:00","mainEntityOfPage":{"@id":"https:\/\/www.altominho.tv\/site\/2024\/02\/23\/cerveira-saude-2\/"},"wordCount":269,"image":{"@id":"https:\/\/www.altominho.tv\/site\/2024\/02\/23\/cerveira-saude-2\/#primaryimage"},"thumbnailUrl":"https:\/\/www.altominho.tv\/site\/wp-content\/uploads\/2024\/02\/ColorAdd3.jpg","keywords":["Educa\u00e7\u00e3o","Sa\u00fade"],"articleSection":["Vila Nova de Cerveira"],"inLanguage":"pt-PT","copyrightYear":"2024","copyrightHolder":{"@id":"https:\/\/www.altominho.tv\/site\/#organization"}},{"@type":"WebPage","@id":"https:\/\/www.altominho.tv\/site\/2024\/02\/23\/cerveira-saude-2\/","url":"https:\/\/www.altominho.tv\/site\/2024\/02\/23\/cerveira-saude-2\/","name":"Alunos do 4\u00ba ano realizaram rastreios ao daltonismo em Cerveira","isPartOf":{"@id":"https:\/\/www.altominho.tv\/site\/#website"},"primaryImageOfPage":{"@id":"https:\/\/www.altominho.tv\/site\/2024\/02\/23\/cerveira-saude-2\/#primaryimage"},"image":{"@id":"https:\/\/www.altominho.tv\/site\/2024\/02\/23\/cerveira-saude-2\/#primaryimage"},"thumbnailUrl":"https:\/\/www.altominho.tv\/site\/wp-content\/uploads\/2024\/02\/ColorAdd3.jpg","datePublished":"2024-02-23T15:40:20+00:00","dateModified":"2024-02-23T15:40:23+00:00","author":{"@id":"https:\/\/www.altominho.tv\/site\/#\/schema\/person\/a0e4ef6d041f98ca284393d8f1d97153"},"description":"Os alunos do 4\u00ba ano realizaram rastreios ao daltonismo em Cerveira.","breadcrumb":{"@id":"https:\/\/www.altominho.tv\/site\/2024\/02\/23\/cerveira-saude-2\/#breadcrumb"},"inLanguage":"pt-PT","potentialAction":[{"@type":"ReadAction","target":["https:\/\/www.altominho.tv\/site\/2024\/02\/23\/cerveira-saude-2\/"]}]},{"@type":"ImageObject","inLanguage":"pt-PT","@id":"https:\/\/www.altominho.tv\/site\/2024\/02\/23\/cerveira-saude-2\/#primaryimage","url":"https:\/\/www.altominho.tv\/site\/wp-content\/uploads\/2024\/02\/ColorAdd3.jpg","contentUrl":"https:\/\/www.altominho.tv\/site\/wp-content\/uploads\/2024\/02\/ColorAdd3.jpg","width":2048,"height":1365},{"@type":"BreadcrumbList","@id":"https:\/\/www.altominho.tv\/site\/2024\/02\/23\/cerveira-saude-2\/#breadcrumb","itemListElement":[{"@type":"ListItem","position":1,"name":"In\u00edcio","item":"https:\/\/www.altominho.tv\/site\/"},{"@type":"ListItem","position":2,"name":"Alunos do 4\u00ba ano realizaram rastreios ao daltonismo em Cerveira"}]},{"@type":"WebSite","@id":"https:\/\/www.altominho.tv\/site\/#website","url":"https:\/\/www.altominho.tv\/site\/","name":"Altominho.tv","description":"A sua regi\u00e3o \u00e0 dist\u00e2ncia de um clique...","potentialAction":[{"@type":"SearchAction","target":{"@type":"EntryPoint","urlTemplate":"https:\/\/www.altominho.tv\/site\/?s={search_term_string}"},"query-input":{"@type":"PropertyValueSpecification","valueRequired":true,"valueName":"search_term_string"}}],"inLanguage":"pt-PT"},{"@type":"Person","@id":"https:\/\/www.altominho.tv\/site\/#\/schema\/person\/a0e4ef6d041f98ca284393d8f1d97153","name":"Andreia Cunha","image":{"@type":"ImageObject","inLanguage":"pt-PT","@id":"https:\/\/www.altominho.tv\/site\/wp-content\/uploads\/2017\/11\/Andreia_Cunha-1-150x150.jpg","url":"https:\/\/www.altominho.tv\/site\/wp-content\/uploads\/2017\/11\/Andreia_Cunha-1-150x150.jpg","contentUrl":"https:\/\/www.altominho.tv\/site\/wp-content\/uploads\/2017\/11\/Andreia_Cunha-1-150x150.jpg","caption":"Andreia Cunha"},"url":"https:\/\/www.altominho.tv\/site\/author\/andreiacunha\/"}]}},"_links":{"self":[{"href":"https:\/\/www.altominho.tv\/site\/wp-json\/wp\/v2\/posts\/104687","targetHints":{"allow":["GET"]}}],"collection":[{"href":"https:\/\/www.altominho.tv\/site\/wp-json\/wp\/v2\/posts"}],"about":[{"href":"https:\/\/www.altominho.tv\/site\/wp-json\/wp\/v2\/types\/post"}],"author":[{"embeddable":true,"href":"https:\/\/www.altominho.tv\/site\/wp-json\/wp\/v2\/users\/7"}],"replies":[{"embeddable":true,"href":"https:\/\/www.altominho.tv\/site\/wp-json\/wp\/v2\/comments?post=104687"}],"version-history":[{"count":1,"href":"https:\/\/www.altominho.tv\/site\/wp-json\/wp\/v2\/posts\/104687\/revisions"}],"predecessor-version":[{"id":104696,"href":"https:\/\/www.altominho.tv\/site\/wp-json\/wp\/v2\/posts\/104687\/revisions\/104696"}],"wp:featuredmedia":[{"embeddable":true,"href":"https:\/\/www.altominho.tv\/site\/wp-json\/wp\/v2\/media\/104688"}],"wp:attachment":[{"href":"https:\/\/www.altominho.tv\/site\/wp-json\/wp\/v2\/media?parent=104687"}],"wp:term":[{"taxonomy":"category","embeddable":true,"href":"https:\/\/www.altominho.tv\/site\/wp-json\/wp\/v2\/categories?post=104687"},{"taxonomy":"post_tag","embeddable":true,"href":"https:\/\/www.altominho.tv\/site\/wp-json\/wp\/v2\/tags?post=104687"}],"curies":[{"name":"wp","href":"https:\/\/api.w.org\/{rel}","templated":true}]}}