{"id":104667,"date":"2024-02-23T11:34:45","date_gmt":"2024-02-23T11:34:45","guid":{"rendered":"https:\/\/www.altominho.tv\/site\/?p=104667"},"modified":"2024-02-23T11:38:05","modified_gmt":"2024-02-23T11:38:05","slug":"caminha-quer-criar-taxa-turistica-ate-150-euros-para-maiores-de-16-anos","status":"publish","type":"post","link":"https:\/\/www.altominho.tv\/site\/2024\/02\/23\/caminha-quer-criar-taxa-turistica-ate-150-euros-para-maiores-de-16-anos\/","title":{"rendered":"Caminha quer criar taxa tur\u00edstica at\u00e9 1,50 euros para maiores de 16 anos"},"content":{"rendered":"<p>A C\u00e2mara de Caminha quer criar uma taxa municipal tur\u00edstica de 1,50 euros de maio a outubro e de um euro no resto do ano, tendo aprovado submeter o regulamento a discuss\u00e3o p\u00fablica, foi hoje revelado.<\/p>\n<p>Em comunicado, a autarquia revela que, entre 2013 e 2022, o n\u00famero de dormidas no concelho cresceu 249,42% (passou de 46.992, para 117.208).<\/p>\n<p>O valor proposto no documento para a taxa tur\u00edstica municipal \u00e9 de um euro entre 1 de outubro e 30 de abril e de 1,50 euros no resto do ano, sendo devido por turistas a partir dos 16 anos e pelo m\u00e1ximo de sete noites seguidas, \u201cprevendo-se v\u00e1rias exce\u00e7\u00f5es\u201d, diz o munic\u00edpio.<\/p>\n<p>A submiss\u00e3o a consulta p\u00fablica do projeto de regulamento foi \u201caprovada por maioria pelo executivo\u201d.<\/p>\n<p>Para o munic\u00edpio, \u201ca aplica\u00e7\u00e3o da taxa permitir\u00e1 prosseguir com a estrat\u00e9gia de promo\u00e7\u00e3o e afirma\u00e7\u00e3o tur\u00edstica do concelho, fortalecendo os agentes econ\u00f3micos e mantendo o crescimento do Turismo nos pr\u00f3ximos anos, garantindo, simultaneamente, a sustentabilidade e a equidade do setor\u201d.<\/p>\n<p>Na proposta aprovada, a autarquia refere que \u201ca atratividade do territ\u00f3rio traz consigo desafios e o aumento da popula\u00e7\u00e3o n\u00e3o residente cria novos constrangimentos que t\u00eam de ser ultrapassados e superados\u201d.<\/p>\n<p>Para a c\u00e2mara, \u201csendo o Turismo o motor da economia no concelho, torna-se imperioso criar mais e melhores condi\u00e7\u00f5es para quem visita o concelho, potenciando a oferta cultural, dinamizando o com\u00e9rcio local, criando novas infraestruturas e apostando em setores fundamentais, como \u00e9 o caso do ambiente e a limpeza urbana\u201d.<\/p>\n<p>Segundo a proposta, a Taxa Municipal Tur\u00edstica \u201c\u00e9 devida em contrapartida do aproveitamento tur\u00edstico proporcionado pelo conjunto de atividades e investimentos promovidos pelo munic\u00edpio relacionados com a atividade tur\u00edstica\u201d.<\/p>\n<p>Em causa est\u00e3o a \u201cmelhoria e preserva\u00e7\u00e3o ambiental do concelho, da salvaguarda do com\u00e9rcio local, hist\u00f3rico e de proximidade, as obras de melhoramento no dom\u00ednio p\u00fablico e privado municipal nas zonas tur\u00edsticas de excel\u00eancia, a limpeza e manuten\u00e7\u00e3o das praias e o \u201cbenef\u00edcio gerado pela presta\u00e7\u00e3o de informa\u00e7\u00e3o e apoio a turistas.<\/p>\n<p>A isto soma-se a \u201ccria\u00e7\u00e3o de polos de dinamiza\u00e7\u00e3o cultural e recreativa, disseminados por todo o concelho\u201d.<\/p>\n<p>Entre as exce\u00e7\u00f5es ao pagamento de taxa tur\u00edstica est\u00e3o \u201ccidad\u00e3os portadores de defici\u00eancia, com incapacidade igual ou superior a 60%, desde que apresentem comprovativo desta condi\u00e7\u00e3o\u201d e \u201cantigos combatentes ou vi\u00fava\/vi\u00favo de antigo combatente que detenha o cart\u00e3o de antigo combatente e\/ou de vi\u00favo ou vi\u00fava de antigo combatente\u201d.<\/p>\n<p>O mesmo se aplica a \u201ccidad\u00e3os cuja estadia seja motivada por situa\u00e7\u00f5es de despejo ou situa\u00e7\u00f5es que impliquem o desalojamento em situa\u00e7\u00f5es an\u00e1logas, devidamente comprovadas\u201d.<\/p>\n<p>Tamb\u00e9m n\u00e3o pagam taxa \u201ccidad\u00e3os que s\u00e3o temporariamente instalados pelos organismos sociais p\u00fablicos do Estado e\/ou municipais, em estabelecimentos de alojamento de cariz social ou tur\u00edsticos\u201d ou \u201cque se encontrem alojados, por expressa determina\u00e7\u00e3o de entidades p\u00fablicas, decorrente de declara\u00e7\u00e3o de emerg\u00eancia social ou da prote\u00e7\u00e3o civil\u201d.<\/p>\n<p>S\u00e3o igualmente abrangidos pela isen\u00e7\u00e3o \u201ccidad\u00e3os que, por raz\u00f5es de conflito e deslocados dos seus pa\u00edses de origem residem temporariamente em Portugal, desde que devidamente comprovado pelos servi\u00e7os respons\u00e1veis desse pedido de asilo\u201d.<\/p>\n<p>Em igual situa\u00e7\u00e3o ficam, na primeira noite, \u201ccidad\u00e3os cuja estadia resulta de peregrina\u00e7\u00e3o, nomeadamente a Santiago de Compostela ou F\u00e1tima, desde que devidamente comprovado\u00a0 por credencial\/passaporte\/document<wbr \/>o de peregrino\u201d.<\/p>\n<p>De acordo com a c\u00e2mara, a oferta hoteleira do concelho \u00e9, atualmente, de 512 quartos, 325 em instala\u00e7\u00f5es hoteleiras, 118 em alojamento local e 69 em turismo no espa\u00e7o rural e de habita\u00e7\u00e3o\u201d.<\/p>\n","protected":false},"excerpt":{"rendered":"<p>A C\u00e2mara de Caminha quer criar uma taxa municipal tur\u00edstica de 1,50 euros de maio a outubro e de um euro no resto do ano, tendo aprovado submeter o regulamento a discuss\u00e3o p\u00fablica, foi hoje revelado. Em comunicado, a autarquia revela que, entre 2013 e 2022, o n\u00famero de dormidas no concelho cresceu 249,42% (passou [&hellip;]<\/p>\n","protected":false},"author":13,"featured_media":93625,"comment_status":"closed","ping_status":"closed","sticky":false,"template":"","format":"standard","meta":{"_exactmetrics_skip_tracking":false,"_exactmetrics_sitenote_active":false,"_exactmetrics_sitenote_note":"","_exactmetrics_sitenote_category":0,"footnotes":""},"categories":[7],"tags":[56329],"class_list":["post-104667","post","type-post","status-publish","format-standard","has-post-thumbnail","hentry","category-caminha","tag-turismo"],"yoast_head":"<!-- This site is optimized with the Yoast SEO Premium plugin v27.5 (Yoast SEO v27.5) - https:\/\/yoast.com\/product\/yoast-seo-premium-wordpress\/ -->\n<title>Caminha quer criar taxa tur\u00edstica at\u00e9 1,50 euros para maiores de 16 anos<\/title>\n<meta name=\"description\" content=\"A C\u00e2mara de Caminha quer criar uma taxa municipal tur\u00edstica de 1,50 euros de maio a outubro e de um euro no resto do ano, tendo aprovado submeter o regulamento a discuss\u00e3o p\u00fablica, foi hoje revelado.\" \/>\n<meta name=\"robots\" content=\"index, follow, max-snippet:-1, max-image-preview:large, max-video-preview:-1\" \/>\n<link rel=\"canonical\" href=\"https:\/\/www.altominho.tv\/site\/2024\/02\/23\/caminha-quer-criar-taxa-turistica-ate-150-euros-para-maiores-de-16-anos\/\" \/>\n<meta property=\"og:locale\" content=\"pt_PT\" \/>\n<meta property=\"og:type\" content=\"article\" \/>\n<meta property=\"og:title\" content=\"Caminha quer criar taxa tur\u00edstica at\u00e9 1,50 euros para maiores de 16 anos\" \/>\n<meta property=\"og:description\" content=\"A C\u00e2mara de Caminha quer criar uma taxa municipal tur\u00edstica de 1,50 euros de maio a outubro e de um euro no resto do ano, tendo aprovado submeter o regulamento a discuss\u00e3o p\u00fablica, foi hoje revelado.\" \/>\n<meta property=\"og:url\" content=\"https:\/\/www.altominho.tv\/site\/2024\/02\/23\/caminha-quer-criar-taxa-turistica-ate-150-euros-para-maiores-de-16-anos\/\" \/>\n<meta property=\"og:site_name\" content=\"Altominho.tv\" \/>\n<meta property=\"article:publisher\" content=\"https:\/\/www.facebook.com\/altominhotv\" \/>\n<meta property=\"article:published_time\" content=\"2024-02-23T11:34:45+00:00\" \/>\n<meta property=\"article:modified_time\" content=\"2024-02-23T11:38:05+00:00\" \/>\n<meta property=\"og:image\" content=\"https:\/\/www.altominho.tv\/site\/wp-content\/uploads\/2023\/06\/Caminha-e1708688144663.jpg\" \/>\n\t<meta property=\"og:image:width\" content=\"1620\" \/>\n\t<meta property=\"og:image:height\" content=\"912\" \/>\n\t<meta property=\"og:image:type\" content=\"image\/jpeg\" \/>\n<meta name=\"author\" content=\"Lusa\" \/>\n<meta name=\"twitter:card\" content=\"summary_large_image\" \/>\n<meta name=\"twitter:creator\" content=\"@altominhoTV\" \/>\n<meta name=\"twitter:site\" content=\"@altominhoTV\" \/>\n<meta name=\"twitter:label1\" content=\"Escrito por\" \/>\n\t<meta name=\"twitter:data1\" content=\"Lusa\" \/>\n\t<meta name=\"twitter:label2\" content=\"Tempo estimado de leitura\" \/>\n\t<meta name=\"twitter:data2\" content=\"4 minutos\" \/>\n<script type=\"application\/ld+json\" class=\"yoast-schema-graph\">{\"@context\":\"https:\\\/\\\/schema.org\",\"@graph\":[{\"@type\":\"Article\",\"@id\":\"https:\\\/\\\/www.altominho.tv\\\/site\\\/2024\\\/02\\\/23\\\/caminha-quer-criar-taxa-turistica-ate-150-euros-para-maiores-de-16-anos\\\/#article\",\"isPartOf\":{\"@id\":\"https:\\\/\\\/www.altominho.tv\\\/site\\\/2024\\\/02\\\/23\\\/caminha-quer-criar-taxa-turistica-ate-150-euros-para-maiores-de-16-anos\\\/\"},\"author\":{\"name\":\"Lusa\",\"@id\":\"https:\\\/\\\/www.altominho.tv\\\/site\\\/#\\\/schema\\\/person\\\/63f693da3e1899361cbe955c46f3232e\"},\"headline\":\"Caminha quer criar taxa tur\u00edstica at\u00e9 1,50 euros para maiores de 16 anos\",\"datePublished\":\"2024-02-23T11:34:45+00:00\",\"dateModified\":\"2024-02-23T11:38:05+00:00\",\"mainEntityOfPage\":{\"@id\":\"https:\\\/\\\/www.altominho.tv\\\/site\\\/2024\\\/02\\\/23\\\/caminha-quer-criar-taxa-turistica-ate-150-euros-para-maiores-de-16-anos\\\/\"},\"wordCount\":646,\"image\":{\"@id\":\"https:\\\/\\\/www.altominho.tv\\\/site\\\/2024\\\/02\\\/23\\\/caminha-quer-criar-taxa-turistica-ate-150-euros-para-maiores-de-16-anos\\\/#primaryimage\"},\"thumbnailUrl\":\"https:\\\/\\\/www.altominho.tv\\\/site\\\/wp-content\\\/uploads\\\/2023\\\/06\\\/Caminha-e1708688144663.jpg\",\"keywords\":[\"Turismo\"],\"articleSection\":[\"Caminha\"],\"inLanguage\":\"pt-PT\",\"copyrightYear\":\"2024\",\"copyrightHolder\":{\"@id\":\"https:\\\/\\\/www.altominho.tv\\\/site\\\/#organization\"}},{\"@type\":\"WebPage\",\"@id\":\"https:\\\/\\\/www.altominho.tv\\\/site\\\/2024\\\/02\\\/23\\\/caminha-quer-criar-taxa-turistica-ate-150-euros-para-maiores-de-16-anos\\\/\",\"url\":\"https:\\\/\\\/www.altominho.tv\\\/site\\\/2024\\\/02\\\/23\\\/caminha-quer-criar-taxa-turistica-ate-150-euros-para-maiores-de-16-anos\\\/\",\"name\":\"Caminha quer criar taxa tur\u00edstica at\u00e9 1,50 euros para maiores de 16 anos\",\"isPartOf\":{\"@id\":\"https:\\\/\\\/www.altominho.tv\\\/site\\\/#website\"},\"primaryImageOfPage\":{\"@id\":\"https:\\\/\\\/www.altominho.tv\\\/site\\\/2024\\\/02\\\/23\\\/caminha-quer-criar-taxa-turistica-ate-150-euros-para-maiores-de-16-anos\\\/#primaryimage\"},\"image\":{\"@id\":\"https:\\\/\\\/www.altominho.tv\\\/site\\\/2024\\\/02\\\/23\\\/caminha-quer-criar-taxa-turistica-ate-150-euros-para-maiores-de-16-anos\\\/#primaryimage\"},\"thumbnailUrl\":\"https:\\\/\\\/www.altominho.tv\\\/site\\\/wp-content\\\/uploads\\\/2023\\\/06\\\/Caminha-e1708688144663.jpg\",\"datePublished\":\"2024-02-23T11:34:45+00:00\",\"dateModified\":\"2024-02-23T11:38:05+00:00\",\"author\":{\"@id\":\"https:\\\/\\\/www.altominho.tv\\\/site\\\/#\\\/schema\\\/person\\\/63f693da3e1899361cbe955c46f3232e\"},\"description\":\"A C\u00e2mara de Caminha quer criar uma taxa municipal tur\u00edstica de 1,50 euros de maio a outubro e de um euro no resto do ano, tendo aprovado submeter o regulamento a discuss\u00e3o p\u00fablica, foi hoje revelado.\",\"breadcrumb\":{\"@id\":\"https:\\\/\\\/www.altominho.tv\\\/site\\\/2024\\\/02\\\/23\\\/caminha-quer-criar-taxa-turistica-ate-150-euros-para-maiores-de-16-anos\\\/#breadcrumb\"},\"inLanguage\":\"pt-PT\",\"potentialAction\":[{\"@type\":\"ReadAction\",\"target\":[\"https:\\\/\\\/www.altominho.tv\\\/site\\\/2024\\\/02\\\/23\\\/caminha-quer-criar-taxa-turistica-ate-150-euros-para-maiores-de-16-anos\\\/\"]}]},{\"@type\":\"ImageObject\",\"inLanguage\":\"pt-PT\",\"@id\":\"https:\\\/\\\/www.altominho.tv\\\/site\\\/2024\\\/02\\\/23\\\/caminha-quer-criar-taxa-turistica-ate-150-euros-para-maiores-de-16-anos\\\/#primaryimage\",\"url\":\"https:\\\/\\\/www.altominho.tv\\\/site\\\/wp-content\\\/uploads\\\/2023\\\/06\\\/Caminha-e1708688144663.jpg\",\"contentUrl\":\"https:\\\/\\\/www.altominho.tv\\\/site\\\/wp-content\\\/uploads\\\/2023\\\/06\\\/Caminha-e1708688144663.jpg\",\"width\":1620,\"height\":912},{\"@type\":\"BreadcrumbList\",\"@id\":\"https:\\\/\\\/www.altominho.tv\\\/site\\\/2024\\\/02\\\/23\\\/caminha-quer-criar-taxa-turistica-ate-150-euros-para-maiores-de-16-anos\\\/#breadcrumb\",\"itemListElement\":[{\"@type\":\"ListItem\",\"position\":1,\"name\":\"In\u00edcio\",\"item\":\"https:\\\/\\\/www.altominho.tv\\\/site\\\/\"},{\"@type\":\"ListItem\",\"position\":2,\"name\":\"Caminha quer criar taxa tur\u00edstica at\u00e9 1,50 euros para maiores de 16 anos\"}]},{\"@type\":\"WebSite\",\"@id\":\"https:\\\/\\\/www.altominho.tv\\\/site\\\/#website\",\"url\":\"https:\\\/\\\/www.altominho.tv\\\/site\\\/\",\"name\":\"Altominho.tv\",\"description\":\"A sua regi\u00e3o \u00e0 dist\u00e2ncia de um clique...\",\"potentialAction\":[{\"@type\":\"SearchAction\",\"target\":{\"@type\":\"EntryPoint\",\"urlTemplate\":\"https:\\\/\\\/www.altominho.tv\\\/site\\\/?s={search_term_string}\"},\"query-input\":{\"@type\":\"PropertyValueSpecification\",\"valueRequired\":true,\"valueName\":\"search_term_string\"}}],\"inLanguage\":\"pt-PT\"},{\"@type\":\"Person\",\"@id\":\"https:\\\/\\\/www.altominho.tv\\\/site\\\/#\\\/schema\\\/person\\\/63f693da3e1899361cbe955c46f3232e\",\"name\":\"Lusa\",\"image\":{\"@type\":\"ImageObject\",\"inLanguage\":\"pt-PT\",\"@id\":\"https:\\\/\\\/www.altominho.tv\\\/site\\\/wp-content\\\/uploads\\\/2019\\\/08\\\/LUSA_Logo.gif\",\"url\":\"https:\\\/\\\/www.altominho.tv\\\/site\\\/wp-content\\\/uploads\\\/2019\\\/08\\\/LUSA_Logo.gif\",\"contentUrl\":\"https:\\\/\\\/www.altominho.tv\\\/site\\\/wp-content\\\/uploads\\\/2019\\\/08\\\/LUSA_Logo.gif\",\"caption\":\"Lusa\"},\"sameAs\":[\"http:\\\/\\\/\\\/\\\/www.altominho.tv\\\/site\"],\"url\":\"https:\\\/\\\/www.altominho.tv\\\/site\\\/author\\\/lusa\\\/\"}]}<\/script>\n<!-- \/ Yoast SEO Premium plugin. -->","yoast_head_json":{"title":"Caminha quer criar taxa tur\u00edstica at\u00e9 1,50 euros para maiores de 16 anos","description":"A C\u00e2mara de Caminha quer criar uma taxa municipal tur\u00edstica de 1,50 euros de maio a outubro e de um euro no resto do ano, tendo aprovado submeter o regulamento a discuss\u00e3o p\u00fablica, foi hoje revelado.","robots":{"index":"index","follow":"follow","max-snippet":"max-snippet:-1","max-image-preview":"max-image-preview:large","max-video-preview":"max-video-preview:-1"},"canonical":"https:\/\/www.altominho.tv\/site\/2024\/02\/23\/caminha-quer-criar-taxa-turistica-ate-150-euros-para-maiores-de-16-anos\/","og_locale":"pt_PT","og_type":"article","og_title":"Caminha quer criar taxa tur\u00edstica at\u00e9 1,50 euros para maiores de 16 anos","og_description":"A C\u00e2mara de Caminha quer criar uma taxa municipal tur\u00edstica de 1,50 euros de maio a outubro e de um euro no resto do ano, tendo aprovado submeter o regulamento a discuss\u00e3o p\u00fablica, foi hoje revelado.","og_url":"https:\/\/www.altominho.tv\/site\/2024\/02\/23\/caminha-quer-criar-taxa-turistica-ate-150-euros-para-maiores-de-16-anos\/","og_site_name":"Altominho.tv","article_publisher":"https:\/\/www.facebook.com\/altominhotv","article_published_time":"2024-02-23T11:34:45+00:00","article_modified_time":"2024-02-23T11:38:05+00:00","og_image":[{"width":1620,"height":912,"url":"https:\/\/www.altominho.tv\/site\/wp-content\/uploads\/2023\/06\/Caminha-e1708688144663.jpg","type":"image\/jpeg"}],"author":"Lusa","twitter_card":"summary_large_image","twitter_creator":"@altominhoTV","twitter_site":"@altominhoTV","twitter_misc":{"Escrito por":"Lusa","Tempo estimado de leitura":"4 minutos"},"schema":{"@context":"https:\/\/schema.org","@graph":[{"@type":"Article","@id":"https:\/\/www.altominho.tv\/site\/2024\/02\/23\/caminha-quer-criar-taxa-turistica-ate-150-euros-para-maiores-de-16-anos\/#article","isPartOf":{"@id":"https:\/\/www.altominho.tv\/site\/2024\/02\/23\/caminha-quer-criar-taxa-turistica-ate-150-euros-para-maiores-de-16-anos\/"},"author":{"name":"Lusa","@id":"https:\/\/www.altominho.tv\/site\/#\/schema\/person\/63f693da3e1899361cbe955c46f3232e"},"headline":"Caminha quer criar taxa tur\u00edstica at\u00e9 1,50 euros para maiores de 16 anos","datePublished":"2024-02-23T11:34:45+00:00","dateModified":"2024-02-23T11:38:05+00:00","mainEntityOfPage":{"@id":"https:\/\/www.altominho.tv\/site\/2024\/02\/23\/caminha-quer-criar-taxa-turistica-ate-150-euros-para-maiores-de-16-anos\/"},"wordCount":646,"image":{"@id":"https:\/\/www.altominho.tv\/site\/2024\/02\/23\/caminha-quer-criar-taxa-turistica-ate-150-euros-para-maiores-de-16-anos\/#primaryimage"},"thumbnailUrl":"https:\/\/www.altominho.tv\/site\/wp-content\/uploads\/2023\/06\/Caminha-e1708688144663.jpg","keywords":["Turismo"],"articleSection":["Caminha"],"inLanguage":"pt-PT","copyrightYear":"2024","copyrightHolder":{"@id":"https:\/\/www.altominho.tv\/site\/#organization"}},{"@type":"WebPage","@id":"https:\/\/www.altominho.tv\/site\/2024\/02\/23\/caminha-quer-criar-taxa-turistica-ate-150-euros-para-maiores-de-16-anos\/","url":"https:\/\/www.altominho.tv\/site\/2024\/02\/23\/caminha-quer-criar-taxa-turistica-ate-150-euros-para-maiores-de-16-anos\/","name":"Caminha quer criar taxa tur\u00edstica at\u00e9 1,50 euros para maiores de 16 anos","isPartOf":{"@id":"https:\/\/www.altominho.tv\/site\/#website"},"primaryImageOfPage":{"@id":"https:\/\/www.altominho.tv\/site\/2024\/02\/23\/caminha-quer-criar-taxa-turistica-ate-150-euros-para-maiores-de-16-anos\/#primaryimage"},"image":{"@id":"https:\/\/www.altominho.tv\/site\/2024\/02\/23\/caminha-quer-criar-taxa-turistica-ate-150-euros-para-maiores-de-16-anos\/#primaryimage"},"thumbnailUrl":"https:\/\/www.altominho.tv\/site\/wp-content\/uploads\/2023\/06\/Caminha-e1708688144663.jpg","datePublished":"2024-02-23T11:34:45+00:00","dateModified":"2024-02-23T11:38:05+00:00","author":{"@id":"https:\/\/www.altominho.tv\/site\/#\/schema\/person\/63f693da3e1899361cbe955c46f3232e"},"description":"A C\u00e2mara de Caminha quer criar uma taxa municipal tur\u00edstica de 1,50 euros de maio a outubro e de um euro no resto do ano, tendo aprovado submeter o regulamento a discuss\u00e3o p\u00fablica, foi hoje revelado.","breadcrumb":{"@id":"https:\/\/www.altominho.tv\/site\/2024\/02\/23\/caminha-quer-criar-taxa-turistica-ate-150-euros-para-maiores-de-16-anos\/#breadcrumb"},"inLanguage":"pt-PT","potentialAction":[{"@type":"ReadAction","target":["https:\/\/www.altominho.tv\/site\/2024\/02\/23\/caminha-quer-criar-taxa-turistica-ate-150-euros-para-maiores-de-16-anos\/"]}]},{"@type":"ImageObject","inLanguage":"pt-PT","@id":"https:\/\/www.altominho.tv\/site\/2024\/02\/23\/caminha-quer-criar-taxa-turistica-ate-150-euros-para-maiores-de-16-anos\/#primaryimage","url":"https:\/\/www.altominho.tv\/site\/wp-content\/uploads\/2023\/06\/Caminha-e1708688144663.jpg","contentUrl":"https:\/\/www.altominho.tv\/site\/wp-content\/uploads\/2023\/06\/Caminha-e1708688144663.jpg","width":1620,"height":912},{"@type":"BreadcrumbList","@id":"https:\/\/www.altominho.tv\/site\/2024\/02\/23\/caminha-quer-criar-taxa-turistica-ate-150-euros-para-maiores-de-16-anos\/#breadcrumb","itemListElement":[{"@type":"ListItem","position":1,"name":"In\u00edcio","item":"https:\/\/www.altominho.tv\/site\/"},{"@type":"ListItem","position":2,"name":"Caminha quer criar taxa tur\u00edstica at\u00e9 1,50 euros para maiores de 16 anos"}]},{"@type":"WebSite","@id":"https:\/\/www.altominho.tv\/site\/#website","url":"https:\/\/www.altominho.tv\/site\/","name":"Altominho.tv","description":"A sua regi\u00e3o \u00e0 dist\u00e2ncia de um clique...","potentialAction":[{"@type":"SearchAction","target":{"@type":"EntryPoint","urlTemplate":"https:\/\/www.altominho.tv\/site\/?s={search_term_string}"},"query-input":{"@type":"PropertyValueSpecification","valueRequired":true,"valueName":"search_term_string"}}],"inLanguage":"pt-PT"},{"@type":"Person","@id":"https:\/\/www.altominho.tv\/site\/#\/schema\/person\/63f693da3e1899361cbe955c46f3232e","name":"Lusa","image":{"@type":"ImageObject","inLanguage":"pt-PT","@id":"https:\/\/www.altominho.tv\/site\/wp-content\/uploads\/2019\/08\/LUSA_Logo.gif","url":"https:\/\/www.altominho.tv\/site\/wp-content\/uploads\/2019\/08\/LUSA_Logo.gif","contentUrl":"https:\/\/www.altominho.tv\/site\/wp-content\/uploads\/2019\/08\/LUSA_Logo.gif","caption":"Lusa"},"sameAs":["http:\/\/\/\/www.altominho.tv\/site"],"url":"https:\/\/www.altominho.tv\/site\/author\/lusa\/"}]}},"_links":{"self":[{"href":"https:\/\/www.altominho.tv\/site\/wp-json\/wp\/v2\/posts\/104667","targetHints":{"allow":["GET"]}}],"collection":[{"href":"https:\/\/www.altominho.tv\/site\/wp-json\/wp\/v2\/posts"}],"about":[{"href":"https:\/\/www.altominho.tv\/site\/wp-json\/wp\/v2\/types\/post"}],"author":[{"embeddable":true,"href":"https:\/\/www.altominho.tv\/site\/wp-json\/wp\/v2\/users\/13"}],"replies":[{"embeddable":true,"href":"https:\/\/www.altominho.tv\/site\/wp-json\/wp\/v2\/comments?post=104667"}],"version-history":[{"count":2,"href":"https:\/\/www.altominho.tv\/site\/wp-json\/wp\/v2\/posts\/104667\/revisions"}],"predecessor-version":[{"id":104669,"href":"https:\/\/www.altominho.tv\/site\/wp-json\/wp\/v2\/posts\/104667\/revisions\/104669"}],"wp:featuredmedia":[{"embeddable":true,"href":"https:\/\/www.altominho.tv\/site\/wp-json\/wp\/v2\/media\/93625"}],"wp:attachment":[{"href":"https:\/\/www.altominho.tv\/site\/wp-json\/wp\/v2\/media?parent=104667"}],"wp:term":[{"taxonomy":"category","embeddable":true,"href":"https:\/\/www.altominho.tv\/site\/wp-json\/wp\/v2\/categories?post=104667"},{"taxonomy":"post_tag","embeddable":true,"href":"https:\/\/www.altominho.tv\/site\/wp-json\/wp\/v2\/tags?post=104667"}],"curies":[{"name":"wp","href":"https:\/\/api.w.org\/{rel}","templated":true}]}}