{"id":104663,"date":"2024-02-23T11:16:33","date_gmt":"2024-02-23T11:16:33","guid":{"rendered":"https:\/\/www.altominho.tv\/site\/?p=104663"},"modified":"2024-02-23T11:20:16","modified_gmt":"2024-02-23T11:20:16","slug":"cerveira-saude","status":"publish","type":"post","link":"https:\/\/www.altominho.tv\/site\/2024\/02\/23\/cerveira-saude\/","title":{"rendered":"Cerveira Saud\u00e1vel\u201924 sugere caminhadas com degusta\u00e7\u00e3o de produtos end\u00f3genos"},"content":{"rendered":"\n<p>\u00c0 pr\u00e1tica de exerc\u00edcio f\u00edsico e \u00e0 descoberta da hist\u00f3ria dos locais visitados, a edi\u00e7\u00e3o 2024 do \u2018Cerveira Saud\u00e1vel\u2019 sensibiliza para a transforma\u00e7\u00e3o de h\u00e1bitos de consumo, privilegiando a proximidade.<\/p>\n\n\n\n<p>No total de sete caminhadas, cinco culminam com a degusta\u00e7\u00e3o de produtos end\u00f3genos, enquadrando-se no objetivo do projeto ADAPT da Eurocidade Cerveira-Tomi\u00f1o de definir uma estrat\u00e9gia conjunta de resili\u00eancia do territ\u00f3rio transfronteiri\u00e7o face \u00e0s altera\u00e7\u00f5es clim\u00e1ticas.<\/p>\n\n\n\n<p>&#8220;Implementado h\u00e1 mais de uma d\u00e9cada, o \u2018Cerveira Saud\u00e1vel\u2019 tem conseguido reinventar-se, sem descurar a ess\u00eancia da promo\u00e7\u00e3o de estilos de vida ativos&#8221;.<\/p>\n\n\n\n<p>\u201cA grande procura e aflu\u00eancia das atividades propostas corroboram o sucesso e a continuidade deste programa em prol do bem-estar f\u00edsico e mental. Temos vindo a introduzir novos fatores de interesse, de modo a surpreender os participantes, muitos dos quais repetentes, ano ap\u00f3s ano\u201d, afirma a vereadora com os pelouros da A\u00e7\u00e3o Social e Desporto.<\/p>\n\n\n\n<p>O arranque do \u2018Cerveira Saud\u00e1vel\u201924 est\u00e1 agendado para 7 de abril, Dia Internacional dos Moinhos, com o Trilho dos Moinhos da G\u00e1vea, em Reboreda, e degusta\u00e7\u00e3o de produtos derivados de milho e segue-se a 21 de abril uma visita a Cossourado, com a degusta\u00e7\u00e3o de mel e dos seus derivados, assinalando o Dia Internacional dos Monumentos.<\/p>\n","protected":false},"excerpt":{"rendered":"<p>\u00c0 pr\u00e1tica de exerc\u00edcio f\u00edsico e \u00e0 descoberta da hist\u00f3ria dos locais visitados, a edi\u00e7\u00e3o 2024 do \u2018Cerveira Saud\u00e1vel\u2019 sensibiliza para a transforma\u00e7\u00e3o de h\u00e1bitos de consumo, privilegiando a proximidade. No total de sete caminhadas, cinco culminam com a degusta\u00e7\u00e3o de produtos end\u00f3genos, enquadrando-se no objetivo do projeto ADAPT da Eurocidade Cerveira-Tomi\u00f1o de definir uma [&hellip;]<\/p>\n","protected":false},"author":7,"featured_media":104664,"comment_status":"closed","ping_status":"closed","sticky":false,"template":"","format":"standard","meta":{"_exactmetrics_skip_tracking":false,"_exactmetrics_sitenote_active":false,"_exactmetrics_sitenote_note":"","_exactmetrics_sitenote_category":0,"footnotes":""},"categories":[15],"tags":[20,26],"class_list":["post-104663","post","type-post","status-publish","format-standard","has-post-thumbnail","hentry","category-vila-nova-de-cerveira","tag-desporto","tag-saude"],"yoast_head":"<!-- This site is optimized with the Yoast SEO Premium plugin v27.5 (Yoast SEO v27.5) - https:\/\/yoast.com\/product\/yoast-seo-premium-wordpress\/ -->\n<title>Cerveira Saud\u00e1vel\u201924 sugere caminhadas com degusta\u00e7\u00e3o de produtos end\u00f3genos<\/title>\n<meta name=\"description\" content=\"\u00c0 pr\u00e1tica de exerc\u00edcio f\u00edsico e \u00e0 descoberta da hist\u00f3ria dos locais visitados, a edi\u00e7\u00e3o 2024 do \u2018Cerveira Saud\u00e1vel\u2019 sensibiliza para a transforma\u00e7\u00e3o de h\u00e1bitos de consumo, privilegiando a proximidade.\" \/>\n<meta name=\"robots\" content=\"index, follow, max-snippet:-1, max-image-preview:large, max-video-preview:-1\" \/>\n<link rel=\"canonical\" href=\"https:\/\/www.altominho.tv\/site\/2024\/02\/23\/cerveira-saude\/\" \/>\n<meta property=\"og:locale\" content=\"pt_PT\" \/>\n<meta property=\"og:type\" content=\"article\" \/>\n<meta property=\"og:title\" content=\"Cerveira Saud\u00e1vel\u201924 sugere caminhadas com degusta\u00e7\u00e3o de produtos end\u00f3genos\" \/>\n<meta property=\"og:description\" content=\"\u00c0 pr\u00e1tica de exerc\u00edcio f\u00edsico e \u00e0 descoberta da hist\u00f3ria dos locais visitados, a edi\u00e7\u00e3o 2024 do \u2018Cerveira Saud\u00e1vel\u2019 sensibiliza para a transforma\u00e7\u00e3o de h\u00e1bitos de consumo, privilegiando a proximidade.\" \/>\n<meta property=\"og:url\" content=\"https:\/\/www.altominho.tv\/site\/2024\/02\/23\/cerveira-saude\/\" \/>\n<meta property=\"og:site_name\" content=\"Altominho.tv\" \/>\n<meta property=\"article:publisher\" content=\"https:\/\/www.facebook.com\/altominhotv\" \/>\n<meta property=\"article:published_time\" content=\"2024-02-23T11:16:33+00:00\" \/>\n<meta property=\"article:modified_time\" content=\"2024-02-23T11:20:16+00:00\" \/>\n<meta property=\"og:image\" content=\"https:\/\/www.altominho.tv\/site\/wp-content\/uploads\/2024\/02\/48084-1.jpg\" \/>\n\t<meta property=\"og:image:width\" content=\"827\" \/>\n\t<meta property=\"og:image:height\" content=\"552\" \/>\n\t<meta property=\"og:image:type\" content=\"image\/jpeg\" \/>\n<meta name=\"author\" content=\"Andreia Cunha\" \/>\n<meta name=\"twitter:card\" content=\"summary_large_image\" \/>\n<meta name=\"twitter:creator\" content=\"@altominhoTV\" \/>\n<meta name=\"twitter:site\" content=\"@altominhoTV\" \/>\n<meta name=\"twitter:label1\" content=\"Escrito por\" \/>\n\t<meta name=\"twitter:data1\" content=\"Andreia Cunha\" \/>\n\t<meta name=\"twitter:label2\" content=\"Tempo estimado de leitura\" \/>\n\t<meta name=\"twitter:data2\" content=\"2 minutos\" \/>\n<script type=\"application\/ld+json\" class=\"yoast-schema-graph\">{\"@context\":\"https:\\\/\\\/schema.org\",\"@graph\":[{\"@type\":\"Article\",\"@id\":\"https:\\\/\\\/www.altominho.tv\\\/site\\\/2024\\\/02\\\/23\\\/cerveira-saude\\\/#article\",\"isPartOf\":{\"@id\":\"https:\\\/\\\/www.altominho.tv\\\/site\\\/2024\\\/02\\\/23\\\/cerveira-saude\\\/\"},\"author\":{\"name\":\"Andreia Cunha\",\"@id\":\"https:\\\/\\\/www.altominho.tv\\\/site\\\/#\\\/schema\\\/person\\\/a0e4ef6d041f98ca284393d8f1d97153\"},\"headline\":\"Cerveira Saud\u00e1vel\u201924 sugere caminhadas com degusta\u00e7\u00e3o de produtos end\u00f3genos\",\"datePublished\":\"2024-02-23T11:16:33+00:00\",\"dateModified\":\"2024-02-23T11:20:16+00:00\",\"mainEntityOfPage\":{\"@id\":\"https:\\\/\\\/www.altominho.tv\\\/site\\\/2024\\\/02\\\/23\\\/cerveira-saude\\\/\"},\"wordCount\":236,\"image\":{\"@id\":\"https:\\\/\\\/www.altominho.tv\\\/site\\\/2024\\\/02\\\/23\\\/cerveira-saude\\\/#primaryimage\"},\"thumbnailUrl\":\"https:\\\/\\\/www.altominho.tv\\\/site\\\/wp-content\\\/uploads\\\/2024\\\/02\\\/48084-1.jpg\",\"keywords\":[\"Desporto\",\"Sa\u00fade\"],\"articleSection\":[\"Vila Nova de Cerveira\"],\"inLanguage\":\"pt-PT\",\"copyrightYear\":\"2024\",\"copyrightHolder\":{\"@id\":\"https:\\\/\\\/www.altominho.tv\\\/site\\\/#organization\"}},{\"@type\":\"WebPage\",\"@id\":\"https:\\\/\\\/www.altominho.tv\\\/site\\\/2024\\\/02\\\/23\\\/cerveira-saude\\\/\",\"url\":\"https:\\\/\\\/www.altominho.tv\\\/site\\\/2024\\\/02\\\/23\\\/cerveira-saude\\\/\",\"name\":\"Cerveira Saud\u00e1vel\u201924 sugere caminhadas com degusta\u00e7\u00e3o de produtos end\u00f3genos\",\"isPartOf\":{\"@id\":\"https:\\\/\\\/www.altominho.tv\\\/site\\\/#website\"},\"primaryImageOfPage\":{\"@id\":\"https:\\\/\\\/www.altominho.tv\\\/site\\\/2024\\\/02\\\/23\\\/cerveira-saude\\\/#primaryimage\"},\"image\":{\"@id\":\"https:\\\/\\\/www.altominho.tv\\\/site\\\/2024\\\/02\\\/23\\\/cerveira-saude\\\/#primaryimage\"},\"thumbnailUrl\":\"https:\\\/\\\/www.altominho.tv\\\/site\\\/wp-content\\\/uploads\\\/2024\\\/02\\\/48084-1.jpg\",\"datePublished\":\"2024-02-23T11:16:33+00:00\",\"dateModified\":\"2024-02-23T11:20:16+00:00\",\"author\":{\"@id\":\"https:\\\/\\\/www.altominho.tv\\\/site\\\/#\\\/schema\\\/person\\\/a0e4ef6d041f98ca284393d8f1d97153\"},\"description\":\"\u00c0 pr\u00e1tica de exerc\u00edcio f\u00edsico e \u00e0 descoberta da hist\u00f3ria dos locais visitados, a edi\u00e7\u00e3o 2024 do \u2018Cerveira Saud\u00e1vel\u2019 sensibiliza para a transforma\u00e7\u00e3o de h\u00e1bitos de consumo, privilegiando a proximidade.\",\"breadcrumb\":{\"@id\":\"https:\\\/\\\/www.altominho.tv\\\/site\\\/2024\\\/02\\\/23\\\/cerveira-saude\\\/#breadcrumb\"},\"inLanguage\":\"pt-PT\",\"potentialAction\":[{\"@type\":\"ReadAction\",\"target\":[\"https:\\\/\\\/www.altominho.tv\\\/site\\\/2024\\\/02\\\/23\\\/cerveira-saude\\\/\"]}]},{\"@type\":\"ImageObject\",\"inLanguage\":\"pt-PT\",\"@id\":\"https:\\\/\\\/www.altominho.tv\\\/site\\\/2024\\\/02\\\/23\\\/cerveira-saude\\\/#primaryimage\",\"url\":\"https:\\\/\\\/www.altominho.tv\\\/site\\\/wp-content\\\/uploads\\\/2024\\\/02\\\/48084-1.jpg\",\"contentUrl\":\"https:\\\/\\\/www.altominho.tv\\\/site\\\/wp-content\\\/uploads\\\/2024\\\/02\\\/48084-1.jpg\",\"width\":827,\"height\":552},{\"@type\":\"BreadcrumbList\",\"@id\":\"https:\\\/\\\/www.altominho.tv\\\/site\\\/2024\\\/02\\\/23\\\/cerveira-saude\\\/#breadcrumb\",\"itemListElement\":[{\"@type\":\"ListItem\",\"position\":1,\"name\":\"In\u00edcio\",\"item\":\"https:\\\/\\\/www.altominho.tv\\\/site\\\/\"},{\"@type\":\"ListItem\",\"position\":2,\"name\":\"Cerveira Saud\u00e1vel\u201924 sugere caminhadas com degusta\u00e7\u00e3o de produtos end\u00f3genos\"}]},{\"@type\":\"WebSite\",\"@id\":\"https:\\\/\\\/www.altominho.tv\\\/site\\\/#website\",\"url\":\"https:\\\/\\\/www.altominho.tv\\\/site\\\/\",\"name\":\"Altominho.tv\",\"description\":\"A sua regi\u00e3o \u00e0 dist\u00e2ncia de um clique...\",\"potentialAction\":[{\"@type\":\"SearchAction\",\"target\":{\"@type\":\"EntryPoint\",\"urlTemplate\":\"https:\\\/\\\/www.altominho.tv\\\/site\\\/?s={search_term_string}\"},\"query-input\":{\"@type\":\"PropertyValueSpecification\",\"valueRequired\":true,\"valueName\":\"search_term_string\"}}],\"inLanguage\":\"pt-PT\"},{\"@type\":\"Person\",\"@id\":\"https:\\\/\\\/www.altominho.tv\\\/site\\\/#\\\/schema\\\/person\\\/a0e4ef6d041f98ca284393d8f1d97153\",\"name\":\"Andreia Cunha\",\"image\":{\"@type\":\"ImageObject\",\"inLanguage\":\"pt-PT\",\"@id\":\"https:\\\/\\\/www.altominho.tv\\\/site\\\/wp-content\\\/uploads\\\/2017\\\/11\\\/Andreia_Cunha-1-150x150.jpg\",\"url\":\"https:\\\/\\\/www.altominho.tv\\\/site\\\/wp-content\\\/uploads\\\/2017\\\/11\\\/Andreia_Cunha-1-150x150.jpg\",\"contentUrl\":\"https:\\\/\\\/www.altominho.tv\\\/site\\\/wp-content\\\/uploads\\\/2017\\\/11\\\/Andreia_Cunha-1-150x150.jpg\",\"caption\":\"Andreia Cunha\"},\"url\":\"https:\\\/\\\/www.altominho.tv\\\/site\\\/author\\\/andreiacunha\\\/\"}]}<\/script>\n<!-- \/ Yoast SEO Premium plugin. -->","yoast_head_json":{"title":"Cerveira Saud\u00e1vel\u201924 sugere caminhadas com degusta\u00e7\u00e3o de produtos end\u00f3genos","description":"\u00c0 pr\u00e1tica de exerc\u00edcio f\u00edsico e \u00e0 descoberta da hist\u00f3ria dos locais visitados, a edi\u00e7\u00e3o 2024 do \u2018Cerveira Saud\u00e1vel\u2019 sensibiliza para a transforma\u00e7\u00e3o de h\u00e1bitos de consumo, privilegiando a proximidade.","robots":{"index":"index","follow":"follow","max-snippet":"max-snippet:-1","max-image-preview":"max-image-preview:large","max-video-preview":"max-video-preview:-1"},"canonical":"https:\/\/www.altominho.tv\/site\/2024\/02\/23\/cerveira-saude\/","og_locale":"pt_PT","og_type":"article","og_title":"Cerveira Saud\u00e1vel\u201924 sugere caminhadas com degusta\u00e7\u00e3o de produtos end\u00f3genos","og_description":"\u00c0 pr\u00e1tica de exerc\u00edcio f\u00edsico e \u00e0 descoberta da hist\u00f3ria dos locais visitados, a edi\u00e7\u00e3o 2024 do \u2018Cerveira Saud\u00e1vel\u2019 sensibiliza para a transforma\u00e7\u00e3o de h\u00e1bitos de consumo, privilegiando a proximidade.","og_url":"https:\/\/www.altominho.tv\/site\/2024\/02\/23\/cerveira-saude\/","og_site_name":"Altominho.tv","article_publisher":"https:\/\/www.facebook.com\/altominhotv","article_published_time":"2024-02-23T11:16:33+00:00","article_modified_time":"2024-02-23T11:20:16+00:00","og_image":[{"width":827,"height":552,"url":"https:\/\/www.altominho.tv\/site\/wp-content\/uploads\/2024\/02\/48084-1.jpg","type":"image\/jpeg"}],"author":"Andreia Cunha","twitter_card":"summary_large_image","twitter_creator":"@altominhoTV","twitter_site":"@altominhoTV","twitter_misc":{"Escrito por":"Andreia Cunha","Tempo estimado de leitura":"2 minutos"},"schema":{"@context":"https:\/\/schema.org","@graph":[{"@type":"Article","@id":"https:\/\/www.altominho.tv\/site\/2024\/02\/23\/cerveira-saude\/#article","isPartOf":{"@id":"https:\/\/www.altominho.tv\/site\/2024\/02\/23\/cerveira-saude\/"},"author":{"name":"Andreia Cunha","@id":"https:\/\/www.altominho.tv\/site\/#\/schema\/person\/a0e4ef6d041f98ca284393d8f1d97153"},"headline":"Cerveira Saud\u00e1vel\u201924 sugere caminhadas com degusta\u00e7\u00e3o de produtos end\u00f3genos","datePublished":"2024-02-23T11:16:33+00:00","dateModified":"2024-02-23T11:20:16+00:00","mainEntityOfPage":{"@id":"https:\/\/www.altominho.tv\/site\/2024\/02\/23\/cerveira-saude\/"},"wordCount":236,"image":{"@id":"https:\/\/www.altominho.tv\/site\/2024\/02\/23\/cerveira-saude\/#primaryimage"},"thumbnailUrl":"https:\/\/www.altominho.tv\/site\/wp-content\/uploads\/2024\/02\/48084-1.jpg","keywords":["Desporto","Sa\u00fade"],"articleSection":["Vila Nova de Cerveira"],"inLanguage":"pt-PT","copyrightYear":"2024","copyrightHolder":{"@id":"https:\/\/www.altominho.tv\/site\/#organization"}},{"@type":"WebPage","@id":"https:\/\/www.altominho.tv\/site\/2024\/02\/23\/cerveira-saude\/","url":"https:\/\/www.altominho.tv\/site\/2024\/02\/23\/cerveira-saude\/","name":"Cerveira Saud\u00e1vel\u201924 sugere caminhadas com degusta\u00e7\u00e3o de produtos end\u00f3genos","isPartOf":{"@id":"https:\/\/www.altominho.tv\/site\/#website"},"primaryImageOfPage":{"@id":"https:\/\/www.altominho.tv\/site\/2024\/02\/23\/cerveira-saude\/#primaryimage"},"image":{"@id":"https:\/\/www.altominho.tv\/site\/2024\/02\/23\/cerveira-saude\/#primaryimage"},"thumbnailUrl":"https:\/\/www.altominho.tv\/site\/wp-content\/uploads\/2024\/02\/48084-1.jpg","datePublished":"2024-02-23T11:16:33+00:00","dateModified":"2024-02-23T11:20:16+00:00","author":{"@id":"https:\/\/www.altominho.tv\/site\/#\/schema\/person\/a0e4ef6d041f98ca284393d8f1d97153"},"description":"\u00c0 pr\u00e1tica de exerc\u00edcio f\u00edsico e \u00e0 descoberta da hist\u00f3ria dos locais visitados, a edi\u00e7\u00e3o 2024 do \u2018Cerveira Saud\u00e1vel\u2019 sensibiliza para a transforma\u00e7\u00e3o de h\u00e1bitos de consumo, privilegiando a proximidade.","breadcrumb":{"@id":"https:\/\/www.altominho.tv\/site\/2024\/02\/23\/cerveira-saude\/#breadcrumb"},"inLanguage":"pt-PT","potentialAction":[{"@type":"ReadAction","target":["https:\/\/www.altominho.tv\/site\/2024\/02\/23\/cerveira-saude\/"]}]},{"@type":"ImageObject","inLanguage":"pt-PT","@id":"https:\/\/www.altominho.tv\/site\/2024\/02\/23\/cerveira-saude\/#primaryimage","url":"https:\/\/www.altominho.tv\/site\/wp-content\/uploads\/2024\/02\/48084-1.jpg","contentUrl":"https:\/\/www.altominho.tv\/site\/wp-content\/uploads\/2024\/02\/48084-1.jpg","width":827,"height":552},{"@type":"BreadcrumbList","@id":"https:\/\/www.altominho.tv\/site\/2024\/02\/23\/cerveira-saude\/#breadcrumb","itemListElement":[{"@type":"ListItem","position":1,"name":"In\u00edcio","item":"https:\/\/www.altominho.tv\/site\/"},{"@type":"ListItem","position":2,"name":"Cerveira Saud\u00e1vel\u201924 sugere caminhadas com degusta\u00e7\u00e3o de produtos end\u00f3genos"}]},{"@type":"WebSite","@id":"https:\/\/www.altominho.tv\/site\/#website","url":"https:\/\/www.altominho.tv\/site\/","name":"Altominho.tv","description":"A sua regi\u00e3o \u00e0 dist\u00e2ncia de um clique...","potentialAction":[{"@type":"SearchAction","target":{"@type":"EntryPoint","urlTemplate":"https:\/\/www.altominho.tv\/site\/?s={search_term_string}"},"query-input":{"@type":"PropertyValueSpecification","valueRequired":true,"valueName":"search_term_string"}}],"inLanguage":"pt-PT"},{"@type":"Person","@id":"https:\/\/www.altominho.tv\/site\/#\/schema\/person\/a0e4ef6d041f98ca284393d8f1d97153","name":"Andreia Cunha","image":{"@type":"ImageObject","inLanguage":"pt-PT","@id":"https:\/\/www.altominho.tv\/site\/wp-content\/uploads\/2017\/11\/Andreia_Cunha-1-150x150.jpg","url":"https:\/\/www.altominho.tv\/site\/wp-content\/uploads\/2017\/11\/Andreia_Cunha-1-150x150.jpg","contentUrl":"https:\/\/www.altominho.tv\/site\/wp-content\/uploads\/2017\/11\/Andreia_Cunha-1-150x150.jpg","caption":"Andreia Cunha"},"url":"https:\/\/www.altominho.tv\/site\/author\/andreiacunha\/"}]}},"_links":{"self":[{"href":"https:\/\/www.altominho.tv\/site\/wp-json\/wp\/v2\/posts\/104663","targetHints":{"allow":["GET"]}}],"collection":[{"href":"https:\/\/www.altominho.tv\/site\/wp-json\/wp\/v2\/posts"}],"about":[{"href":"https:\/\/www.altominho.tv\/site\/wp-json\/wp\/v2\/types\/post"}],"author":[{"embeddable":true,"href":"https:\/\/www.altominho.tv\/site\/wp-json\/wp\/v2\/users\/7"}],"replies":[{"embeddable":true,"href":"https:\/\/www.altominho.tv\/site\/wp-json\/wp\/v2\/comments?post=104663"}],"version-history":[{"count":2,"href":"https:\/\/www.altominho.tv\/site\/wp-json\/wp\/v2\/posts\/104663\/revisions"}],"predecessor-version":[{"id":104666,"href":"https:\/\/www.altominho.tv\/site\/wp-json\/wp\/v2\/posts\/104663\/revisions\/104666"}],"wp:featuredmedia":[{"embeddable":true,"href":"https:\/\/www.altominho.tv\/site\/wp-json\/wp\/v2\/media\/104664"}],"wp:attachment":[{"href":"https:\/\/www.altominho.tv\/site\/wp-json\/wp\/v2\/media?parent=104663"}],"wp:term":[{"taxonomy":"category","embeddable":true,"href":"https:\/\/www.altominho.tv\/site\/wp-json\/wp\/v2\/categories?post=104663"},{"taxonomy":"post_tag","embeddable":true,"href":"https:\/\/www.altominho.tv\/site\/wp-json\/wp\/v2\/tags?post=104663"}],"curies":[{"name":"wp","href":"https:\/\/api.w.org\/{rel}","templated":true}]}}