{"id":104623,"date":"2024-02-22T11:38:47","date_gmt":"2024-02-22T11:38:47","guid":{"rendered":"https:\/\/www.altominho.tv\/site\/?p=104623"},"modified":"2024-02-22T11:39:46","modified_gmt":"2024-02-22T11:39:46","slug":"micro-ondas-amigo-dos-idosos-apresenta-novas-funcionalidades","status":"publish","type":"post","link":"https:\/\/www.altominho.tv\/site\/2024\/02\/22\/micro-ondas-amigo-dos-idosos-apresenta-novas-funcionalidades\/","title":{"rendered":"Micro-ondas \u2018amigo\u2019 dos idosos apresenta novas funcionalidades"},"content":{"rendered":"<p class=\"p1\">Um sistema de voz incorporado, uma plataforma de armazenamento de dados e um tabuleiro com sensor de temperatura s\u00e3o as tr\u00eas novas funcionalidades introduzidas pelos investigadores dinamarqueses e austr\u00edacos no micro-ondas considerado \u2018amigo\u2019 dos idosos, no \u00e2mbito do projeto europeu PREPARIO, do qual faz parte o Munic\u00edpio de Vila Nova de Cerveira.<\/p>\n<p class=\"p1\">A segunda fase dos testes avan\u00e7a em abril e pretende alcan\u00e7ar um maior n\u00famero de idosos e consolidar o envolvimento das IPSS\u2019s que t\u00eam contribu\u00eddo com sugest\u00f5es para o aperfei\u00e7oamento deste equipamento.<\/p>\n<p class=\"p1\">Conclu\u00edda com sucesso a primeira fase de testes com 25 seniores do concelho, o Munic\u00edpio de Vila Nova de Cerveira e a Santa Casa da Miseric\u00f3rdia de Lisboa\u00a0 v\u00e3o alargar a mais pessoas a experi\u00eancia tecnol\u00f3gica de prepara\u00e7\u00e3o conectada e automatizada de alimentos.<\/p>\n<p class=\"p1\">Estas tr\u00eas novas funcionalidades v\u00e3o ser testadas a partir do m\u00eas de abril, fazendo uma demonstra\u00e7\u00e3o das vantagens de sa\u00fade, seguran\u00e7a a e autonomia da tecnologia utilizada no micro-ondas PREPARIO comparativamente com um equipamento normal. No final, em julho, ser\u00e1 elaborado um relat\u00f3rio com a informa\u00e7\u00e3o recolhida\u00a0<i>in loco\u00a0<\/i>junto das pessoas potencialmente benefici\u00e1rias e suas fam\u00edlias e\/ou cuidadores.<\/p>\n","protected":false},"excerpt":{"rendered":"<p>Um sistema de voz incorporado, uma plataforma de armazenamento de dados e um tabuleiro com sensor de temperatura s\u00e3o as tr\u00eas novas funcionalidades introduzidas pelos investigadores dinamarqueses e austr\u00edacos no micro-ondas considerado \u2018amigo\u2019 dos idosos, no \u00e2mbito do projeto europeu PREPARIO, do qual faz parte o Munic\u00edpio de Vila Nova de Cerveira. A segunda fase [&hellip;]<\/p>\n","protected":false},"author":1,"featured_media":104624,"comment_status":"closed","ping_status":"closed","sticky":false,"template":"","format":"standard","meta":{"_exactmetrics_skip_tracking":false,"_exactmetrics_sitenote_active":false,"_exactmetrics_sitenote_note":"","_exactmetrics_sitenote_category":0,"footnotes":""},"categories":[15],"tags":[27],"class_list":["post-104623","post","type-post","status-publish","format-standard","has-post-thumbnail","hentry","category-vila-nova-de-cerveira","tag-sociedade"],"yoast_head":"<!-- This site is optimized with the Yoast SEO Premium plugin v27.5 (Yoast SEO v27.5) - https:\/\/yoast.com\/product\/yoast-seo-premium-wordpress\/ -->\n<title>Micro-ondas \u2018amigo\u2019 dos idosos apresenta novas funcionalidades<\/title>\n<meta name=\"description\" content=\"Um sistema de voz incorporado, uma plataforma de armazenamento de dados e um tabuleiro com sensor de temperatura s\u00e3o as tr\u00eas novas funcionalidades introduzidas pelos investigadores dinamarqueses e austr\u00edacos no micro-ondas considerado \u2018amigo\u2019 dos idosos, no \u00e2mbito do projeto europeu PREPARIO, do qual faz parte o Munic\u00edpio de Vila Nova de Cerveira.\" \/>\n<meta name=\"robots\" content=\"index, follow, max-snippet:-1, max-image-preview:large, max-video-preview:-1\" \/>\n<link rel=\"canonical\" href=\"https:\/\/www.altominho.tv\/site\/2024\/02\/22\/micro-ondas-amigo-dos-idosos-apresenta-novas-funcionalidades\/\" \/>\n<meta property=\"og:locale\" content=\"pt_PT\" \/>\n<meta property=\"og:type\" content=\"article\" \/>\n<meta property=\"og:title\" content=\"Micro-ondas \u2018amigo\u2019 dos idosos apresenta novas funcionalidades\" \/>\n<meta property=\"og:description\" content=\"Um sistema de voz incorporado, uma plataforma de armazenamento de dados e um tabuleiro com sensor de temperatura s\u00e3o as tr\u00eas novas funcionalidades introduzidas pelos investigadores dinamarqueses e austr\u00edacos no micro-ondas considerado \u2018amigo\u2019 dos idosos, no \u00e2mbito do projeto europeu PREPARIO, do qual faz parte o Munic\u00edpio de Vila Nova de Cerveira.\" \/>\n<meta property=\"og:url\" content=\"https:\/\/www.altominho.tv\/site\/2024\/02\/22\/micro-ondas-amigo-dos-idosos-apresenta-novas-funcionalidades\/\" \/>\n<meta property=\"og:site_name\" content=\"Altominho.tv\" \/>\n<meta property=\"article:publisher\" content=\"https:\/\/www.facebook.com\/altominhotv\" \/>\n<meta property=\"article:published_time\" content=\"2024-02-22T11:38:47+00:00\" \/>\n<meta property=\"article:modified_time\" content=\"2024-02-22T11:39:46+00:00\" \/>\n<meta property=\"og:image\" content=\"https:\/\/www.altominho.tv\/site\/wp-content\/uploads\/2024\/02\/Prepario-fevereiro-2024-1-e1708601747976.jpeg\" \/>\n\t<meta property=\"og:image:width\" content=\"1600\" \/>\n\t<meta property=\"og:image:height\" content=\"901\" \/>\n\t<meta property=\"og:image:type\" content=\"image\/jpeg\" \/>\n<meta name=\"author\" content=\"Altominho.tv\" \/>\n<meta name=\"twitter:card\" content=\"summary_large_image\" \/>\n<meta name=\"twitter:creator\" content=\"@altominhoTV\" \/>\n<meta name=\"twitter:site\" content=\"@altominhoTV\" \/>\n<meta name=\"twitter:label1\" content=\"Escrito por\" \/>\n\t<meta name=\"twitter:data1\" content=\"Altominho.tv\" \/>\n\t<meta name=\"twitter:label2\" content=\"Tempo estimado de leitura\" \/>\n\t<meta name=\"twitter:data2\" content=\"2 minutos\" \/>\n<script type=\"application\/ld+json\" class=\"yoast-schema-graph\">{\"@context\":\"https:\\\/\\\/schema.org\",\"@graph\":[{\"@type\":\"Article\",\"@id\":\"https:\\\/\\\/www.altominho.tv\\\/site\\\/2024\\\/02\\\/22\\\/micro-ondas-amigo-dos-idosos-apresenta-novas-funcionalidades\\\/#article\",\"isPartOf\":{\"@id\":\"https:\\\/\\\/www.altominho.tv\\\/site\\\/2024\\\/02\\\/22\\\/micro-ondas-amigo-dos-idosos-apresenta-novas-funcionalidades\\\/\"},\"author\":{\"name\":\"Altominho.tv\",\"@id\":\"https:\\\/\\\/www.altominho.tv\\\/site\\\/#\\\/schema\\\/person\\\/4e536851627d7914baf3dac752b6af22\"},\"headline\":\"Micro-ondas \u2018amigo\u2019 dos idosos apresenta novas funcionalidades\",\"datePublished\":\"2024-02-22T11:38:47+00:00\",\"dateModified\":\"2024-02-22T11:39:46+00:00\",\"mainEntityOfPage\":{\"@id\":\"https:\\\/\\\/www.altominho.tv\\\/site\\\/2024\\\/02\\\/22\\\/micro-ondas-amigo-dos-idosos-apresenta-novas-funcionalidades\\\/\"},\"wordCount\":222,\"image\":{\"@id\":\"https:\\\/\\\/www.altominho.tv\\\/site\\\/2024\\\/02\\\/22\\\/micro-ondas-amigo-dos-idosos-apresenta-novas-funcionalidades\\\/#primaryimage\"},\"thumbnailUrl\":\"https:\\\/\\\/www.altominho.tv\\\/site\\\/wp-content\\\/uploads\\\/2024\\\/02\\\/Prepario-fevereiro-2024-1-e1708601747976.jpeg\",\"keywords\":[\"Sociedade\"],\"articleSection\":[\"Vila Nova de Cerveira\"],\"inLanguage\":\"pt-PT\",\"copyrightYear\":\"2024\",\"copyrightHolder\":{\"@id\":\"https:\\\/\\\/www.altominho.tv\\\/site\\\/#organization\"}},{\"@type\":\"WebPage\",\"@id\":\"https:\\\/\\\/www.altominho.tv\\\/site\\\/2024\\\/02\\\/22\\\/micro-ondas-amigo-dos-idosos-apresenta-novas-funcionalidades\\\/\",\"url\":\"https:\\\/\\\/www.altominho.tv\\\/site\\\/2024\\\/02\\\/22\\\/micro-ondas-amigo-dos-idosos-apresenta-novas-funcionalidades\\\/\",\"name\":\"Micro-ondas \u2018amigo\u2019 dos idosos apresenta novas funcionalidades\",\"isPartOf\":{\"@id\":\"https:\\\/\\\/www.altominho.tv\\\/site\\\/#website\"},\"primaryImageOfPage\":{\"@id\":\"https:\\\/\\\/www.altominho.tv\\\/site\\\/2024\\\/02\\\/22\\\/micro-ondas-amigo-dos-idosos-apresenta-novas-funcionalidades\\\/#primaryimage\"},\"image\":{\"@id\":\"https:\\\/\\\/www.altominho.tv\\\/site\\\/2024\\\/02\\\/22\\\/micro-ondas-amigo-dos-idosos-apresenta-novas-funcionalidades\\\/#primaryimage\"},\"thumbnailUrl\":\"https:\\\/\\\/www.altominho.tv\\\/site\\\/wp-content\\\/uploads\\\/2024\\\/02\\\/Prepario-fevereiro-2024-1-e1708601747976.jpeg\",\"datePublished\":\"2024-02-22T11:38:47+00:00\",\"dateModified\":\"2024-02-22T11:39:46+00:00\",\"author\":{\"@id\":\"https:\\\/\\\/www.altominho.tv\\\/site\\\/#\\\/schema\\\/person\\\/4e536851627d7914baf3dac752b6af22\"},\"description\":\"Um sistema de voz incorporado, uma plataforma de armazenamento de dados e um tabuleiro com sensor de temperatura s\u00e3o as tr\u00eas novas funcionalidades introduzidas pelos investigadores dinamarqueses e austr\u00edacos no micro-ondas considerado \u2018amigo\u2019 dos idosos, no \u00e2mbito do projeto europeu PREPARIO, do qual faz parte o Munic\u00edpio de Vila Nova de Cerveira.\",\"breadcrumb\":{\"@id\":\"https:\\\/\\\/www.altominho.tv\\\/site\\\/2024\\\/02\\\/22\\\/micro-ondas-amigo-dos-idosos-apresenta-novas-funcionalidades\\\/#breadcrumb\"},\"inLanguage\":\"pt-PT\",\"potentialAction\":[{\"@type\":\"ReadAction\",\"target\":[\"https:\\\/\\\/www.altominho.tv\\\/site\\\/2024\\\/02\\\/22\\\/micro-ondas-amigo-dos-idosos-apresenta-novas-funcionalidades\\\/\"]}]},{\"@type\":\"ImageObject\",\"inLanguage\":\"pt-PT\",\"@id\":\"https:\\\/\\\/www.altominho.tv\\\/site\\\/2024\\\/02\\\/22\\\/micro-ondas-amigo-dos-idosos-apresenta-novas-funcionalidades\\\/#primaryimage\",\"url\":\"https:\\\/\\\/www.altominho.tv\\\/site\\\/wp-content\\\/uploads\\\/2024\\\/02\\\/Prepario-fevereiro-2024-1-e1708601747976.jpeg\",\"contentUrl\":\"https:\\\/\\\/www.altominho.tv\\\/site\\\/wp-content\\\/uploads\\\/2024\\\/02\\\/Prepario-fevereiro-2024-1-e1708601747976.jpeg\",\"width\":1600,\"height\":901},{\"@type\":\"BreadcrumbList\",\"@id\":\"https:\\\/\\\/www.altominho.tv\\\/site\\\/2024\\\/02\\\/22\\\/micro-ondas-amigo-dos-idosos-apresenta-novas-funcionalidades\\\/#breadcrumb\",\"itemListElement\":[{\"@type\":\"ListItem\",\"position\":1,\"name\":\"In\u00edcio\",\"item\":\"https:\\\/\\\/www.altominho.tv\\\/site\\\/\"},{\"@type\":\"ListItem\",\"position\":2,\"name\":\"Micro-ondas \u2018amigo\u2019 dos idosos apresenta novas funcionalidades\"}]},{\"@type\":\"WebSite\",\"@id\":\"https:\\\/\\\/www.altominho.tv\\\/site\\\/#website\",\"url\":\"https:\\\/\\\/www.altominho.tv\\\/site\\\/\",\"name\":\"Altominho.tv\",\"description\":\"A sua regi\u00e3o \u00e0 dist\u00e2ncia de um clique...\",\"potentialAction\":[{\"@type\":\"SearchAction\",\"target\":{\"@type\":\"EntryPoint\",\"urlTemplate\":\"https:\\\/\\\/www.altominho.tv\\\/site\\\/?s={search_term_string}\"},\"query-input\":{\"@type\":\"PropertyValueSpecification\",\"valueRequired\":true,\"valueName\":\"search_term_string\"}}],\"inLanguage\":\"pt-PT\"},{\"@type\":\"Person\",\"@id\":\"https:\\\/\\\/www.altominho.tv\\\/site\\\/#\\\/schema\\\/person\\\/4e536851627d7914baf3dac752b6af22\",\"name\":\"Altominho.tv\",\"image\":{\"@type\":\"ImageObject\",\"inLanguage\":\"pt-PT\",\"@id\":\"https:\\\/\\\/www.altominho.tv\\\/site\\\/wp-content\\\/uploads\\\/2019\\\/11\\\/Logo_Avatar_2-150x150.jpg\",\"url\":\"https:\\\/\\\/www.altominho.tv\\\/site\\\/wp-content\\\/uploads\\\/2019\\\/11\\\/Logo_Avatar_2-150x150.jpg\",\"contentUrl\":\"https:\\\/\\\/www.altominho.tv\\\/site\\\/wp-content\\\/uploads\\\/2019\\\/11\\\/Logo_Avatar_2-150x150.jpg\",\"caption\":\"Altominho.tv\"},\"url\":\"https:\\\/\\\/www.altominho.tv\\\/site\\\/author\\\/altominhotv-tecnico\\\/\"}]}<\/script>\n<!-- \/ Yoast SEO Premium plugin. -->","yoast_head_json":{"title":"Micro-ondas \u2018amigo\u2019 dos idosos apresenta novas funcionalidades","description":"Um sistema de voz incorporado, uma plataforma de armazenamento de dados e um tabuleiro com sensor de temperatura s\u00e3o as tr\u00eas novas funcionalidades introduzidas pelos investigadores dinamarqueses e austr\u00edacos no micro-ondas considerado \u2018amigo\u2019 dos idosos, no \u00e2mbito do projeto europeu PREPARIO, do qual faz parte o Munic\u00edpio de Vila Nova de Cerveira.","robots":{"index":"index","follow":"follow","max-snippet":"max-snippet:-1","max-image-preview":"max-image-preview:large","max-video-preview":"max-video-preview:-1"},"canonical":"https:\/\/www.altominho.tv\/site\/2024\/02\/22\/micro-ondas-amigo-dos-idosos-apresenta-novas-funcionalidades\/","og_locale":"pt_PT","og_type":"article","og_title":"Micro-ondas \u2018amigo\u2019 dos idosos apresenta novas funcionalidades","og_description":"Um sistema de voz incorporado, uma plataforma de armazenamento de dados e um tabuleiro com sensor de temperatura s\u00e3o as tr\u00eas novas funcionalidades introduzidas pelos investigadores dinamarqueses e austr\u00edacos no micro-ondas considerado \u2018amigo\u2019 dos idosos, no \u00e2mbito do projeto europeu PREPARIO, do qual faz parte o Munic\u00edpio de Vila Nova de Cerveira.","og_url":"https:\/\/www.altominho.tv\/site\/2024\/02\/22\/micro-ondas-amigo-dos-idosos-apresenta-novas-funcionalidades\/","og_site_name":"Altominho.tv","article_publisher":"https:\/\/www.facebook.com\/altominhotv","article_published_time":"2024-02-22T11:38:47+00:00","article_modified_time":"2024-02-22T11:39:46+00:00","og_image":[{"width":1600,"height":901,"url":"https:\/\/www.altominho.tv\/site\/wp-content\/uploads\/2024\/02\/Prepario-fevereiro-2024-1-e1708601747976.jpeg","type":"image\/jpeg"}],"author":"Altominho.tv","twitter_card":"summary_large_image","twitter_creator":"@altominhoTV","twitter_site":"@altominhoTV","twitter_misc":{"Escrito por":"Altominho.tv","Tempo estimado de leitura":"2 minutos"},"schema":{"@context":"https:\/\/schema.org","@graph":[{"@type":"Article","@id":"https:\/\/www.altominho.tv\/site\/2024\/02\/22\/micro-ondas-amigo-dos-idosos-apresenta-novas-funcionalidades\/#article","isPartOf":{"@id":"https:\/\/www.altominho.tv\/site\/2024\/02\/22\/micro-ondas-amigo-dos-idosos-apresenta-novas-funcionalidades\/"},"author":{"name":"Altominho.tv","@id":"https:\/\/www.altominho.tv\/site\/#\/schema\/person\/4e536851627d7914baf3dac752b6af22"},"headline":"Micro-ondas \u2018amigo\u2019 dos idosos apresenta novas funcionalidades","datePublished":"2024-02-22T11:38:47+00:00","dateModified":"2024-02-22T11:39:46+00:00","mainEntityOfPage":{"@id":"https:\/\/www.altominho.tv\/site\/2024\/02\/22\/micro-ondas-amigo-dos-idosos-apresenta-novas-funcionalidades\/"},"wordCount":222,"image":{"@id":"https:\/\/www.altominho.tv\/site\/2024\/02\/22\/micro-ondas-amigo-dos-idosos-apresenta-novas-funcionalidades\/#primaryimage"},"thumbnailUrl":"https:\/\/www.altominho.tv\/site\/wp-content\/uploads\/2024\/02\/Prepario-fevereiro-2024-1-e1708601747976.jpeg","keywords":["Sociedade"],"articleSection":["Vila Nova de Cerveira"],"inLanguage":"pt-PT","copyrightYear":"2024","copyrightHolder":{"@id":"https:\/\/www.altominho.tv\/site\/#organization"}},{"@type":"WebPage","@id":"https:\/\/www.altominho.tv\/site\/2024\/02\/22\/micro-ondas-amigo-dos-idosos-apresenta-novas-funcionalidades\/","url":"https:\/\/www.altominho.tv\/site\/2024\/02\/22\/micro-ondas-amigo-dos-idosos-apresenta-novas-funcionalidades\/","name":"Micro-ondas \u2018amigo\u2019 dos idosos apresenta novas funcionalidades","isPartOf":{"@id":"https:\/\/www.altominho.tv\/site\/#website"},"primaryImageOfPage":{"@id":"https:\/\/www.altominho.tv\/site\/2024\/02\/22\/micro-ondas-amigo-dos-idosos-apresenta-novas-funcionalidades\/#primaryimage"},"image":{"@id":"https:\/\/www.altominho.tv\/site\/2024\/02\/22\/micro-ondas-amigo-dos-idosos-apresenta-novas-funcionalidades\/#primaryimage"},"thumbnailUrl":"https:\/\/www.altominho.tv\/site\/wp-content\/uploads\/2024\/02\/Prepario-fevereiro-2024-1-e1708601747976.jpeg","datePublished":"2024-02-22T11:38:47+00:00","dateModified":"2024-02-22T11:39:46+00:00","author":{"@id":"https:\/\/www.altominho.tv\/site\/#\/schema\/person\/4e536851627d7914baf3dac752b6af22"},"description":"Um sistema de voz incorporado, uma plataforma de armazenamento de dados e um tabuleiro com sensor de temperatura s\u00e3o as tr\u00eas novas funcionalidades introduzidas pelos investigadores dinamarqueses e austr\u00edacos no micro-ondas considerado \u2018amigo\u2019 dos idosos, no \u00e2mbito do projeto europeu PREPARIO, do qual faz parte o Munic\u00edpio de Vila Nova de Cerveira.","breadcrumb":{"@id":"https:\/\/www.altominho.tv\/site\/2024\/02\/22\/micro-ondas-amigo-dos-idosos-apresenta-novas-funcionalidades\/#breadcrumb"},"inLanguage":"pt-PT","potentialAction":[{"@type":"ReadAction","target":["https:\/\/www.altominho.tv\/site\/2024\/02\/22\/micro-ondas-amigo-dos-idosos-apresenta-novas-funcionalidades\/"]}]},{"@type":"ImageObject","inLanguage":"pt-PT","@id":"https:\/\/www.altominho.tv\/site\/2024\/02\/22\/micro-ondas-amigo-dos-idosos-apresenta-novas-funcionalidades\/#primaryimage","url":"https:\/\/www.altominho.tv\/site\/wp-content\/uploads\/2024\/02\/Prepario-fevereiro-2024-1-e1708601747976.jpeg","contentUrl":"https:\/\/www.altominho.tv\/site\/wp-content\/uploads\/2024\/02\/Prepario-fevereiro-2024-1-e1708601747976.jpeg","width":1600,"height":901},{"@type":"BreadcrumbList","@id":"https:\/\/www.altominho.tv\/site\/2024\/02\/22\/micro-ondas-amigo-dos-idosos-apresenta-novas-funcionalidades\/#breadcrumb","itemListElement":[{"@type":"ListItem","position":1,"name":"In\u00edcio","item":"https:\/\/www.altominho.tv\/site\/"},{"@type":"ListItem","position":2,"name":"Micro-ondas \u2018amigo\u2019 dos idosos apresenta novas funcionalidades"}]},{"@type":"WebSite","@id":"https:\/\/www.altominho.tv\/site\/#website","url":"https:\/\/www.altominho.tv\/site\/","name":"Altominho.tv","description":"A sua regi\u00e3o \u00e0 dist\u00e2ncia de um clique...","potentialAction":[{"@type":"SearchAction","target":{"@type":"EntryPoint","urlTemplate":"https:\/\/www.altominho.tv\/site\/?s={search_term_string}"},"query-input":{"@type":"PropertyValueSpecification","valueRequired":true,"valueName":"search_term_string"}}],"inLanguage":"pt-PT"},{"@type":"Person","@id":"https:\/\/www.altominho.tv\/site\/#\/schema\/person\/4e536851627d7914baf3dac752b6af22","name":"Altominho.tv","image":{"@type":"ImageObject","inLanguage":"pt-PT","@id":"https:\/\/www.altominho.tv\/site\/wp-content\/uploads\/2019\/11\/Logo_Avatar_2-150x150.jpg","url":"https:\/\/www.altominho.tv\/site\/wp-content\/uploads\/2019\/11\/Logo_Avatar_2-150x150.jpg","contentUrl":"https:\/\/www.altominho.tv\/site\/wp-content\/uploads\/2019\/11\/Logo_Avatar_2-150x150.jpg","caption":"Altominho.tv"},"url":"https:\/\/www.altominho.tv\/site\/author\/altominhotv-tecnico\/"}]}},"_links":{"self":[{"href":"https:\/\/www.altominho.tv\/site\/wp-json\/wp\/v2\/posts\/104623","targetHints":{"allow":["GET"]}}],"collection":[{"href":"https:\/\/www.altominho.tv\/site\/wp-json\/wp\/v2\/posts"}],"about":[{"href":"https:\/\/www.altominho.tv\/site\/wp-json\/wp\/v2\/types\/post"}],"author":[{"embeddable":true,"href":"https:\/\/www.altominho.tv\/site\/wp-json\/wp\/v2\/users\/1"}],"replies":[{"embeddable":true,"href":"https:\/\/www.altominho.tv\/site\/wp-json\/wp\/v2\/comments?post=104623"}],"version-history":[{"count":1,"href":"https:\/\/www.altominho.tv\/site\/wp-json\/wp\/v2\/posts\/104623\/revisions"}],"predecessor-version":[{"id":104625,"href":"https:\/\/www.altominho.tv\/site\/wp-json\/wp\/v2\/posts\/104623\/revisions\/104625"}],"wp:featuredmedia":[{"embeddable":true,"href":"https:\/\/www.altominho.tv\/site\/wp-json\/wp\/v2\/media\/104624"}],"wp:attachment":[{"href":"https:\/\/www.altominho.tv\/site\/wp-json\/wp\/v2\/media?parent=104623"}],"wp:term":[{"taxonomy":"category","embeddable":true,"href":"https:\/\/www.altominho.tv\/site\/wp-json\/wp\/v2\/categories?post=104623"},{"taxonomy":"post_tag","embeddable":true,"href":"https:\/\/www.altominho.tv\/site\/wp-json\/wp\/v2\/tags?post=104623"}],"curies":[{"name":"wp","href":"https:\/\/api.w.org\/{rel}","templated":true}]}}