{"id":104511,"date":"2024-02-19T10:38:44","date_gmt":"2024-02-19T10:38:44","guid":{"rendered":"https:\/\/www.altominho.tv\/site\/?p=104511"},"modified":"2024-02-19T10:38:46","modified_gmt":"2024-02-19T10:38:46","slug":"autarquia-disponibiliza-centro-local-de-apoio-a-integracao-de-migrantes","status":"publish","type":"post","link":"https:\/\/www.altominho.tv\/site\/2024\/02\/19\/autarquia-disponibiliza-centro-local-de-apoio-a-integracao-de-migrantes\/","title":{"rendered":"Autarquia disponibiliza Centro Local de Apoio \u00e0 Integra\u00e7\u00e3o de Migrantes"},"content":{"rendered":"<p class=\"p1\">A C\u00e2mara Municipal de Vila Nova de Cerveira vai abrir, a partir de 19 de fevereiro, um novo CLAIM \u2013 Centro Local de Apoio \u00e0 Integra\u00e7\u00e3o de Migrantes, no Centro Coordenador de Transportes, de forma a &#8220;prosseguir com a consolida\u00e7\u00e3o da pol\u00edtica de apoio e de integra\u00e7\u00e3o aos migrantes a residir no concelho&#8221;.<\/p>\n<p class=\"p1\">Este segundo espa\u00e7o de atendimento vem juntar-se ao j\u00e1 existente no Centro de Apoio \u00e0s Empresas, em Campos, e surge da necessidade de dar resposta ao aumento do n\u00famero de migrantes que se encontram a viver e\/ou trabalhar nas freguesias mais pr\u00f3ximas da sede do concelho.<\/p>\n<p class=\"p1\">Os CLAIM s\u00e3o gabinetes de acolhimento que t\u00eam como miss\u00e3o apoiar todo o processo de integra\u00e7\u00e3o de pessoas migrantes, articulando com as diversas estruturas locais e promovendo a interculturalidade a n\u00edvel local. Estes servi\u00e7os prestam apoio e informa\u00e7\u00e3o geral em diversas \u00e1reas, tais como, regulariza\u00e7\u00e3o, nacionalidade, reagrupamento familiar, habita\u00e7\u00e3o, retorno volunt\u00e1rio, trabalho, sa\u00fade, educa\u00e7\u00e3o, entre outras quest\u00f5es do quotidiano.<\/p>\n<p class=\"p1\">&#8220;De relembrar que a preocupa\u00e7\u00e3o do atual executivo municipal liderado por Rui Teixeira com a elabora\u00e7\u00e3o de uma estrat\u00e9gia concertada para os migrantes come\u00e7ou em 2022, com a realiza\u00e7\u00e3o de um exaustivo diagn\u00f3stico da popula\u00e7\u00e3o imigrante residente no concelho. Entre as v\u00e1rias sugest\u00f5es apontadas no documento final destacava-se a import\u00e2ncia da realiza\u00e7\u00e3o de cursos de portugu\u00eas, a realiza\u00e7\u00e3o de festas e outras atividades culturais de integra\u00e7\u00e3o, al\u00e9m de providenciar servi\u00e7os de apoio diversos&#8221;, refere a autarquia.<\/p>\n","protected":false},"excerpt":{"rendered":"<p>A C\u00e2mara Municipal de Vila Nova de Cerveira vai abrir, a partir de 19 de fevereiro, um novo CLAIM \u2013 Centro Local de Apoio \u00e0 Integra\u00e7\u00e3o de Migrantes, no Centro Coordenador de Transportes, de forma a &#8220;prosseguir com a consolida\u00e7\u00e3o da pol\u00edtica de apoio e de integra\u00e7\u00e3o aos migrantes a residir no concelho&#8221;. Este segundo [&hellip;]<\/p>\n","protected":false},"author":1,"featured_media":104512,"comment_status":"closed","ping_status":"closed","sticky":false,"template":"","format":"standard","meta":{"_exactmetrics_skip_tracking":false,"_exactmetrics_sitenote_active":false,"_exactmetrics_sitenote_note":"","_exactmetrics_sitenote_category":0,"footnotes":""},"categories":[15],"tags":[56326],"class_list":["post-104511","post","type-post","status-publish","format-standard","has-post-thumbnail","hentry","category-vila-nova-de-cerveira","tag-politica"],"yoast_head":"<!-- This site is optimized with the Yoast SEO Premium plugin v27.5 (Yoast SEO v27.5) - https:\/\/yoast.com\/product\/yoast-seo-premium-wordpress\/ -->\n<title>Autarquia disponibiliza Centro Local de Apoio \u00e0 Integra\u00e7\u00e3o de Migrantes<\/title>\n<meta name=\"description\" content=\"A C\u00e2mara Municipal de Vila Nova de Cerveira vai abrir, a partir de 19 de fevereiro, um novo CLAIM \u2013 Centro Local de Apoio \u00e0 Integra\u00e7\u00e3o de Migrantes, no Centro Coordenador de Transportes, de forma a &quot;prosseguir com a consolida\u00e7\u00e3o da pol\u00edtica de apoio e de integra\u00e7\u00e3o aos migrantes a residir no concelho&quot;.\" \/>\n<meta name=\"robots\" content=\"index, follow, max-snippet:-1, max-image-preview:large, max-video-preview:-1\" \/>\n<link rel=\"canonical\" href=\"https:\/\/www.altominho.tv\/site\/2024\/02\/19\/autarquia-disponibiliza-centro-local-de-apoio-a-integracao-de-migrantes\/\" \/>\n<meta property=\"og:locale\" content=\"pt_PT\" \/>\n<meta property=\"og:type\" content=\"article\" \/>\n<meta property=\"og:title\" content=\"Autarquia disponibiliza Centro Local de Apoio \u00e0 Integra\u00e7\u00e3o de Migrantes\" \/>\n<meta property=\"og:description\" content=\"A C\u00e2mara Municipal de Vila Nova de Cerveira vai abrir, a partir de 19 de fevereiro, um novo CLAIM \u2013 Centro Local de Apoio \u00e0 Integra\u00e7\u00e3o de Migrantes, no Centro Coordenador de Transportes, de forma a &quot;prosseguir com a consolida\u00e7\u00e3o da pol\u00edtica de apoio e de integra\u00e7\u00e3o aos migrantes a residir no concelho&quot;.\" \/>\n<meta property=\"og:url\" content=\"https:\/\/www.altominho.tv\/site\/2024\/02\/19\/autarquia-disponibiliza-centro-local-de-apoio-a-integracao-de-migrantes\/\" \/>\n<meta property=\"og:site_name\" content=\"Altominho.tv\" \/>\n<meta property=\"article:publisher\" content=\"https:\/\/www.facebook.com\/altominhotv\" \/>\n<meta property=\"article:published_time\" content=\"2024-02-19T10:38:44+00:00\" \/>\n<meta property=\"article:modified_time\" content=\"2024-02-19T10:38:46+00:00\" \/>\n<meta property=\"og:image\" content=\"https:\/\/www.altominho.tv\/site\/wp-content\/uploads\/2024\/02\/migrantes-scaled-e1708338913281.jpg\" \/>\n\t<meta property=\"og:image:width\" content=\"2560\" \/>\n\t<meta property=\"og:image:height\" content=\"1442\" \/>\n\t<meta property=\"og:image:type\" content=\"image\/jpeg\" \/>\n<meta name=\"author\" content=\"Altominho.tv\" \/>\n<meta name=\"twitter:card\" content=\"summary_large_image\" \/>\n<meta name=\"twitter:creator\" content=\"@altominhoTV\" \/>\n<meta name=\"twitter:site\" content=\"@altominhoTV\" \/>\n<meta name=\"twitter:label1\" content=\"Escrito por\" \/>\n\t<meta name=\"twitter:data1\" content=\"Altominho.tv\" \/>\n\t<meta name=\"twitter:label2\" content=\"Tempo estimado de leitura\" \/>\n\t<meta name=\"twitter:data2\" content=\"2 minutos\" \/>\n<script type=\"application\/ld+json\" class=\"yoast-schema-graph\">{\"@context\":\"https:\\\/\\\/schema.org\",\"@graph\":[{\"@type\":\"Article\",\"@id\":\"https:\\\/\\\/www.altominho.tv\\\/site\\\/2024\\\/02\\\/19\\\/autarquia-disponibiliza-centro-local-de-apoio-a-integracao-de-migrantes\\\/#article\",\"isPartOf\":{\"@id\":\"https:\\\/\\\/www.altominho.tv\\\/site\\\/2024\\\/02\\\/19\\\/autarquia-disponibiliza-centro-local-de-apoio-a-integracao-de-migrantes\\\/\"},\"author\":{\"name\":\"Altominho.tv\",\"@id\":\"https:\\\/\\\/www.altominho.tv\\\/site\\\/#\\\/schema\\\/person\\\/4e536851627d7914baf3dac752b6af22\"},\"headline\":\"Autarquia disponibiliza Centro Local de Apoio \u00e0 Integra\u00e7\u00e3o de Migrantes\",\"datePublished\":\"2024-02-19T10:38:44+00:00\",\"dateModified\":\"2024-02-19T10:38:46+00:00\",\"mainEntityOfPage\":{\"@id\":\"https:\\\/\\\/www.altominho.tv\\\/site\\\/2024\\\/02\\\/19\\\/autarquia-disponibiliza-centro-local-de-apoio-a-integracao-de-migrantes\\\/\"},\"wordCount\":278,\"image\":{\"@id\":\"https:\\\/\\\/www.altominho.tv\\\/site\\\/2024\\\/02\\\/19\\\/autarquia-disponibiliza-centro-local-de-apoio-a-integracao-de-migrantes\\\/#primaryimage\"},\"thumbnailUrl\":\"https:\\\/\\\/www.altominho.tv\\\/site\\\/wp-content\\\/uploads\\\/2024\\\/02\\\/migrantes-scaled-e1708338913281.jpg\",\"keywords\":[\"Pol\u00edtica\"],\"articleSection\":[\"Vila Nova de Cerveira\"],\"inLanguage\":\"pt-PT\",\"copyrightYear\":\"2024\",\"copyrightHolder\":{\"@id\":\"https:\\\/\\\/www.altominho.tv\\\/site\\\/#organization\"}},{\"@type\":\"WebPage\",\"@id\":\"https:\\\/\\\/www.altominho.tv\\\/site\\\/2024\\\/02\\\/19\\\/autarquia-disponibiliza-centro-local-de-apoio-a-integracao-de-migrantes\\\/\",\"url\":\"https:\\\/\\\/www.altominho.tv\\\/site\\\/2024\\\/02\\\/19\\\/autarquia-disponibiliza-centro-local-de-apoio-a-integracao-de-migrantes\\\/\",\"name\":\"Autarquia disponibiliza Centro Local de Apoio \u00e0 Integra\u00e7\u00e3o de Migrantes\",\"isPartOf\":{\"@id\":\"https:\\\/\\\/www.altominho.tv\\\/site\\\/#website\"},\"primaryImageOfPage\":{\"@id\":\"https:\\\/\\\/www.altominho.tv\\\/site\\\/2024\\\/02\\\/19\\\/autarquia-disponibiliza-centro-local-de-apoio-a-integracao-de-migrantes\\\/#primaryimage\"},\"image\":{\"@id\":\"https:\\\/\\\/www.altominho.tv\\\/site\\\/2024\\\/02\\\/19\\\/autarquia-disponibiliza-centro-local-de-apoio-a-integracao-de-migrantes\\\/#primaryimage\"},\"thumbnailUrl\":\"https:\\\/\\\/www.altominho.tv\\\/site\\\/wp-content\\\/uploads\\\/2024\\\/02\\\/migrantes-scaled-e1708338913281.jpg\",\"datePublished\":\"2024-02-19T10:38:44+00:00\",\"dateModified\":\"2024-02-19T10:38:46+00:00\",\"author\":{\"@id\":\"https:\\\/\\\/www.altominho.tv\\\/site\\\/#\\\/schema\\\/person\\\/4e536851627d7914baf3dac752b6af22\"},\"description\":\"A C\u00e2mara Municipal de Vila Nova de Cerveira vai abrir, a partir de 19 de fevereiro, um novo CLAIM \u2013 Centro Local de Apoio \u00e0 Integra\u00e7\u00e3o de Migrantes, no Centro Coordenador de Transportes, de forma a \\\"prosseguir com a consolida\u00e7\u00e3o da pol\u00edtica de apoio e de integra\u00e7\u00e3o aos migrantes a residir no concelho\\\".\",\"breadcrumb\":{\"@id\":\"https:\\\/\\\/www.altominho.tv\\\/site\\\/2024\\\/02\\\/19\\\/autarquia-disponibiliza-centro-local-de-apoio-a-integracao-de-migrantes\\\/#breadcrumb\"},\"inLanguage\":\"pt-PT\",\"potentialAction\":[{\"@type\":\"ReadAction\",\"target\":[\"https:\\\/\\\/www.altominho.tv\\\/site\\\/2024\\\/02\\\/19\\\/autarquia-disponibiliza-centro-local-de-apoio-a-integracao-de-migrantes\\\/\"]}]},{\"@type\":\"ImageObject\",\"inLanguage\":\"pt-PT\",\"@id\":\"https:\\\/\\\/www.altominho.tv\\\/site\\\/2024\\\/02\\\/19\\\/autarquia-disponibiliza-centro-local-de-apoio-a-integracao-de-migrantes\\\/#primaryimage\",\"url\":\"https:\\\/\\\/www.altominho.tv\\\/site\\\/wp-content\\\/uploads\\\/2024\\\/02\\\/migrantes-scaled-e1708338913281.jpg\",\"contentUrl\":\"https:\\\/\\\/www.altominho.tv\\\/site\\\/wp-content\\\/uploads\\\/2024\\\/02\\\/migrantes-scaled-e1708338913281.jpg\",\"width\":2560,\"height\":1442},{\"@type\":\"BreadcrumbList\",\"@id\":\"https:\\\/\\\/www.altominho.tv\\\/site\\\/2024\\\/02\\\/19\\\/autarquia-disponibiliza-centro-local-de-apoio-a-integracao-de-migrantes\\\/#breadcrumb\",\"itemListElement\":[{\"@type\":\"ListItem\",\"position\":1,\"name\":\"In\u00edcio\",\"item\":\"https:\\\/\\\/www.altominho.tv\\\/site\\\/\"},{\"@type\":\"ListItem\",\"position\":2,\"name\":\"Autarquia disponibiliza Centro Local de Apoio \u00e0 Integra\u00e7\u00e3o de Migrantes\"}]},{\"@type\":\"WebSite\",\"@id\":\"https:\\\/\\\/www.altominho.tv\\\/site\\\/#website\",\"url\":\"https:\\\/\\\/www.altominho.tv\\\/site\\\/\",\"name\":\"Altominho.tv\",\"description\":\"A sua regi\u00e3o \u00e0 dist\u00e2ncia de um clique...\",\"potentialAction\":[{\"@type\":\"SearchAction\",\"target\":{\"@type\":\"EntryPoint\",\"urlTemplate\":\"https:\\\/\\\/www.altominho.tv\\\/site\\\/?s={search_term_string}\"},\"query-input\":{\"@type\":\"PropertyValueSpecification\",\"valueRequired\":true,\"valueName\":\"search_term_string\"}}],\"inLanguage\":\"pt-PT\"},{\"@type\":\"Person\",\"@id\":\"https:\\\/\\\/www.altominho.tv\\\/site\\\/#\\\/schema\\\/person\\\/4e536851627d7914baf3dac752b6af22\",\"name\":\"Altominho.tv\",\"image\":{\"@type\":\"ImageObject\",\"inLanguage\":\"pt-PT\",\"@id\":\"https:\\\/\\\/www.altominho.tv\\\/site\\\/wp-content\\\/uploads\\\/2019\\\/11\\\/Logo_Avatar_2-150x150.jpg\",\"url\":\"https:\\\/\\\/www.altominho.tv\\\/site\\\/wp-content\\\/uploads\\\/2019\\\/11\\\/Logo_Avatar_2-150x150.jpg\",\"contentUrl\":\"https:\\\/\\\/www.altominho.tv\\\/site\\\/wp-content\\\/uploads\\\/2019\\\/11\\\/Logo_Avatar_2-150x150.jpg\",\"caption\":\"Altominho.tv\"},\"url\":\"https:\\\/\\\/www.altominho.tv\\\/site\\\/author\\\/altominhotv-tecnico\\\/\"}]}<\/script>\n<!-- \/ Yoast SEO Premium plugin. -->","yoast_head_json":{"title":"Autarquia disponibiliza Centro Local de Apoio \u00e0 Integra\u00e7\u00e3o de Migrantes","description":"A C\u00e2mara Municipal de Vila Nova de Cerveira vai abrir, a partir de 19 de fevereiro, um novo CLAIM \u2013 Centro Local de Apoio \u00e0 Integra\u00e7\u00e3o de Migrantes, no Centro Coordenador de Transportes, de forma a \"prosseguir com a consolida\u00e7\u00e3o da pol\u00edtica de apoio e de integra\u00e7\u00e3o aos migrantes a residir no concelho\".","robots":{"index":"index","follow":"follow","max-snippet":"max-snippet:-1","max-image-preview":"max-image-preview:large","max-video-preview":"max-video-preview:-1"},"canonical":"https:\/\/www.altominho.tv\/site\/2024\/02\/19\/autarquia-disponibiliza-centro-local-de-apoio-a-integracao-de-migrantes\/","og_locale":"pt_PT","og_type":"article","og_title":"Autarquia disponibiliza Centro Local de Apoio \u00e0 Integra\u00e7\u00e3o de Migrantes","og_description":"A C\u00e2mara Municipal de Vila Nova de Cerveira vai abrir, a partir de 19 de fevereiro, um novo CLAIM \u2013 Centro Local de Apoio \u00e0 Integra\u00e7\u00e3o de Migrantes, no Centro Coordenador de Transportes, de forma a \"prosseguir com a consolida\u00e7\u00e3o da pol\u00edtica de apoio e de integra\u00e7\u00e3o aos migrantes a residir no concelho\".","og_url":"https:\/\/www.altominho.tv\/site\/2024\/02\/19\/autarquia-disponibiliza-centro-local-de-apoio-a-integracao-de-migrantes\/","og_site_name":"Altominho.tv","article_publisher":"https:\/\/www.facebook.com\/altominhotv","article_published_time":"2024-02-19T10:38:44+00:00","article_modified_time":"2024-02-19T10:38:46+00:00","og_image":[{"width":2560,"height":1442,"url":"https:\/\/www.altominho.tv\/site\/wp-content\/uploads\/2024\/02\/migrantes-scaled-e1708338913281.jpg","type":"image\/jpeg"}],"author":"Altominho.tv","twitter_card":"summary_large_image","twitter_creator":"@altominhoTV","twitter_site":"@altominhoTV","twitter_misc":{"Escrito por":"Altominho.tv","Tempo estimado de leitura":"2 minutos"},"schema":{"@context":"https:\/\/schema.org","@graph":[{"@type":"Article","@id":"https:\/\/www.altominho.tv\/site\/2024\/02\/19\/autarquia-disponibiliza-centro-local-de-apoio-a-integracao-de-migrantes\/#article","isPartOf":{"@id":"https:\/\/www.altominho.tv\/site\/2024\/02\/19\/autarquia-disponibiliza-centro-local-de-apoio-a-integracao-de-migrantes\/"},"author":{"name":"Altominho.tv","@id":"https:\/\/www.altominho.tv\/site\/#\/schema\/person\/4e536851627d7914baf3dac752b6af22"},"headline":"Autarquia disponibiliza Centro Local de Apoio \u00e0 Integra\u00e7\u00e3o de Migrantes","datePublished":"2024-02-19T10:38:44+00:00","dateModified":"2024-02-19T10:38:46+00:00","mainEntityOfPage":{"@id":"https:\/\/www.altominho.tv\/site\/2024\/02\/19\/autarquia-disponibiliza-centro-local-de-apoio-a-integracao-de-migrantes\/"},"wordCount":278,"image":{"@id":"https:\/\/www.altominho.tv\/site\/2024\/02\/19\/autarquia-disponibiliza-centro-local-de-apoio-a-integracao-de-migrantes\/#primaryimage"},"thumbnailUrl":"https:\/\/www.altominho.tv\/site\/wp-content\/uploads\/2024\/02\/migrantes-scaled-e1708338913281.jpg","keywords":["Pol\u00edtica"],"articleSection":["Vila Nova de Cerveira"],"inLanguage":"pt-PT","copyrightYear":"2024","copyrightHolder":{"@id":"https:\/\/www.altominho.tv\/site\/#organization"}},{"@type":"WebPage","@id":"https:\/\/www.altominho.tv\/site\/2024\/02\/19\/autarquia-disponibiliza-centro-local-de-apoio-a-integracao-de-migrantes\/","url":"https:\/\/www.altominho.tv\/site\/2024\/02\/19\/autarquia-disponibiliza-centro-local-de-apoio-a-integracao-de-migrantes\/","name":"Autarquia disponibiliza Centro Local de Apoio \u00e0 Integra\u00e7\u00e3o de Migrantes","isPartOf":{"@id":"https:\/\/www.altominho.tv\/site\/#website"},"primaryImageOfPage":{"@id":"https:\/\/www.altominho.tv\/site\/2024\/02\/19\/autarquia-disponibiliza-centro-local-de-apoio-a-integracao-de-migrantes\/#primaryimage"},"image":{"@id":"https:\/\/www.altominho.tv\/site\/2024\/02\/19\/autarquia-disponibiliza-centro-local-de-apoio-a-integracao-de-migrantes\/#primaryimage"},"thumbnailUrl":"https:\/\/www.altominho.tv\/site\/wp-content\/uploads\/2024\/02\/migrantes-scaled-e1708338913281.jpg","datePublished":"2024-02-19T10:38:44+00:00","dateModified":"2024-02-19T10:38:46+00:00","author":{"@id":"https:\/\/www.altominho.tv\/site\/#\/schema\/person\/4e536851627d7914baf3dac752b6af22"},"description":"A C\u00e2mara Municipal de Vila Nova de Cerveira vai abrir, a partir de 19 de fevereiro, um novo CLAIM \u2013 Centro Local de Apoio \u00e0 Integra\u00e7\u00e3o de Migrantes, no Centro Coordenador de Transportes, de forma a \"prosseguir com a consolida\u00e7\u00e3o da pol\u00edtica de apoio e de integra\u00e7\u00e3o aos migrantes a residir no concelho\".","breadcrumb":{"@id":"https:\/\/www.altominho.tv\/site\/2024\/02\/19\/autarquia-disponibiliza-centro-local-de-apoio-a-integracao-de-migrantes\/#breadcrumb"},"inLanguage":"pt-PT","potentialAction":[{"@type":"ReadAction","target":["https:\/\/www.altominho.tv\/site\/2024\/02\/19\/autarquia-disponibiliza-centro-local-de-apoio-a-integracao-de-migrantes\/"]}]},{"@type":"ImageObject","inLanguage":"pt-PT","@id":"https:\/\/www.altominho.tv\/site\/2024\/02\/19\/autarquia-disponibiliza-centro-local-de-apoio-a-integracao-de-migrantes\/#primaryimage","url":"https:\/\/www.altominho.tv\/site\/wp-content\/uploads\/2024\/02\/migrantes-scaled-e1708338913281.jpg","contentUrl":"https:\/\/www.altominho.tv\/site\/wp-content\/uploads\/2024\/02\/migrantes-scaled-e1708338913281.jpg","width":2560,"height":1442},{"@type":"BreadcrumbList","@id":"https:\/\/www.altominho.tv\/site\/2024\/02\/19\/autarquia-disponibiliza-centro-local-de-apoio-a-integracao-de-migrantes\/#breadcrumb","itemListElement":[{"@type":"ListItem","position":1,"name":"In\u00edcio","item":"https:\/\/www.altominho.tv\/site\/"},{"@type":"ListItem","position":2,"name":"Autarquia disponibiliza Centro Local de Apoio \u00e0 Integra\u00e7\u00e3o de Migrantes"}]},{"@type":"WebSite","@id":"https:\/\/www.altominho.tv\/site\/#website","url":"https:\/\/www.altominho.tv\/site\/","name":"Altominho.tv","description":"A sua regi\u00e3o \u00e0 dist\u00e2ncia de um clique...","potentialAction":[{"@type":"SearchAction","target":{"@type":"EntryPoint","urlTemplate":"https:\/\/www.altominho.tv\/site\/?s={search_term_string}"},"query-input":{"@type":"PropertyValueSpecification","valueRequired":true,"valueName":"search_term_string"}}],"inLanguage":"pt-PT"},{"@type":"Person","@id":"https:\/\/www.altominho.tv\/site\/#\/schema\/person\/4e536851627d7914baf3dac752b6af22","name":"Altominho.tv","image":{"@type":"ImageObject","inLanguage":"pt-PT","@id":"https:\/\/www.altominho.tv\/site\/wp-content\/uploads\/2019\/11\/Logo_Avatar_2-150x150.jpg","url":"https:\/\/www.altominho.tv\/site\/wp-content\/uploads\/2019\/11\/Logo_Avatar_2-150x150.jpg","contentUrl":"https:\/\/www.altominho.tv\/site\/wp-content\/uploads\/2019\/11\/Logo_Avatar_2-150x150.jpg","caption":"Altominho.tv"},"url":"https:\/\/www.altominho.tv\/site\/author\/altominhotv-tecnico\/"}]}},"_links":{"self":[{"href":"https:\/\/www.altominho.tv\/site\/wp-json\/wp\/v2\/posts\/104511","targetHints":{"allow":["GET"]}}],"collection":[{"href":"https:\/\/www.altominho.tv\/site\/wp-json\/wp\/v2\/posts"}],"about":[{"href":"https:\/\/www.altominho.tv\/site\/wp-json\/wp\/v2\/types\/post"}],"author":[{"embeddable":true,"href":"https:\/\/www.altominho.tv\/site\/wp-json\/wp\/v2\/users\/1"}],"replies":[{"embeddable":true,"href":"https:\/\/www.altominho.tv\/site\/wp-json\/wp\/v2\/comments?post=104511"}],"version-history":[{"count":1,"href":"https:\/\/www.altominho.tv\/site\/wp-json\/wp\/v2\/posts\/104511\/revisions"}],"predecessor-version":[{"id":104513,"href":"https:\/\/www.altominho.tv\/site\/wp-json\/wp\/v2\/posts\/104511\/revisions\/104513"}],"wp:featuredmedia":[{"embeddable":true,"href":"https:\/\/www.altominho.tv\/site\/wp-json\/wp\/v2\/media\/104512"}],"wp:attachment":[{"href":"https:\/\/www.altominho.tv\/site\/wp-json\/wp\/v2\/media?parent=104511"}],"wp:term":[{"taxonomy":"category","embeddable":true,"href":"https:\/\/www.altominho.tv\/site\/wp-json\/wp\/v2\/categories?post=104511"},{"taxonomy":"post_tag","embeddable":true,"href":"https:\/\/www.altominho.tv\/site\/wp-json\/wp\/v2\/tags?post=104511"}],"curies":[{"name":"wp","href":"https:\/\/api.w.org\/{rel}","templated":true}]}}